{"id":5721,"date":"2017-08-26T09:54:13","date_gmt":"2017-08-26T09:54:13","guid":{"rendered":"http:\/\/historiografija.hr\/?p=5721"},"modified":"2017-08-26T09:54:13","modified_gmt":"2017-08-26T09:54:13","slug":"poziv-za-sudjelovanje-na-znanstveno-knjizevnom-skupu-feminizam-i-kultura-straha-11-dani-marije-juric-zagorke","status":"publish","type":"post","link":"https:\/\/historiografija.hr\/?p=5721","title":{"rendered":"Poziv za sudjelovanje na znanstveno-knji\u017eevnom skupu \u201cFeminizam i kultura straha\u201d (11. Dani Marije Juri\u0107 Zagorke)"},"content":{"rendered":"<p>U nastavku\u00a0prenosimo poziv za\u00a0prijavu na znanstveno-knji\u017eevni skup s me\u0111unarodnim sudjelovanjem \u201cFeminizam i kultura straha\u201d, koji \u0107e se odr\u017eati u sklopu 11.Dana Marije Juri\u0107 Zagorke (24-25.XI.2017) u Centru za \u017eenske studije\/Memorijalnom stanu Marije Juri\u0107 Zagorke u Zagrebu.<\/p>\n<p>&nbsp;<\/p>\n<p>&nbsp;<\/p>\n<p>&#8212;<\/p>\n<p>&nbsp;<\/p>\n<p>&nbsp;<\/p>\n<p>Centar za \u017eenske studije, Zagreb<\/p>\n<p>&nbsp;<\/p>\n<p>&nbsp;<\/p>\n<p><strong>Poziv na sudjelovanje na znanstveno-knji\u017eevnom skupu \u201cFeminizam i kultura straha\u201d<\/strong><\/p>\n<p>&nbsp;<\/p>\n<p>&nbsp;<\/p>\n<p>Pozivamo vas na sudjelovanje na znanstveno-knji\u017eevnom skupu s me\u0111unarodnim sudjelovanjem: FEMINIZAM I KULTURA STRAHA, koji \u0107e se odr\u017eati u sklopu 11. Dana Marije Juri\u0107 Zagorke 24. i 25. studenog 2017. u Zagrebu, u prostorijama Centra za \u017eenske studije\/Memorijalnog stana Marije Juri\u0107 Zagorke, na Dolcu 8. Ove godine \u0107emo se, kao i svake dosad, baviti istra\u017eivanjem Zagorkina \u017eivota i stvarala\u0161tva te rodne tematike, a uz krovnu temu raspravu \u0107emo posvetiti i ovogodi\u0161njoj nosivoj temi skupa koja je uvijek potaknuta aktualnim dru\u0161tvenim, kulturnim, politi\u010dkim i ekonomskim okolnostima. Ove godine ta je tema Feminizam i kultura straha.<\/p>\n<p>&nbsp;<\/p>\n<p>&nbsp;<\/p>\n<p>U 2017. godini obilje\u017eavamo 60. godinu od smrti Marije Juri\u0107 Zagorke. Njezin je \u017eivotni i stvarala\u010dki put bio te\u017eak, nerijetko su na njemu stajale prijetnje i ucjene, ali Zagorka je uvijek pronalazila na\u010din da borbom i aktivizmom pridonese dobrobiti dru\u0161tva, u jednakoj mjeri za vrijeme Austro-Ugarske Monarhije, dvije Jugoslavije i NDH. Okru\u017eena poku\u0161ajima da je se ustra\u0161i \u2013 nikada sigurna, uvijek na rubu egzistencije i politi\u010dke (ne)prihva\u0107enosti \u2013 Marija Juri\u0107 Zagorka hrabro je (za)pis(iv)ala \u017eensku povijest koja joj je poslu\u017eila kao alat za borbu za \u017eenska prava i ravnopravnost spolova. Njezin naj\u010ditaniji roman Gri\u010dka vje\u0161tica povijesni je roman koji opisuje progon vje\u0161tica i prikazuje posljednje dane zakona o spaljivanju vje\u0161tica u Hrvatskoj. Prema rije\u010dima J. J. Strossmayera, koji ju je potaknuo da napi\u0161e ovaj povijesni roman:<\/p>\n<p>&nbsp;<\/p>\n<p>&nbsp;<\/p>\n<p>\u201cPostoji u historiji jedna stra\u0161na epoha koja je \u017eenu postavila ispod svake divlje \u017eivotinje. To je doba Malleus Malifacaruma. Ta je nauka \u017eigosala zdravu i u\u010denja\u010dku pamet najni\u017eim praznovjerjem prema \u017eeni. Da je \u017eena imala bilo kakvo pravo na javni \u017eivot, ne bi se taj zakon mogao ni provesti, a kamoli dogoditi da on kroz vjekove krvavo uni\u0161tava \u017eenske \u017eivote. To historijsko razdoblje moglo bi pru\u017eiti na\u0161oj Zagorki mogu\u0107nost, da, unato\u010d op\u0107e indolencije za \u017eenska prava, probudi ponos uvrije\u0111ene \u017eene. \u010citaju\u0107i te ne\u010dovje\u010dnosti i nepravde prema \u017eenama, probudile bi \u017eene u sebi uspavani otpor i to bi izazvalo burni prosvjed te bi imalo velikog upliva na osvije\u0161tenje svih duhova oko nas, da je \u017eena ravnopravno ljudsko bi\u0107e.\u201d<\/p>\n<p>&nbsp;<\/p>\n<p>&nbsp;<\/p>\n<p>Malleus Maleficarum ili \u201cmalj koji ubija vje\u0161tice\u201d ujedno je i naslov zloglasne knjige Henrika Institorisa i Jakoba Sprengera, dominikanskih inkvizitora, koja je poslu\u017eila kao vodi\u010d kroz procese na kojima se sudilo hereticima i lovilo vje\u0161tice. To je najmra\u010dnije doba povijesti za \u017eene, a Zagorka u svojem Malleusu, tre\u0107em nastavku romanesknog ciklusa Gri\u010dka vje\u0161tica, pripovijeda pri\u010du o kontesi Neri koja se bori protiv spaljivanja \u017eena pod optu\u017ebom da su vje\u0161tice. Malleus Maleficarum objavljen je 1487. godine u Njema\u010dkoj te 530 godina nakon izlaska predstavlja izazov i priliku da se kriti\u010dki pro\u010dita tekst koji \u017eene progla\u0161ava drugotnima.<\/p>\n<p>&nbsp;<\/p>\n<p>&nbsp;<\/p>\n<p>(&#8230;.)<\/p>\n<p>&nbsp;<\/p>\n<p>&nbsp;<\/p>\n<p>Pozivamo stoga istra\u017eiva\u010dice i istra\u017eiva\u010de iz podru\u010dja politi\u010dkih znanosti, povijesti, filozofije, znanosti o knji\u017eevnosti, kulturalnih studija, edukacijskih znanosti, sociologije, lingvistike, medija, komunikacija i novinarstva, antropologije, etnologije, kao i sve druge koji \u017eele doprinijeti raspravi i poku\u0161aju da se bolje razumije ova dinamika koja transformira na\u0161 politi\u010dki i \u0161iri kulturni prostor.<\/p>\n<p>&nbsp;<\/p>\n<p>&nbsp;<\/p>\n<p>Prihvatit \u0107e se izlaganja na hrvatskom i engleskom jeziku.<\/p>\n<p>&nbsp;<\/p>\n<p>&nbsp;<\/p>\n<p>Sa\u017eetak izlaganja (izme\u0111u 150 i 300 rije\u010di) s kra\u0107im \u017eivotopisom molimo poslati do 15. rujna 2017. e-mail adresu: zagorka@zenstud.hr.<\/p>\n<p>&nbsp;<\/p>\n<p>&nbsp;<\/p>\n<p><strong>Potpuni tekst Poziva i dodatne informacije dostupni su na poveznici:<\/strong><\/p>\n<p>&nbsp;<\/p>\n<p>&nbsp;<\/p>\n<blockquote data-secret=\"RjTcudolaT\" class=\"wp-embedded-content\"><p><a href=\"https:\/\/zenstud.hr\/2017\/08\/13\/poziv-na-sudjelovanje-na-znanstveno-knjizevnom-skupu-feminizam-i-kultura-straha\/\">Poziv na sudjelovanje na znanstveno-knji\u017eevnom skupu &#8220;Feminizam i kultura straha&#8221;<\/a><\/p><\/blockquote>\n<p><iframe loading=\"lazy\" class=\"wp-embedded-content\" sandbox=\"allow-scripts\" security=\"restricted\" style=\"position: absolute; clip: rect(1px, 1px, 1px, 1px);\" src=\"https:\/\/zenstud.hr\/2017\/08\/13\/poziv-na-sudjelovanje-na-znanstveno-knjizevnom-skupu-feminizam-i-kultura-straha\/embed\/#?secret=RjTcudolaT\" data-secret=\"RjTcudolaT\" width=\"600\" height=\"338\" title=\"&#8220;Poziv na sudjelovanje na znanstveno-knji\u017eevnom skupu &#8220;Feminizam i kultura straha&#8221;&#8221; &#8212; Centar za \u017eenske studije\" frameborder=\"0\" marginwidth=\"0\" marginheight=\"0\" scrolling=\"no\"><\/iframe><\/p>\n<p>&nbsp;<\/p>\n<p>&nbsp;<\/p>\n","protected":false},"excerpt":{"rendered":"","protected":false},"author":2,"featured_media":5722,"comment_status":"open","ping_status":"open","sticky":false,"template":"","format":"standard","meta":{"_acf_changed":false,"jetpack_post_was_ever_published":false,"_jetpack_newsletter_access":"","_jetpack_dont_email_post_to_subs":false,"_jetpack_newsletter_tier_id":0,"_jetpack_memberships_contains_paywalled_content":false,"_jetpack_memberships_contains_paid_content":false,"footnotes":"","jetpack_publicize_message":"","jetpack_publicize_feature_enabled":true,"jetpack_social_post_already_shared":true,"jetpack_social_options":{"image_generator_settings":{"template":"highway","default_image_id":0,"font":"","enabled":false},"version":2}},"categories":[3,9],"tags":[],"class_list":["post-5721","post","type-post","status-publish","format-standard","has-post-thumbnail","hentry","category-novosti","category-skupovi"],"acf":{"facebook_opis":""},"jetpack_publicize_connections":[],"jetpack_featured_media_url":"https:\/\/i0.wp.com\/historiografija.hr\/wp-content\/uploads\/2017\/08\/dani-marije-juric-zagorke.jpg?fit=1168%2C524&ssl=1","jetpack_sharing_enabled":true,"jetpack-related-posts":[{"id":52619,"url":"https:\/\/historiografija.hr\/?p=52619","url_meta":{"origin":5721,"position":0},"title":"Predavanje \u0110ur\u0111ice Vitkovi\u0107 &#8220;Izme\u0111u pera i objektiva: Zagorka i Foto Tonka&#8221;","author":"Branimir Jankovi\u0107","date":"23. travnja 2026.","format":false,"excerpt":"Memorijalni stan Marije Juri\u0107 Zagorke poziva Vas na predavanje \u0110ur\u0111ice Vitkovi\u0107 \u201eIzme\u0111u pera i objektiva: Zagorka i Foto Tonka\u201c koje \u0107e se odr\u017eati u utorak, 28. travnja 2026. s po\u010detkom u 18 h u sklopu Ciklusa predavanja u Memorijalnom stanu Marije Juri\u0107 Zagorke. Kako su se susrele knji\u017eevnost i fotografija\u2026","rel":"","context":"U &quot;Novosti&quot;","block_context":{"text":"Novosti","link":"https:\/\/historiografija.hr\/?cat=3"},"img":{"alt_text":"","src":"https:\/\/i0.wp.com\/historiografija.hr\/wp-content\/uploads\/2024\/11\/Zagorka_ciklus.jpg?fit=1200%2C1006&ssl=1&resize=350%2C200","width":350,"height":200,"srcset":"https:\/\/i0.wp.com\/historiografija.hr\/wp-content\/uploads\/2024\/11\/Zagorka_ciklus.jpg?fit=1200%2C1006&ssl=1&resize=350%2C200 1x, https:\/\/i0.wp.com\/historiografija.hr\/wp-content\/uploads\/2024\/11\/Zagorka_ciklus.jpg?fit=1200%2C1006&ssl=1&resize=525%2C300 1.5x, https:\/\/i0.wp.com\/historiografija.hr\/wp-content\/uploads\/2024\/11\/Zagorka_ciklus.jpg?fit=1200%2C1006&ssl=1&resize=700%2C400 2x, https:\/\/i0.wp.com\/historiografija.hr\/wp-content\/uploads\/2024\/11\/Zagorka_ciklus.jpg?fit=1200%2C1006&ssl=1&resize=1050%2C600 3x"},"classes":[]},{"id":52578,"url":"https:\/\/historiografija.hr\/?p=52578","url_meta":{"origin":5721,"position":1},"title":"Poziv za sudjelovanje: XXII. Dani Julija Bene\u0161i\u0107a u Iloku","author":"Branimir Jankovi\u0107","date":"21. travnja 2026.","format":false,"excerpt":"Zavod za lingvisti\u010dka istra\u017eivanja Hrvatske akademije znanosti i umjetnosti, zajedno s Muzejom grada Iloka, organizira XXII. Dane Julija Bene\u0161i\u0107a, koji \u0107e se odr\u017eati od 28. do 30. listopada 2026. u Iloku.\u00a0Teme ovogodi\u0161njih Dana podijeljene su u dvije cjeline: Knji\u017eevno-jezikoslovni d\u00ecv\u0101n s Bene\u0161i\u0107em te Ilok i Srijem u povijesnim stalnicama i\u2026","rel":"","context":"U &quot;Novosti&quot;","block_context":{"text":"Novosti","link":"https:\/\/historiografija.hr\/?cat=3"},"img":{"alt_text":"","src":"https:\/\/i0.wp.com\/historiografija.hr\/wp-content\/uploads\/2019\/10\/HE2_Benesic.jpg?fit=413%2C591&ssl=1&resize=350%2C200","width":350,"height":200},"classes":[]},{"id":52543,"url":"https:\/\/historiografija.hr\/?p=52543","url_meta":{"origin":5721,"position":2},"title":"Znanstveno-stru\u010dni skup \u201eOto\u010dne pu\u010dke pobo\u017enosti: kontinuiteti i transformacije\u201c","author":"Branimir Jankovi\u0107","date":"20. travnja 2026.","format":false,"excerpt":"Najavljujemo\u00a0znanstveno-stru\u010dni skup \u201eOto\u010dne pu\u010dke pobo\u017enosti: kontinuiteti i transformacije\u201c,\u00a0koji \u0107e se odr\u017eati\u00a0u Rabu od 24. do 26. travnja 2026.,\u00a0u organizaciji i uz potporu\u00a0Instituta za etnologiju i folkloristiku, Zagreb, \u00a0Grada Raba, Pu\u010dkog otvorenog u\u010dili\u0161ta Rab i Centra za istra\u017eivanje srednjovjekovne ba\u0161tine Jadrana RIMAH. Skup okuplja vode\u0107e doma\u0107e stru\u010dnjake koji \u0107e kroz niz\u2026","rel":"","context":"U &quot;Novosti&quot;","block_context":{"text":"Novosti","link":"https:\/\/historiografija.hr\/?cat=3"},"img":{"alt_text":"","src":"https:\/\/i0.wp.com\/historiografija.hr\/wp-content\/uploads\/2026\/04\/Skup_Rab.jpg?fit=848%2C1200&ssl=1&resize=350%2C200","width":350,"height":200,"srcset":"https:\/\/i0.wp.com\/historiografija.hr\/wp-content\/uploads\/2026\/04\/Skup_Rab.jpg?fit=848%2C1200&ssl=1&resize=350%2C200 1x, https:\/\/i0.wp.com\/historiografija.hr\/wp-content\/uploads\/2026\/04\/Skup_Rab.jpg?fit=848%2C1200&ssl=1&resize=525%2C300 1.5x, https:\/\/i0.wp.com\/historiografija.hr\/wp-content\/uploads\/2026\/04\/Skup_Rab.jpg?fit=848%2C1200&ssl=1&resize=700%2C400 2x"},"classes":[]},{"id":52563,"url":"https:\/\/historiografija.hr\/?p=52563","url_meta":{"origin":5721,"position":3},"title":"Predavanje Nenada Fabijani\u0107a o stadionu Poljud u Splitu","author":"Branimir Jankovi\u0107","date":"21. travnja 2026.","format":false,"excerpt":"Znanstveno vije\u0107e za arhitekturu, urbanizam i ure\u0111enje prostora Hrvatske akademije znanosti i umjetnosti organizira predavanje \u201cPo Poljudu\u201d koje \u0107e u srijedu 22. travnja 2026. s po\u010detkom u 14 sati u Knji\u017enici HAZU, Strossmayerov trg 14 u Zagrebu, odr\u017eati\u00a0prof. emerit. dr. art. Nenad Fabijani\u0107,\u00a0\u010dlan suradnik HAZU. Predavanje \u201ePo Poljudu\u201c (Projekt obnove)\u2026","rel":"","context":"U &quot;Novosti&quot;","block_context":{"text":"Novosti","link":"https:\/\/historiografija.hr\/?cat=3"},"img":{"alt_text":"","src":"https:\/\/i0.wp.com\/historiografija.hr\/wp-content\/uploads\/2026\/04\/Poljud-scaled.jpeg?fit=1200%2C800&ssl=1&resize=350%2C200","width":350,"height":200,"srcset":"https:\/\/i0.wp.com\/historiografija.hr\/wp-content\/uploads\/2026\/04\/Poljud-scaled.jpeg?fit=1200%2C800&ssl=1&resize=350%2C200 1x, https:\/\/i0.wp.com\/historiografija.hr\/wp-content\/uploads\/2026\/04\/Poljud-scaled.jpeg?fit=1200%2C800&ssl=1&resize=525%2C300 1.5x, https:\/\/i0.wp.com\/historiografija.hr\/wp-content\/uploads\/2026\/04\/Poljud-scaled.jpeg?fit=1200%2C800&ssl=1&resize=700%2C400 2x, https:\/\/i0.wp.com\/historiografija.hr\/wp-content\/uploads\/2026\/04\/Poljud-scaled.jpeg?fit=1200%2C800&ssl=1&resize=1050%2C600 3x"},"classes":[]},{"id":52148,"url":"https:\/\/historiografija.hr\/?p=52148","url_meta":{"origin":5721,"position":4},"title":"Poziv za prijavu na me\u0111unarodnu znanstvenu konferenciju \u201eGranice (ne)slobode: Zadarski krug 1966. Intelektualna opozicija u totalitarnom dru\u0161tvu\u201c","author":"Branimir Jankovi\u0107","date":"27. o\u017eujka 2026.","format":false,"excerpt":"\u00a0\u00a0\u00a0\u00a0 Povodom \u0161ezdesete obljetnice poku\u0161aja osnivanja \u010dasopisa Slobodan glas u Zadru 1966. godine, pozivamo vas na znanstvenu konferenciju posve\u0107enu istra\u017eivanju disidentstva, intelektualne opozicije i granica divergentnog mi\u0161ljenja nasuprot slu\u017ebenoj ideologiji u komunisti\u010dkoj Jugoslaviji. Ideja konferencije je analizirati konkretan fenomen zadarskog slu\u010daja razloge i okolnosti njegove pojave, ali uz otvaranje komparativnih\u2026","rel":"","context":"U &quot;Novosti&quot;","block_context":{"text":"Novosti","link":"https:\/\/historiografija.hr\/?cat=3"},"img":{"alt_text":"","src":"https:\/\/i0.wp.com\/historiografija.hr\/wp-content\/uploads\/2026\/03\/Poziv-konferencija-Zadar.jpg?fit=1200%2C509&ssl=1&resize=350%2C200","width":350,"height":200,"srcset":"https:\/\/i0.wp.com\/historiografija.hr\/wp-content\/uploads\/2026\/03\/Poziv-konferencija-Zadar.jpg?fit=1200%2C509&ssl=1&resize=350%2C200 1x, https:\/\/i0.wp.com\/historiografija.hr\/wp-content\/uploads\/2026\/03\/Poziv-konferencija-Zadar.jpg?fit=1200%2C509&ssl=1&resize=525%2C300 1.5x, https:\/\/i0.wp.com\/historiografija.hr\/wp-content\/uploads\/2026\/03\/Poziv-konferencija-Zadar.jpg?fit=1200%2C509&ssl=1&resize=700%2C400 2x, https:\/\/i0.wp.com\/historiografija.hr\/wp-content\/uploads\/2026\/03\/Poziv-konferencija-Zadar.jpg?fit=1200%2C509&ssl=1&resize=1050%2C600 3x"},"classes":[]},{"id":52499,"url":"https:\/\/historiografija.hr\/?p=52499","url_meta":{"origin":5721,"position":5},"title":"POTPISAN UGOVOR O ZNANSTVENO-ISTRA\u017dIVA\u010cKOJ SURADNJI: PROJEKT \u201eTEMELJI HRVATSKE SAMOSTALNOSTI\u201d","author":"Branimir Jankovi\u0107","date":"17. travnja 2026.","format":false,"excerpt":"Hrvatski institut za povijest, Sveu\u010dili\u0161te obrane i sigurnosti \u201eDr. Franjo Tu\u0111man\u201d, Institut dru\u0161tvenih znanosti Ivo Pilar i Hrvatski dr\u017eavni arhiv\u00a0potpisali su 23. o\u017eujka 2026.\u00a0Ugovor o znanstveno-istra\u017eiva\u010dkoj suradnji s ciljem provedbe projekta \u201eTemelji hrvatske samostalnosti\u201d. Tim projektom obuhva\u0107a se istra\u017eivanje arhivskoga gradiva, priprema znanstvenih publikacija, digitalizacija i javna prezentacija rezultata istra\u017eivanja\u2026","rel":"","context":"U &quot;Novosti&quot;","block_context":{"text":"Novosti","link":"https:\/\/historiografija.hr\/?cat=3"},"img":{"alt_text":"","src":"https:\/\/i0.wp.com\/historiografija.hr\/wp-content\/uploads\/2026\/04\/THS_sporazum.jpg?fit=1200%2C583&ssl=1&resize=350%2C200","width":350,"height":200,"srcset":"https:\/\/i0.wp.com\/historiografija.hr\/wp-content\/uploads\/2026\/04\/THS_sporazum.jpg?fit=1200%2C583&ssl=1&resize=350%2C200 1x, https:\/\/i0.wp.com\/historiografija.hr\/wp-content\/uploads\/2026\/04\/THS_sporazum.jpg?fit=1200%2C583&ssl=1&resize=525%2C300 1.5x, https:\/\/i0.wp.com\/historiografija.hr\/wp-content\/uploads\/2026\/04\/THS_sporazum.jpg?fit=1200%2C583&ssl=1&resize=700%2C400 2x, https:\/\/i0.wp.com\/historiografija.hr\/wp-content\/uploads\/2026\/04\/THS_sporazum.jpg?fit=1200%2C583&ssl=1&resize=1050%2C600 3x"},"classes":[]}],"_links":{"self":[{"href":"https:\/\/historiografija.hr\/index.php?rest_route=\/wp\/v2\/posts\/5721","targetHints":{"allow":["GET"]}}],"collection":[{"href":"https:\/\/historiografija.hr\/index.php?rest_route=\/wp\/v2\/posts"}],"about":[{"href":"https:\/\/historiografija.hr\/index.php?rest_route=\/wp\/v2\/types\/post"}],"author":[{"embeddable":true,"href":"https:\/\/historiografija.hr\/index.php?rest_route=\/wp\/v2\/users\/2"}],"replies":[{"embeddable":true,"href":"https:\/\/historiografija.hr\/index.php?rest_route=%2Fwp%2Fv2%2Fcomments&post=5721"}],"version-history":[{"count":1,"href":"https:\/\/historiografija.hr\/index.php?rest_route=\/wp\/v2\/posts\/5721\/revisions"}],"predecessor-version":[{"id":5723,"href":"https:\/\/historiografija.hr\/index.php?rest_route=\/wp\/v2\/posts\/5721\/revisions\/5723"}],"wp:featuredmedia":[{"embeddable":true,"href":"https:\/\/historiografija.hr\/index.php?rest_route=\/wp\/v2\/media\/5722"}],"wp:attachment":[{"href":"https:\/\/historiografija.hr\/index.php?rest_route=%2Fwp%2Fv2%2Fmedia&parent=5721"}],"wp:term":[{"taxonomy":"category","embeddable":true,"href":"https:\/\/historiografija.hr\/index.php?rest_route=%2Fwp%2Fv2%2Fcategories&post=5721"},{"taxonomy":"post_tag","embeddable":true,"href":"https:\/\/historiografija.hr\/index.php?rest_route=%2Fwp%2Fv2%2Ftags&post=5721"}],"curies":[{"name":"wp","href":"https:\/\/api.w.org\/{rel}","templated":true}]}}