{"id":5638,"date":"2017-08-19T09:31:22","date_gmt":"2017-08-19T09:31:22","guid":{"rendered":"http:\/\/historiografija.hr\/?p=5638"},"modified":"2017-08-19T09:31:22","modified_gmt":"2017-08-19T09:31:22","slug":"najava-izlozbe-podijeljena-povijest-viyana-bec-wien","status":"publish","type":"post","link":"https:\/\/historiografija.hr\/?p=5638","title":{"rendered":"Najava izlo\u017ebe &#8220;Podijeljena povijest \u2013 Viyana \u2013 Be\u010d \u2013 Wien&#8221;"},"content":{"rendered":"<p>\u201cU Be\u010du se u listopadu otvara izlo\u017eba &#8216;Podijeljena povijest &#8211; Viyana &#8211; Be\u010d &#8211; Wien&#8217; posve\u0107ena &#8216;gastarbajterima&#8217; iz Turske i biv\u0161e Jugoslavije, me\u0111u kojima je bilo i mnogo Hrvata, i njihovoj ulozi u austrijskom dru\u0161tvu ispri\u010danoj kroz be\u010dku im svakodnevicu\u201d.<\/p>\n<p>&nbsp;<\/p>\n<p>&nbsp;<\/p>\n<p>&#8212;<\/p>\n<p>&nbsp;<\/p>\n<p>&nbsp;<\/p>\n<p><strong>Be\u010d: &#8216;Bez gastarbajtera nikad ne bismo iskoristili gospodarski potencijal&#8217;<\/strong><\/p>\n<p>&nbsp;<\/p>\n<p>&nbsp;<\/p>\n<p><em>Izlo\u017eba pod nazivom &#8216;Podijeljena povijest. Viyana &#8211; Be\u010d \u2013 Wien&#8217; od 5. listopada 2017. do 11. velja\u010de 2018. ponudit \u0107e uvid u svakodnevicu migranata \u2013 na radnom mjestu, u \u0161koli i u slobodno vrijeme<\/em><\/p>\n<p>&nbsp;<\/p>\n<p>&nbsp;<\/p>\n<p>U Be\u010du se u listopadu otvara izlo\u017eba &#8220;Podijeljena povijest &#8211; Viyana &#8211; Be\u010d &#8211; Wien&#8221; posve\u0107ena &#8220;gastarbajterima&#8221; iz Turske i biv\u0161e Jugoslavije, me\u0111u kojima je bilo i mnogo Hrvata, i njihovoj ulozi u austrijskom dru\u0161tvu ispri\u010danoj kroz be\u010dku im svakodnevicu.<\/p>\n<p>&nbsp;<\/p>\n<p>&nbsp;<\/p>\n<p>Grad Be\u010d 60-ih je godina pro\u0161log stolje\u0107a, nakon \u0161to je Austrija sklopila Sporazum o razmjeni radne snage s tada\u0161njom Jugoslavijom i Turskom, prolazio kroz zna\u010dajne promjene. Sklapanjem sporazuma austrijskim je poduze\u0107ima bilo omogu\u0107eno da deficit radne snage izjedna\u010de time \u0161to \u0107e na privremeni rad dovesti \u201egastarbajtere\u201c iz biv\u0161e Jugoslavije i Turske, stoji u najavi Inozemnog ureda Grada Be\u010da u Zagrebu.<\/p>\n<p>&nbsp;<\/p>\n<p>&nbsp;<\/p>\n<p>No, zamisao da nakon nekoliko godina radnici odu, a umjesto njih do\u0111u novi, nikad nije za\u017eivjela. \u010clanovi obitelji radnika postupno su se tako\u0111er doseljavali u Be\u010d, osnivane su udruge useljenika, koji su po\u010deli otvarati i svoje etni\u010dke trgovine i poduze\u0107a.<\/p>\n<p>&nbsp;<\/p>\n<p>&nbsp;<\/p>\n<p>Na temelju objekata i materijala koji su tijekom 2015. i 2016. godine prikupljeni za Muzeju grada Be\u010da (Wien Museum) izlo\u017eba pod nazivom \u201ePodijeljena povijest. Viyana &#8211; Be\u010d \u2013 Wien\u201c od 5. listopada 2017. do 11. velja\u010de 2018. ponudit \u0107e uvid u svakodnevnicu migranata \u2013 na radnom mjestu, u \u0161koli i u slobodno vrijeme. Predmeti iz svakodnevnog \u017eivota povezane sa sje\u0107anjima pri\u010daju razli\u010dite pri\u010de, iskustva i do\u017eivljaje, a povijest migracije na taj na\u010din postaje dio be\u010dke gradske povijesti, najavio je be\u010dki Inozemni ured u Zagrebu.<\/p>\n<p>&nbsp;<\/p>\n<p>&nbsp;<\/p>\n<p>Muzej ovom izlo\u017ebom ne isti\u010de samo zna\u010daj migracije, ve\u0107 iskazuje i zahvalnost svim ljudima koji su bili spremni donirati svoje predmete i na taj na\u010din podijeliti svoju pri\u010du, dodaje se.<\/p>\n<p>&nbsp;<\/p>\n<p>&nbsp;<\/p>\n<p>Prema podacima be\u010dkog Ureda za statistiku pro\u0161le je godine u 1,8-milijunskom glavnom gradu Austrije zabilje\u017eeno \u010dak 700 tisu\u0107a migranata, od kojih zna\u010dajan dio \u010dine oni iz biv\u0161e Jugoslavije i Turske. Migranata koji dolaze iz Hrvatske je ne\u0161to vi\u0161e od 26 tisu\u0107a, ili 1,4 posto. Najvi\u0161e je onih koji dolaze iz Srbije i Crne Gore &#8211; oko 100.000, dok je onih iz BiH oko 40.000. Makedonaca je 13 tisu\u0107a, dok za Sloveniju nema podataka. Turaka koji privremeno \u017eive u Be\u010du pro\u0161le je godine bilo 76 tisu\u0107a.<\/p>\n<p>&nbsp;<\/p>\n<p>&nbsp;<\/p>\n<p>Ti se podaci odnose na migrante koji imaju dr\u017eavljanstvo domicilne dr\u017eave, iz koje dolaze.<\/p>\n<p>&nbsp;<\/p>\n<p>&nbsp;<\/p>\n<p>Me\u0111utim, Austrijanaca porijeklom iz biv\u0161e SFRJ je daleko vi\u0161e i oni \u010dine najve\u0107i broj naturaliziranih stanovnika te dr\u017eave i danas su neizostavan element austrijskoga dru\u0161tva. Ve\u0107 nekoliko godina zaredom najve\u0107i broj naturaliziranih Austrijanaca dolazi s Balkana i \u010dine najbrojniju migrantsku zajednicu u toj zemlji. Po nekim podacima vi\u0161e od 300.000 doseljenika porijeklom je iz Srbije, oko 200.000 njih porijeklom iz Bosne i Hercegovine te blizu 100.000 osoba porijeklom iz Hrvatske.<\/p>\n<p>&nbsp;<\/p>\n<p>&nbsp;<\/p>\n<p>\u010cini se da je danas kao nikada prije \u017eiva stara krilatica nekada\u0161njeg austrijskog kancelara Klemensa von Metternicha koji je navodno izjavio da Balkan po\u010dinje upravo u Be\u010du.<\/p>\n<p>&nbsp;<\/p>\n<p>&nbsp;<\/p>\n<p><strong>Milardovi\u0107: Odlazilo se organizirano<\/strong><\/p>\n<p>&nbsp;<\/p>\n<p>&nbsp;<\/p>\n<p>Znanstvenik s Instituta za migracije An\u0111elko Milardovi\u0107, kojem je i samom otac bio gastarbajter, isti\u010de kako su Austrija i Njema\u010dka poslije Drugog svjetskog rata trebale radnu snagu i njezino anga\u017eiranje je bilo jedno od va\u017enijih poglavlja u gospodarskom razvoju tih zemalja. Na privremeni rad u inozemstvo, kako se to slu\u017ebeno nazivalo, odlazilo se organizirano i bilo je dobro regulirano, puno bolje nego \u0161to je danas, rekao je Milardovi\u0107 Hini.<\/p>\n<p>&nbsp;<\/p>\n<p>&nbsp;<\/p>\n<p>Upozorava da se ta populacija, koja je mahom bila s ni\u017eom stru\u010dnom spremom, na\u017ealost nije u to doba mogla dobro integrirati u dru\u0161tvo, uz ostalo i zbog nepoznavanja jezika. Sada je situacija puno bolja, sada sti\u017eu nove, dobro obrazovane generacije sa znanjem i engleskog i njema\u010dkog i puno se lak\u0161e integriraju.<\/p>\n<p>&nbsp;<\/p>\n<p>&nbsp;<\/p>\n<p>Milardovi\u0107 tako\u0111er napominje da su u prvom valu odlazaka u Austriju na privremeni rad ljudi \u017eivjeli izme\u0111u dvije zemlje. Me\u0111utim, premda su na rad u inozemstvo odlazili s idejom da mirovinu provedu u domovini, gdje su od u\u0161te\u0111evine kupovali stanove, gradili ku\u0107e, puno njih je ostalo u Austriji, gdje bi im se pridru\u017eili i \u010dlanovi obitelji.<\/p>\n<p>&nbsp;<\/p>\n<p>&nbsp;<\/p>\n<p>Pored \u010dinjenice da su gastarbajteri zna\u010dajno sudjelovali u gospodarskom zamahu koji je Austriju zahvatio u \u0161ezdesetim godinama pro\u0161loga stolje\u0107a i na\u010dinio je jednom od najrazvijenijih zemalja Europske unije, gastarbajterima i njihovom integracijom u austrijsko dru\u0161tvo Austrija se dugo nije bavila, pa je i najavljena izlo\u017eba zna\u010dajan doprisnos istra\u017eivanju tog fenomena.<\/p>\n<p>&nbsp;<\/p>\n<p>&nbsp;<\/p>\n<p><strong>Kurz: Bez gastarbajtera nikad ne bismo iskoristili gospodarski potencijal<\/strong><\/p>\n<p>&nbsp;<\/p>\n<p>&nbsp;<\/p>\n<p>Danas ni najvi\u0161i austrijski dr\u017eavni du\u017enosnici ne pori\u010du veliku ulogu koju je strana radna snaga imala u razvoju te zemlje. Ministar vanjskih poslova Sebastian Kurz svojedobno je za Deutsche Welle izjavio kako nema nikakve sumnje da su nekada\u0161nji strani radnici imali pozitivan u\u010dinak na gospodarski razvoj Austrije. &#8220;Tada smo imali veliki nedostatak radne snage, i bez gastarbajtera nikada ne bismo mogli iskoristiti svoj gospodarski potencijal kao \u0161to nam je to uspjelo\u201c, rekao je.<\/p>\n<p>&nbsp;<\/p>\n<p>&nbsp;<\/p>\n<p>Zakonska osnova za anga\u017eman strane radne snage donesena je 60-ih godina pro\u0161log stolje\u0107a kada su 1964. potpisani sporazumi s Turskom te 1966. sa tada\u0161njom Jugoslavijom. Sporazm je prvobitno predvi\u0111ao da strana radna snaga bude anga\u017eirana sezonski te da se vrati u domovinu, ali je sve vi\u0161e gastarbajtera dovodilo sa sobom obitelji, a austrijski poslodavci nisu bili spremni stalno obu\u010davati novu radnu snagu te su radnicima nudili stalne ugovore.<\/p>\n<p>&nbsp;<\/p>\n<p>Krajem 50-ih i po\u010detkom 60-ih u tada\u0161njoj je Jugoslaviji do\u0161lo do pove\u0107anja stanovni\u0161tva. Ljubomir Brati\u0107, be\u010dki filozof, stru\u010dnjak za migraciju i jedan od inicijatora projekta Arhiva migracije u Muzeju Grada Be\u010da, za Deutsche Welle je izjavio kako je Jugoslavija rje\u0161enje za vi\u0161ak radne snage nalazila u slanju ljudi u neke zemlje zapadne Europe, poput Austrije, \u010dije je gospodarstvo tih godina doslovno gladovala za radnicima.<\/p>\n<p>&nbsp;<\/p>\n<p>Gastarbajterski \u017eivot i nakon pedeset godina ostao je za mnoge nepoznanica \u2013 kako u Austriji, tako i u zemljama biv\u0161e Jugoslavije. Gastarbajteri su desetlje\u0107ima egzistirali na margini oba dru\u0161tva. \u017divot gastarbajtera u Austriji zaista nije bio jednostavan: posla je u po\u010detku bilo dovoljno, no strani radnici te\u0161ko su dolazili do stanova, a \u0161to je netko lo\u0161ije poznavao jezik, to je \u010de\u0161\u0107e bio prisiljen \u017eivjeti u lo\u0161im \u017eivotnim uvjetima. Osim toga, i Austrija je ve\u0107 od sredine 70-tih godina po\u010dela stro\u017ee regulirati tr\u017ei\u0161te rada pa je od 1975. do 1984. skoro tre\u0107ina radne snage vra\u0107ena u Jugoslaviju.<\/p>\n<p>&nbsp;<\/p>\n<p><strong>Uspje\u0161na integracija, ali ih ipak nema na mjestima gdje se odlu\u010duje<\/strong><\/p>\n<p>&nbsp;<\/p>\n<p>Usprkos tome, desetine tisu\u0107a gastarbajtera ostale su u Austriji, tu su zasnovali obitelji, dobili djecu i unuke. Nekada\u0161nji san o povratku u zemlju porijekla nakon zara\u0111ene penzije mnogi nikada nisu preto\u010dili u stvarnost: nakon 30 ili 40 provedenih godina u Austriji sve vi\u0161e njih odlu\u010duje se kraj \u017eivota do\u010dekati tamo gdje im \u017eive potomci.<\/p>\n<p>&nbsp;<\/p>\n<p>\u0160to se ti\u010de austrijske politike, za nju su u me\u0111uvremenu nekada\u0161nji gastarbajteri iz biv\u0161e Jugoslavije postali primjer uspje\u0161ne integracije: &#8220;Jako je va\u017eno da su druga i tre\u0107a generacija migranata iz biv\u0161e Jugoslavije dobro integrirani u austrijsko dru\u0161tvo. Primjer ljudi iz biv\u0161e Jugoslavije pokazuje da integracija mo\u017ee uspjeti, ali i da je za nju potrebno mnogo vremena, \u010dak i vi\u0161e od jedne generacije\u201c, dr\u017ei ministar Kurz.<\/p>\n<p>&nbsp;<\/p>\n<p>Ljubomir Brati\u0107 me\u0111utim upozorava da u u strukturama austrijskog dru\u0161tva poput politike, kulture, ekonomije, sporta itd. jo\u0161 uvijek nema predstavnika doseljenika na mjestima na kojima mogu odlu\u010divati o razvoju austrijskog dru\u0161tva.<\/p>\n<p>&nbsp;<\/p>\n<p>&#8220;Naravno da se tu i tamo mo\u017ee na\u0107i poneki uspje\u0161an poslovni \u010dovjek, nogometa\u0161, umjetnik ili poduzetnik, ali to se mo\u017ee svesti na pojedina\u010dne pomake na dru\u0161tvenoj ljestvici ka srednjoj klasi kroz osobnu inicijativu&#8221;, upozorava Brati\u0107.<\/p>\n<p>&nbsp;<\/p>\n<p>&nbsp;<\/p>\n<p>Autor: <strong>HINA<\/strong><\/p>\n<p>&nbsp;<\/p>\n<p>&nbsp;<\/p>\n<p>Izvor: <a href=\"https:\/\/mojahrvatska.vecernji.hr\/vijesti\/bec-bez-gastarbajtera-nikad-ne-bismo-iskoristili-gospodarski-potencijal-1188142\">https:\/\/mojahrvatska.vecernji.hr\/vijesti\/bec-bez-gastarbajtera-nikad-ne-bismo-iskoristili-gospodarski-potencijal-1188142<\/a><\/p>\n<p>&nbsp;<\/p>\n<p>&nbsp;<\/p>\n<p>&nbsp;<\/p>\n","protected":false},"excerpt":{"rendered":"","protected":false},"author":2,"featured_media":5639,"comment_status":"open","ping_status":"open","sticky":false,"template":"","format":"standard","meta":{"_acf_changed":false,"jetpack_post_was_ever_published":false,"_jetpack_newsletter_access":"","_jetpack_dont_email_post_to_subs":false,"_jetpack_newsletter_tier_id":0,"_jetpack_memberships_contains_paywalled_content":false,"_jetpack_memberships_contains_paid_content":false,"footnotes":"","jetpack_publicize_message":"","jetpack_publicize_feature_enabled":true,"jetpack_social_post_already_shared":true,"jetpack_social_options":{"image_generator_settings":{"template":"highway","default_image_id":0,"font":"","enabled":false},"version":2}},"categories":[3],"tags":[],"class_list":["post-5638","post","type-post","status-publish","format-standard","has-post-thumbnail","hentry","category-novosti"],"acf":{"facebook_opis":""},"jetpack_publicize_connections":[],"jetpack_featured_media_url":"https:\/\/i0.wp.com\/historiografija.hr\/wp-content\/uploads\/2017\/08\/Bec.jpg?fit=800%2C498&ssl=1","jetpack_sharing_enabled":true,"jetpack-related-posts":[{"id":52505,"url":"https:\/\/historiografija.hr\/?p=52505","url_meta":{"origin":5638,"position":0},"title":"Izlo\u017eba &#8220;Eschenstock \/ Jasenov prut&#8221;","author":"Branimir Jankovi\u0107","date":"17. travnja 2026.","format":false,"excerpt":"Srpsko narodno vije\u0107e (SNV) i Vizura aperta postavljaju izlo\u017ebu \u0161vicarskog slikara Velimira Ili\u0161evi\u0107a: Eschenstock \/ Jasenov prut. Izlo\u017eba se uz prisustvo autora otvara povodom 81. godi\u0161njice proboja logora\u0161a iz usta\u0161kog logora smrti Jasenovac 22. aprila 2026. u 19 sati u Srpskom kulturnom centru (SKC) u Preradovi\u0107evoj ulici 21 u Zagrebu.\u2026","rel":"","context":"U &quot;Izlo\u017ebe&quot;","block_context":{"text":"Izlo\u017ebe","link":"https:\/\/historiografija.hr\/?cat=10"},"img":{"alt_text":"","src":"https:\/\/i0.wp.com\/historiografija.hr\/wp-content\/uploads\/2026\/04\/Jasenov_prut.jpg?fit=1024%2C640&ssl=1&resize=350%2C200","width":350,"height":200,"srcset":"https:\/\/i0.wp.com\/historiografija.hr\/wp-content\/uploads\/2026\/04\/Jasenov_prut.jpg?fit=1024%2C640&ssl=1&resize=350%2C200 1x, https:\/\/i0.wp.com\/historiografija.hr\/wp-content\/uploads\/2026\/04\/Jasenov_prut.jpg?fit=1024%2C640&ssl=1&resize=525%2C300 1.5x, https:\/\/i0.wp.com\/historiografija.hr\/wp-content\/uploads\/2026\/04\/Jasenov_prut.jpg?fit=1024%2C640&ssl=1&resize=700%2C400 2x"},"classes":[]},{"id":52502,"url":"https:\/\/historiografija.hr\/?p=52502","url_meta":{"origin":5638,"position":1},"title":"Novi znanstveni projekt Hrvatskog instituta za povijest: \u201c\u017drtve ratova i dr\u017eavnog\/politi\u010dkog nasilja u hrvatskoj povijesti 20. stolje\u0107a\u201d","author":"Branimir Jankovi\u0107","date":"17. travnja 2026.","format":false,"excerpt":"Na redovitoj sjednici Vlade RH, 16. travnja 2026., donijet je Zaklju\u010dak kojim se pokre\u0107e znanstveni projekt \u201c\u017drtve ratova i dr\u017eavnog\/politi\u010dkog nasilja u hrvatskoj povijesti 20. stolje\u0107a\u201d. Projekt \u0107e provoditi i koordinirati Hrvatski institut za povijest u razdoblju trajanja projekta od pet godina. Zakljucak Vlade RH Iz teksta projektnog prijedloga: Problematika\u2026","rel":"","context":"U &quot;Novosti&quot;","block_context":{"text":"Novosti","link":"https:\/\/historiografija.hr\/?cat=3"},"img":{"alt_text":"","src":"https:\/\/i0.wp.com\/historiografija.hr\/wp-content\/uploads\/2026\/04\/Vlada-RH.jpg?fit=1200%2C557&ssl=1&resize=350%2C200","width":350,"height":200,"srcset":"https:\/\/i0.wp.com\/historiografija.hr\/wp-content\/uploads\/2026\/04\/Vlada-RH.jpg?fit=1200%2C557&ssl=1&resize=350%2C200 1x, https:\/\/i0.wp.com\/historiografija.hr\/wp-content\/uploads\/2026\/04\/Vlada-RH.jpg?fit=1200%2C557&ssl=1&resize=525%2C300 1.5x, https:\/\/i0.wp.com\/historiografija.hr\/wp-content\/uploads\/2026\/04\/Vlada-RH.jpg?fit=1200%2C557&ssl=1&resize=700%2C400 2x, https:\/\/i0.wp.com\/historiografija.hr\/wp-content\/uploads\/2026\/04\/Vlada-RH.jpg?fit=1200%2C557&ssl=1&resize=1050%2C600 3x"},"classes":[]},{"id":52631,"url":"https:\/\/historiografija.hr\/?p=52631","url_meta":{"origin":5638,"position":2},"title":"Predavanje Ivana Tepe\u0161a: Djelovanje hrvatske politi\u010dke emigracije","author":"Branimir Jankovi\u0107","date":"23. travnja 2026.","format":false,"excerpt":"Odjel za me\u0111unarodnu suradnju i iseljeni\u0161tvo Matice hrvatske Predavanje Ivana Tepe\u0161a: Djelovanje hrvatske politi\u010dke emigracije Utorak, 28. travnja 2026. u 18:00 sati, Dvorana Ljudevita Jonkea (Mala dvorana MH), Strossmayerov trg 4, Zagreb dr. sc. Ivan Tepe\u0161, Institut za istra\u017eivanje migracija Hrvatska politi\u010dka emigracija obilje\u017eila je polustoljetnu hrvatsku povijest u drugoj\u2026","rel":"","context":"U &quot;Novosti&quot;","block_context":{"text":"Novosti","link":"https:\/\/historiografija.hr\/?cat=3"},"img":{"alt_text":"","src":"","width":0,"height":0},"classes":[]},{"id":52657,"url":"https:\/\/historiografija.hr\/?p=52657","url_meta":{"origin":5638,"position":3},"title":"[Predavanje] Jezik i drugost u (post)socijalisti\u010dkoj Srbiji: diskurzivne politike identiteta (YugoLab)","author":"Branimir Jankovi\u0107","date":"24. travnja 2026.","format":false,"excerpt":"U sklopu projekta Prizma \/ IMAGINATION (\u201eZami\u0161ljanje nacije: srpski nacionalni narativi u sporu (XX\u2013XXI vek)\u201c), koji se realizuje na Institutu za filozofiju i dru\u0161tvenu teoriju Univerziteta u Beogradu (2024\u20132027) uz finansijsku podr\u0161ku Fonda za nauku Republike Srbije, organizuje se serija predavanja na kojoj istra\u017eiva\u010di i istra\u017eiva\u010dice projekta predstavljaju rezultate svojih\u2026","rel":"","context":"U &quot;Novosti&quot;","block_context":{"text":"Novosti","link":"https:\/\/historiografija.hr\/?cat=3"},"img":{"alt_text":"","src":"https:\/\/i0.wp.com\/historiografija.hr\/wp-content\/uploads\/2026\/04\/IFDT_28_IV.png?fit=1200%2C675&ssl=1&resize=350%2C200","width":350,"height":200,"srcset":"https:\/\/i0.wp.com\/historiografija.hr\/wp-content\/uploads\/2026\/04\/IFDT_28_IV.png?fit=1200%2C675&ssl=1&resize=350%2C200 1x, https:\/\/i0.wp.com\/historiografija.hr\/wp-content\/uploads\/2026\/04\/IFDT_28_IV.png?fit=1200%2C675&ssl=1&resize=525%2C300 1.5x, https:\/\/i0.wp.com\/historiografija.hr\/wp-content\/uploads\/2026\/04\/IFDT_28_IV.png?fit=1200%2C675&ssl=1&resize=700%2C400 2x, https:\/\/i0.wp.com\/historiografija.hr\/wp-content\/uploads\/2026\/04\/IFDT_28_IV.png?fit=1200%2C675&ssl=1&resize=1050%2C600 3x"},"classes":[]},{"id":52569,"url":"https:\/\/historiografija.hr\/?p=52569","url_meta":{"origin":5638,"position":4},"title":"[Predavanje] Ne \u010dekaju\u0107i inspiraciju \u2013 anga\u017eovane intelektualne, kulturalne i umetni\u010dke prakse u me\u0111uratnom periodu: teorija i praksa kriti\u010dke levice u jugoslovenskoj kulturi (YugoLab)","author":"Branimir Jankovi\u0107","date":"21. travnja 2026.","format":false,"excerpt":"U vreme agresivnog ja\u010danja globalne desnice, (pro)fa\u0161isti\u010dkih, rasisti\u010dkih i imperijalisti\u010dkih politika, dok je istovremeno globalna levica izrazito slaba, a progresivni pokreti atomizirani i fragmentisani, va\u017eno je iz savremene perspektive vratiti se revolucionarnim i emancipatorskim zbivanjima u jugoslovenskom (ali i s njima u vezi internacionalnim de\u0161avanjima), kao i dru\u0161tvenoj ulozi kulturalnih\u2026","rel":"","context":"U &quot;Novosti&quot;","block_context":{"text":"Novosti","link":"https:\/\/historiografija.hr\/?cat=3"},"img":{"alt_text":"","src":"","width":0,"height":0},"classes":[]},{"id":52539,"url":"https:\/\/historiografija.hr\/?p=52539","url_meta":{"origin":5638,"position":5},"title":"Drugi po redu studentski simpozij &#8220;In fonte veritas&#8221;","author":"Branimir Jankovi\u0107","date":"20. travnja 2026.","format":false,"excerpt":"U srijedu, 22. travnja 2026. godine, u dvorani C 0.4 na Hrvatskom katoli\u010dkom sveu\u010dili\u0161tu odr\u017eat \u0107e se drugi studentski simpozij \u201eIn fonte veritas\". Ovogodi\u0161nja sredi\u0161nja tema simpozija je Papinstvo. Kroz istra\u017eiva\u010dko suo\u010davanje s povijesnim izvorima deset \u0107e studenata predstaviti rezultate svojih istra\u017eivanja o instituciji koja je stolje\u0107ima oblikovala europsku i\u2026","rel":"","context":"U &quot;Novosti&quot;","block_context":{"text":"Novosti","link":"https:\/\/historiografija.hr\/?cat=3"},"img":{"alt_text":"","src":"https:\/\/i0.wp.com\/historiografija.hr\/wp-content\/uploads\/2026\/04\/Papinstvo.png?fit=1024%2C500&ssl=1&resize=350%2C200","width":350,"height":200,"srcset":"https:\/\/i0.wp.com\/historiografija.hr\/wp-content\/uploads\/2026\/04\/Papinstvo.png?fit=1024%2C500&ssl=1&resize=350%2C200 1x, https:\/\/i0.wp.com\/historiografija.hr\/wp-content\/uploads\/2026\/04\/Papinstvo.png?fit=1024%2C500&ssl=1&resize=525%2C300 1.5x, https:\/\/i0.wp.com\/historiografija.hr\/wp-content\/uploads\/2026\/04\/Papinstvo.png?fit=1024%2C500&ssl=1&resize=700%2C400 2x"},"classes":[]}],"_links":{"self":[{"href":"https:\/\/historiografija.hr\/index.php?rest_route=\/wp\/v2\/posts\/5638","targetHints":{"allow":["GET"]}}],"collection":[{"href":"https:\/\/historiografija.hr\/index.php?rest_route=\/wp\/v2\/posts"}],"about":[{"href":"https:\/\/historiografija.hr\/index.php?rest_route=\/wp\/v2\/types\/post"}],"author":[{"embeddable":true,"href":"https:\/\/historiografija.hr\/index.php?rest_route=\/wp\/v2\/users\/2"}],"replies":[{"embeddable":true,"href":"https:\/\/historiografija.hr\/index.php?rest_route=%2Fwp%2Fv2%2Fcomments&post=5638"}],"version-history":[{"count":1,"href":"https:\/\/historiografija.hr\/index.php?rest_route=\/wp\/v2\/posts\/5638\/revisions"}],"predecessor-version":[{"id":5640,"href":"https:\/\/historiografija.hr\/index.php?rest_route=\/wp\/v2\/posts\/5638\/revisions\/5640"}],"wp:featuredmedia":[{"embeddable":true,"href":"https:\/\/historiografija.hr\/index.php?rest_route=\/wp\/v2\/media\/5639"}],"wp:attachment":[{"href":"https:\/\/historiografija.hr\/index.php?rest_route=%2Fwp%2Fv2%2Fmedia&parent=5638"}],"wp:term":[{"taxonomy":"category","embeddable":true,"href":"https:\/\/historiografija.hr\/index.php?rest_route=%2Fwp%2Fv2%2Fcategories&post=5638"},{"taxonomy":"post_tag","embeddable":true,"href":"https:\/\/historiografija.hr\/index.php?rest_route=%2Fwp%2Fv2%2Ftags&post=5638"}],"curies":[{"name":"wp","href":"https:\/\/api.w.org\/{rel}","templated":true}]}}