{"id":5619,"date":"2017-08-16T12:10:40","date_gmt":"2017-08-16T12:10:40","guid":{"rendered":"http:\/\/historiografija.hr\/?p=5619"},"modified":"2017-08-16T12:10:40","modified_gmt":"2017-08-16T12:10:40","slug":"cfp-die-ddr-in-der-europaischen-offentlichkeit-1949-2018-strasbourg-3-5-oktober-2018","status":"publish","type":"post","link":"https:\/\/historiografija.hr\/?p=5619","title":{"rendered":"CfP \u201cDie DDR in der europ\u00e4ischen \u00d6ffentlichkeit 1949-2018\u201d (Strasbourg, 3.-5. Oktober 2018)"},"content":{"rendered":"<p>U prilogu je poziv na znanstveni skup o DDR-u u europskoj javnosti koji \u0107e se odr\u017eati u Strasbourgu (3-5.X.2018), \u0161to je tema koja uklju\u010duje i hrvatsku, odnosno jugoslavensku povijest; jezici skupa su njema\u010dki, francuski i engleski, a rok prijave 31.10.2017.<\/p>\n<p>&nbsp;<\/p>\n<p>&nbsp;<\/p>\n<p>&#8212;<\/p>\n<p>&nbsp;<\/p>\n<p>&nbsp;<\/p>\n<p>Die DDR in der europ\u00e4ischen \u00d6ffentlichkeit 1949-2018<\/p>\n<p>&nbsp;<\/p>\n<p>&nbsp;<\/p>\n<p>Universit\u00e9 de Strasbourg<\/p>\n<p>&nbsp;<\/p>\n<p>&nbsp;<\/p>\n<p>03.10.2018 &#8211; 05.10.2018<\/p>\n<p>&nbsp;<\/p>\n<p>&nbsp;<\/p>\n<p>Bewerbungsschluss: 31.10.2017<\/p>\n<p>&nbsp;<\/p>\n<p>&nbsp;<\/p>\n<p>Die Europ\u00e4ische Union wird heute vielerorts in Frage gestellt und scheint sich in den nationalen R\u00e4umen aufzul\u00f6sen, aus denen sie besteht. Neben institutionellen, sozialen, \u00f6konomischen und \u00f6kologischen Missst\u00e4nden und einer tiefgreifenden Diskreditierung des Politischen kann als wesentlicher Erkl\u00e4rungsgrund f\u00fcr diese Krise das Fehlen einer wirklichen europ\u00e4ischen \u00d6ffentlichkeit (C Kantner, Kein modernes Babel. Kommunikative Voraussetzung europ\u00e4ischer \u00d6ffentlichkeit, 2004) als Austragungsort transnationaler Debatten angef\u00fchrt werden.<\/p>\n<p>&nbsp;<\/p>\n<p>&nbsp;<\/p>\n<p>Ausgangspunkt der geplanten Tagung ist die Annahme, eine transnationale Debatte \u00fcber die j\u00fcngste europ\u00e4ische Geschichte als gemeinsam erlebte Geschichte \u2013 und nicht im engen Sinne als Entwicklungsgeschichte der EU \u2013 k\u00f6nne zur Belebung einer noch zaghaften europ\u00e4ischen \u00d6ffentlichkeit beitragen. Unsere Tagung \u00fcber \u201eDie Deutsche Demokratische Republik in der europ\u00e4ischen \u00d6ffentlichkeit 1949-2018\u201c m\u00f6chte die Thematik in dieser Perspektive angehen.<\/p>\n<p>&nbsp;<\/p>\n<p>&nbsp;<\/p>\n<p>Seit 1990 wurde in allen Bereichen der wissenschaftlichen Geschichtsschreibung eine Vielzahl von Arbeiten \u00fcber die DDR ver\u00f6ffentlicht. Es kann jedoch festgestellt werden, dass die Beziehung dieses heute verschwundenen Staates zu seinem europ\u00e4ischen Umfeld meistens im Rahmen der ost-westlichen ideologischen Bipolarit\u00e4t, der deutsch-deutschen oder der bilateralen Beziehung zu anderen Staaten in Ost- oder Westeuropa reflektiert wurde. Dabei erweist sich die Geschichte der bilateralen Beziehungen selbstverst\u00e4ndlich als \u00e4u\u00dferst vielf\u00e4ltig; Frankreich, die Bundesrepublik Deutschland, Italien, Polen oder auch die Tschechoslowakei haben eine jeweils spezifische Beziehung zur DDR gepflegt und divergierende Repr\u00e4sentationen dieses Staates entwickelt, die sich nicht ausschlie\u00dflich durch das Raster der ideologischen Gegen\u00fcberstellung deuten lassen. In unserer Tagung m\u00f6chten wir anders verfahren und die DDR als Bestandteil eines europ\u00e4ischen Raums verstehen, der sich auf der Grundlage von zahlreichen Diskursen (politischer, historischer, wissenschaftlicher, k\u00fcnstlerischer, medialer Art) konstituiert.<\/p>\n<p>&nbsp;<\/p>\n<p>&nbsp;<\/p>\n<p>Dabei wird eine doppelte Zielsetzung verfolgt:<\/p>\n<p>&nbsp;<\/p>\n<p>&#8211; Einerseits soll es darum gehen, j\u00fcngere und \u00e4ltere Darstellungen der DDR in den jeweiligen nationalen Perspektiven europ\u00e4ischer Staaten miteinander zu konfrontieren; durch diese Gegen\u00fcberstellung sollen diese Perspektiven erg\u00e4nzt und \u00fcber ihre je l\u00e4nderspezifisch bedingten Sichtweisen hinaus erweitert werden.<\/p>\n<p>&nbsp;<\/p>\n<p>&#8211; Andererseits soll der Versuch unternommen werden, Ans\u00e4tze einer Antwort zu der Frage zu skizzieren, inwieweit eine als offener Raum transnationaler Debatten verstandene europ\u00e4ische \u00d6ffentlichkeit besteht, in der Diskurse und Repr\u00e4sentationen zirkulieren. In dieser Hinsicht wird die DDR nicht nur als passives Objekt nationaler oder transnationaler Diskurse betrachtet. Es soll auch ihr direkt oder indirekt geleisteter Anteil an den Debatten und Auseinandersetzungen in Europa bis 1990 in den Fokus genommen werden. Damit soll insbesondere die Frage untersucht werden, inwiefern eine gesamteurop\u00e4ische Repr\u00e4sentation der DDR konstituiert wurde, und gegebenenfalls deren Herkunft und Funktionsweise er\u00f6rtert werden.<\/p>\n<p>&nbsp;<\/p>\n<p>&nbsp;<\/p>\n<p>Wir definieren \u00d6ffentlichkeit als \u201ediskursive Arena\u201c (Nancy Fraser ) und verstehen sie nicht als homogenes Ganzes, sondern als Gef\u00fcge verschiedener interagierender Segmente (Teil\u00f6ffentlichkeiten) mit jeweils eigener Thematik und diskursiver Ordnung. Die Unterteilung der europ\u00e4ischen \u00d6ffentlichkeit in memorielle, historiographische, k\u00fcnstlerische, p\u00e4dagogische und politische Segmente \u2013 diese Auflistung erhebt keinen Anspruch auf Vollst\u00e4ndigkeit \u2013 soll helfen, die Analyse und Diskussion zu gestalten; sie soll die Konfrontation der verschiedenen Darstellungen der DDR und ein besseres Verst\u00e4ndnis der transnationalen Eigendynamik der untersuchten Segmente erm\u00f6glichen.<\/p>\n<p>&nbsp;<\/p>\n<p>&nbsp;<\/p>\n<p>Folgende Themenkomplexe k\u00f6nnen behandelt werden:<\/p>\n<p>&#8211; Der memorielle Diskurs \u00fcber die DDR<br \/>\n&#8211; Die DDR in den Lehrpl\u00e4nen unterschiedlicher europ\u00e4ischer Staaten<br \/>\n&#8211; Diskurse und Debatte zum politischen Modell der DDR<br \/>\n&#8211; Die Integration der DDR im intellektuellen, kulturellen und k\u00fcnstlerischen europ\u00e4ischen Raum\u2026<br \/>\nDie Liste lie\u00dfe sich fortsetzen.<\/p>\n<p>&nbsp;<\/p>\n<p>&nbsp;<\/p>\n<p>Unsere Tagung versteht sich als interdisziplin\u00e4r und spricht alle europ\u00e4ischen Geisteswissenschaftler und \u2013rinnen an, die sich f\u00fcr die DDR interessieren. Die Vortr\u00e4ge sollen 20 Minuten dauern, sie werden in deutscher, franz\u00f6sischer und eventuell auch in englischer Sprache gehalten. Wir bitten jeden Vortragenden, ein schriftliches Res\u00fcmee seines Textes in einer anderen Sprache als der des m\u00fcndlichen Vortrags bereitzuhalten.<\/p>\n<p>&nbsp;<\/p>\n<p>&nbsp;<\/p>\n<p>Die Tagung findet vom 3. bis zum 5. Oktober statt. Die Beitragsvorschl\u00e4ge (ca. eine Seite) sind bis zum 31. Oktober 2017 an Pascal Fagot und Emmanuel B\u00e9hague einzureichen.<\/p>\n<p>&nbsp;<\/p>\n<p>&nbsp;<\/p>\n<p><a href=\"http:\/\/www.hsozkult.de\/event\/id\/termine-34625\">http:\/\/www.hsozkult.de\/event\/id\/termine-34625<\/a><\/p>\n<p>&nbsp;<\/p>\n<p>&nbsp;<\/p>\n<p>&nbsp;<\/p>\n","protected":false},"excerpt":{"rendered":"","protected":false},"author":2,"featured_media":5620,"comment_status":"open","ping_status":"open","sticky":false,"template":"","format":"standard","meta":{"_acf_changed":false,"jetpack_post_was_ever_published":false,"_jetpack_newsletter_access":"","_jetpack_dont_email_post_to_subs":false,"_jetpack_newsletter_tier_id":0,"_jetpack_memberships_contains_paywalled_content":false,"_jetpack_memberships_contains_paid_content":false,"footnotes":"","jetpack_publicize_message":"","jetpack_publicize_feature_enabled":true,"jetpack_social_post_already_shared":true,"jetpack_social_options":{"image_generator_settings":{"template":"highway","default_image_id":0,"font":"","enabled":false},"version":2}},"categories":[3,9],"tags":[],"class_list":["post-5619","post","type-post","status-publish","format-standard","has-post-thumbnail","hentry","category-novosti","category-skupovi"],"acf":{"facebook_opis":""},"jetpack_publicize_connections":[],"jetpack_featured_media_url":"https:\/\/i0.wp.com\/historiografija.hr\/wp-content\/uploads\/2017\/08\/University_of_Strasbourg_logo_svg.png?fit=1280%2C590&ssl=1","jetpack_sharing_enabled":true,"jetpack-related-posts":[{"id":52628,"url":"https:\/\/historiografija.hr\/?p=52628","url_meta":{"origin":5619,"position":0},"title":"Predavanje dopisnog \u010dlana HAZU Alaina Finkielkrauta Izrael, Europa, antisemitizam","author":"Branimir Jankovi\u0107","date":"23. travnja 2026.","format":false,"excerpt":"Francuski filozof Alain Finkielkraut, redoviti \u010dlan Francuske akademije i dopisni \u010dlan HAZU, odr\u017eat \u0107e predavanje\u00a0Izrael, Europa, antisemitizam u utorak 28. travnja 2026. u 13 sati u Knji\u017enici HAZU,\u00a0Strossmayerov trg 14 u Zagrebu. Uvodne rije\u010di odr\u017eat \u0107e\u00a0akademkinja \u017deljka \u010corak i\u00a0akademik Dra\u017een Katunari\u0107. Predavanje \u0107e se odr\u017eati na francuskom jeziku uz konsekutivno\u2026","rel":"","context":"U &quot;Novosti&quot;","block_context":{"text":"Novosti","link":"https:\/\/historiografija.hr\/?cat=3"},"img":{"alt_text":"","src":"https:\/\/i0.wp.com\/historiografija.hr\/wp-content\/uploads\/2026\/04\/Alain_Finkielkraut.jpg?fit=350%2C407&ssl=1&resize=350%2C200","width":350,"height":200},"classes":[]},{"id":52569,"url":"https:\/\/historiografija.hr\/?p=52569","url_meta":{"origin":5619,"position":1},"title":"[Predavanje] Ne \u010dekaju\u0107i inspiraciju \u2013 anga\u017eovane intelektualne, kulturalne i umetni\u010dke prakse u me\u0111uratnom periodu: teorija i praksa kriti\u010dke levice u jugoslovenskoj kulturi (YugoLab)","author":"Branimir Jankovi\u0107","date":"21. travnja 2026.","format":false,"excerpt":"U vreme agresivnog ja\u010danja globalne desnice, (pro)fa\u0161isti\u010dkih, rasisti\u010dkih i imperijalisti\u010dkih politika, dok je istovremeno globalna levica izrazito slaba, a progresivni pokreti atomizirani i fragmentisani, va\u017eno je iz savremene perspektive vratiti se revolucionarnim i emancipatorskim zbivanjima u jugoslovenskom (ali i s njima u vezi internacionalnim de\u0161avanjima), kao i dru\u0161tvenoj ulozi kulturalnih\u2026","rel":"","context":"U &quot;Novosti&quot;","block_context":{"text":"Novosti","link":"https:\/\/historiografija.hr\/?cat=3"},"img":{"alt_text":"","src":"","width":0,"height":0},"classes":[]},{"id":52505,"url":"https:\/\/historiografija.hr\/?p=52505","url_meta":{"origin":5619,"position":2},"title":"Izlo\u017eba &#8220;Eschenstock \/ Jasenov prut&#8221;","author":"Branimir Jankovi\u0107","date":"17. travnja 2026.","format":false,"excerpt":"Srpsko narodno vije\u0107e (SNV) i Vizura aperta postavljaju izlo\u017ebu \u0161vicarskog slikara Velimira Ili\u0161evi\u0107a: Eschenstock \/ Jasenov prut. Izlo\u017eba se uz prisustvo autora otvara povodom 81. godi\u0161njice proboja logora\u0161a iz usta\u0161kog logora smrti Jasenovac 22. aprila 2026. u 19 sati u Srpskom kulturnom centru (SKC) u Preradovi\u0107evoj ulici 21 u Zagrebu.\u2026","rel":"","context":"U &quot;Izlo\u017ebe&quot;","block_context":{"text":"Izlo\u017ebe","link":"https:\/\/historiografija.hr\/?cat=10"},"img":{"alt_text":"","src":"https:\/\/i0.wp.com\/historiografija.hr\/wp-content\/uploads\/2026\/04\/Jasenov_prut.jpg?fit=1024%2C640&ssl=1&resize=350%2C200","width":350,"height":200,"srcset":"https:\/\/i0.wp.com\/historiografija.hr\/wp-content\/uploads\/2026\/04\/Jasenov_prut.jpg?fit=1024%2C640&ssl=1&resize=350%2C200 1x, https:\/\/i0.wp.com\/historiografija.hr\/wp-content\/uploads\/2026\/04\/Jasenov_prut.jpg?fit=1024%2C640&ssl=1&resize=525%2C300 1.5x, https:\/\/i0.wp.com\/historiografija.hr\/wp-content\/uploads\/2026\/04\/Jasenov_prut.jpg?fit=1024%2C640&ssl=1&resize=700%2C400 2x"},"classes":[]},{"id":52563,"url":"https:\/\/historiografija.hr\/?p=52563","url_meta":{"origin":5619,"position":3},"title":"Predavanje Nenada Fabijani\u0107a o stadionu Poljud u Splitu","author":"Branimir Jankovi\u0107","date":"21. travnja 2026.","format":false,"excerpt":"Znanstveno vije\u0107e za arhitekturu, urbanizam i ure\u0111enje prostora Hrvatske akademije znanosti i umjetnosti organizira predavanje \u201cPo Poljudu\u201d koje \u0107e u srijedu 22. travnja 2026. s po\u010detkom u 14 sati u Knji\u017enici HAZU, Strossmayerov trg 14 u Zagrebu, odr\u017eati\u00a0prof. emerit. dr. art. Nenad Fabijani\u0107,\u00a0\u010dlan suradnik HAZU. Predavanje \u201ePo Poljudu\u201c (Projekt obnove)\u2026","rel":"","context":"U &quot;Novosti&quot;","block_context":{"text":"Novosti","link":"https:\/\/historiografija.hr\/?cat=3"},"img":{"alt_text":"","src":"https:\/\/i0.wp.com\/historiografija.hr\/wp-content\/uploads\/2026\/04\/Poljud-scaled.jpeg?fit=1200%2C800&ssl=1&resize=350%2C200","width":350,"height":200,"srcset":"https:\/\/i0.wp.com\/historiografija.hr\/wp-content\/uploads\/2026\/04\/Poljud-scaled.jpeg?fit=1200%2C800&ssl=1&resize=350%2C200 1x, https:\/\/i0.wp.com\/historiografija.hr\/wp-content\/uploads\/2026\/04\/Poljud-scaled.jpeg?fit=1200%2C800&ssl=1&resize=525%2C300 1.5x, https:\/\/i0.wp.com\/historiografija.hr\/wp-content\/uploads\/2026\/04\/Poljud-scaled.jpeg?fit=1200%2C800&ssl=1&resize=700%2C400 2x, https:\/\/i0.wp.com\/historiografija.hr\/wp-content\/uploads\/2026\/04\/Poljud-scaled.jpeg?fit=1200%2C800&ssl=1&resize=1050%2C600 3x"},"classes":[]},{"id":52528,"url":"https:\/\/historiografija.hr\/?p=52528","url_meta":{"origin":5619,"position":4},"title":"[Promocija knjige] Banja Luka u ratu: Etnopolitika i svakodnevica (1990\u20131995) (ActiveLab, YugoLab)","author":"Branimir Jankovi\u0107","date":"17. travnja 2026.","format":false,"excerpt":"Institut za filozofiju i dru\u0161tvenu teoriju i O\u0161tra Nula organizuju promociju knjige Banja Luka u ratu: Etnopolitika i svakodnevica (1990\u20131995) autorke Armine Galija\u0161, koja \u0107e se odr\u017eati 20. aprila 2026. u 12.00 sati u prostorijama Instituta (Kraljice Natalije 45, Beograd). Re\u010d je o prvom nau\u010dno utemeljenom i sistematskom radu koji\u2026","rel":"","context":"U &quot;Novosti&quot;","block_context":{"text":"Novosti","link":"https:\/\/historiografija.hr\/?cat=3"},"img":{"alt_text":"","src":"https:\/\/i0.wp.com\/historiografija.hr\/wp-content\/uploads\/2026\/04\/20-april-RS.jpg?fit=1200%2C675&ssl=1&resize=350%2C200","width":350,"height":200,"srcset":"https:\/\/i0.wp.com\/historiografija.hr\/wp-content\/uploads\/2026\/04\/20-april-RS.jpg?fit=1200%2C675&ssl=1&resize=350%2C200 1x, https:\/\/i0.wp.com\/historiografija.hr\/wp-content\/uploads\/2026\/04\/20-april-RS.jpg?fit=1200%2C675&ssl=1&resize=525%2C300 1.5x, https:\/\/i0.wp.com\/historiografija.hr\/wp-content\/uploads\/2026\/04\/20-april-RS.jpg?fit=1200%2C675&ssl=1&resize=700%2C400 2x, https:\/\/i0.wp.com\/historiografija.hr\/wp-content\/uploads\/2026\/04\/20-april-RS.jpg?fit=1200%2C675&ssl=1&resize=1050%2C600 3x"},"classes":[]},{"id":52592,"url":"https:\/\/historiografija.hr\/?p=52592","url_meta":{"origin":5619,"position":5},"title":"Predstavljanje knjige &#8220;Turska ku\u0107a u Rijeci&#8221; u Zagrebu","author":"Branimir Jankovi\u0107","date":"22. travnja 2026.","format":false,"excerpt":"U prostorijama Turskog kulturnog centra Yunus Emre u Zagrebu, u utorak 21. travnja 2026. godine, odr\u017eano je sve\u010dano predstavljanje dopunjenog izdanja knjige Turska ku\u0107a u Rijeci, u organizaciji Hrvatsko-turskog dru\u0161tva Rijeka i partnerstvu sa Skupinom prijateljstva Hrvatska-Turska Hrvatskog sabora, Veleposlanstvom Republike Turske u Republici Hrvatskoj te Turskim kulturnim centrom Yunus\u2026","rel":"","context":"U &quot;Novosti&quot;","block_context":{"text":"Novosti","link":"https:\/\/historiografija.hr\/?cat=3"},"img":{"alt_text":"","src":"https:\/\/i0.wp.com\/historiografija.hr\/wp-content\/uploads\/2026\/04\/Turska-kuca-ZG.jpg?fit=1200%2C800&ssl=1&resize=350%2C200","width":350,"height":200,"srcset":"https:\/\/i0.wp.com\/historiografija.hr\/wp-content\/uploads\/2026\/04\/Turska-kuca-ZG.jpg?fit=1200%2C800&ssl=1&resize=350%2C200 1x, https:\/\/i0.wp.com\/historiografija.hr\/wp-content\/uploads\/2026\/04\/Turska-kuca-ZG.jpg?fit=1200%2C800&ssl=1&resize=525%2C300 1.5x, https:\/\/i0.wp.com\/historiografija.hr\/wp-content\/uploads\/2026\/04\/Turska-kuca-ZG.jpg?fit=1200%2C800&ssl=1&resize=700%2C400 2x, https:\/\/i0.wp.com\/historiografija.hr\/wp-content\/uploads\/2026\/04\/Turska-kuca-ZG.jpg?fit=1200%2C800&ssl=1&resize=1050%2C600 3x"},"classes":[]}],"_links":{"self":[{"href":"https:\/\/historiografija.hr\/index.php?rest_route=\/wp\/v2\/posts\/5619","targetHints":{"allow":["GET"]}}],"collection":[{"href":"https:\/\/historiografija.hr\/index.php?rest_route=\/wp\/v2\/posts"}],"about":[{"href":"https:\/\/historiografija.hr\/index.php?rest_route=\/wp\/v2\/types\/post"}],"author":[{"embeddable":true,"href":"https:\/\/historiografija.hr\/index.php?rest_route=\/wp\/v2\/users\/2"}],"replies":[{"embeddable":true,"href":"https:\/\/historiografija.hr\/index.php?rest_route=%2Fwp%2Fv2%2Fcomments&post=5619"}],"version-history":[{"count":1,"href":"https:\/\/historiografija.hr\/index.php?rest_route=\/wp\/v2\/posts\/5619\/revisions"}],"predecessor-version":[{"id":5621,"href":"https:\/\/historiografija.hr\/index.php?rest_route=\/wp\/v2\/posts\/5619\/revisions\/5621"}],"wp:featuredmedia":[{"embeddable":true,"href":"https:\/\/historiografija.hr\/index.php?rest_route=\/wp\/v2\/media\/5620"}],"wp:attachment":[{"href":"https:\/\/historiografija.hr\/index.php?rest_route=%2Fwp%2Fv2%2Fmedia&parent=5619"}],"wp:term":[{"taxonomy":"category","embeddable":true,"href":"https:\/\/historiografija.hr\/index.php?rest_route=%2Fwp%2Fv2%2Fcategories&post=5619"},{"taxonomy":"post_tag","embeddable":true,"href":"https:\/\/historiografija.hr\/index.php?rest_route=%2Fwp%2Fv2%2Ftags&post=5619"}],"curies":[{"name":"wp","href":"https:\/\/api.w.org\/{rel}","templated":true}]}}