{"id":5570,"date":"2017-08-11T09:47:14","date_gmt":"2017-08-11T09:47:14","guid":{"rendered":"http:\/\/historiografija.hr\/?p=5570"},"modified":"2017-08-11T09:47:14","modified_gmt":"2017-08-11T09:47:14","slug":"microhistories-of-the-holocaust-edited-by-claire-zalc-and-tal-bruttmann-berghahn-books-2017","status":"publish","type":"post","link":"https:\/\/historiografija.hr\/?p=5570","title":{"rendered":"Microhistories of the Holocaust. Edited by Claire Zalc and Tal Bruttmann. Berghahn Books, 2017"},"content":{"rendered":"<p>\u201cThis volume brings together an international cast of scholars to reflect on the ongoing microhistorical turn in Holocaust studies, assessing its historiographical pitfalls as well as the distinctive opportunities it affords researchers\u201d.<\/p>\n<p>&nbsp;<\/p>\n<p>&nbsp;<\/p>\n<p>&#8212;<\/p>\n<p>&nbsp;<\/p>\n<p>&nbsp;<\/p>\n<p><strong>Microhistories of the Holocaust<\/strong><\/p>\n<p>&nbsp;<\/p>\n<p>&nbsp;<\/p>\n<p>Edited by Claire Zalc and Tal Bruttmann<\/p>\n<p>&nbsp;<\/p>\n<p>336 pages, 4 illus., bibliog., index<\/p>\n<p>&nbsp;<\/p>\n<p>&nbsp;<\/p>\n<p>\u201cThis excellent volume not only displays an admirable thematic and geographic diversity, but also presents a range of interpretations of the methodology known as \u2018microhistory.\u2019 Together, the chapters provide a refreshing and important look at the genocide against the Jews, illuminating aspects and incidents that must, by definition, be overlooked by macrohistorical studies.\u201d Jonathan R. Zatlin, Boston University<\/p>\n<p>&nbsp;<\/p>\n<p>&nbsp;<\/p>\n<p>\u201cWith historians in many countries turning increasingly to microhistory as an effective way to explore questions of human behavior and historical causation, now is the right time for this collection devoted to the Holocaust. The volume offers broad geographic and thematic coverage, provides examples of a variety of microhistorical approaches, and features the work of established scholars as well as younger colleagues engaged in innovative scholarship.\u201d Alan E. Steinweis, University of Vermont<\/p>\n<p>&nbsp;<\/p>\n<p>&nbsp;<\/p>\n<p>How does scale affect our understanding of the Holocaust? In the vastness of its implementation and the sheer amount of death and suffering it produced, the genocide of Europe\u2019s Jews presents special challenges for historians, who have responded with work ranging in scope from the world-historical to the intimate. In particular, recent scholarship has demonstrated a willingness to study the Holocaust at scales as focused as a single neighborhood, family, or perpetrator. This volume brings together an international cast of scholars to reflect on the ongoing microhistorical turn in Holocaust studies, assessing its historiographical pitfalls as well as the distinctive opportunities it affords researchers.<\/p>\n<p>&nbsp;<\/p>\n<p>&nbsp;<\/p>\n<p>Claire Zalc is a Research Professor (directrice de recherche) in history at the Institut d\u2019histoire moderne et contemporaine, CNRS-ENS. She specializes in the history of immigration in twentieth-century France and the history of French Jews during World War II. She was awarded the CNRS Bronze Medal in 2013.<\/p>\n<p>&nbsp;<\/p>\n<p>&nbsp;<\/p>\n<p>Tal Bruttmann is a researcher whose work focuses on the various anti-Jewish policies implemented in France between 1940 and 1944, as well as the \u201cFinal Solution.\u201d He has published several books, the most recent of which was Auschwitz (La D\u00e9couverte, 2015).<\/p>\n<p>&nbsp;<\/p>\n<p>&nbsp;<\/p>\n<p><strong>Contents<\/strong><\/p>\n<p>&nbsp;<\/p>\n<p>&nbsp;<\/p>\n<p>Acknowledgments<br \/>\nList of tables<br \/>\nList of photos<\/p>\n<p>&nbsp;<\/p>\n<p>&nbsp;<\/p>\n<p>Introduction: Towards a Microhistory of the Holocaust<\/p>\n<p><a href=\"http:\/\/www.berghahnbooks.com\/downloads\/intros\/ZalcMicrohistories_intro.pdf\">http:\/\/www.berghahnbooks.com\/downloads\/intros\/ZalcMicrohistories_intro.pdf<\/a><\/p>\n<p>Claire Zalc and Tal Bruttmann<\/p>\n<p>&nbsp;<\/p>\n<p>&nbsp;<\/p>\n<p>&nbsp;<\/p>\n<p>PART I: BIOGRAPHIES, GROUPS, TRANSPORTS, GHETTOS: THE SCALES OF ANALYSIS<\/p>\n<p>Chapter 1. An Inconceivable Emigration. Richard Frank\u2019s flight from Germany to Switzerland in 1942<br \/>\nChristoph Kreutzm\u00fcller<\/p>\n<p>Chapter 2. Pursuing Escape from Vienna: The Katz Family\u2019s Correspondence<br \/>\nMelissa Jane Taylor<\/p>\n<p>Chapter 3. Moving Together, Moving Alone: The Story of Boys on a Transport from Auschwitz to Buchenwald<br \/>\nKenneth Waltzer<\/p>\n<p>Chapter 4. Dehumanizing the Dead. The Destruction of Thessaloniki\u2019s Jewish Cemetery<br \/>\nLeon Saltiel<\/p>\n<p>Chapter 5. Reconstructing Trajectories of Persecution: Reflections on a Prosopography of Holocaust Victims<br \/>\nNicolas Mariot and Claire Zalc<\/p>\n<p>Chapter 6. Microhistories, Microgeographies: Budapest, 1944 and Scales of Analysis<br \/>\nTim Cole<\/p>\n<p>&nbsp;<\/p>\n<p>&nbsp;<\/p>\n<p>PART II: FACE-TO-FACE: VICTIMS AND PERPETRATORS<\/p>\n<p>Chapter 7. Microhistory of the Holocaust in Poland: New Sources, New Trails<br \/>\nJan Grabowski<\/p>\n<p>Chapter 8. Jewish Slave Workers in the German Aviation Industry<br \/>\nDaniel Uziel<\/p>\n<p>Chapter 9. The Devil in Microhistory: The \u201cHunt for Jews\u201d as a Social Process, 1942-1945<br \/>\nTomasz Frydel<\/p>\n<p>Chapter 10. On the Persistence of Moral Judgment: Local Perpetrators in Transnistria as Seen by Survivors and Their Christian Neighbors<br \/>\nVladimir Solonari<\/p>\n<p>Chapter 11. Defiance and Protest. A Comparative Microhistorical Reevaluation of Individual Jewish Responses to Nazi Persecution<br \/>\nWolf Gruner<\/p>\n<p>Chapter 12. The Murder of the Jews in Ostr\u00f3w Mazowiecka in November 1939<br \/>\nMarkus Roth<\/p>\n<p>Chapter 13. \u00c9chirolles, August 7 1944: a Triple Execution<br \/>\nTal Bruttmann<\/p>\n<p>Chapter 14. The Beginning: First Massacres against the Jews in the Romanian Holocaust. Level of Decision, Genocidal Strategy and Killing Methods regarding Dorohoi and Galati Pogroms, June-July, 1940<br \/>\nAlexandru Muraru<\/p>\n<p>&nbsp;<\/p>\n<p>&nbsp;<\/p>\n<p>PART III: THE MATERIAL FOR SHIFTING SCALES: SOURCES BETWEEN TESTIMONIES AND ARCHIVES<\/p>\n<p>Chapter 15. The Holocaust and Postwar Justice in Poland in Three Acts<br \/>\nAndrew Kornbluth<\/p>\n<p>Chapter 16. The Small and the Good: Microhistory Through the Eyes of the Witness. A Case Study<br \/>\nHannah Pollin-Galay<\/p>\n<p>Chapter 17. The Witness against the Archive: towards a Microhistory of Christianstadt<br \/>\nJeffrey Wallen<\/p>\n<p>&nbsp;<\/p>\n<p>&nbsp;<\/p>\n<p>Bibliography<br \/>\nIndex<\/p>\n<p>&nbsp;<\/p>\n<p>&nbsp;<\/p>\n<p>&nbsp;<\/p>\n<p><a href=\"http:\/\/www.berghahnbooks.com\/title\/ZalcMicrohistories\">http:\/\/www.berghahnbooks.com\/title\/ZalcMicrohistories<\/a><\/p>\n<p>&nbsp;<\/p>\n<p>&nbsp;<\/p>\n","protected":false},"excerpt":{"rendered":"","protected":false},"author":2,"featured_media":5571,"comment_status":"open","ping_status":"open","sticky":false,"template":"","format":"standard","meta":{"_acf_changed":false,"jetpack_post_was_ever_published":false,"_jetpack_newsletter_access":"","_jetpack_dont_email_post_to_subs":false,"_jetpack_newsletter_tier_id":0,"_jetpack_memberships_contains_paywalled_content":false,"_jetpack_memberships_contains_paid_content":false,"footnotes":"","jetpack_publicize_message":"","jetpack_publicize_feature_enabled":true,"jetpack_social_post_already_shared":true,"jetpack_social_options":{"image_generator_settings":{"template":"highway","default_image_id":0,"font":"","enabled":false},"version":2}},"categories":[8,3],"tags":[],"class_list":["post-5570","post","type-post","status-publish","format-standard","has-post-thumbnail","hentry","category-knjige","category-novosti"],"acf":{"facebook_opis":""},"jetpack_publicize_connections":[],"jetpack_featured_media_url":"https:\/\/i0.wp.com\/historiografija.hr\/wp-content\/uploads\/2017\/08\/ZalcMicrohistories.jpg?fit=400%2C600&ssl=1","jetpack_sharing_enabled":true,"jetpack-related-posts":[{"id":52625,"url":"https:\/\/historiografija.hr\/?p=52625","url_meta":{"origin":5570,"position":0},"title":"Omer Bartov, \u201eIsrael: What Went Wrong?\u201c","author":"Branimir Jankovi\u0107","date":"23. travnja 2026.","format":false,"excerpt":"Professor Omer Bartov was born on a kibbutz, grew up in Tel Aviv and served in the Israel Defence Forces during the Yom Kippur War. He went on to become an expert on the German army and the Holocaust, before turning his attention to his native country.In Israel: What Went\u2026","rel":"","context":"U &quot;Knjige&quot;","block_context":{"text":"Knjige","link":"https:\/\/historiografija.hr\/?cat=8"},"img":{"alt_text":"","src":"https:\/\/i0.wp.com\/historiografija.hr\/wp-content\/uploads\/2026\/04\/Bartov.jpeg?fit=320%2C500&ssl=1&resize=350%2C200","width":350,"height":200},"classes":[]},{"id":52580,"url":"https:\/\/historiografija.hr\/?p=52580","url_meta":{"origin":5570,"position":1},"title":"Conference &#8220;Living in the aftermaths: Trauma, politics and survival in Yugoslavia and successor states, 1945 \u2013 present&#8221;","author":"Branimir Jankovi\u0107","date":"21. travnja 2026.","format":false,"excerpt":"The conference aims to explore how war-related psychological distress was experienced, narrated, debated and reframed in Yugoslavia in the second half of the twentieth century. It asks how the theme of wounded psyche and wartime suffering was addressed and acknowledged in political, psychiatric and broader cultural discourses of socialist Yugoslavia,\u2026","rel":"","context":"U &quot;Novosti&quot;","block_context":{"text":"Novosti","link":"https:\/\/historiografija.hr\/?cat=3"},"img":{"alt_text":"","src":"https:\/\/i0.wp.com\/historiografija.hr\/wp-content\/uploads\/2026\/04\/Battle_of_Neretva_Picasso_poster-Conference-Living-in-the-aftermaths.webp?fit=564%2C954&ssl=1&resize=350%2C200","width":350,"height":200,"srcset":"https:\/\/i0.wp.com\/historiografija.hr\/wp-content\/uploads\/2026\/04\/Battle_of_Neretva_Picasso_poster-Conference-Living-in-the-aftermaths.webp?fit=564%2C954&ssl=1&resize=350%2C200 1x, https:\/\/i0.wp.com\/historiografija.hr\/wp-content\/uploads\/2026\/04\/Battle_of_Neretva_Picasso_poster-Conference-Living-in-the-aftermaths.webp?fit=564%2C954&ssl=1&resize=525%2C300 1.5x"},"classes":[]},{"id":52641,"url":"https:\/\/historiografija.hr\/?p=52641","url_meta":{"origin":5570,"position":2},"title":"CfP: WHO OWNS THE PAST? VERNACULAR MEMORY, STATE MEMORY, AND THE POLITICS OF OWNERSHIP","author":"Branimir Jankovi\u0107","date":"24. travnja 2026.","format":false,"excerpt":"VIENNA, 31ST AUGUST\u20133RD SEPTEMBER 2026 (DEADLINE: 24TH APRIL 2026) The Center for Austrian Studies at the European Forum at the Hebrew University and the Austrian Academy of Sciences\/Institute of Culture Studies invite early postdocs, PhD candidates, and advanced Master\u2019s students from the Hebrew University of Jerusalem and universities and academic\u2026","rel":"","context":"U &quot;Novosti&quot;","block_context":{"text":"Novosti","link":"https:\/\/historiografija.hr\/?cat=3"},"img":{"alt_text":"","src":"https:\/\/i0.wp.com\/historiografija.hr\/wp-content\/uploads\/2017\/10\/hsozkult.png?fit=1006%2C241&ssl=1&resize=350%2C200","width":350,"height":200,"srcset":"https:\/\/i0.wp.com\/historiografija.hr\/wp-content\/uploads\/2017\/10\/hsozkult.png?fit=1006%2C241&ssl=1&resize=350%2C200 1x, https:\/\/i0.wp.com\/historiografija.hr\/wp-content\/uploads\/2017\/10\/hsozkult.png?fit=1006%2C241&ssl=1&resize=525%2C300 1.5x, https:\/\/i0.wp.com\/historiografija.hr\/wp-content\/uploads\/2017\/10\/hsozkult.png?fit=1006%2C241&ssl=1&resize=700%2C400 2x"},"classes":[]},{"id":52664,"url":"https:\/\/historiografija.hr\/?p=52664","url_meta":{"origin":5570,"position":3},"title":"CfP: CONFERENCE OF THE HISTORY OF CONCEPTS GROUP, HELSINKI, 19TH\u201321ST AUGUST 2026 (DEADLINE: 30TH APRIL 2026)","author":"Branimir Jankovi\u0107","date":"24. travnja 2026.","format":false,"excerpt":"The annual conference of the History of Concepts Group is held at the University of Helsinki, 19-21 August 2026. Conference of the History of Concepts Group Conceptual history studies the use of concepts and tries to understand how historical actors have linguistically articulated views of the world. Studying concepts from\u2026","rel":"","context":"U &quot;Novosti&quot;","block_context":{"text":"Novosti","link":"https:\/\/historiografija.hr\/?cat=3"},"img":{"alt_text":"","src":"https:\/\/i0.wp.com\/historiografija.hr\/wp-content\/uploads\/2017\/10\/hsozkult.png?fit=1006%2C241&ssl=1&resize=350%2C200","width":350,"height":200,"srcset":"https:\/\/i0.wp.com\/historiografija.hr\/wp-content\/uploads\/2017\/10\/hsozkult.png?fit=1006%2C241&ssl=1&resize=350%2C200 1x, https:\/\/i0.wp.com\/historiografija.hr\/wp-content\/uploads\/2017\/10\/hsozkult.png?fit=1006%2C241&ssl=1&resize=525%2C300 1.5x, https:\/\/i0.wp.com\/historiografija.hr\/wp-content\/uploads\/2017\/10\/hsozkult.png?fit=1006%2C241&ssl=1&resize=700%2C400 2x"},"classes":[]},{"id":52531,"url":"https:\/\/historiografija.hr\/?p=52531","url_meta":{"origin":5570,"position":4},"title":"Jonathan G. Leslie, \u201eFear and Insecurity: Israel and the Iran Threat Narrative\u201c","author":"Branimir Jankovi\u0107","date":"17. travnja 2026.","format":false,"excerpt":"Why is Israel\u2019s former ally Iran now perceived as the country\u2019s greatest threat? Description To observers of the Iran-Israel conflict, its vitriolic rhetoric might suggest an ancient hatred between Jews and Muslims\u2013a biblical feud dating back hundreds, or thousands, of years. But this rivalry is a far more modern development.\u2026","rel":"","context":"U &quot;Knjige&quot;","block_context":{"text":"Knjige","link":"https:\/\/historiografija.hr\/?cat=8"},"img":{"alt_text":"","src":"https:\/\/i0.wp.com\/historiografija.hr\/wp-content\/uploads\/2026\/04\/Leslie.jpg?fit=391%2C612&ssl=1&resize=350%2C200","width":350,"height":200},"classes":[]},{"id":52622,"url":"https:\/\/historiografija.hr\/?p=52622","url_meta":{"origin":5570,"position":5},"title":"Annual CAPONEU conference: Political Novel in Europe Between Democracy and Authoritarianism","author":"Branimir Jankovi\u0107","date":"23. travnja 2026.","format":false,"excerpt":"Caponeu event 22.04.2026 - 24.04.2026 Location: The Faculty of Polish and Classical Philology AMU (Fredry 10, Pozna\u0144)Organized by: Tomasz Mizerkiewicz, Krystyna Pieni\u0105\u017cek-Markovi\u0107, Anna Gawarecka, Ewa Szperlik, Magda Potok, B\u0142a\u017cej Warkocki, Gerard Ronge (all Adam Mickiewicz University in Pozna\u0144)Contact: gerron@amu.edu.pl The Adam Mickiewicz University team, as part of the international CAPONEU\u2026","rel":"","context":"U &quot;Novosti&quot;","block_context":{"text":"Novosti","link":"https:\/\/historiografija.hr\/?cat=3"},"img":{"alt_text":"","src":"https:\/\/i0.wp.com\/historiografija.hr\/wp-content\/uploads\/2026\/04\/Caponeu-political-novel.jpg?fit=500%2C261&ssl=1&resize=350%2C200","width":350,"height":200},"classes":[]}],"_links":{"self":[{"href":"https:\/\/historiografija.hr\/index.php?rest_route=\/wp\/v2\/posts\/5570","targetHints":{"allow":["GET"]}}],"collection":[{"href":"https:\/\/historiografija.hr\/index.php?rest_route=\/wp\/v2\/posts"}],"about":[{"href":"https:\/\/historiografija.hr\/index.php?rest_route=\/wp\/v2\/types\/post"}],"author":[{"embeddable":true,"href":"https:\/\/historiografija.hr\/index.php?rest_route=\/wp\/v2\/users\/2"}],"replies":[{"embeddable":true,"href":"https:\/\/historiografija.hr\/index.php?rest_route=%2Fwp%2Fv2%2Fcomments&post=5570"}],"version-history":[{"count":1,"href":"https:\/\/historiografija.hr\/index.php?rest_route=\/wp\/v2\/posts\/5570\/revisions"}],"predecessor-version":[{"id":5572,"href":"https:\/\/historiografija.hr\/index.php?rest_route=\/wp\/v2\/posts\/5570\/revisions\/5572"}],"wp:featuredmedia":[{"embeddable":true,"href":"https:\/\/historiografija.hr\/index.php?rest_route=\/wp\/v2\/media\/5571"}],"wp:attachment":[{"href":"https:\/\/historiografija.hr\/index.php?rest_route=%2Fwp%2Fv2%2Fmedia&parent=5570"}],"wp:term":[{"taxonomy":"category","embeddable":true,"href":"https:\/\/historiografija.hr\/index.php?rest_route=%2Fwp%2Fv2%2Fcategories&post=5570"},{"taxonomy":"post_tag","embeddable":true,"href":"https:\/\/historiografija.hr\/index.php?rest_route=%2Fwp%2Fv2%2Ftags&post=5570"}],"curies":[{"name":"wp","href":"https:\/\/api.w.org\/{rel}","templated":true}]}}