{"id":5550,"date":"2017-08-09T09:22:10","date_gmt":"2017-08-09T09:22:10","guid":{"rendered":"http:\/\/historiografija.hr\/?p=5550"},"modified":"2017-08-09T09:29:01","modified_gmt":"2017-08-09T09:29:01","slug":"eauh-2018-spaces-of-fear-in-the-20th-century-city-deadline-october-5th-2017","status":"publish","type":"post","link":"https:\/\/historiografija.hr\/?p=5550","title":{"rendered":"EAUH 2018 &#8211; Spaces of Fear in the 20th Century City (Deadline: October 5th, 2017)"},"content":{"rendered":"<p>&#8220;Inspired by recent theories on \u2018emotional geographies\u2019, this session aims to approach \u2018fear\u2019 as a historical phenomenon within the spatial settings of 20th century cities&#8221;.<\/p>\n<p>&nbsp;<\/p>\n<p>&nbsp;<\/p>\n<p>&#8212;<\/p>\n<p>&nbsp;<\/p>\n<p>&nbsp;<\/p>\n<p><strong>EAUH 2018 &#8211; Spaces of Fear in the 20th Century City<\/strong><\/p>\n<p>&nbsp;<\/p>\n<p>&nbsp;<\/p>\n<p>Ort: Rome<\/p>\n<p>Veranstaltungsort: Leibniz-Institut f\u00fcr Raumbezogene Sozialforschung (IRS), Erkner<\/p>\n<p>Veranstalter: Mikkel H\u00f8gh\u00f8j (Aarhus University), Monika Motylinska (Leibniz Institute for Research on Society and Space IRS, Erkner)<\/p>\n<p>Datum: 29.08.2018 &#8211; 01.09.2018<\/p>\n<p>Bewerbungsschluss: 05.10.2017<\/p>\n<p>&nbsp;<\/p>\n<p>&nbsp;<\/p>\n<p>Session M28 EAUH 2018<\/p>\n<p>Spaces of Fear in the 20th Century City<\/p>\n<p>&nbsp;<\/p>\n<p>&nbsp;<\/p>\n<p><strong>Urban Renewal and Resilience. Cities in Comparative Perspective<\/strong><br \/>\n<strong>14th International Conference on Urban History<\/strong><\/p>\n<p>&nbsp;<\/p>\n<p>&nbsp;<\/p>\n<p>Chairs: Mikkel H\u00f8gh\u00f8j (Aarhus University), Monika Motylinska (Leibniz Institute for Research on Society and Space IRS, Erkner)<\/p>\n<p>&nbsp;<\/p>\n<p>&nbsp;<\/p>\n<p>At first sight, a badly lit pedestrian underpass in a mass housing estate, a city park in the night, a slum district dominated by gangs, a horror theatre or a prison have little in common \u2013 but for being &#8216;spaces of fear&#8217;.<\/p>\n<p>Inspired by recent theories on \u2018emotional geographies\u2019, this session aims to approach \u2018fear\u2019 as a historical phenomenon within the spatial settings of 20th century cities. Though touched upon within disciplines such as sociology and human geography, this relationship remains relatively underexplored within the field of urban history.<\/p>\n<p>&nbsp;<\/p>\n<p>By addressing different aspects, roots and shades of the tension between fear and urban space, this session seeks to explore dynamics and impacts of fear in the production of 20th century urban space. In an urban context, fear has always been associated with certain types of urban areas \u2013 from slum districts in the industrial city to mass housing complexes in the periphery of the post-industrial city. Urban segregation has increased tremendously during the 20th century, materialising in suburban development as well as gated communities around the globe. Such processes have often been interconnected with issues of class, race and the fear of \u201aotherness\u2019 \u2013 and arouse in relation to different political and social crises. It is to assume that due to regional specifics, even similar urban settings might evoke very different kinds of fear \u2013 for instance, when we compare the discursive perceptions of mass housing estates in the East and West in the post-war period. Yet, the patterns of urban fear are not limited to the negative context \u2013 as many places of fascination with fear such as dungeons as tourist attractions or horror theatres have evolved across the 20th century.<\/p>\n<p>&nbsp;<\/p>\n<p>We invite papers investigating &#8216;spaces of fear&#8217; from different perspectives and through different methodological and theoretical approaches. Questions that papers might consider include:<br \/>\n&#8211; Which urban temporalities and cycles of fear can be identified in the 20th century? How are they intertwined with real and imagined danger (e.g. fear of terrorism or epidemics)?<br \/>\n&#8211; How did cities themselves trigger fear? How was this reflected in the mass media and popular culture?<br \/>\n&#8211; What gender issues occur in an urban context of fear?<br \/>\nThus, by addressing different facets of fear, this session seeks not only to uncover new political, social and cultural dimensions of the 20th century city, but also to further enhance dialogue between urban history and emotional history.<\/p>\n<p>&nbsp;<\/p>\n<p>Keywords: fear; urban segregation; slum districts; mass housing; emotional history; emotional geography<\/p>\n<p>&nbsp;<\/p>\n<p>Paper proposals can only be submitted online, via the EAUH2018 website. To submit a paper proposal, registration is required (<a href=\"https:\/\/eauh2018.ccmgs.it\/users\/\">https:\/\/eauh2018.ccmgs.it\/users\/<\/a>).<\/p>\n<p>&nbsp;<\/p>\n<p>Abstracts should not exceed 3000 characters<\/p>\n<p>Deadline for paper proposals submission: October 5th, 2017<\/p>\n<p>Notification of acceptance: December 1st, 2017<\/p>\n<p>&nbsp;<\/p>\n<p>Kontakt<\/p>\n<p>Monika Motylinska<\/p>\n<p>Flakenstra\u00dfe 29-31<br \/>\n15537 Erkner<\/p>\n<p>Monika.Motylinska@leibniz-irs.de<\/p>\n<p>&nbsp;<\/p>\n<p>http:\/\/www.hsozkult.de\/event\/id\/termine-34662<\/p>\n<p>&nbsp;<\/p>\n<p>&nbsp;<\/p>\n","protected":false},"excerpt":{"rendered":"","protected":false},"author":2,"featured_media":5556,"comment_status":"open","ping_status":"open","sticky":false,"template":"","format":"standard","meta":{"_acf_changed":false,"jetpack_post_was_ever_published":false,"_jetpack_newsletter_access":"","_jetpack_dont_email_post_to_subs":false,"_jetpack_newsletter_tier_id":0,"_jetpack_memberships_contains_paywalled_content":false,"_jetpack_memberships_contains_paid_content":false,"footnotes":"","jetpack_publicize_message":"","jetpack_publicize_feature_enabled":true,"jetpack_social_post_already_shared":true,"jetpack_social_options":{"image_generator_settings":{"template":"highway","default_image_id":0,"font":"","enabled":false},"version":2}},"categories":[3,9],"tags":[],"class_list":["post-5550","post","type-post","status-publish","format-standard","has-post-thumbnail","hentry","category-novosti","category-skupovi"],"acf":{"facebook_opis":""},"jetpack_publicize_connections":[],"jetpack_featured_media_url":"https:\/\/i0.wp.com\/historiografija.hr\/wp-content\/uploads\/2017\/08\/ext.jpg?fit=800%2C347&ssl=1","jetpack_sharing_enabled":true,"jetpack-related-posts":[{"id":52531,"url":"https:\/\/historiografija.hr\/?p=52531","url_meta":{"origin":5550,"position":0},"title":"Jonathan G. Leslie, \u201eFear and Insecurity: Israel and the Iran Threat Narrative\u201c","author":"Branimir Jankovi\u0107","date":"17. travnja 2026.","format":false,"excerpt":"Why is Israel\u2019s former ally Iran now perceived as the country\u2019s greatest threat? Description To observers of the Iran-Israel conflict, its vitriolic rhetoric might suggest an ancient hatred between Jews and Muslims\u2013a biblical feud dating back hundreds, or thousands, of years. But this rivalry is a far more modern development.\u2026","rel":"","context":"U &quot;Knjige&quot;","block_context":{"text":"Knjige","link":"https:\/\/historiografija.hr\/?cat=8"},"img":{"alt_text":"","src":"https:\/\/i0.wp.com\/historiografija.hr\/wp-content\/uploads\/2026\/04\/Leslie.jpg?fit=391%2C612&ssl=1&resize=350%2C200","width":350,"height":200},"classes":[]},{"id":52641,"url":"https:\/\/historiografija.hr\/?p=52641","url_meta":{"origin":5550,"position":1},"title":"CfP: WHO OWNS THE PAST? VERNACULAR MEMORY, STATE MEMORY, AND THE POLITICS OF OWNERSHIP","author":"Branimir Jankovi\u0107","date":"24. travnja 2026.","format":false,"excerpt":"VIENNA, 31ST AUGUST\u20133RD SEPTEMBER 2026 (DEADLINE: 24TH APRIL 2026) The Center for Austrian Studies at the European Forum at the Hebrew University and the Austrian Academy of Sciences\/Institute of Culture Studies invite early postdocs, PhD candidates, and advanced Master\u2019s students from the Hebrew University of Jerusalem and universities and academic\u2026","rel":"","context":"U &quot;Novosti&quot;","block_context":{"text":"Novosti","link":"https:\/\/historiografija.hr\/?cat=3"},"img":{"alt_text":"","src":"https:\/\/i0.wp.com\/historiografija.hr\/wp-content\/uploads\/2017\/10\/hsozkult.png?fit=1006%2C241&ssl=1&resize=350%2C200","width":350,"height":200,"srcset":"https:\/\/i0.wp.com\/historiografija.hr\/wp-content\/uploads\/2017\/10\/hsozkult.png?fit=1006%2C241&ssl=1&resize=350%2C200 1x, https:\/\/i0.wp.com\/historiografija.hr\/wp-content\/uploads\/2017\/10\/hsozkult.png?fit=1006%2C241&ssl=1&resize=525%2C300 1.5x, https:\/\/i0.wp.com\/historiografija.hr\/wp-content\/uploads\/2017\/10\/hsozkult.png?fit=1006%2C241&ssl=1&resize=700%2C400 2x"},"classes":[]},{"id":52580,"url":"https:\/\/historiografija.hr\/?p=52580","url_meta":{"origin":5550,"position":2},"title":"Conference &#8220;Living in the aftermaths: Trauma, politics and survival in Yugoslavia and successor states, 1945 \u2013 present&#8221;","author":"Branimir Jankovi\u0107","date":"21. travnja 2026.","format":false,"excerpt":"The conference aims to explore how war-related psychological distress was experienced, narrated, debated and reframed in Yugoslavia in the second half of the twentieth century. It asks how the theme of wounded psyche and wartime suffering was addressed and acknowledged in political, psychiatric and broader cultural discourses of socialist Yugoslavia,\u2026","rel":"","context":"U &quot;Novosti&quot;","block_context":{"text":"Novosti","link":"https:\/\/historiografija.hr\/?cat=3"},"img":{"alt_text":"","src":"https:\/\/i0.wp.com\/historiografija.hr\/wp-content\/uploads\/2026\/04\/Battle_of_Neretva_Picasso_poster-Conference-Living-in-the-aftermaths.webp?fit=564%2C954&ssl=1&resize=350%2C200","width":350,"height":200,"srcset":"https:\/\/i0.wp.com\/historiografija.hr\/wp-content\/uploads\/2026\/04\/Battle_of_Neretva_Picasso_poster-Conference-Living-in-the-aftermaths.webp?fit=564%2C954&ssl=1&resize=350%2C200 1x, https:\/\/i0.wp.com\/historiografija.hr\/wp-content\/uploads\/2026\/04\/Battle_of_Neretva_Picasso_poster-Conference-Living-in-the-aftermaths.webp?fit=564%2C954&ssl=1&resize=525%2C300 1.5x"},"classes":[]},{"id":52586,"url":"https:\/\/historiografija.hr\/?p=52586","url_meta":{"origin":5550,"position":3},"title":"Aur\u00e9lie Daher, \u201eHezbollah: Mobilisation and Power\u201c","author":"Branimir Jankovi\u0107","date":"22. travnja 2026.","format":false,"excerpt":"Morning Star \u2018Book of the Year\u2019 Social movement, liberation party or terrorist group? With Hezbollah\u2019s growing involvement in the war in Syria, this study of its impact on Lebanon, drawing heavily on first-hand interviews, could not be more timely. Description Almost forty years after its foundation, Hezbollah remains an enigma.\u2026","rel":"","context":"U &quot;Knjige&quot;","block_context":{"text":"Knjige","link":"https:\/\/historiografija.hr\/?cat=8"},"img":{"alt_text":"","src":"https:\/\/i0.wp.com\/historiografija.hr\/wp-content\/uploads\/2026\/04\/Daher-Hezbollah.jpg?fit=600%2C931&ssl=1&resize=350%2C200","width":350,"height":200,"srcset":"https:\/\/i0.wp.com\/historiografija.hr\/wp-content\/uploads\/2026\/04\/Daher-Hezbollah.jpg?fit=600%2C931&ssl=1&resize=350%2C200 1x, https:\/\/i0.wp.com\/historiografija.hr\/wp-content\/uploads\/2026\/04\/Daher-Hezbollah.jpg?fit=600%2C931&ssl=1&resize=525%2C300 1.5x"},"classes":[]},{"id":52516,"url":"https:\/\/historiografija.hr\/?p=52516","url_meta":{"origin":5550,"position":4},"title":"Marko Grde\u0161i\u0107, Mislav \u017ditko, \u201eSocialist Economics in Yugoslavia: A Critical History\u201c","author":"Branimir Jankovi\u0107","date":"17. travnja 2026.","format":false,"excerpt":"This book presents a critical history of Yugoslav socialist economics, from its inception in the late 1940s to its dissolution in the late 1980s. After the dramatic break with the Soviet Union in 1948, Yugoslavia found itself in urgent need of a third way: A socialist trajectory which would not\u2026","rel":"","context":"U &quot;Knjige&quot;","block_context":{"text":"Knjige","link":"https:\/\/historiografija.hr\/?cat=8"},"img":{"alt_text":"","src":"https:\/\/i0.wp.com\/historiografija.hr\/wp-content\/uploads\/2026\/04\/Zitko_Grdesic.jpg?fit=350%2C535&ssl=1&resize=350%2C200","width":350,"height":200},"classes":[]},{"id":52664,"url":"https:\/\/historiografija.hr\/?p=52664","url_meta":{"origin":5550,"position":5},"title":"CfP: CONFERENCE OF THE HISTORY OF CONCEPTS GROUP, HELSINKI, 19TH\u201321ST AUGUST 2026 (DEADLINE: 30TH APRIL 2026)","author":"Branimir Jankovi\u0107","date":"24. travnja 2026.","format":false,"excerpt":"The annual conference of the History of Concepts Group is held at the University of Helsinki, 19-21 August 2026. Conference of the History of Concepts Group Conceptual history studies the use of concepts and tries to understand how historical actors have linguistically articulated views of the world. Studying concepts from\u2026","rel":"","context":"U &quot;Novosti&quot;","block_context":{"text":"Novosti","link":"https:\/\/historiografija.hr\/?cat=3"},"img":{"alt_text":"","src":"https:\/\/i0.wp.com\/historiografija.hr\/wp-content\/uploads\/2017\/10\/hsozkult.png?fit=1006%2C241&ssl=1&resize=350%2C200","width":350,"height":200,"srcset":"https:\/\/i0.wp.com\/historiografija.hr\/wp-content\/uploads\/2017\/10\/hsozkult.png?fit=1006%2C241&ssl=1&resize=350%2C200 1x, https:\/\/i0.wp.com\/historiografija.hr\/wp-content\/uploads\/2017\/10\/hsozkult.png?fit=1006%2C241&ssl=1&resize=525%2C300 1.5x, https:\/\/i0.wp.com\/historiografija.hr\/wp-content\/uploads\/2017\/10\/hsozkult.png?fit=1006%2C241&ssl=1&resize=700%2C400 2x"},"classes":[]}],"_links":{"self":[{"href":"https:\/\/historiografija.hr\/index.php?rest_route=\/wp\/v2\/posts\/5550","targetHints":{"allow":["GET"]}}],"collection":[{"href":"https:\/\/historiografija.hr\/index.php?rest_route=\/wp\/v2\/posts"}],"about":[{"href":"https:\/\/historiografija.hr\/index.php?rest_route=\/wp\/v2\/types\/post"}],"author":[{"embeddable":true,"href":"https:\/\/historiografija.hr\/index.php?rest_route=\/wp\/v2\/users\/2"}],"replies":[{"embeddable":true,"href":"https:\/\/historiografija.hr\/index.php?rest_route=%2Fwp%2Fv2%2Fcomments&post=5550"}],"version-history":[{"count":1,"href":"https:\/\/historiografija.hr\/index.php?rest_route=\/wp\/v2\/posts\/5550\/revisions"}],"predecessor-version":[{"id":5552,"href":"https:\/\/historiografija.hr\/index.php?rest_route=\/wp\/v2\/posts\/5550\/revisions\/5552"}],"wp:featuredmedia":[{"embeddable":true,"href":"https:\/\/historiografija.hr\/index.php?rest_route=\/wp\/v2\/media\/5556"}],"wp:attachment":[{"href":"https:\/\/historiografija.hr\/index.php?rest_route=%2Fwp%2Fv2%2Fmedia&parent=5550"}],"wp:term":[{"taxonomy":"category","embeddable":true,"href":"https:\/\/historiografija.hr\/index.php?rest_route=%2Fwp%2Fv2%2Fcategories&post=5550"},{"taxonomy":"post_tag","embeddable":true,"href":"https:\/\/historiografija.hr\/index.php?rest_route=%2Fwp%2Fv2%2Ftags&post=5550"}],"curies":[{"name":"wp","href":"https:\/\/api.w.org\/{rel}","templated":true}]}}