{"id":5530,"date":"2017-08-08T11:49:13","date_gmt":"2017-08-08T11:49:13","guid":{"rendered":"http:\/\/historiografija.hr\/?p=5530"},"modified":"2017-08-08T11:58:26","modified_gmt":"2017-08-08T11:58:26","slug":"o-filmu-dunkirk","status":"publish","type":"post","link":"https:\/\/historiografija.hr\/?p=5530","title":{"rendered":"O filmu &#8220;Dunkirk&#8221;"},"content":{"rendered":"<p>U kinima igra film &#8220;Dunkirk&#8221; koji tematizira savezni\u010dko povla\u010denje iz Francuske 1940.godine &#8211;\u00a0u\u00a0nastavku upu\u0107ujemo na informacije o filmu i istoimenoj prevedenoj knjizi te dijelu doma\u0107ih i stranih kritika i komentara filma.<\/p>\n<p>&nbsp;<\/p>\n<p>&nbsp;<\/p>\n<p>&#8212;-<\/p>\n<p>&nbsp;<\/p>\n<p>&nbsp;<\/p>\n<p><strong>FILM<\/strong><\/p>\n<p>&nbsp;<\/p>\n<p>&nbsp;<\/p>\n<p><em><strong>Dunkirk<\/strong> <\/em><\/p>\n<p>Redatelj: Christopher Nolan<br \/>\nUloge: Tom Hardy, Mark Rylance, Cillian Murphy, Harry Styles<br \/>\nTrajanje filma: 106 minuta<br \/>\nGodina: 2017<br \/>\nDr\u017eava: SAD, Velika Britanija<\/p>\n<p>&nbsp;<\/p>\n<p>Sadr\u017eaj filma:<\/p>\n<p>Film vjerno prikazuje doga\u0111aje tijekom nevjerojatne bitke kod Dunkirka te evakuacije savezni\u010dkih vojnika iz Belgije, Britanije i Francuske koji su bili odsje\u010deni i opkoljeni njema\u010dkom vojskom u Francuskoj od 27. svibnja do 4. lipnja 1940. godine. Evakuacijom je tada spa\u0161eno preko 300.000 vojnika.<\/p>\n<p>&nbsp;<\/p>\n<p>Izvor: <a href=\"http:\/\/www.blitz-cinestar.hr\/cinestar\/dunkirk\/4601\/20170808\">http:\/\/www.blitz-cinestar.hr\/cinestar\/dunkirk\/4601\/20170808<\/a><\/p>\n<p>&nbsp;<\/p>\n<p>&nbsp;<\/p>\n<p>&#8212;<\/p>\n<p>&nbsp;<\/p>\n<p>&nbsp;<\/p>\n<p><strong>KNJIGA<\/strong><\/p>\n<p>&nbsp;<\/p>\n<p>&nbsp;<\/p>\n<p>Simon E. Phillips<\/p>\n<p>&nbsp;<\/p>\n<p><em><strong>Dunkirk<\/strong><\/em><\/p>\n<p>&nbsp;<\/p>\n<p>Zagreba\u010dka naklada, 2017.<\/p>\n<p>&nbsp;<\/p>\n<p>Preveo: Kre\u0161imir Maligec<\/p>\n<p>&nbsp;<\/p>\n<p>U svibnju 1940. godine Britanski ekspedicijski korpus poslan je da pomogne Belgijancima i Francuzima kako bi se sprije\u010dilo munjevito napredovanje njema\u010dkih snaga. Usprkos iskazanoj hrabrosti u izravnim sukobima, slabo opremljene, nedovoljno obu\u010dene i lo\u0161e vo\u0111ene, savezni\u010dke trupe nisu imale puno uspjeha protiv nadmo\u0107nih njema\u010dkih oklopnih jedinica. Uskoro su bili opkoljeni i prisiljeni povu\u0107i se do same obale mora oko francuske luke Dunkirk. Winston Churchill, tada\u0161nji britanski premijer, izrazio je bojazan da bi stotine tisu\u0107a britanskih i savezni\u010dkih vojnika moglo biti ubijeno ili zarobljeno, pa je donesena odluka o spa\u0161avanju potisnutih jedinica.<\/p>\n<p>Operacija kodnog imena &#8220;Dinamo&#8221; trajala je devet paklenih dana i uz velike \u017ertve uspjela zahvaljuju\u0107i ne samo britanskoj ratnoj mornarici ve\u0107 i spontanom okupljanju stotina malih trgova\u010dkih i ribarskih brodica. U bitci koja se vodila na kopnu, moru i zraku spa\u0161eno je gotovo tristo \u010detrdeset tisu\u0107a britanskih i francuskih vojnika i tako je ovaj poraz pretvoren u prvu veliku savezni\u010dku pobjedu.<\/p>\n<p>&nbsp;<\/p>\n<p>Meki uvez potra\u017eite na kioscima po cijeni od 49,00 kn.<\/p>\n<p>&nbsp;<\/p>\n<p>Izvor: <a href=\"http:\/\/wp.zg-naklada.hr\/proizvod\/dunkirk\/\">http:\/\/wp.zg-naklada.hr\/proizvod\/dunkirk\/<\/a><\/p>\n<p>&nbsp;<\/p>\n<p>&nbsp;<\/p>\n<p>&#8212;<\/p>\n<p>&nbsp;<\/p>\n<p>&nbsp;<\/p>\n<p><strong>IZ DOMA\u0106IH I STRANIH MEDIJA O FILMU<\/strong><\/p>\n<p>&nbsp;<\/p>\n<p>&nbsp;<\/p>\n<p>Nenad Polimac<br \/>\n<a href=\"http:\/\/www.jutarnji.hr\/kultura\/film-i-tv\/dunkirk-christopher-nolan-odlucio-je-napraviti-pravi-britanski-film-s-pravim-holivudskim-budzetom\/6363984\/\">http:\/\/www.jutarnji.hr\/kultura\/film-i-tv\/dunkirk-christopher-nolan-odlucio-je-napraviti-pravi-britanski-film-s-pravim-holivudskim-budzetom\/6363984\/<\/a><\/p>\n<p>&nbsp;<\/p>\n<p>&nbsp;<\/p>\n<p>Snje\u017eana Pavi\u0107<br \/>\n<a href=\"http:\/\/www.jutarnji.hr\/vijesti\/svijet\/nolanov-filmski-hit-posvadao-saveznike-iz-2-svjetskog-rata-velicate-britance-a-za-nasih-40000-poginulih-heroja-dali-ste-tek-20-sekundi\/6396716\/\">http:\/\/www.jutarnji.hr\/vijesti\/svijet\/nolanov-filmski-hit-posvadao-saveznike-iz-2-svjetskog-rata-velicate-britance-a-za-nasih-40000-poginulih-heroja-dali-ste-tek-20-sekundi\/6396716\/<\/a><\/p>\n<p>&nbsp;<\/p>\n<p>&nbsp;<\/p>\n<p>Nenad Polimac<br \/>\n<a href=\"http:\/\/www.jutarnji.hr\/kultura\/film-i-tv\/nas-kriticar-pogledao-je-film-o-kojem-svi-pricaju-dunkirk-je-fascinantna-evokacija-ratne-operacije-iz-1940-ali-ima-dva-ozbiljna-problema\/6406757\/\">http:\/\/www.jutarnji.hr\/kultura\/film-i-tv\/nas-kriticar-pogledao-je-film-o-kojem-svi-pricaju-dunkirk-je-fascinantna-evokacija-ratne-operacije-iz-1940-ali-ima-dva-ozbiljna-problema\/6406757\/<\/a><\/p>\n<p>&nbsp;<\/p>\n<p>&nbsp;<\/p>\n<p>Marko Njegi\u0107<br \/>\n<a href=\"http:\/\/www.slobodnadalmacija.hr\/misljenja\/cinemark\/clanak\/id\/499031\/dunkirk-ratna-igra-zivaca-i-hitaca\">http:\/\/www.slobodnadalmacija.hr\/misljenja\/cinemark\/clanak\/id\/499031\/dunkirk-ratna-igra-zivaca-i-hitaca<\/a><\/p>\n<p>&nbsp;<\/p>\n<p>&nbsp;<\/p>\n<p>Damir Radi\u0107<br \/>\n<a href=\"http:\/\/www.portalnovosti.com\/filmska-kritika-engleskim-kanalom-do-spasa\">http:\/\/www.portalnovosti.com\/filmska-kritika-engleskim-kanalom-do-spasa<\/a><\/p>\n<p>&nbsp;<\/p>\n<p>&nbsp;<\/p>\n<p>Zoran Vitas<br \/>\n<a href=\"https:\/\/www.vecernji.hr\/kultura\/dunkerque-drugi-svjetski-rat-1185024\">https:\/\/www.vecernji.hr\/kultura\/dunkerque-drugi-svjetski-rat-1185024<\/a><\/p>\n<p>&nbsp;<\/p>\n<p>&nbsp;<\/p>\n<p>Vanja \u017de\u017eeli\u0107<br \/>\n<a href=\"http:\/\/www.telegram.hr\/kultura\/dunkirk-je-totalni-hit-u-kinima-istrazio-sam-koliko-je-zapravo-povijesno-tocan\/\">http:\/\/www.telegram.hr\/kultura\/dunkirk-je-totalni-hit-u-kinima-istrazio-sam-koliko-je-zapravo-povijesno-tocan\/<\/a><\/p>\n<blockquote data-secret=\"gBrOuwkhZh\" class=\"wp-embedded-content\"><p><a href=\"http:\/\/www.telegram.hr\/kultura\/u-kinima-igra-dunkirk-podsjetio-nas-je-na-jos-neke-uvjerljive-ratne-filmove-snimljene-prema-istinitim-dogadajima\/\">U kinima igra Dunkirk, podsjetio nas je na jo\u0161 neke uvjerljive ratne filmove snimljene prema istinitom doga\u0111aju<\/a><\/p><\/blockquote>\n<p><iframe loading=\"lazy\" class=\"wp-embedded-content\" sandbox=\"allow-scripts\" security=\"restricted\" style=\"position: absolute; clip: rect(1px, 1px, 1px, 1px);\" src=\"http:\/\/www.telegram.hr\/kultura\/u-kinima-igra-dunkirk-podsjetio-nas-je-na-jos-neke-uvjerljive-ratne-filmove-snimljene-prema-istinitim-dogadajima\/embed\/#?secret=gBrOuwkhZh\" data-secret=\"gBrOuwkhZh\" width=\"600\" height=\"338\" title=\"&#8220;U kinima igra Dunkirk, podsjetio nas je na jo\u0161 neke uvjerljive ratne filmove snimljene prema istinitom doga\u0111aju&#8221; &#8212; Telegram.hr\" frameborder=\"0\" marginwidth=\"0\" marginheight=\"0\" scrolling=\"no\"><\/iframe><\/p>\n<p>&nbsp;<\/p>\n<p>&nbsp;<\/p>\n<p>Jerko Mihaljevi\u0107<br \/>\n<a href=\"http:\/\/www.telegram.hr\/kultura\/nolanov-dunkirk-ocito-ce-biti-najveci-film-ovog-ljeta-izvukli-smo-par-stvari-koje-je-dobro-znati\/\">http:\/\/www.telegram.hr\/kultura\/nolanov-dunkirk-ocito-ce-biti-najveci-film-ovog-ljeta-izvukli-smo-par-stvari-koje-je-dobro-znati\/<\/a><\/p>\n<p>&nbsp;<\/p>\n<p>&nbsp;<\/p>\n<p>Tihomir Polan\u010dec<br \/>\n<a href=\"https:\/\/www.24sata.hr\/blogbuster\/dunkirk-filmsko-remek-djelo-koje-ne-smijete-propustiti-533208\">https:\/\/www.24sata.hr\/blogbuster\/dunkirk-filmsko-remek-djelo-koje-ne-smijete-propustiti-533208<\/a><\/p>\n<p>&nbsp;<\/p>\n<p>&#8211;<\/p>\n<p>&nbsp;<\/p>\n<p>THE GUARDIAN<br \/>\n<a href=\"https:\/\/www.theguardian.com\/film\/dunkirk\">https:\/\/www.theguardian.com\/film\/dunkirk<\/a><\/p>\n<p>&nbsp;<\/p>\n<p>&nbsp;<\/p>\n<p>BBC<br \/>\n<a href=\"http:\/\/www.bbc.com\/news\/world-europe-40803431\">http:\/\/www.bbc.com\/news\/world-europe-40803431<\/a><\/p>\n<p>&nbsp;<\/p>\n<p>&nbsp;<\/p>\n<p>LE MONDE<br \/>\n<a href=\"http:\/\/www.lemonde.fr\/idees\/article\/2017\/07\/24\/dunkerque-ou-l-esprit-du-brexit_5164090_3232.html\">http:\/\/www.lemonde.fr\/idees\/article\/2017\/07\/24\/dunkerque-ou-l-esprit-du-brexit_5164090_3232.html<\/a><\/p>\n<p>&nbsp;<\/p>\n<p><a href=\"http:\/\/www.lemonde.fr\/cinema\/article\/2017\/07\/19\/dunkerque-un-deluge-de-bombes-hors-sol_5162278_3476.html\">http:\/\/www.lemonde.fr\/cinema\/article\/2017\/07\/19\/dunkerque-un-deluge-de-bombes-hors-sol_5162278_3476.html<\/a><\/p>\n<p>&nbsp;<\/p>\n<p>&nbsp;<\/p>\n<p>&nbsp;<\/p>\n<p>&nbsp;<\/p>\n<p>&nbsp;<\/p>\n","protected":false},"excerpt":{"rendered":"","protected":false},"author":2,"featured_media":5533,"comment_status":"open","ping_status":"open","sticky":false,"template":"","format":"standard","meta":{"_acf_changed":false,"jetpack_post_was_ever_published":false,"_jetpack_newsletter_access":"","_jetpack_dont_email_post_to_subs":false,"_jetpack_newsletter_tier_id":0,"_jetpack_memberships_contains_paywalled_content":false,"_jetpack_memberships_contains_paid_content":false,"footnotes":"","jetpack_publicize_message":"","jetpack_publicize_feature_enabled":true,"jetpack_social_post_already_shared":true,"jetpack_social_options":{"image_generator_settings":{"template":"highway","default_image_id":0,"font":"","enabled":false},"version":2}},"categories":[13,3],"tags":[],"class_list":["post-5530","post","type-post","status-publish","format-standard","has-post-thumbnail","hentry","category-filmovi-i-serije","category-novosti"],"acf":{"facebook_opis":""},"jetpack_publicize_connections":[],"jetpack_featured_media_url":"https:\/\/i0.wp.com\/historiografija.hr\/wp-content\/uploads\/2017\/08\/Dunkirk-1.jpg?fit=500%2C496&ssl=1","jetpack_sharing_enabled":true,"jetpack-related-posts":[{"id":52547,"url":"https:\/\/historiografija.hr\/?p=52547","url_meta":{"origin":5530,"position":0},"title":"ISHA Zagreb \u2013 Filmska ve\u010der: Povratak Martina Guerrea","author":"Branimir Jankovi\u0107","date":"20. travnja 2026.","format":false,"excerpt":"Klub studenata povijesti \u2013 ISHA Zagreb poziva Vas na filmsku ve\u010der na kojoj \u0107e se prikazivati \u201ePovratak Martina Guerrea\u201c, povijesna drama iz 1982. godine s radnjom smje\u0161tenom u 16. stolje\u0107u. Radnja je utemeljena na stvarnoj povijesnoj li\u010dnosti Martina Guerrea koji se nakon mnogo godina izbivanja vra\u0107a u svoje rodno mjesto\u2026","rel":"","context":"U &quot;Filmovi i serije&quot;","block_context":{"text":"Filmovi i serije","link":"https:\/\/historiografija.hr\/?cat=13"},"img":{"alt_text":"","src":"https:\/\/i0.wp.com\/historiografija.hr\/wp-content\/uploads\/2026\/04\/M-Guerre.png?fit=702%2C1006&ssl=1&resize=350%2C200","width":350,"height":200,"srcset":"https:\/\/i0.wp.com\/historiografija.hr\/wp-content\/uploads\/2026\/04\/M-Guerre.png?fit=702%2C1006&ssl=1&resize=350%2C200 1x, https:\/\/i0.wp.com\/historiografija.hr\/wp-content\/uploads\/2026\/04\/M-Guerre.png?fit=702%2C1006&ssl=1&resize=525%2C300 1.5x, https:\/\/i0.wp.com\/historiografija.hr\/wp-content\/uploads\/2026\/04\/M-Guerre.png?fit=702%2C1006&ssl=1&resize=700%2C400 2x"},"classes":[]},{"id":52536,"url":"https:\/\/historiografija.hr\/?p=52536","url_meta":{"origin":5530,"position":1},"title":"Kader Abdolah, \u201ePrije nego \u0161to bude kasno\u201c","author":"Branimir Jankovi\u0107","date":"20. travnja 2026.","format":false,"excerpt":"Kader Abdolah \u017eeli se vratiti ku\u0107i. Ali povratak je nemogu\u0107: u Iranu bi bio uhap\u0161en. Pod la\u017enim imenom i s krivotvorenim paso\u0161em ipak uspijeva u\u0107i u domovinu i sti\u017ee do roditeljske ku\u0107e, visoko u planinama. Majka ga ne prepoznaje, otac je mrtav, a sve \u0161to je tra\u017eio izmi\u010de mu pred\u2026","rel":"","context":"U &quot;Novosti&quot;","block_context":{"text":"Novosti","link":"https:\/\/historiografija.hr\/?cat=3"},"img":{"alt_text":"","src":"https:\/\/i0.wp.com\/historiografija.hr\/wp-content\/uploads\/2026\/04\/Prije-nego-sto-bude-kasno.webp?fit=566%2C872&ssl=1&resize=350%2C200","width":350,"height":200,"srcset":"https:\/\/i0.wp.com\/historiografija.hr\/wp-content\/uploads\/2026\/04\/Prije-nego-sto-bude-kasno.webp?fit=566%2C872&ssl=1&resize=350%2C200 1x, https:\/\/i0.wp.com\/historiografija.hr\/wp-content\/uploads\/2026\/04\/Prije-nego-sto-bude-kasno.webp?fit=566%2C872&ssl=1&resize=525%2C300 1.5x"},"classes":[]},{"id":52628,"url":"https:\/\/historiografija.hr\/?p=52628","url_meta":{"origin":5530,"position":2},"title":"Predavanje dopisnog \u010dlana HAZU Alaina Finkielkrauta Izrael, Europa, antisemitizam","author":"Branimir Jankovi\u0107","date":"23. travnja 2026.","format":false,"excerpt":"Francuski filozof Alain Finkielkraut, redoviti \u010dlan Francuske akademije i dopisni \u010dlan HAZU, odr\u017eat \u0107e predavanje\u00a0Izrael, Europa, antisemitizam u utorak 28. travnja 2026. u 13 sati u Knji\u017enici HAZU,\u00a0Strossmayerov trg 14 u Zagrebu. Uvodne rije\u010di odr\u017eat \u0107e\u00a0akademkinja \u017deljka \u010corak i\u00a0akademik Dra\u017een Katunari\u0107. Predavanje \u0107e se odr\u017eati na francuskom jeziku uz konsekutivno\u2026","rel":"","context":"U &quot;Novosti&quot;","block_context":{"text":"Novosti","link":"https:\/\/historiografija.hr\/?cat=3"},"img":{"alt_text":"","src":"https:\/\/i0.wp.com\/historiografija.hr\/wp-content\/uploads\/2026\/04\/Alain_Finkielkraut.jpg?fit=350%2C407&ssl=1&resize=350%2C200","width":350,"height":200},"classes":[]},{"id":52505,"url":"https:\/\/historiografija.hr\/?p=52505","url_meta":{"origin":5530,"position":3},"title":"Izlo\u017eba &#8220;Eschenstock \/ Jasenov prut&#8221;","author":"Branimir Jankovi\u0107","date":"17. travnja 2026.","format":false,"excerpt":"Srpsko narodno vije\u0107e (SNV) i Vizura aperta postavljaju izlo\u017ebu \u0161vicarskog slikara Velimira Ili\u0161evi\u0107a: Eschenstock \/ Jasenov prut. Izlo\u017eba se uz prisustvo autora otvara povodom 81. godi\u0161njice proboja logora\u0161a iz usta\u0161kog logora smrti Jasenovac 22. aprila 2026. u 19 sati u Srpskom kulturnom centru (SKC) u Preradovi\u0107evoj ulici 21 u Zagrebu.\u2026","rel":"","context":"U &quot;Izlo\u017ebe&quot;","block_context":{"text":"Izlo\u017ebe","link":"https:\/\/historiografija.hr\/?cat=10"},"img":{"alt_text":"","src":"https:\/\/i0.wp.com\/historiografija.hr\/wp-content\/uploads\/2026\/04\/Jasenov_prut.jpg?fit=1024%2C640&ssl=1&resize=350%2C200","width":350,"height":200,"srcset":"https:\/\/i0.wp.com\/historiografija.hr\/wp-content\/uploads\/2026\/04\/Jasenov_prut.jpg?fit=1024%2C640&ssl=1&resize=350%2C200 1x, https:\/\/i0.wp.com\/historiografija.hr\/wp-content\/uploads\/2026\/04\/Jasenov_prut.jpg?fit=1024%2C640&ssl=1&resize=525%2C300 1.5x, https:\/\/i0.wp.com\/historiografija.hr\/wp-content\/uploads\/2026\/04\/Jasenov_prut.jpg?fit=1024%2C640&ssl=1&resize=700%2C400 2x"},"classes":[]},{"id":52592,"url":"https:\/\/historiografija.hr\/?p=52592","url_meta":{"origin":5530,"position":4},"title":"Predstavljanje knjige &#8220;Turska ku\u0107a u Rijeci&#8221; u Zagrebu","author":"Branimir Jankovi\u0107","date":"22. travnja 2026.","format":false,"excerpt":"U prostorijama Turskog kulturnog centra Yunus Emre u Zagrebu, u utorak 21. travnja 2026. godine, odr\u017eano je sve\u010dano predstavljanje dopunjenog izdanja knjige Turska ku\u0107a u Rijeci, u organizaciji Hrvatsko-turskog dru\u0161tva Rijeka i partnerstvu sa Skupinom prijateljstva Hrvatska-Turska Hrvatskog sabora, Veleposlanstvom Republike Turske u Republici Hrvatskoj te Turskim kulturnim centrom Yunus\u2026","rel":"","context":"U &quot;Novosti&quot;","block_context":{"text":"Novosti","link":"https:\/\/historiografija.hr\/?cat=3"},"img":{"alt_text":"","src":"https:\/\/i0.wp.com\/historiografija.hr\/wp-content\/uploads\/2026\/04\/Turska-kuca-ZG.jpg?fit=1200%2C800&ssl=1&resize=350%2C200","width":350,"height":200,"srcset":"https:\/\/i0.wp.com\/historiografija.hr\/wp-content\/uploads\/2026\/04\/Turska-kuca-ZG.jpg?fit=1200%2C800&ssl=1&resize=350%2C200 1x, https:\/\/i0.wp.com\/historiografija.hr\/wp-content\/uploads\/2026\/04\/Turska-kuca-ZG.jpg?fit=1200%2C800&ssl=1&resize=525%2C300 1.5x, https:\/\/i0.wp.com\/historiografija.hr\/wp-content\/uploads\/2026\/04\/Turska-kuca-ZG.jpg?fit=1200%2C800&ssl=1&resize=700%2C400 2x, https:\/\/i0.wp.com\/historiografija.hr\/wp-content\/uploads\/2026\/04\/Turska-kuca-ZG.jpg?fit=1200%2C800&ssl=1&resize=1050%2C600 3x"},"classes":[]},{"id":52508,"url":"https:\/\/historiografija.hr\/?p=52508","url_meta":{"origin":5530,"position":5},"title":"Glazbena radionica \u201eDUGMETARA REVISITED\u201c","author":"Branimir Jankovi\u0107","date":"17. travnja 2026.","format":false,"excerpt":"DUGMETARA REVISITED glazbena radionica vodi: Ana Horvat 13., 20. i 27. travnja, od 18 do 20 sati Radiona, Nova cesta 186 Na tri radioni\u010dka susreta uranjamo u naslje\u0111e Dugmetare, biv\u0161e tvornice dugmadi na Savskoj cesti koja je po\u010detkom 2000-ih igrom slu\u010daja postala \u017eivo, jedinstveno mjesto glazbene proizvodnje. Svoje su probe\u2026","rel":"","context":"U &quot;Novosti&quot;","block_context":{"text":"Novosti","link":"https:\/\/historiografija.hr\/?cat=3"},"img":{"alt_text":"","src":"https:\/\/i0.wp.com\/historiografija.hr\/wp-content\/uploads\/2026\/04\/TRESNJA_TRESTI.jpg?fit=380%2C475&ssl=1&resize=350%2C200","width":350,"height":200},"classes":[]}],"_links":{"self":[{"href":"https:\/\/historiografija.hr\/index.php?rest_route=\/wp\/v2\/posts\/5530","targetHints":{"allow":["GET"]}}],"collection":[{"href":"https:\/\/historiografija.hr\/index.php?rest_route=\/wp\/v2\/posts"}],"about":[{"href":"https:\/\/historiografija.hr\/index.php?rest_route=\/wp\/v2\/types\/post"}],"author":[{"embeddable":true,"href":"https:\/\/historiografija.hr\/index.php?rest_route=\/wp\/v2\/users\/2"}],"replies":[{"embeddable":true,"href":"https:\/\/historiografija.hr\/index.php?rest_route=%2Fwp%2Fv2%2Fcomments&post=5530"}],"version-history":[{"count":6,"href":"https:\/\/historiografija.hr\/index.php?rest_route=\/wp\/v2\/posts\/5530\/revisions"}],"predecessor-version":[{"id":5538,"href":"https:\/\/historiografija.hr\/index.php?rest_route=\/wp\/v2\/posts\/5530\/revisions\/5538"}],"wp:featuredmedia":[{"embeddable":true,"href":"https:\/\/historiografija.hr\/index.php?rest_route=\/wp\/v2\/media\/5533"}],"wp:attachment":[{"href":"https:\/\/historiografija.hr\/index.php?rest_route=%2Fwp%2Fv2%2Fmedia&parent=5530"}],"wp:term":[{"taxonomy":"category","embeddable":true,"href":"https:\/\/historiografija.hr\/index.php?rest_route=%2Fwp%2Fv2%2Fcategories&post=5530"},{"taxonomy":"post_tag","embeddable":true,"href":"https:\/\/historiografija.hr\/index.php?rest_route=%2Fwp%2Fv2%2Ftags&post=5530"}],"curies":[{"name":"wp","href":"https:\/\/api.w.org\/{rel}","templated":true}]}}