{"id":55214,"date":"2026-09-04T12:19:00","date_gmt":"2026-09-04T10:19:00","guid":{"rendered":"https:\/\/historiografija.hr\/?p=55214"},"modified":"2026-09-03T19:10:18","modified_gmt":"2026-09-03T17:10:18","slug":"komentari-slucaja-kaznjavanja-etnomuzikologinje-i-pjevacice-svetlane-spajic-zbog-videa-izvodenja-tradicijske-pjesme-oj-krajino-moja-mila-mati","status":"publish","type":"post","link":"https:\/\/historiografija.hr\/?p=55214","title":{"rendered":"Komentari slu\u010daja ka\u017enjavanja etnomuzikologinje i pjeva\u010dice Svetlane Spaji\u0107 zbog videa izvo\u0111enja tradicijske pjesme &#8220;Oj Krajino, moja mila mati&#8221;"},"content":{"rendered":"\n<p>Slu\u010daj ka\u017enjavanja etnomuzikologinje i pjeva\u010dice Svetlane Spaji\u0107 u Zadru zbog videa izvo\u0111enja tradicijske pjesme &#8220;Oj Krajino, moja mila mati&#8221; prethodno objavljenog na dru\u0161tvenim mre\u017eama izazvao je brojne kriti\u010dke i polemi\u010dke komentare, me\u0111u njima i povjesni\u010dara i drugih autora.<\/p>\n\n\n\n<hr class=\"wp-block-separator has-alpha-channel-opacity\"\/>\n\n\n\n<p>Iz medija:<\/p>\n\n\n\n<p><a href=\"https:\/\/www.index.hr\/vijesti\/clanak\/pjevacicu-kaznili-zbog-rijeci-krajina-povjesnicar-ta-rijec-je-na-bascanskoj-ploci\/2825843.aspx\">https:\/\/www.index.hr\/vijesti\/clanak\/pjevacicu-kaznili-zbog-rijeci-krajina-povjesnicar-ta-rijec-je-na-bascanskoj-ploci\/2825843.aspx<\/a><\/p>\n\n\n\n<p><a href=\"https:\/\/ideje.hr\/presuda-svetlani-spajic-kako-smo-prognali-vlastitu-rijec-krajina\">https:\/\/ideje.hr\/presuda-svetlani-spajic-kako-smo-prognali-vlastitu-rijec-krajina<\/a><\/p>\n\n\n\n<figure class=\"wp-block-embed is-type-wp-embed is-provider-misao-hr wp-block-embed-misao-hr\"><div class=\"wp-block-embed__wrapper\">\n<blockquote class=\"wp-embedded-content\" data-secret=\"heuCtAwXMd\"><a href=\"https:\/\/misao.hr\/zabranimo-pjesmu-i-sve-smo-probleme-u-drustvu-rijesili-slucaj-svetlane-spajic\/\">Zabranimo pjesmu i sve smo probleme u dru\u0161tvu rije\u0161ili: slu\u010daj Svetlane Spaji\u0107<\/a><\/blockquote><iframe loading=\"lazy\" class=\"wp-embedded-content\" sandbox=\"allow-scripts\" security=\"restricted\" style=\"position: absolute; visibility: hidden;\" title=\"&#8220;Zabranimo pjesmu i sve smo probleme u dru\u0161tvu rije\u0161ili: slu\u010daj Svetlane Spaji\u0107&#8221; &#8212; Misao.hr\" src=\"https:\/\/misao.hr\/zabranimo-pjesmu-i-sve-smo-probleme-u-drustvu-rijesili-slucaj-svetlane-spajic\/embed\/#?secret=7vRqKYwXnf#?secret=heuCtAwXMd\" data-secret=\"heuCtAwXMd\" width=\"600\" height=\"338\" frameborder=\"0\" marginwidth=\"0\" marginheight=\"0\" scrolling=\"no\"><\/iframe>\n<\/div><\/figure>\n\n\n\n<figure class=\"wp-block-embed is-type-wp-embed is-provider-ravnododna wp-block-embed-ravnododna\"><div class=\"wp-block-embed__wrapper\">\n<blockquote class=\"wp-embedded-content\" data-secret=\"ysLNi9eAcd\"><a href=\"https:\/\/ravnododna.com\/sudenje-svetlani-spajic-sram-nas-bilo\/\">Su\u0111enje Svetlani Spaji\u0107 \u2013 sram nas bilo!<\/a><\/blockquote><iframe loading=\"lazy\" class=\"wp-embedded-content\" sandbox=\"allow-scripts\" security=\"restricted\" style=\"position: absolute; visibility: hidden;\" title=\"&#8220;Su\u0111enje Svetlani Spaji\u0107 \u2013 sram nas bilo!&#8221; &#8212; ravnododna\" src=\"https:\/\/ravnododna.com\/sudenje-svetlani-spajic-sram-nas-bilo\/embed\/#?secret=RM5NZueCr1#?secret=ysLNi9eAcd\" data-secret=\"ysLNi9eAcd\" width=\"600\" height=\"338\" frameborder=\"0\" marginwidth=\"0\" marginheight=\"0\" scrolling=\"no\"><\/iframe>\n<\/div><\/figure>\n\n\n\n<p><a href=\"https:\/\/www.portalnovosti.com\/krajina-para-sudske-usi\">https:\/\/www.portalnovosti.com\/krajina-para-sudske-usi<\/a><\/p>\n\n\n\n<p><a href=\"https:\/\/www.portalnovosti.com\/oj-krajino-jebem-li-ti-mati\">https:\/\/www.portalnovosti.com\/oj-krajino-jebem-li-ti-mati<\/a><\/p>\n\n\n\n<p><a href=\"https:\/\/www.popodnevnik.hr\/blog\/vlahovic-ideja-velike-srbije-stara-je-barem-200-godina-to-je-kontekst-pjesme-oj-krajino\/581\">https:\/\/www.popodnevnik.hr\/blog\/vlahovic-ideja-velike-srbije-stara-je-barem-200-godina-to-je-kontekst-pjesme-oj-krajino\/581<\/a><\/p>\n\n\n\n<figure class=\"wp-block-embed is-type-wp-embed is-provider-p-portal wp-block-embed-p-portal\"><div class=\"wp-block-embed__wrapper\">\n<blockquote class=\"wp-embedded-content\" data-secret=\"9KuLnFOSsI\"><a href=\"https:\/\/p-portal.net\/svetlana\">Svetlana<\/a><\/blockquote><iframe loading=\"lazy\" class=\"wp-embedded-content\" sandbox=\"allow-scripts\" security=\"restricted\" style=\"position: absolute; visibility: hidden;\" title=\"&#8220;Svetlana&#8221; &#8212; P-portal\" src=\"https:\/\/p-portal.net\/svetlana\/embed#?secret=upwD4hhDGI#?secret=9KuLnFOSsI\" data-secret=\"9KuLnFOSsI\" width=\"600\" height=\"338\" frameborder=\"0\" marginwidth=\"0\" marginheight=\"0\" scrolling=\"no\"><\/iframe>\n<\/div><\/figure>\n\n\n\n<figure class=\"wp-block-embed is-type-wp-embed is-provider-srbi-hr wp-block-embed-srbi-hr\"><div class=\"wp-block-embed__wrapper\">\n<blockquote class=\"wp-embedded-content\" data-secret=\"KV3mBgjPLY\"><a href=\"https:\/\/srbi.hr\/svetlana-spajic-kada-tradicionalna-pesma-postane-prekrsaj\/\">Svetlana Spaji\u0107: kada tradicionalna pesma postane prekr\u0161aj<\/a><\/blockquote><iframe loading=\"lazy\" class=\"wp-embedded-content\" sandbox=\"allow-scripts\" security=\"restricted\" style=\"position: absolute; visibility: hidden;\" title=\"&#8220;Svetlana Spaji\u0107: kada tradicionalna pesma postane prekr\u0161aj&#8221; &#8212; srbi.hr\" src=\"https:\/\/srbi.hr\/svetlana-spajic-kada-tradicionalna-pesma-postane-prekrsaj\/embed\/#?secret=lX6SI2Vk70#?secret=KV3mBgjPLY\" data-secret=\"KV3mBgjPLY\" width=\"600\" height=\"338\" frameborder=\"0\" marginwidth=\"0\" marginheight=\"0\" scrolling=\"no\"><\/iframe>\n<\/div><\/figure>\n\n\n\n<hr class=\"wp-block-separator has-alpha-channel-opacity\"\/>\n","protected":false},"excerpt":{"rendered":"","protected":false},"author":2,"featured_media":55215,"comment_status":"open","ping_status":"open","sticky":false,"template":"","format":"standard","meta":{"_acf_changed":false,"_jetpack_newsletter_access":"","_jetpack_dont_email_post_to_subs":false,"_jetpack_newsletter_tier_id":0,"_jetpack_memberships_contains_paywalled_content":false,"_jetpack_memberships_contains_paid_content":false,"footnotes":"","jetpack_publicize_message":"","jetpack_publicize_feature_enabled":true,"jetpack_social_post_already_shared":true,"jetpack_social_options":{"image_generator_settings":{"template":"highway","default_image_id":0,"font":"","enabled":false},"version":2},"jetpack_post_was_ever_published":false},"categories":[3,17],"tags":[],"class_list":["post-55214","post","type-post","status-publish","format-standard","has-post-thumbnail","hentry","category-novosti","category-rasprave"],"acf":{"facebook_opis":"Slu\u010daj ka\u017enjavanja etnomuzikologinje i pjeva\u010dice Svetlane Spaji\u0107 u Zadru zbog videa izvo\u0111enja tradicijske pjesme \"Oj Krajino, moja mila mati\" prethodno objavljenog na dru\u0161tvenim mre\u017eama izazvao je brojne kriti\u010dke i polemi\u010dke komentare, me\u0111u njima i povjesni\u010dara i drugih autora."},"jetpack_publicize_connections":[],"jetpack_featured_media_url":"https:\/\/i0.wp.com\/historiografija.hr\/wp-content\/uploads\/2026\/09\/Pjevacica.png?fit=765%2C585&ssl=1","jetpack_sharing_enabled":true,"jetpack-related-posts":[{"id":54402,"url":"https:\/\/historiografija.hr\/?p=54402","url_meta":{"origin":55214,"position":0},"title":"JUSP Jasenovac: Najava infrastrukturnih zahvata na Spomen-podru\u010dju Jasenovac","author":"Branimir Jankovi\u0107","date":"1. srpnja 2026.","format":false,"excerpt":"Po\u010dinje najve\u0107a obnova Spomen-podru\u010dja Jasenovac u posljednjih \u0161ezdeset godina: privremena obustava stru\u010dnih vodstava tijekom izvo\u0111enja radova 24.06.2026. Po\u0161tovani posjetitelji, s velikim zadovoljstvom obavje\u0161tavamo vas da 25. lipnja 2026. zapo\u010dinju radovi na cjelovitoj obnovi drvene pasarele prema Spomeniku Cvijet, jednom od najva\u017enijih infrastrukturnih zahvata na Spomen-podru\u010dju Jasenovac od njegova osnutka. Analizom\u2026","rel":"","context":"U &quot;Novosti&quot;","block_context":{"text":"Novosti","link":"https:\/\/historiografija.hr\/?cat=3"},"img":{"alt_text":"","src":"https:\/\/i0.wp.com\/historiografija.hr\/wp-content\/uploads\/2026\/07\/Pasarela_2.jpg?fit=1200%2C402&ssl=1&resize=350%2C200","width":350,"height":200,"srcset":"https:\/\/i0.wp.com\/historiografija.hr\/wp-content\/uploads\/2026\/07\/Pasarela_2.jpg?fit=1200%2C402&ssl=1&resize=350%2C200 1x, https:\/\/i0.wp.com\/historiografija.hr\/wp-content\/uploads\/2026\/07\/Pasarela_2.jpg?fit=1200%2C402&ssl=1&resize=525%2C300 1.5x, https:\/\/i0.wp.com\/historiografija.hr\/wp-content\/uploads\/2026\/07\/Pasarela_2.jpg?fit=1200%2C402&ssl=1&resize=700%2C400 2x, https:\/\/i0.wp.com\/historiografija.hr\/wp-content\/uploads\/2026\/07\/Pasarela_2.jpg?fit=1200%2C402&ssl=1&resize=1050%2C600 3x"},"classes":[]},{"id":54794,"url":"https:\/\/historiografija.hr\/?p=54794","url_meta":{"origin":55214,"position":1},"title":"Novo (vizualno) poglavlje Historiografije.hr","author":"Filip \u0160imunjak","date":"24. srpnja 2026.","format":false,"excerpt":"Nakon niza godina tijekom kojih je svojim prepoznatljivim \u2013 pomalo vintage izgledom \u2013 uspje\u0161no odolijevala promjenama, do\u0161lo je vrijeme da Historiografija.hr dobije novo lice. U pozadini ve\u0107 neko vrijeme radimo na potpunom redizajnu portala kojim \u017eelimo s jedne strane vizualno osvje\u017eiti stranicu, a s druge podi\u0107i je na suvremene standarde,\u2026","rel":"","context":"U &quot;Istaknuto&quot;","block_context":{"text":"Istaknuto","link":"https:\/\/historiografija.hr\/?cat=48"},"img":{"alt_text":"","src":"https:\/\/i0.wp.com\/historiografija.hr\/wp-content\/uploads\/2026\/07\/Historiografija-2.0-Featured.png?fit=1200%2C916&ssl=1&resize=350%2C200","width":350,"height":200,"srcset":"https:\/\/i0.wp.com\/historiografija.hr\/wp-content\/uploads\/2026\/07\/Historiografija-2.0-Featured.png?fit=1200%2C916&ssl=1&resize=350%2C200 1x, https:\/\/i0.wp.com\/historiografija.hr\/wp-content\/uploads\/2026\/07\/Historiografija-2.0-Featured.png?fit=1200%2C916&ssl=1&resize=525%2C300 1.5x, https:\/\/i0.wp.com\/historiografija.hr\/wp-content\/uploads\/2026\/07\/Historiografija-2.0-Featured.png?fit=1200%2C916&ssl=1&resize=700%2C400 2x, https:\/\/i0.wp.com\/historiografija.hr\/wp-content\/uploads\/2026\/07\/Historiografija-2.0-Featured.png?fit=1200%2C916&ssl=1&resize=1050%2C600 3x"},"classes":[]},{"id":55195,"url":"https:\/\/historiografija.hr\/?p=55195","url_meta":{"origin":55214,"position":2},"title":"Eldina Lova\u0161, &#8220;Stanovni\u0161tvo Slobodnog i kraljevskog grada Osijeka u osvit modernoga doba&#8221;","author":"Branimir Jankovi\u0107","date":"3. rujna 2026.","format":false,"excerpt":"U suizdanju Podru\u017enice za povijest Slavonije, Srijema i Baranje Hrvatskog instituta za povijest i Dr\u017eavnog arhiva u Osijeku objavljena je 2026. godine knjiga Eldine Lova\u0161 \"Stanovni\u0161tvo Slobodnog i kraljevskog grada Osijeka u osvit modernoga doba\". IZ RECENZIJA: \u201cDjelo predstavlja iznimno vrijedan znanstveni doprinos prou\u010davanju i razumijevanju dru\u0161tvenih i demografskih procesa\u2026","rel":"","context":"U &quot;Knjige&quot;","block_context":{"text":"Knjige","link":"https:\/\/historiografija.hr\/?cat=8"},"img":{"alt_text":"","src":"https:\/\/i0.wp.com\/historiografija.hr\/wp-content\/uploads\/2026\/09\/Lovas-stanovnistvo.png?fit=623%2C377&ssl=1&resize=350%2C200","width":350,"height":200,"srcset":"https:\/\/i0.wp.com\/historiografija.hr\/wp-content\/uploads\/2026\/09\/Lovas-stanovnistvo.png?fit=623%2C377&ssl=1&resize=350%2C200 1x, https:\/\/i0.wp.com\/historiografija.hr\/wp-content\/uploads\/2026\/09\/Lovas-stanovnistvo.png?fit=623%2C377&ssl=1&resize=525%2C300 1.5x"},"classes":[]},{"id":54132,"url":"https:\/\/historiografija.hr\/?p=54132","url_meta":{"origin":55214,"position":3},"title":"Mario \u0160imunkovi\u0107: Prilog javnoj raspravi o projektu \u201e\u017drtve ratova i dr\u017eavnog\/politi\u010dkog nasilja u hrvatskoj povijesti 20. stolje\u0107a\u201c","author":"Branimir Jankovi\u0107","date":"17. lipnja 2026.","format":false,"excerpt":"Prilog javnoj raspravi o projektu \u201e\u017drtve ratova i dr\u017eavnog\/politi\u010dkog nasilja u hrvatskoj povijesti 20. stolje\u0107a\u201c Prije svega \u017eelim izraziti podr\u0161ku i pohvaliti pokretanje projekta \u201e\u017drtve ratova i dr\u017eavnog\/politi\u010dkog nasilja u hrvatskoj povijesti 20. stolje\u0107a\u201c Hrvatskog instituta za povijest. Rije\u010d je o jednom od najambicioznijih i najva\u017enijih historiografskih projekata pokrenutih u\u2026","rel":"","context":"U &quot;Prikazi i osvrti&quot;","block_context":{"text":"Prikazi i osvrti","link":"https:\/\/historiografija.hr\/?cat=4"},"img":{"alt_text":"","src":"","width":0,"height":0},"classes":[]},{"id":54520,"url":"https:\/\/historiografija.hr\/?p=54520","url_meta":{"origin":55214,"position":4},"title":"\u201ePrilozi za povijest Broda i okolice\u201c. Knjiga 7","author":"Branimir Jankovi\u0107","date":"8. srpnja 2026.","format":false,"excerpt":"U okviru Hrvatskog instituta za povijest \u2013 Podru\u017enice za povijest Slavonije, Srijema i Baranje objavljen je sedmi svezak povremenika Prilozi za povijest Broda i okolice \u010diji je urednik Robert Skenderovi\u0107. Uvodna rije\u010d urednika\u00a0 Ovim, sedmim sveskom nastavljamo objavljivanje povremenika Prilozi za povijest Broda i okolice u izdanju na\u0161e Podru\u017enice. Slijede\u0107i\u2026","rel":"","context":"U &quot;Knjige&quot;","block_context":{"text":"Knjige","link":"https:\/\/historiografija.hr\/?cat=8"},"img":{"alt_text":"","src":"https:\/\/i0.wp.com\/historiografija.hr\/wp-content\/uploads\/2026\/07\/Prilozi-za-povijest-Broda-i-okolice-naslov.png?fit=661%2C426&ssl=1&resize=350%2C200","width":350,"height":200,"srcset":"https:\/\/i0.wp.com\/historiografija.hr\/wp-content\/uploads\/2026\/07\/Prilozi-za-povijest-Broda-i-okolice-naslov.png?fit=661%2C426&ssl=1&resize=350%2C200 1x, https:\/\/i0.wp.com\/historiografija.hr\/wp-content\/uploads\/2026\/07\/Prilozi-za-povijest-Broda-i-okolice-naslov.png?fit=661%2C426&ssl=1&resize=525%2C300 1.5x"},"classes":[]},{"id":53698,"url":"https:\/\/historiografija.hr\/?p=53698","url_meta":{"origin":55214,"position":5},"title":"Me\u0111unarodni znanstveno-stru\u010dni skup &#8220;Imotska krajina u Domovinskom ratu &#8211; 35 godina poslije&#8221;","author":"Branimir Jankovi\u0107","date":"25. svibnja 2026.","format":false,"excerpt":"Me\u0111unarodni znanstveno-stru\u010dni skup Imotska krajina u Domovinskom ratu \u2013 35 godina poslije okuplja sudionike iz akademske, stru\u010dne i dru\u0161tvene zajednice s ciljem razmjene spoznaja o ulozi Imotske krajine u Domovinskom ratu te o\u010duvanja povijesne i dru\u0161tvene memorije.\u00a0 Suorganizatori i partneri skupa su: Hrvatsko vojno u\u010dili\u0161te \u201eDr. Franjo Tu\u0111man\u201d, Sveu\u010dili\u0161te obrane\u2026","rel":"","context":"U &quot;Novosti&quot;","block_context":{"text":"Novosti","link":"https:\/\/historiografija.hr\/?cat=3"},"img":{"alt_text":"","src":"https:\/\/i0.wp.com\/historiografija.hr\/wp-content\/uploads\/2026\/05\/plakat-za-WEB-2.jpg?fit=1200%2C543&ssl=1&resize=350%2C200","width":350,"height":200,"srcset":"https:\/\/i0.wp.com\/historiografija.hr\/wp-content\/uploads\/2026\/05\/plakat-za-WEB-2.jpg?fit=1200%2C543&ssl=1&resize=350%2C200 1x, https:\/\/i0.wp.com\/historiografija.hr\/wp-content\/uploads\/2026\/05\/plakat-za-WEB-2.jpg?fit=1200%2C543&ssl=1&resize=525%2C300 1.5x, https:\/\/i0.wp.com\/historiografija.hr\/wp-content\/uploads\/2026\/05\/plakat-za-WEB-2.jpg?fit=1200%2C543&ssl=1&resize=700%2C400 2x, https:\/\/i0.wp.com\/historiografija.hr\/wp-content\/uploads\/2026\/05\/plakat-za-WEB-2.jpg?fit=1200%2C543&ssl=1&resize=1050%2C600 3x"},"classes":[]}],"_links":{"self":[{"href":"https:\/\/historiografija.hr\/index.php?rest_route=\/wp\/v2\/posts\/55214","targetHints":{"allow":["GET"]}}],"collection":[{"href":"https:\/\/historiografija.hr\/index.php?rest_route=\/wp\/v2\/posts"}],"about":[{"href":"https:\/\/historiografija.hr\/index.php?rest_route=\/wp\/v2\/types\/post"}],"author":[{"embeddable":true,"href":"https:\/\/historiografija.hr\/index.php?rest_route=\/wp\/v2\/users\/2"}],"replies":[{"embeddable":true,"href":"https:\/\/historiografija.hr\/index.php?rest_route=%2Fwp%2Fv2%2Fcomments&post=55214"}],"version-history":[{"count":1,"href":"https:\/\/historiografija.hr\/index.php?rest_route=\/wp\/v2\/posts\/55214\/revisions"}],"predecessor-version":[{"id":55216,"href":"https:\/\/historiografija.hr\/index.php?rest_route=\/wp\/v2\/posts\/55214\/revisions\/55216"}],"wp:featuredmedia":[{"embeddable":true,"href":"https:\/\/historiografija.hr\/index.php?rest_route=\/wp\/v2\/media\/55215"}],"wp:attachment":[{"href":"https:\/\/historiografija.hr\/index.php?rest_route=%2Fwp%2Fv2%2Fmedia&parent=55214"}],"wp:term":[{"taxonomy":"category","embeddable":true,"href":"https:\/\/historiografija.hr\/index.php?rest_route=%2Fwp%2Fv2%2Fcategories&post=55214"},{"taxonomy":"post_tag","embeddable":true,"href":"https:\/\/historiografija.hr\/index.php?rest_route=%2Fwp%2Fv2%2Ftags&post=55214"}],"curies":[{"name":"wp","href":"https:\/\/api.w.org\/{rel}","templated":true}]}}