{"id":55209,"date":"2026-09-04T08:07:00","date_gmt":"2026-09-04T06:07:00","guid":{"rendered":"https:\/\/historiografija.hr\/?p=55209"},"modified":"2026-09-03T15:56:03","modified_gmt":"2026-09-03T13:56:03","slug":"festival-hrvatske-vojne-povijesti-ruza-hrvatska-2026","status":"publish","type":"post","link":"https:\/\/historiografija.hr\/?p=55209","title":{"rendered":"Festival hrvatske vojne povijesti &#8220;RU\u017dA HRVATSKA&#8221; 2026."},"content":{"rendered":"\n<p>Tijekom cijelog mjeseca rujna u \u0160ibeniku \u0107e trajati Festival hrvatske vojne povijesti &#8216;RU\u017dA HRVATSKA&#8217; 2026, koji organizira Udruga &#8216;Ru\u017ea Hrvatska \u2013 \u017dirje&#8217;. Pod krilaticom&nbsp;<em>&#8216;Zaborav je druga smrt. Ne dopustimo da nas drugi put ubiju zaboravom!&#8217;, <\/em>festival je zami\u0161ljen kao trajni zavjet o\u010duvanju povijesne istine o stradanjima i herojstvu hrvatskoga naroda u razdoblju od 1945. do 1995. godine.<\/p>\n\n\n\n<p>Program \u0107e se odr\u017eavati u dvorani Katoli\u010dke osnovne \u0161kole u \u0160ibeniku (uz iznimku terenskih i filmskih programa na izdvojenim lokacijama), s po\u010detkom u 19:00 ili 20:00 sati.<\/p>\n\n\n\n<p>Ulaz na sva doga\u0111anja je besplatan, osim za vi\u0161estruko nagra\u0111ivani projekt i film &#8216;260 dana&#8217;, za koji se ulaznice mogu osigurati putem platforme Eventim.hr.<\/p>\n\n\n\n<p>&#8216;Rujan je mjesec u kojem je \u0160ibenik 1991. godine krvlju branio i obranio Hrvatsku. Upravo zato, ovaj festival nije samo niz suhoparnih predavanja, ve\u0107 \u017eivu\u0107i spomenik na \u017ertve od Jasenovca i Hude jame, preko vukovarskog Doma tehnike i Borova Sela, pa sve do \u0161ibenskoga mosta i topni\u010dkih bitnica na \u017dirju&#8217;, isti\u010du organizatori.<\/p>\n\n\n\n<p>Dodaju kako \u0107e kroz trideset dana programa, \u0160ibenik \u0107e ugostiti istaknute povjesni\u010dare, publiciste i izravne svjedoke povijesti, me\u0111u kojima su prof. Tomislav Suni\u0107, Tihomir Dujmovi\u0107, Roman Leljak, dr. sc. Mario Jareb, prof. dr. sc. Josip Jur\u010devi\u0107, Ivica \u0160ola te pre\u017eivjeli logora\u0161i i obitelji nestalih branitelja koji jo\u0161 uvijek tra\u017ee grobove svojih najmilijih. Uz tribine i predstavljanja knjiga, posjetitelji \u0107e mo\u0107i pogledati potresna filmska ostvarenja poput filmova&nbsp;<em>&#8216;Borovo Selo \u2013 Zlo\u010din bez kazne&#8217;<\/em>,&nbsp;<em>&#8216;260 dana&#8217;<\/em>,&nbsp;<em>&#8216;Od tog dana&#8217; <\/em>te dokumentarca&nbsp;<em>&#8216;Ru\u017ea Hrvatska \u2013 \u017dirje<\/em>. Poseban dio programa posve\u0107en je i manifestacijama poput dolaska povijesnih vojnih vozila te hodo\u010da\u0161\u0107a na otok \u017dirje.<\/p>\n\n\n\n<p>&#8216;Pozivamo sve gra\u0111ane \u0160ibenika, \u0160ibensko-kninske \u017eupanije i cijele Hrvatske&nbsp;da svojim dolaskom podr\u017ee ovaj festival. Dok institucije \u010desto \u0161ute, na\u0161a je du\u017enost poslu\u0161ati svjedoke i sa\u010duvati sje\u0107anje na na\u0161u ubijenu djecu, nestale branitelje i sve nevine \u017ertve. Do\u0111ite da zajedno, dostojanstveno i u zajedni\u0161tvu, \u010duvamo istinu koja se ne smije izbrisati&#8217;, poru\u010dili su organizatori.<\/p>\n\n\n\n<p><strong>PROGRAM PO DANIMA:<\/strong><\/p>\n\n\n\n<ul class=\"wp-block-list\">\n<li><strong>1. 9. (utorak) u 20:00 h<\/strong>&nbsp;\u2013&nbsp;<strong>Prof. Tomislav Suni\u0107<\/strong>\n<ul class=\"wp-block-list\">\n<li>Tema:&nbsp;<em>&#8220;Antifa u EU i RH 2.0: komunizam u carevu novom ruhu&#8221;<\/em>&nbsp;\u2013 o ideologiji koja je donijela stradanja Hrvatima, a danas se ponovno pojavljuje.<\/li>\n<\/ul>\n<\/li>\n\n\n\n<li><strong>2. 9. (srijeda)<\/strong>\n<ul class=\"wp-block-list\">\n<li><strong>u 13:00 h<\/strong>&nbsp;\u2013 Tiskovna konferencija igranog filma&nbsp;<em>&#8220;260 dana&#8221;<\/em>&nbsp;(producent Dra\u017een Majstorovi\u0107).<\/li>\n\n\n\n<li><strong>u 19:00 h<\/strong>&nbsp;\u2013&nbsp;<strong>Tihomir Dujmovi\u0107<\/strong>:&nbsp;<em>&#8220;Tko je ubio Zvonka Bu\u0161i\u0107a? Hrvatske novinarske tragedije &#8217;45. \u2013 &#8217;95. \/ Hrvatske povijesne istine&#8221;<\/em>.<\/li>\n<\/ul>\n<\/li>\n\n\n\n<li><strong>3. 9. (\u010detvrtak) u 20:00 h<\/strong>\u00a0\u2013\u00a0<strong>Ivica Marija\u010di\u0107<\/strong>\n<ul class=\"wp-block-list\">\n<li>Promocija knjige&nbsp;<em>&#8220;Fenomen Thompson&#8221;<\/em>&nbsp;\u2013 o fenomenu koji pjesmom \u010duva ono \u0161to drugi poku\u0161avaju izbrisati.<\/li>\n<\/ul>\n<\/li>\n\n\n\n<li><strong>4. 9. (petak) u 20:00 h<\/strong>&nbsp;\u2013&nbsp;<strong>Igor Vuki\u0107<\/strong>\n<ul class=\"wp-block-list\">\n<li>Tema:&nbsp;<em>&#8220;Radni logor Jasenovac \u2013 Povijest brojeva o Jasenovcu: Broj \u017ertava i arhivska dokumentacija&#8221;<\/em>.<\/li>\n<\/ul>\n<\/li>\n\n\n\n<li><strong>5. 9. (subota) u 20:00 h<\/strong>&nbsp;\u2013&nbsp;<strong>Roman Leljak<\/strong>\n<ul class=\"wp-block-list\">\n<li>Tema:&nbsp;<em>&#8220;Huda jama \u2013 strogo \u010duvana tajna \/ Maribor \u2013 najve\u0107e strati\u0161te Hrvata \/ Metode i djelovanje UDBA-e i KOS-a&#8221;<\/em>&nbsp;\u2013 o najve\u0107im tragedijama hrvatskoga naroda koje se moraju pamtiti.<\/li>\n<\/ul>\n<\/li>\n\n\n\n<li><strong>6. 9. (nedjelja) u 20:00 h<\/strong>&nbsp;\u2013&nbsp;<strong>Stiv Stipe Culej<\/strong>\n<ul class=\"wp-block-list\">\n<li>Projekcija filma&nbsp;<em>&#8220;Borovo Selo \u2013 Zlo\u010din bez kazne&#8221;<\/em>&nbsp;i promocija knjige&nbsp;<em>&#8220;Sjeme zla&#8221;<\/em>, koji govore o brutalnom ubojstvu 12 hrvatskih redarstvenika za koje nitko nije odgovarao.<\/li>\n<\/ul>\n<\/li>\n\n\n\n<li><strong>7. 9., 8. 9. i 9. 9. (ponedjeljak \u2013 srijeda) u 20:00 h<\/strong>&nbsp;\u2013&nbsp;<strong>Film&nbsp;<em>&#8220;260 dana&#8221;<\/em><\/strong>\n<ul class=\"wp-block-list\">\n<li>Posebni gost:&nbsp;<strong>Marijan Gubina<\/strong>, koji donosi potresno svjedo\u010danstvo djeteta logora\u0161a utkano u knjigu&nbsp;<em>&#8220;260 dana&#8221;<\/em>. Prodaja ulaznica organizirana je putem platforme Eventim.hr.<\/li>\n<\/ul>\n<\/li>\n\n\n\n<li><strong>10. 9. (\u010detvrtak) u 20:00 h<\/strong>&nbsp;\u2013&nbsp;<strong>Onesin Cvitan<\/strong>\n<ul class=\"wp-block-list\">\n<li>Tema: Oduzimanje oru\u017eja Teritorijalne obrane (TO) Split.<\/li>\n<\/ul>\n<\/li>\n\n\n\n<li><strong>11. 9. (petak) u 20:00 h<\/strong>&nbsp;\u2013&nbsp;<strong>&#8220;Dom tehnike Borovo naselje \u2013 Vukovar&#8221; \u2013 Ve\u010der sje\u0107anja na nestale i ubijene<\/strong>\n<ul class=\"wp-block-list\">\n<li>Gosti: prof. dr. sc. Josip Jur\u010devi\u0107; Klara Bari\u0161i\u0107 (unuka nestaloga branitelja Adama Podrugovi\u0107a Picassa); Ivic Lojd (biv\u0161i logora\u0161 srpskih logora); Milenko Bili\u0107 (branitelj Doma tehnike). Posebni gosti: Anita i Ivo \u017dagar, Li\u010dke drvosje\u010de i Marina Novoselec. Ve\u010der je posve\u0107ena onima \u010dija grobna mjesta jo\u0161 uvijek tra\u017eimo.<\/li>\n<\/ul>\n<\/li>\n\n\n\n<li><strong>14. 9. (ponedjeljak) u 20:00 h<\/strong>&nbsp;\u2013&nbsp;<strong>Premijera filma&nbsp;<em>&#8220;Od tog dana&#8221;<\/em><\/strong>\n<ul class=\"wp-block-list\">\n<li>Dokumentarni film o \u017eivotu i preranoj smrti nevine djece ubijene u Domovinskom ratu.<\/li>\n<\/ul>\n<\/li>\n\n\n\n<li><strong>15. 9. (utorak) u 20:00 h<\/strong>&nbsp;\u2013&nbsp;<strong>Projekcija filma&nbsp;<em>&#8220;Ru\u017ea Hrvatska \u2013 \u017dirje&#8221;<\/em><\/strong>\n<ul class=\"wp-block-list\">\n<li>Gost ve\u010deri: Onesin Cvitan.<\/li>\n<\/ul>\n<\/li>\n\n\n\n<li><strong>16. 9. (srijeda) u 20:00 h<\/strong>&nbsp;\u2013&nbsp;<strong>&#8220;Prvi hrvatski pomorski diverzanti u 113. brigadi&#8221;<\/strong>\n<ul class=\"wp-block-list\">\n<li>Tema: Kako smo \u010duvali i obranili \u0161ibenski akvatorij od neprijateljske mornarice.<\/li>\n<\/ul>\n<\/li>\n\n\n\n<li><strong>17. 9. (\u010detvrtak) u 20:00 h<\/strong>&nbsp;\u2013&nbsp;<strong>SJP Jastrebovi na brdu Smri\u010dnjak<\/strong>\n<ul class=\"wp-block-list\">\n<li>Tema: Djelovanje Specijalne jedinice policije &#8220;Jastrebovi&#8221; tijekom Rujanskog rata, s posebnim naglaskom na borbena djelovanja s brda Smri\u010dnjak.<\/li>\n<\/ul>\n<\/li>\n\n\n\n<li><strong>18. 9. (petak)<\/strong>\n<ul class=\"wp-block-list\">\n<li><strong>Do 12:00 h<\/strong>&nbsp;\u2013 Dolazak posada povijesnih vojnih vozila (oldtimera) na \u0160ibenski most te organizirani odlazak u Iskra brodogradili\u0161te.<\/li>\n\n\n\n<li><strong>u 20:00 h<\/strong>&nbsp;\u2013 Predavanje:&nbsp;<em>&#8220;\u0160ibenska bitka \u2013 stvaranje flotile HRM-a u Mandalini&#8221;<\/em>, u tunelu Mandalina.<\/li>\n<\/ul>\n<\/li>\n\n\n\n<li><strong>19. 9. (subota) u 20:00 h<\/strong>&nbsp;\u2013&nbsp;<strong>Projekcija filma&nbsp;<em>&#8220;Bra\u0107a po oru\u017eju&#8221;<\/em><\/strong>\n<ul class=\"wp-block-list\">\n<li>Film posve\u0107en braniteljima pravoslavne vjeroispovijesti koji su se bezrezervno stavili na raspolaganje hrvatskoj dr\u017eavi i rame uz rame obranili Domovinu. Pri\u010da o zajedni\u0161tvu koje ne smijemo zaboraviti.<\/li>\n<\/ul>\n<\/li>\n\n\n\n<li><strong>20. 9. (nedjelja)<\/strong>&nbsp;\u2013&nbsp;<strong>Hodo\u010da\u0161\u0107e na otok \u017dirje<\/strong>\n<ul class=\"wp-block-list\">\n<li><strong>u 10:30 h<\/strong>&nbsp;\u2013 Okupljanje posada povijesnih vojnih vozila kod Spomenika poginulim braniteljima, polaganje vijenaca i paljenje svije\u0107a.<\/li>\n\n\n\n<li>Slijedi sveta misa za Domovinu i poginule branitelje u crkvi na \u017dirju te obilazak povijesnih obalnih topni\u010dkih bitnica.<\/li>\n<\/ul>\n<\/li>\n\n\n\n<li><strong>21. 9. (ponedjeljak) u 20:00 h<\/strong>&nbsp;\u2013&nbsp;<strong>\u017divko Erak<\/strong>\n<ul class=\"wp-block-list\">\n<li>Tema:&nbsp;<em>&#8220;Topni\u0161tvo 113. brigade \u2013 Joko, Jenky&#8221;<\/em>.<\/li>\n<\/ul>\n<\/li>\n\n\n\n<li><strong>22. 9. (utorak)<\/strong>&nbsp;\u2013&nbsp;<strong>Dan branitelja \u0160ibensko-kninske \u017eupanije<\/strong>\n<ul class=\"wp-block-list\">\n<li>Sudjelovanje u slu\u017ebenom programu i obilje\u017eavanju.<\/li>\n<\/ul>\n<\/li>\n\n\n\n<li><strong>23. 9. (srijeda) u 20:00 h<\/strong>&nbsp;\u2013&nbsp;<strong>Dr. sc. Mario Jareb<\/strong>\n<ul class=\"wp-block-list\">\n<li>Tema:&nbsp;<em>&#8220;Dan ustanka u RH&#8221;<\/em>&nbsp;\u2013 povijesne \u010dinjenice i zablude.<\/li>\n<\/ul>\n<\/li>\n\n\n\n<li><strong>24. 9. (\u010detvrtak) u 20:00 h<\/strong>&nbsp;\u2013&nbsp;<strong>Ivan Turudi\u0107<\/strong>\n<ul class=\"wp-block-list\">\n<li>Tema:&nbsp;<em>&#8220;Zarobljeni\u0161tvo u Glini&#8221;<\/em>&nbsp;\u2013 osobno svjedo\u010danstvo o danima provedenim u logoru.<\/li>\n<\/ul>\n<\/li>\n\n\n\n<li><strong>25. 9. (petak) u 20:00 h<\/strong>&nbsp;\u2013&nbsp;<strong>Prof. dr. sc. Ivica \u0160ola<\/strong>\n<ul class=\"wp-block-list\">\n<li>Tema:\u00a0<em>&#8220;Moderna hrvatska povijest i suvremeni izazovi&#8221;<\/em>. <\/li>\n<\/ul>\n<\/li>\n<\/ul>\n\n\n\n<hr class=\"wp-block-separator has-alpha-channel-opacity\"\/>\n\n\n\n<p>Izvor: <a href=\"https:\/\/www.sibenik.in\/sibenik\/ruza-hrvatska-donosimo-program-prvog-sibenskog-festival-hrvatske-vojne-povijesti\">https:\/\/www.sibenik.in\/sibenik\/ruza-hrvatska-donosimo-program-prvog-sibenskog-festival-hrvatske-vojne-povijesti<\/a><\/p>\n\n\n\n<hr class=\"wp-block-separator has-alpha-channel-opacity\"\/>\n\n\n\n<p><\/p>\n","protected":false},"excerpt":{"rendered":"","protected":false},"author":2,"featured_media":55210,"comment_status":"open","ping_status":"open","sticky":false,"template":"","format":"standard","meta":{"_acf_changed":false,"_jetpack_newsletter_access":"","_jetpack_dont_email_post_to_subs":false,"_jetpack_newsletter_tier_id":0,"_jetpack_memberships_contains_paywalled_content":false,"_jetpack_memberships_contains_paid_content":false,"footnotes":"","jetpack_publicize_message":"","jetpack_publicize_feature_enabled":true,"jetpack_social_post_already_shared":true,"jetpack_social_options":{"image_generator_settings":{"template":"highway","default_image_id":0,"font":"","enabled":false},"version":2},"jetpack_post_was_ever_published":false},"categories":[3],"tags":[],"class_list":["post-55209","post","type-post","status-publish","format-standard","has-post-thumbnail","hentry","category-novosti"],"acf":{"facebook_opis":"Tijekom rujna 2026. u \u0160ibeniku se odr\u017eava novopokrenuti Festival hrvatske vojne povijesti \"RU\u017dA HRVATSKA\" 2026. "},"jetpack_publicize_connections":[],"jetpack_featured_media_url":"https:\/\/historiografija.hr\/wp-content\/uploads\/2026\/09\/Festival.avif","jetpack_sharing_enabled":true,"jetpack-related-posts":[{"id":54583,"url":"https:\/\/historiografija.hr\/?p=54583","url_meta":{"origin":55209,"position":0},"title":"Novi interaktivni sadr\u017eaj u Muzejskoj zoni Zra\u010dne luke Franjo Tu\u0111man o nacionalnim simbolima","author":"Branimir Jankovi\u0107","date":"14. srpnja 2026.","format":false,"excerpt":"Zagreb, 9. srpnja 2026. \u2013 Hrvatski povijesni muzej i Me\u0111unarodna zra\u010dna luka Zagreb predstavili su prvo pro\u0161irenje Muzejske zone u putni\u010dkom terminalu. Izlo\u017eba \"Zvijezde hrvatske povijesti: Nebo im je granica. Upoznaj ih!\", otvorena u velja\u010di 2025. godine, od danas je bogatija za svoju 25. zvijezdu \u2013 hrvatsku zastavu. Novi interaktivni\u2026","rel":"","context":"U &quot;Novosti&quot;","block_context":{"text":"Novosti","link":"https:\/\/historiografija.hr\/?cat=3"},"img":{"alt_text":"","src":"https:\/\/i0.wp.com\/historiografija.hr\/wp-content\/uploads\/2026\/07\/Nacionalni-simboli.jpg?fit=1200%2C800&ssl=1&resize=350%2C200","width":350,"height":200,"srcset":"https:\/\/i0.wp.com\/historiografija.hr\/wp-content\/uploads\/2026\/07\/Nacionalni-simboli.jpg?fit=1200%2C800&ssl=1&resize=350%2C200 1x, https:\/\/i0.wp.com\/historiografija.hr\/wp-content\/uploads\/2026\/07\/Nacionalni-simboli.jpg?fit=1200%2C800&ssl=1&resize=525%2C300 1.5x, https:\/\/i0.wp.com\/historiografija.hr\/wp-content\/uploads\/2026\/07\/Nacionalni-simboli.jpg?fit=1200%2C800&ssl=1&resize=700%2C400 2x, https:\/\/i0.wp.com\/historiografija.hr\/wp-content\/uploads\/2026\/07\/Nacionalni-simboli.jpg?fit=1200%2C800&ssl=1&resize=1050%2C600 3x"},"classes":[]},{"id":26186,"url":"https:\/\/historiografija.hr\/?p=26186","url_meta":{"origin":55209,"position":1},"title":"Kliofest 2021: Konferencija \u201cPROTIV historijskog revizionizma, ZA reviziju povijesnih spoznaja\u201d","author":"Branimir Jankovi\u0107","date":"10. svibnja 2021.","format":false,"excerpt":"PROTIV historijskog revizionizma, ZA reviziju povijesnih spoznaja naslov je konferencije planirane ove godine u okviru festivala Kliofest (odr\u017eat \u0107e se 12. svibnja izme\u0111u 11 i 14 sati), u sklopu projekta Histoire pour la libert\u00e9, koji financira Europska komisija iz programa \u201eEuropa za gra\u0111ane\u201c. Njezina je temeljna ideja upravo poticanje rasprave\u2026","rel":"","context":"U &quot;Novosti&quot;","block_context":{"text":"Novosti","link":"https:\/\/historiografija.hr\/?cat=3"},"img":{"alt_text":"","src":"https:\/\/i0.wp.com\/historiografija.hr\/wp-content\/uploads\/2021\/05\/ZG-histoire.jpg?fit=1024%2C1024&ssl=1&resize=350%2C200","width":350,"height":200,"srcset":"https:\/\/i0.wp.com\/historiografija.hr\/wp-content\/uploads\/2021\/05\/ZG-histoire.jpg?fit=1024%2C1024&ssl=1&resize=350%2C200 1x, https:\/\/i0.wp.com\/historiografija.hr\/wp-content\/uploads\/2021\/05\/ZG-histoire.jpg?fit=1024%2C1024&ssl=1&resize=525%2C300 1.5x, https:\/\/i0.wp.com\/historiografija.hr\/wp-content\/uploads\/2021\/05\/ZG-histoire.jpg?fit=1024%2C1024&ssl=1&resize=700%2C400 2x"},"classes":[]},{"id":53836,"url":"https:\/\/historiografija.hr\/?p=53836","url_meta":{"origin":55209,"position":2},"title":"Stanka Mujo i Filip Triska, &#8220;Trideset pet godina hrvatske dr\u017eavnosti: od 30. svibnja do 25. lipnja i natrag. Proslave Dana dr\u017eavnosti u Republici Hrvatskoj od 1990. do 2025. godine&#8221;","author":"Branimir Jankovi\u0107","date":"29. svibnja 2026.","format":false,"excerpt":"Trideset pet godina hrvatske dr\u017eavnosti: od 30. svibnja do 25. lipnja i natrag. Proslave Dana dr\u017eavnosti u Republici Hrvatskoj od 1990. do 2025. godine Uvod Dugo se vjerovalo da su rituali stvar jednostavnih dru\u0161tava, no oni postoje i u modernima te bitno utje\u010du na oblikovanje identiteta.[1] Iako su \u010desto uronjeni\u2026","rel":"","context":"U &quot;Prikazi i osvrti&quot;","block_context":{"text":"Prikazi i osvrti","link":"https:\/\/historiografija.hr\/?cat=4"},"img":{"alt_text":"","src":"","width":0,"height":0},"classes":[]},{"id":53068,"url":"https:\/\/historiografija.hr\/?p=53068","url_meta":{"origin":55209,"position":3},"title":"Govor laureata Nagrade \u201eJaroslav \u0160idak\u201d","author":"Branimir Jankovi\u0107","date":"11. svibnja 2026.","format":false,"excerpt":"Na dodjeli nagrade na Festivalu povijesti Kliofest u Nacionalnoj i sveu\u010dili\u0161noj knji\u017enici u Zagrebu 8. svibnja 2026. dobitnik nagrade prof. dr. sc. G\u00e9za P\u00e1lffy, dopisni \u010dlan Ma\u0111arske akademije znanosti i redoviti profesor ranonovovjekovne povijesti na Sveu\u010dili\u0161tu ELTE u Budimpe\u0161ti izrekao je sljede\u0107i govor. Po\u0161tovane profesorice, po\u0161tovani profesori i dragi hrvatski\u2026","rel":"","context":"U &quot;Novosti&quot;","block_context":{"text":"Novosti","link":"https:\/\/historiografija.hr\/?cat=3"},"img":{"alt_text":"","src":"https:\/\/i0.wp.com\/historiografija.hr\/wp-content\/uploads\/2026\/05\/Nagradeni.jpg?fit=1200%2C900&ssl=1&resize=350%2C200","width":350,"height":200,"srcset":"https:\/\/i0.wp.com\/historiografija.hr\/wp-content\/uploads\/2026\/05\/Nagradeni.jpg?fit=1200%2C900&ssl=1&resize=350%2C200 1x, https:\/\/i0.wp.com\/historiografija.hr\/wp-content\/uploads\/2026\/05\/Nagradeni.jpg?fit=1200%2C900&ssl=1&resize=525%2C300 1.5x, https:\/\/i0.wp.com\/historiografija.hr\/wp-content\/uploads\/2026\/05\/Nagradeni.jpg?fit=1200%2C900&ssl=1&resize=700%2C400 2x, https:\/\/i0.wp.com\/historiografija.hr\/wp-content\/uploads\/2026\/05\/Nagradeni.jpg?fit=1200%2C900&ssl=1&resize=1050%2C600 3x"},"classes":[]},{"id":53203,"url":"https:\/\/historiografija.hr\/?p=53203","url_meta":{"origin":55209,"position":4},"title":"Odr\u017ean dan projekata Centra za teorijska istra\u017eivanja u humanistici","author":"Branimir Jankovi\u0107","date":"13. svibnja 2026.","format":false,"excerpt":"Dana 12. svibnja 2026. godine odr\u017eano je predstavljanje novih znanstvenih projekata Centra za teorijska istra\u017eivanja u humanistici. Rije\u010d je o osam novih projekata: dvama projektima financiranima sredstvima Hrvatske zaklade za znanost i \u0161est projekata financiranih sredstvima Nacionalnoga plana oporavka i otpornosti. Nakon uvodnih rije\u010di dekana Filozofskoga fakulteta u Zagrebu prof.\u2026","rel":"","context":"U &quot;Novosti&quot;","block_context":{"text":"Novosti","link":"https:\/\/historiografija.hr\/?cat=3"},"img":{"alt_text":"","src":"https:\/\/i0.wp.com\/historiografija.hr\/wp-content\/uploads\/2026\/05\/DP3-1.jpeg?fit=1200%2C842&ssl=1&resize=350%2C200","width":350,"height":200,"srcset":"https:\/\/i0.wp.com\/historiografija.hr\/wp-content\/uploads\/2026\/05\/DP3-1.jpeg?fit=1200%2C842&ssl=1&resize=350%2C200 1x, https:\/\/i0.wp.com\/historiografija.hr\/wp-content\/uploads\/2026\/05\/DP3-1.jpeg?fit=1200%2C842&ssl=1&resize=525%2C300 1.5x, https:\/\/i0.wp.com\/historiografija.hr\/wp-content\/uploads\/2026\/05\/DP3-1.jpeg?fit=1200%2C842&ssl=1&resize=700%2C400 2x, https:\/\/i0.wp.com\/historiografija.hr\/wp-content\/uploads\/2026\/05\/DP3-1.jpeg?fit=1200%2C842&ssl=1&resize=1050%2C600 3x"},"classes":[]},{"id":54849,"url":"https:\/\/historiografija.hr\/?p=54849","url_meta":{"origin":55209,"position":5},"title":"Glazbeno-scenska ve\u010der i predstavljanje knjige &#8220;OD HRVATSKOGA KRALJEVSTVA DO LIJEPE NA\u0160E&#8221;","author":"Branimir Jankovi\u0107","date":"31. srpnja 2026.","format":false,"excerpt":"Ogranak Matice hrvatske u Trogiru i\u201eRadovan\u201c dru\u0161tvo za za\u0161titu kulturnih dobara Trogira s rado\u0161\u0107u vas pozivaju na glazbeno-scensku ve\u010der i predstavljanje knjige OD HRVATSKOGA KRALJEVSTVA DO LIJEPE NA\u0160E Sudjeluju:Vlatko Belas, baritonBarbara Gari\u0107, sopranprof. Ratko Bartulovi\u0107, glazbenikNik\u0161a Buble, recitatori autori knjige dr. sc. Danka Radi\u0107 i Radovan Slade-\u0160ilovi\u0107 Radujemo se Va\u0161em\u2026","rel":"","context":"U &quot;Novosti&quot;","block_context":{"text":"Novosti","link":"https:\/\/historiografija.hr\/?cat=3"},"img":{"alt_text":"","src":"https:\/\/i0.wp.com\/historiografija.hr\/wp-content\/uploads\/2026\/07\/od_hrvatskog_kraljevstva_do_lijepe_nase.jpg?fit=596%2C467&ssl=1&resize=350%2C200","width":350,"height":200,"srcset":"https:\/\/i0.wp.com\/historiografija.hr\/wp-content\/uploads\/2026\/07\/od_hrvatskog_kraljevstva_do_lijepe_nase.jpg?fit=596%2C467&ssl=1&resize=350%2C200 1x, https:\/\/i0.wp.com\/historiografija.hr\/wp-content\/uploads\/2026\/07\/od_hrvatskog_kraljevstva_do_lijepe_nase.jpg?fit=596%2C467&ssl=1&resize=525%2C300 1.5x"},"classes":[]}],"_links":{"self":[{"href":"https:\/\/historiografija.hr\/index.php?rest_route=\/wp\/v2\/posts\/55209","targetHints":{"allow":["GET"]}}],"collection":[{"href":"https:\/\/historiografija.hr\/index.php?rest_route=\/wp\/v2\/posts"}],"about":[{"href":"https:\/\/historiografija.hr\/index.php?rest_route=\/wp\/v2\/types\/post"}],"author":[{"embeddable":true,"href":"https:\/\/historiografija.hr\/index.php?rest_route=\/wp\/v2\/users\/2"}],"replies":[{"embeddable":true,"href":"https:\/\/historiografija.hr\/index.php?rest_route=%2Fwp%2Fv2%2Fcomments&post=55209"}],"version-history":[{"count":2,"href":"https:\/\/historiografija.hr\/index.php?rest_route=\/wp\/v2\/posts\/55209\/revisions"}],"predecessor-version":[{"id":55213,"href":"https:\/\/historiografija.hr\/index.php?rest_route=\/wp\/v2\/posts\/55209\/revisions\/55213"}],"wp:featuredmedia":[{"embeddable":true,"href":"https:\/\/historiografija.hr\/index.php?rest_route=\/wp\/v2\/media\/55210"}],"wp:attachment":[{"href":"https:\/\/historiografija.hr\/index.php?rest_route=%2Fwp%2Fv2%2Fmedia&parent=55209"}],"wp:term":[{"taxonomy":"category","embeddable":true,"href":"https:\/\/historiografija.hr\/index.php?rest_route=%2Fwp%2Fv2%2Fcategories&post=55209"},{"taxonomy":"post_tag","embeddable":true,"href":"https:\/\/historiografija.hr\/index.php?rest_route=%2Fwp%2Fv2%2Ftags&post=55209"}],"curies":[{"name":"wp","href":"https:\/\/api.w.org\/{rel}","templated":true}]}}