{"id":55195,"date":"2026-09-03T13:02:00","date_gmt":"2026-09-03T11:02:00","guid":{"rendered":"https:\/\/historiografija.hr\/?p=55195"},"modified":"2026-09-03T00:00:53","modified_gmt":"2026-09-02T22:00:53","slug":"eldina-lovas-stanovnistvo-slobodnog-i-kraljevskog-grada-osijeka-u-osvit-modernoga-doba","status":"publish","type":"post","link":"https:\/\/historiografija.hr\/?p=55195","title":{"rendered":"Eldina Lova\u0161, &#8220;Stanovni\u0161tvo Slobodnog i kraljevskog grada Osijeka u osvit modernoga doba&#8221;"},"content":{"rendered":"\n<p>U suizdanju Podru\u017enice za povijest Slavonije, Srijema i Baranje Hrvatskog instituta za povijest i Dr\u017eavnog arhiva u Osijeku objavljena je 2026. godine knjiga Eldine Lova\u0161 &#8220;Stanovni\u0161tvo Slobodnog i kraljevskog grada Osijeka u osvit modernoga doba&#8221;.<\/p>\n\n\n\n<hr class=\"wp-block-separator has-alpha-channel-opacity\"\/>\n\n\n\n<p><strong>IZ RECENZIJA:<\/strong><\/p>\n\n\n\n<p>\u201cDjelo predstavlja iznimno vrijedan znanstveni doprinos prou\u010davanju i razumijevanju dru\u0161tvenih i demografskih procesa u predmodernim urbanim sredinama. Rije\u010d je o originalnom i metodolo\u0161ki suvremenom istra\u017eivanju koje slijedi tokove nove urbane povijesti s izrazitim komparativnim pristupom. Tako\u0111er, povezuju\u0107i metodologiju povijesne demografije, te mikrohistorijskim i interdisciplinarnim pristupom djelo jasno prelazi okvire tradicionalne lokalne povijesti i postaje temeljno i referentno djelo u svim daljnjim istra\u017eivanjima ranonovovjekovne Slavonije i urbanih sredina \u0161ireg prostora hrvatskih zemalja.\u201d<\/p>\n\n\n\n<p>(Maja Katu\u0161i\u0107, recenzentica)<\/p>\n\n\n\n<p>\u201cOva studija predstavlja sasvim novo istra\u017eivanje o povijesti grada Osijeka temeljeno na dosad nekori\u0161tenim, ali vrijednim povijesnim izvorima. Autorica je u ovoj studiji svojim metodolo\u0161kim pristupom pokazala vrijednost povijesnih izvora koje je analizirala, a rezultati istra\u017eivanja argumentirano obja\u0161njavaju za\u0161to je Osijek u to vrijeme bio jedno od vode\u0107ih urbanih sredi\u0161ta Hrvatske. Istra\u017eivanje otkriva samu sr\u017e osje\u010dkog gra\u0111anskog dru\u0161tva u zadnjoj fazi stale\u0161kih odnosa, odnosno u vremenu kada se ve\u0107 osje\u0107alo da \u0107e do\u0107i do velikih dru\u0161tvenih promjena i uspostave novog gra\u0111anskog dru\u0161tva. Zbog svega toga knjiga \u0107e biti nesumnjivo korisna svim znanstvenicima koji istra\u017euju urbanu povijest, ali i \u0161iroj javnosti.\u201d<\/p>\n\n\n\n<p>(Robert Skenderovi\u0107, recenzent)<\/p>\n\n\n\n<hr class=\"wp-block-separator has-alpha-channel-opacity\"\/>\n\n\n\n<p>Izvori:<\/p>\n\n\n\n<figure class=\"wp-block-embed is-type-wp-embed is-provider-hrvatski-institut-za-povijest wp-block-embed-hrvatski-institut-za-povijest\"><div class=\"wp-block-embed__wrapper\">\n<blockquote class=\"wp-embedded-content\" data-secret=\"zmyievWAl2\"><a href=\"https:\/\/hipsb.hr\/proizvod\/stanovnistvo-slobodnog-i-kraljevskog-grada-osijeka-u-osvit-modernoga-doba\/\">STANOVNI\u0160TVO SLOBODNOG I KRALJEVSKOG GRADA OSIJEKA U OSVIT MODERNOGA DOBA<\/a><\/blockquote><iframe loading=\"lazy\" class=\"wp-embedded-content\" sandbox=\"allow-scripts\" security=\"restricted\" style=\"position: absolute; visibility: hidden;\" title=\"&#8220;STANOVNI\u0160TVO SLOBODNOG I KRALJEVSKOG GRADA OSIJEKA U OSVIT MODERNOGA DOBA&#8221; &#8212; Hrvatski institut za povijest\" src=\"https:\/\/hipsb.hr\/proizvod\/stanovnistvo-slobodnog-i-kraljevskog-grada-osijeka-u-osvit-modernoga-doba\/embed\/#?secret=zmyievWAl2\" data-secret=\"zmyievWAl2\" width=\"600\" height=\"338\" frameborder=\"0\" marginwidth=\"0\" marginheight=\"0\" scrolling=\"no\"><\/iframe>\n<\/div><\/figure>\n\n\n\n<p><a href=\"https:\/\/historiografija.ba\/knjige\/jugoistocna-evropa\/studija-o-stanovnistvu-osijeka\">https:\/\/historiografija.ba\/knjige\/jugoistocna-evropa\/studija-o-stanovnistvu-osijeka<\/a><\/p>\n\n\n\n<hr class=\"wp-block-separator has-alpha-channel-opacity\"\/>\n","protected":false},"excerpt":{"rendered":"","protected":false},"author":2,"featured_media":55196,"comment_status":"open","ping_status":"open","sticky":false,"template":"","format":"standard","meta":{"_acf_changed":false,"_jetpack_newsletter_access":"","_jetpack_dont_email_post_to_subs":false,"_jetpack_newsletter_tier_id":0,"_jetpack_memberships_contains_paywalled_content":false,"_jetpack_memberships_contains_paid_content":false,"footnotes":"","jetpack_publicize_message":"","jetpack_publicize_feature_enabled":true,"jetpack_social_post_already_shared":true,"jetpack_social_options":{"image_generator_settings":{"template":"highway","default_image_id":0,"font":"","enabled":false},"version":2},"jetpack_post_was_ever_published":false},"categories":[8,3],"tags":[],"class_list":["post-55195","post","type-post","status-publish","format-standard","has-post-thumbnail","hentry","category-knjige","category-novosti"],"acf":{"facebook_opis":"U suizdanju Podru\u017enice za povijest Slavonije, Srijema i Baranje Hrvatskog instituta za povijest i Dr\u017eavnog arhiva u Osijeku objavljena je 2026. godine knjiga Eldine Lova\u0161 \"Stanovni\u0161tvo Slobodnog i kraljevskog grada Osijeka u osvit modernoga doba\"."},"jetpack_publicize_connections":[],"jetpack_featured_media_url":"https:\/\/i0.wp.com\/historiografija.hr\/wp-content\/uploads\/2026\/09\/Lovas-stanovnistvo.png?fit=623%2C377&ssl=1","jetpack_sharing_enabled":true,"jetpack-related-posts":[{"id":53113,"url":"https:\/\/historiografija.hr\/?p=53113","url_meta":{"origin":55195,"position":0},"title":"\u201eMonografija grada \u010cakovca: od 1791. godine do najnovijeg doba\u201c","author":"Filip \u0160imunjak","date":"15. svibnja 2026.","format":false,"excerpt":"Objavljena je Monografija grada \u010cakovca: Od 1791. godine do najnovijeg doba, kapitalno djelo me\u0111imurske i hrvatske historiografije. Knjiga je objavljena u izdanju Ogranka Matice hrvatske u \u010cakovcu, Grada \u010cakovca i Muzeja Me\u0111imurja \u010cakovec. Rije\u010d je o prvom objavljenom, no tematski zami\u0161ljeno drugom svesku iz novoga pregleda povijesti \u010cakovca (prvi je\u2026","rel":"","context":"U &quot;Knjige&quot;","block_context":{"text":"Knjige","link":"https:\/\/historiografija.hr\/?cat=8"},"img":{"alt_text":"","src":"https:\/\/i0.wp.com\/historiografija.hr\/wp-content\/uploads\/2026\/05\/Monografija-grada-Cakovca.webp?fit=1200%2C794&ssl=1&resize=350%2C200","width":350,"height":200,"srcset":"https:\/\/i0.wp.com\/historiografija.hr\/wp-content\/uploads\/2026\/05\/Monografija-grada-Cakovca.webp?fit=1200%2C794&ssl=1&resize=350%2C200 1x, https:\/\/i0.wp.com\/historiografija.hr\/wp-content\/uploads\/2026\/05\/Monografija-grada-Cakovca.webp?fit=1200%2C794&ssl=1&resize=525%2C300 1.5x, https:\/\/i0.wp.com\/historiografija.hr\/wp-content\/uploads\/2026\/05\/Monografija-grada-Cakovca.webp?fit=1200%2C794&ssl=1&resize=700%2C400 2x, https:\/\/i0.wp.com\/historiografija.hr\/wp-content\/uploads\/2026\/05\/Monografija-grada-Cakovca.webp?fit=1200%2C794&ssl=1&resize=1050%2C600 3x"},"classes":[]},{"id":52669,"url":"https:\/\/historiografija.hr\/?p=52669","url_meta":{"origin":55195,"position":1},"title":"Predavanje Igora Dude &#8220;Odmor kao \u017eivotna potreba: o slobodnom vremenu u socijalisti\u010dkoj Jugoslaviji&#8221;","author":"Branimir Jankovi\u0107","date":"27. travnja 2026.","format":false,"excerpt":"U sklopu proljetnog ciklusa programa\u00a0Kriti\u010dka dramaturgija: pauza, u\u00a0subotu, 25. travnja 2026. u 19 sati\u00a0u prostoru Udru\u017eenja hrvatskih arhitekata povjesni\u010dar Igor Duda\u00a0odr\u017eao je predavanje naslovljeno\u00a0Odmor kao \u017eivotna potreba: o slobodnom vremenu u socijalisti\u010dkoj Jugoslaviji. Industrijalizacija i urbanizacija dru\u0161tava u povijesti su zna\u010dile i prelazak s predindustrijskog na industrijsko shva\u0107anje vremena. Ono\u2026","rel":"","context":"U &quot;Novosti&quot;","block_context":{"text":"Novosti","link":"https:\/\/historiografija.hr\/?cat=3"},"img":{"alt_text":"","src":"https:\/\/i0.wp.com\/historiografija.hr\/wp-content\/uploads\/2026\/04\/Duda.png?fit=1200%2C628&ssl=1&resize=350%2C200","width":350,"height":200,"srcset":"https:\/\/i0.wp.com\/historiografija.hr\/wp-content\/uploads\/2026\/04\/Duda.png?fit=1200%2C628&ssl=1&resize=350%2C200 1x, https:\/\/i0.wp.com\/historiografija.hr\/wp-content\/uploads\/2026\/04\/Duda.png?fit=1200%2C628&ssl=1&resize=525%2C300 1.5x, https:\/\/i0.wp.com\/historiografija.hr\/wp-content\/uploads\/2026\/04\/Duda.png?fit=1200%2C628&ssl=1&resize=700%2C400 2x, https:\/\/i0.wp.com\/historiografija.hr\/wp-content\/uploads\/2026\/04\/Duda.png?fit=1200%2C628&ssl=1&resize=1050%2C600 3x"},"classes":[]},{"id":54318,"url":"https:\/\/historiografija.hr\/?p=54318","url_meta":{"origin":55195,"position":2},"title":"Predstavljanje knjige \u2013 Ladislav Fodroci, \u201eEpistola o starini i nekada\u0161njoj mo\u0107i grada Kri\u017eevaca\u201c","author":"Filip \u0160imunjak","date":"25. lipnja 2026.","format":false,"excerpt":"Ogranak Matice hrvatske u Kri\u017eevcima i Zavod za znanstvenoistra\u017eiva\u010dki i umjetni\u010dki rad HAZU-a Koprivni\u010dko kri\u017eeva\u010dke \u017eupanije pozivaju\u00a0 na predstavljanje knjige Ladislava Fodrocija, Epistola o starini i nekada\u0161njoj mo\u0107i grada Kri\u017eevaca. U predstavljanju sudjeluju: Tomislav Galovi\u0107,\u00a0autor predgovora; Martina Valec-Rebi\u0107,\u00a0urednica; te moderatorica, Renata Husinec. Predstavljanje knjige odr\u017eava se u \u010detvrtak, 25. lipnja\u2026","rel":"","context":"U &quot;Novosti&quot;","block_context":{"text":"Novosti","link":"https:\/\/historiografija.hr\/?cat=3"},"img":{"alt_text":"","src":"https:\/\/i0.wp.com\/historiografija.hr\/wp-content\/uploads\/2026\/06\/Fodroci-pozivnica.jpg?fit=1200%2C675&ssl=1&resize=350%2C200","width":350,"height":200,"srcset":"https:\/\/i0.wp.com\/historiografija.hr\/wp-content\/uploads\/2026\/06\/Fodroci-pozivnica.jpg?fit=1200%2C675&ssl=1&resize=350%2C200 1x, https:\/\/i0.wp.com\/historiografija.hr\/wp-content\/uploads\/2026\/06\/Fodroci-pozivnica.jpg?fit=1200%2C675&ssl=1&resize=525%2C300 1.5x, https:\/\/i0.wp.com\/historiografija.hr\/wp-content\/uploads\/2026\/06\/Fodroci-pozivnica.jpg?fit=1200%2C675&ssl=1&resize=700%2C400 2x, https:\/\/i0.wp.com\/historiografija.hr\/wp-content\/uploads\/2026\/06\/Fodroci-pozivnica.jpg?fit=1200%2C675&ssl=1&resize=1050%2C600 3x"},"classes":[]},{"id":54592,"url":"https:\/\/historiografija.hr\/?p=54592","url_meta":{"origin":55195,"position":3},"title":"Rashid I. Khalidi, &#8220;Stogodi\u0161nji rat protiv Palestine&#8221;","author":"Branimir Jankovi\u0107","date":"14. srpnja 2026.","format":false,"excerpt":"Hrabro, briljantno i referentno, ovo izvanredno djelo s polja povijesne znanosti tako\u0111er obiluje dramati\u010dno\u0161\u0107u i zapanjuju\u0107om naracijom. Khalidi iznosi uvjerljive dokaze za preispitivanje konvencionalnog zapadnja\u010dkog poimanja spomenute teme, a njegova knjiga predstavlja prekretnicu u prou\u010davanju arapsko-izraelskog sukoba. Avi Shlaim, autor knjige The Iron Wall: Israel and the Arab World Stogodi\u0161nji\u2026","rel":"","context":"U &quot;Knjige&quot;","block_context":{"text":"Knjige","link":"https:\/\/historiografija.hr\/?cat=8"},"img":{"alt_text":"","src":"https:\/\/i0.wp.com\/historiografija.hr\/wp-content\/uploads\/2026\/07\/PK_Stogodisnji-Rat-Protiv-Palestine.jpg?fit=660%2C417&ssl=1&resize=350%2C200","width":350,"height":200,"srcset":"https:\/\/i0.wp.com\/historiografija.hr\/wp-content\/uploads\/2026\/07\/PK_Stogodisnji-Rat-Protiv-Palestine.jpg?fit=660%2C417&ssl=1&resize=350%2C200 1x, https:\/\/i0.wp.com\/historiografija.hr\/wp-content\/uploads\/2026\/07\/PK_Stogodisnji-Rat-Protiv-Palestine.jpg?fit=660%2C417&ssl=1&resize=525%2C300 1.5x"},"classes":[]},{"id":54105,"url":"https:\/\/historiografija.hr\/?p=54105","url_meta":{"origin":55195,"position":4},"title":"U Ora\u0161ju predstavljena monografija \u201e106. brigada HVO Ora\u0161je \u2013 u obrani ora\u0161kog podru\u010dja 1992. \u2013 1995.\u201c autora Tade Or\u0161oli\u0107a","author":"Branimir Jankovi\u0107","date":"16. lipnja 2026.","format":false,"excerpt":"Monografija \u201e106. brigada HVO Ora\u0161je \u2013 u obrani ora\u0161kog podru\u010dja 1992. \u2013 1995.\u201c, autora prof. dr. sc. Tade Or\u0161oli\u0107a, objavljena u nakladi Zavoda za povijesne znanosti Hrvatske akademije znanosti i umjetnosti u Zadru te udruga proisteklih iz Domovinskog rata Grada Ora\u0161ja, predstavljena je 16. svibnja 2026. u Ora\u0161ju. Na 473\u2026","rel":"","context":"U &quot;Novosti&quot;","block_context":{"text":"Novosti","link":"https:\/\/historiografija.hr\/?cat=3"},"img":{"alt_text":"","src":"https:\/\/i0.wp.com\/historiografija.hr\/wp-content\/uploads\/2026\/06\/Orasje_predstavljanje.jpg?fit=1024%2C683&ssl=1&resize=350%2C200","width":350,"height":200,"srcset":"https:\/\/i0.wp.com\/historiografija.hr\/wp-content\/uploads\/2026\/06\/Orasje_predstavljanje.jpg?fit=1024%2C683&ssl=1&resize=350%2C200 1x, https:\/\/i0.wp.com\/historiografija.hr\/wp-content\/uploads\/2026\/06\/Orasje_predstavljanje.jpg?fit=1024%2C683&ssl=1&resize=525%2C300 1.5x, https:\/\/i0.wp.com\/historiografija.hr\/wp-content\/uploads\/2026\/06\/Orasje_predstavljanje.jpg?fit=1024%2C683&ssl=1&resize=700%2C400 2x"},"classes":[]},{"id":54465,"url":"https:\/\/historiografija.hr\/?p=54465","url_meta":{"origin":55195,"position":5},"title":"Hilaire Belloc, \u201eEuropa i vjera\u201c","author":"Branimir Jankovi\u0107","date":"6. srpnja 2026.","format":false,"excerpt":"Protekle godine objavljen je prijevod knjige \u201eEurope and the Faith\u201c Hilairea Belloca, engleskog i francuskog katoli\u010dkog povjesni\u010dara u izdanju izdava\u010dke ku\u0107e Verbum, koju je na hrvatski jezik preveo Josip Vrande\u010di\u0107.\u00a0 O knjizi:\u00a0 \u0160to zapravo zna\u010di biti Europljanin? Koji je istinski temelj na\u0161e civilizacije? U ovom klasi\u010dnom djelu \u010duveni povjesni\u010dar i\u2026","rel":"","context":"U &quot;Knjige&quot;","block_context":{"text":"Knjige","link":"https:\/\/historiografija.hr\/?cat=8"},"img":{"alt_text":"","src":"https:\/\/i0.wp.com\/historiografija.hr\/wp-content\/uploads\/2026\/07\/Europa-i-vjera-knjiga.jpg?fit=400%2C274&ssl=1&resize=350%2C200","width":350,"height":200},"classes":[]}],"_links":{"self":[{"href":"https:\/\/historiografija.hr\/index.php?rest_route=\/wp\/v2\/posts\/55195","targetHints":{"allow":["GET"]}}],"collection":[{"href":"https:\/\/historiografija.hr\/index.php?rest_route=\/wp\/v2\/posts"}],"about":[{"href":"https:\/\/historiografija.hr\/index.php?rest_route=\/wp\/v2\/types\/post"}],"author":[{"embeddable":true,"href":"https:\/\/historiografija.hr\/index.php?rest_route=\/wp\/v2\/users\/2"}],"replies":[{"embeddable":true,"href":"https:\/\/historiografija.hr\/index.php?rest_route=%2Fwp%2Fv2%2Fcomments&post=55195"}],"version-history":[{"count":2,"href":"https:\/\/historiografija.hr\/index.php?rest_route=\/wp\/v2\/posts\/55195\/revisions"}],"predecessor-version":[{"id":55198,"href":"https:\/\/historiografija.hr\/index.php?rest_route=\/wp\/v2\/posts\/55195\/revisions\/55198"}],"wp:featuredmedia":[{"embeddable":true,"href":"https:\/\/historiografija.hr\/index.php?rest_route=\/wp\/v2\/media\/55196"}],"wp:attachment":[{"href":"https:\/\/historiografija.hr\/index.php?rest_route=%2Fwp%2Fv2%2Fmedia&parent=55195"}],"wp:term":[{"taxonomy":"category","embeddable":true,"href":"https:\/\/historiografija.hr\/index.php?rest_route=%2Fwp%2Fv2%2Fcategories&post=55195"},{"taxonomy":"post_tag","embeddable":true,"href":"https:\/\/historiografija.hr\/index.php?rest_route=%2Fwp%2Fv2%2Ftags&post=55195"}],"curies":[{"name":"wp","href":"https:\/\/api.w.org\/{rel}","templated":true}]}}