{"id":55187,"date":"2026-09-03T08:01:00","date_gmt":"2026-09-03T06:01:00","guid":{"rendered":"https:\/\/historiografija.hr\/?p=55187"},"modified":"2026-09-02T23:39:12","modified_gmt":"2026-09-02T21:39:12","slug":"godisnja-konferencija-gypsy-lore-society-u-zagrebu","status":"publish","type":"post","link":"https:\/\/historiografija.hr\/?p=55187","title":{"rendered":"Godi\u0161nja konferencija Gypsy Lore Society u Zagrebu"},"content":{"rendered":"\n<p>U Zagrebu se od 2. do 4. rujna 2026. odr\u017eava godi\u0161nja konferencija Gypsy Lore Society, najstarijeg i najva\u017enijeg me\u0111unarodnog znanstvenog dru\u0161tva posve\u0107enog istra\u017eivanju povijesti, jezika, kulture i dru\u0161tvenog polo\u017eaja Roma.<\/p>\n\n\n\n<hr class=\"wp-block-separator has-alpha-channel-opacity\"\/>\n\n\n\n<p>Op\u0161irnije:<\/p>\n\n\n\n<figure class=\"wp-block-embed is-type-wp-embed is-provider-katedra-za-indologiju wp-block-embed-katedra-za-indologiju\"><div class=\"wp-block-embed__wrapper\">\n<blockquote class=\"wp-embedded-content\" data-secret=\"jZlTvUcfew\"><a href=\"https:\/\/indolog.ffzg.unizg.hr\/?p=3253\">Konferencija Gypsy Lore Society<\/a><\/blockquote><iframe loading=\"lazy\" class=\"wp-embedded-content\" sandbox=\"allow-scripts\" security=\"restricted\" style=\"position: absolute; visibility: hidden;\" title=\"&#8220;Konferencija Gypsy Lore Society&#8221; &#8212; Katedra za indologiju\" src=\"https:\/\/indolog.ffzg.unizg.hr\/?p=3253&#038;embed=true#?secret=jZlTvUcfew\" data-secret=\"jZlTvUcfew\" width=\"600\" height=\"338\" frameborder=\"0\" marginwidth=\"0\" marginheight=\"0\" scrolling=\"no\"><\/iframe>\n<\/div><\/figure>\n\n\n\n<figure class=\"wp-block-embed is-type-wp-embed is-provider-institut-dru-tvenih-znanosti-ivo-pilar wp-block-embed-institut-dru-tvenih-znanosti-ivo-pilar\"><div class=\"wp-block-embed__wrapper\">\n<blockquote class=\"wp-embedded-content\" data-secret=\"I0aUonnG6v\"><a href=\"https:\/\/www.pilar.hr\/2026\/08\/godisnja-konferencija-gypsy-lore-society-u-institutu-pilar-zagreb-3-9-2026\/\">Godi\u0161nja konferencija Gypsy Lore Society u Institutu Pilar; Zagreb, 3. 9. 2026.<\/a><\/blockquote><iframe loading=\"lazy\" class=\"wp-embedded-content\" sandbox=\"allow-scripts\" security=\"restricted\" style=\"position: absolute; visibility: hidden;\" title=\"&#8220;Godi\u0161nja konferencija Gypsy Lore Society u Institutu Pilar; Zagreb, 3. 9. 2026.&#8221; &#8212; Institut dru\u0161tvenih znanosti Ivo Pilar\" src=\"https:\/\/www.pilar.hr\/2026\/08\/godisnja-konferencija-gypsy-lore-society-u-institutu-pilar-zagreb-3-9-2026\/embed\/#?secret=wHkoLdOnto#?secret=I0aUonnG6v\" data-secret=\"I0aUonnG6v\" width=\"600\" height=\"338\" frameborder=\"0\" marginwidth=\"0\" marginheight=\"0\" scrolling=\"no\"><\/iframe>\n<\/div><\/figure>\n\n\n\n<figure class=\"wp-block-embed is-type-wp-embed is-provider-imin wp-block-embed-imin\"><div class=\"wp-block-embed__wrapper\">\n<blockquote class=\"wp-embedded-content\" data-secret=\"z2xH0thsgu\"><a href=\"https:\/\/imin.hr\/2026\/09\/02\/godisnja-konferencija-gypsy-lore-society\/\">Godi\u0161nja konferencija Gypsy Lore Society<\/a><\/blockquote><iframe loading=\"lazy\" class=\"wp-embedded-content\" sandbox=\"allow-scripts\" security=\"restricted\" style=\"position: absolute; visibility: hidden;\" title=\"&#8220;Godi\u0161nja konferencija Gypsy Lore Society&#8221; &#8212; IMIN\" src=\"https:\/\/imin.hr\/2026\/09\/02\/godisnja-konferencija-gypsy-lore-society\/embed\/#?secret=Qo3PTkpgbN#?secret=z2xH0thsgu\" data-secret=\"z2xH0thsgu\" width=\"600\" height=\"338\" frameborder=\"0\" marginwidth=\"0\" marginheight=\"0\" scrolling=\"no\"><\/iframe>\n<\/div><\/figure>\n\n\n\n<hr class=\"wp-block-separator has-alpha-channel-opacity\"\/>\n","protected":false},"excerpt":{"rendered":"","protected":false},"author":2,"featured_media":55188,"comment_status":"open","ping_status":"open","sticky":false,"template":"","format":"standard","meta":{"_acf_changed":false,"_jetpack_newsletter_access":"","_jetpack_dont_email_post_to_subs":false,"_jetpack_newsletter_tier_id":0,"_jetpack_memberships_contains_paywalled_content":false,"_jetpack_memberships_contains_paid_content":false,"footnotes":"","jetpack_publicize_message":"","jetpack_publicize_feature_enabled":true,"jetpack_social_post_already_shared":true,"jetpack_social_options":{"image_generator_settings":{"template":"highway","default_image_id":0,"font":"","enabled":false},"version":2},"jetpack_post_was_ever_published":false},"categories":[3,9],"tags":[],"class_list":["post-55187","post","type-post","status-publish","format-standard","has-post-thumbnail","hentry","category-novosti","category-skupovi"],"acf":{"facebook_opis":"U Zagrebu se od 2. do 4. rujna 2026. odr\u017eava godi\u0161nja konferencija Gypsy Lore Society, najstarijeg i najva\u017enijeg me\u0111unarodnog znanstvenog dru\u0161tva posve\u0107enog istra\u017eivanju povijesti, jezika, kulture i dru\u0161tvenog polo\u017eaja Roma."},"jetpack_publicize_connections":[],"jetpack_featured_media_url":"https:\/\/i0.wp.com\/historiografija.hr\/wp-content\/uploads\/2026\/09\/GLS_1s1.jpg?fit=1920%2C712&ssl=1","jetpack_sharing_enabled":true,"jetpack-related-posts":[{"id":54328,"url":"https:\/\/historiografija.hr\/?p=54328","url_meta":{"origin":55187,"position":0},"title":"Me\u0111unarodna konferencija \u201eArt in Society\u201c, Zagreb, 1. \u2013 4. 7. 2026.","author":"Branimir Jankovi\u0107","date":"26. lipnja 2026.","format":false,"excerpt":"Me\u0111unarodna konferencija \u201eArt in Society\u201c odr\u017eat \u0107e se od 1. do 4. srpnja 2026. godine na Filozofskom fakultetu Sveu\u010dili\u0161ta u Zagrebu. Skup okuplja stru\u010dnjake iz podru\u010dja povijesti umjetnosti, arhitekture, muzeologije i srodnih disciplina iz brojnih zemalja Europe i svijeta. Polaze\u0107i od shva\u0107anja umjetnosti kao aktivne i transformativne sile unutar dru\u0161tvenog\u2026","rel":"","context":"U &quot;Novosti&quot;","block_context":{"text":"Novosti","link":"https:\/\/historiografija.hr\/?cat=3"},"img":{"alt_text":"","src":"https:\/\/i0.wp.com\/historiografija.hr\/wp-content\/uploads\/2026\/06\/ArtinS_2026.jpg?fit=1191%2C839&ssl=1&resize=350%2C200","width":350,"height":200,"srcset":"https:\/\/i0.wp.com\/historiografija.hr\/wp-content\/uploads\/2026\/06\/ArtinS_2026.jpg?fit=1191%2C839&ssl=1&resize=350%2C200 1x, https:\/\/i0.wp.com\/historiografija.hr\/wp-content\/uploads\/2026\/06\/ArtinS_2026.jpg?fit=1191%2C839&ssl=1&resize=525%2C300 1.5x, https:\/\/i0.wp.com\/historiografija.hr\/wp-content\/uploads\/2026\/06\/ArtinS_2026.jpg?fit=1191%2C839&ssl=1&resize=700%2C400 2x, https:\/\/i0.wp.com\/historiografija.hr\/wp-content\/uploads\/2026\/06\/ArtinS_2026.jpg?fit=1191%2C839&ssl=1&resize=1050%2C600 3x"},"classes":[]},{"id":52573,"url":"https:\/\/historiografija.hr\/?p=52573","url_meta":{"origin":55187,"position":1},"title":"Znanstvena konferencija &#8220;Filozofija odgoja: povijest, praksa, perspektive&#8221;","author":"Branimir Jankovi\u0107","date":"21. travnja 2026.","format":false,"excerpt":"Znanstvena konferencija \"Filozofija odgoja: povijest, praksa, perspektive\" odr\u017eat \u0107e se 23. i 24. travnja 2026. u Konferencijskoj dvorani Knji\u017enice Filozofskog fakulteta u Zagrebu (2. kat).\u00a0Konferencija je organizirana u okviru projekta\u00a0SUMKOS (voditeljica prof. dr. sc. Ivana Zagorac, financiran\u00a0sredstvima NextGenerationEU), uz potporu Odsjeka za filozofiju.\u00a0 Uz izlaga\u010dki dio, konferencija obuhva\u0107a i izlo\u017ebu\u2026","rel":"","context":"U &quot;Novosti&quot;","block_context":{"text":"Novosti","link":"https:\/\/historiografija.hr\/?cat=3"},"img":{"alt_text":"","src":"","width":0,"height":0},"classes":[]},{"id":54218,"url":"https:\/\/historiografija.hr\/?p=54218","url_meta":{"origin":55187,"position":2},"title":"Dodijeljene nagrade Dru\u0161tva povjesni\u010dara umjetnosti Hrvatske za 2025. godinu","author":"Branimir Jankovi\u0107","date":"19. lipnja 2026.","format":false,"excerpt":"Nagrade Dru\u0161tva povjesni\u010dara umjetnosti Hrvatske dodjeljuju se ve\u0107 20 godina, s ciljem prepoznavanja i vrednovanja izvrsnosti u podru\u010dju povijesti umjetnosti, za\u0161tite ba\u0161tine, znanstvenog, pedago\u0161kog i stru\u010dnog rada. Nagrada za \u017eivotno djelo \u201eRadovan Ivan\u010devi\u0107\u201c 2025. godine dodijeljena je Ivanu Matej\u010di\u0107u. Godi\u0161nju nagradu za knjigu dobio je Laris Bori\u0107 za knjigu In\u2026","rel":"","context":"U &quot;Novosti&quot;","block_context":{"text":"Novosti","link":"https:\/\/historiografija.hr\/?cat=3"},"img":{"alt_text":"","src":"https:\/\/i0.wp.com\/historiografija.hr\/wp-content\/uploads\/2026\/06\/543.jpeg?fit=1200%2C1035&ssl=1&resize=350%2C200","width":350,"height":200,"srcset":"https:\/\/i0.wp.com\/historiografija.hr\/wp-content\/uploads\/2026\/06\/543.jpeg?fit=1200%2C1035&ssl=1&resize=350%2C200 1x, https:\/\/i0.wp.com\/historiografija.hr\/wp-content\/uploads\/2026\/06\/543.jpeg?fit=1200%2C1035&ssl=1&resize=525%2C300 1.5x, https:\/\/i0.wp.com\/historiografija.hr\/wp-content\/uploads\/2026\/06\/543.jpeg?fit=1200%2C1035&ssl=1&resize=700%2C400 2x, https:\/\/i0.wp.com\/historiografija.hr\/wp-content\/uploads\/2026\/06\/543.jpeg?fit=1200%2C1035&ssl=1&resize=1050%2C600 3x"},"classes":[]},{"id":53942,"url":"https:\/\/historiografija.hr\/?p=53942","url_meta":{"origin":55187,"position":3},"title":"Radionica &#8220;Antikolonijalni putopisi: problemske perspektive u istra\u017eivanju jugoslavenskih putopisa i kulturnih reprezentacija Tre\u0107eg svijeta&#8221;","author":"Branimir Jankovi\u0107","date":"8. lipnja 2026.","format":false,"excerpt":"Dana 11. lipnja 2026. na Filozofskom fakultetu Sveu\u010dili\u0161ta u Zagrebu odr\u017eat \u0107e se radionica\u00a0\u201eAntikolonijalni putopisi: problemske perspektive u istra\u017eivanju jugoslavenskih putopisa i kulturnih reprezentacija Tre\u0107eg svijeta\u201c. Radionica se organizira u okviru projekta\u00a0SOCGLOBE, financiranog iz programa Horizon Europe (ugovor br. 101130830), u suorganizaciji Centra za teorijska istra\u017eivanja u humanistici i Odsjeka\u2026","rel":"","context":"U &quot;Novosti&quot;","block_context":{"text":"Novosti","link":"https:\/\/historiografija.hr\/?cat=3"},"img":{"alt_text":"","src":"https:\/\/i0.wp.com\/historiografija.hr\/wp-content\/uploads\/2026\/06\/Putopisi.jpg?fit=513%2C579&ssl=1&resize=350%2C200","width":350,"height":200},"classes":[]},{"id":53935,"url":"https:\/\/historiografija.hr\/?p=53935","url_meta":{"origin":55187,"position":4},"title":"Konferencija &#8220;Bending the Rules: Social Radicalism, Wanderlust, and Utopianism in Children\u2019s and YA Literature&#8221;","author":"Branimir Jankovi\u0107","date":"8. lipnja 2026.","format":false,"excerpt":"Centar za teorijska istra\u017eivanja u humanistici poziva na me\u0111unarodnu konferenciju \u201cBending the Rules: Social Radicalism, Wanderlust, and Utopianism in Children\u2019s and YA Literature\u201d koja \u0107e se odr\u017eati 9. i 10. lipnja 2026. na Filozofskom fakultetu Sveu\u010dili\u0161ta u Zagrebu. Konferencija se odr\u017eava u sklopu HERA projekta LIMINALWATER. Liminalwater Conference: Bending the\u2026","rel":"","context":"U &quot;Novosti&quot;","block_context":{"text":"Novosti","link":"https:\/\/historiografija.hr\/?cat=3"},"img":{"alt_text":"","src":"https:\/\/i0.wp.com\/historiografija.hr\/wp-content\/uploads\/2026\/06\/Rules.jpg?fit=1200%2C601&ssl=1&resize=350%2C200","width":350,"height":200,"srcset":"https:\/\/i0.wp.com\/historiografija.hr\/wp-content\/uploads\/2026\/06\/Rules.jpg?fit=1200%2C601&ssl=1&resize=350%2C200 1x, https:\/\/i0.wp.com\/historiografija.hr\/wp-content\/uploads\/2026\/06\/Rules.jpg?fit=1200%2C601&ssl=1&resize=525%2C300 1.5x, https:\/\/i0.wp.com\/historiografija.hr\/wp-content\/uploads\/2026\/06\/Rules.jpg?fit=1200%2C601&ssl=1&resize=700%2C400 2x, https:\/\/i0.wp.com\/historiografija.hr\/wp-content\/uploads\/2026\/06\/Rules.jpg?fit=1200%2C601&ssl=1&resize=1050%2C600 3x"},"classes":[]},{"id":53902,"url":"https:\/\/historiografija.hr\/?p=53902","url_meta":{"origin":55187,"position":5},"title":"Poziv za sudjelovanje na skupu &#8220;Commissioners, Artists, and the Public in the Cities of Central Europe (16th\u2013mid-19th centuries)&#8221;","author":"Filip \u0160imunjak","date":"2. lipnja 2026.","format":false,"excerpt":"U zavr\u0161noj godini projekta Modeli naru\u010diteljstva: Naru\u010ditelji, umjetnici i publika u Zagrebu u 17. i dugom 18. stolje\u0107u, koji financira Hrvatska zaklada za znanost (IP-2022-10-3190, voditelj projekta prof.dr.sc. Dubravka Botica), najavljujemo me\u0111unarodnu konferenciju Commissioners, Artists, and the Public in the Cities of Central Europe(16th\u2013mid-19th centuries).\u00a0Konferencija se organizira u suradnji s\u2026","rel":"","context":"U &quot;Novosti&quot;","block_context":{"text":"Novosti","link":"https:\/\/historiografija.hr\/?cat=3"},"img":{"alt_text":"","src":"https:\/\/i0.wp.com\/historiografija.hr\/wp-content\/uploads\/2026\/06\/Modenar.webp?fit=894%2C400&ssl=1&resize=350%2C200","width":350,"height":200,"srcset":"https:\/\/i0.wp.com\/historiografija.hr\/wp-content\/uploads\/2026\/06\/Modenar.webp?fit=894%2C400&ssl=1&resize=350%2C200 1x, https:\/\/i0.wp.com\/historiografija.hr\/wp-content\/uploads\/2026\/06\/Modenar.webp?fit=894%2C400&ssl=1&resize=525%2C300 1.5x, https:\/\/i0.wp.com\/historiografija.hr\/wp-content\/uploads\/2026\/06\/Modenar.webp?fit=894%2C400&ssl=1&resize=700%2C400 2x"},"classes":[]}],"_links":{"self":[{"href":"https:\/\/historiografija.hr\/index.php?rest_route=\/wp\/v2\/posts\/55187","targetHints":{"allow":["GET"]}}],"collection":[{"href":"https:\/\/historiografija.hr\/index.php?rest_route=\/wp\/v2\/posts"}],"about":[{"href":"https:\/\/historiografija.hr\/index.php?rest_route=\/wp\/v2\/types\/post"}],"author":[{"embeddable":true,"href":"https:\/\/historiografija.hr\/index.php?rest_route=\/wp\/v2\/users\/2"}],"replies":[{"embeddable":true,"href":"https:\/\/historiografija.hr\/index.php?rest_route=%2Fwp%2Fv2%2Fcomments&post=55187"}],"version-history":[{"count":2,"href":"https:\/\/historiografija.hr\/index.php?rest_route=\/wp\/v2\/posts\/55187\/revisions"}],"predecessor-version":[{"id":55190,"href":"https:\/\/historiografija.hr\/index.php?rest_route=\/wp\/v2\/posts\/55187\/revisions\/55190"}],"wp:featuredmedia":[{"embeddable":true,"href":"https:\/\/historiografija.hr\/index.php?rest_route=\/wp\/v2\/media\/55188"}],"wp:attachment":[{"href":"https:\/\/historiografija.hr\/index.php?rest_route=%2Fwp%2Fv2%2Fmedia&parent=55187"}],"wp:term":[{"taxonomy":"category","embeddable":true,"href":"https:\/\/historiografija.hr\/index.php?rest_route=%2Fwp%2Fv2%2Fcategories&post=55187"},{"taxonomy":"post_tag","embeddable":true,"href":"https:\/\/historiografija.hr\/index.php?rest_route=%2Fwp%2Fv2%2Ftags&post=55187"}],"curies":[{"name":"wp","href":"https:\/\/api.w.org\/{rel}","templated":true}]}}