{"id":5518,"date":"2017-08-07T11:49:03","date_gmt":"2017-08-07T11:49:03","guid":{"rendered":"http:\/\/historiografija.hr\/?p=5518"},"modified":"2017-08-07T11:53:55","modified_gmt":"2017-08-07T11:53:55","slug":"gotz-aly-europa-gegen-die-juden-1880-1945","status":"publish","type":"post","link":"https:\/\/historiografija.hr\/?p=5518","title":{"rendered":"G\u00f6tz Aly, &#8220;Europa gegen die Juden 1880 \u2013 1945&#8221;"},"content":{"rendered":"<p>Godine 2017.\u00a0iza\u0161la je knjiga o antisemitizmu u Europi (1880-1945) njema\u010dkog povjesni\u010dara G\u00f6tza Alyja, \u010dije je hrvatsko izdanje \u201cHitlerove socijalne dr\u017eave: plja\u010dka, rasni rat i nacionalni socijalizam\u201d objavljeno 2012.<\/p>\n<p>&nbsp;<\/p>\n<p>&nbsp;<\/p>\n<p>&#8212;<\/p>\n<p>&nbsp;<\/p>\n<p>&nbsp;<\/p>\n<p><strong>S. Fischer Verlag GmbH, Frankfurt am Main<\/strong><\/p>\n<p>&nbsp;<\/p>\n<p>&nbsp;<\/p>\n<p>G\u00f6tz Aly<\/p>\n<p>&nbsp;<\/p>\n<p>&nbsp;<\/p>\n<p><em><strong>Europa gegen die Juden<\/strong><\/em><\/p>\n<p><em><strong>1880 &#8211; 1945<\/strong><\/em><\/p>\n<p>&nbsp;<\/p>\n<p>&nbsp;<\/p>\n<p>432 Seiten<\/p>\n<p>&nbsp;<\/p>\n<p>&nbsp;<\/p>\n<p>In seiner neuen, gro\u00dfen Gesamtdarstellung \u00bbEuropa gegen die Juden 1880-1945\u00ab zeigt der bekannte Historiker G\u00f6tz Aly, dass der Holocaust nicht allein aus der deutschen Geschichte heraus erkl\u00e4rbar ist. Sowohl in West- als auch in Osteuropa hatten Antisemitismus und Judenfeindschaft seit 1880 sprunghaft zugenommen \u2013 angetrieben von Nationalismus und sozialen Krisen. Erstmals stellt G\u00f6tz Aly hier den modernen Antisemitismus als grenz\u00fcberschreitendes Ph\u00e4nomen dar. Ohne die Schuld der deutschen T\u00e4ter zu mindern, zeigt er, wie Rivalit\u00e4t und Neid, Diskriminierung und Pogrome seit Ende des 19. Jahrhunderts vielerorts dazu beigetragen haben, den Boden f\u00fcr Deportationen und V\u00f6lkermord zu bereiten. W\u00e4hrend des Zweiten Weltkriegs ermordeten die nationalsozialistischen Besatzer schlie\u00dflich sechs Millionen Juden, die meisten in Osteuropa, teils unter Mithilfe lokaler Polizei und Beh\u00f6rden. Mit seinem gesamteurop\u00e4ischen Blick erm\u00f6glicht G\u00f6tz Aly ein neues, umfassendes Verst\u00e4ndnis des Holocaust.<\/p>\n<p>&nbsp;<\/p>\n<p>&nbsp;<\/p>\n<p><strong>G\u00f6tz Aly<\/strong> ist Historiker und Journalist. Er arbeitete f\u00fcr die \u00bbtaz\u00ab, die \u00bbBerliner Zeitung\u00ab und als Gastprofessor. Seine B\u00fccher werden in viele Sprachen \u00fcbersetzt. 2002 erhielt er den Heinrich-Mann-Preis, 2003 den Marion-Samuel-Preis, 2012 den Ludwig-B\u00f6rne-Preis. Zuletzt ver\u00f6ffentlichte er bei S. Fischer 2011 \u00bbWarum die Deutschen? Warum die Juden? Gleichheit, Neid und Rassenhass 1800-1933\u00ab sowie 2013 \u00bbDie Belasteten. \u203aEuthanasie\u2039 1939-1945. Eine Gesellschaftsgeschichte\u00ab. Im Februar 2017 erschien bei S. Fischer seine gro\u00dfe Studie \u00fcber die europ\u00e4ische Geschichte von Antisemitismus und Holocaust \u00bbEuropa gegen die Juden 1880\u20131945\u00ab.<\/p>\n<p>&nbsp;<\/p>\n<p>Literaturpreise:<\/p>\n<p>Heinrich-Mann-Preis f\u00fcr Essayistik der Akademie der K\u00fcnste Berlin 2002<br \/>\nMarion-Samuel-Preis 2003<br \/>\nBundesverdienstkreuz am Bande 2007<br \/>\nNational Jewish Book Award, USA 2007<br \/>\nLudwig-B\u00f6rne-Preis 2012<\/p>\n<p>&nbsp;<\/p>\n<p>&nbsp;<\/p>\n<p><strong>Leseprobe PDF<\/strong><\/p>\n<p><a href=\"http:\/\/www.fischerverlage.de\/buch\/europa_gegen_die_juden\/9783100004284\">http:\/\/www.fischerverlage.de\/buch\/europa_gegen_die_juden\/9783100004284<\/a><\/p>\n<p>&nbsp;<\/p>\n<p>&nbsp;<\/p>\n","protected":false},"excerpt":{"rendered":"","protected":false},"author":2,"featured_media":5519,"comment_status":"open","ping_status":"open","sticky":false,"template":"","format":"standard","meta":{"_acf_changed":false,"jetpack_post_was_ever_published":false,"_jetpack_newsletter_access":"","_jetpack_dont_email_post_to_subs":false,"_jetpack_newsletter_tier_id":0,"_jetpack_memberships_contains_paywalled_content":false,"_jetpack_memberships_contains_paid_content":false,"footnotes":"","jetpack_publicize_message":"","jetpack_publicize_feature_enabled":true,"jetpack_social_post_already_shared":true,"jetpack_social_options":{"image_generator_settings":{"template":"highway","default_image_id":0,"font":"","enabled":false},"version":2}},"categories":[8,3],"tags":[],"class_list":["post-5518","post","type-post","status-publish","format-standard","has-post-thumbnail","hentry","category-knjige","category-novosti"],"acf":{"facebook_opis":""},"jetpack_publicize_connections":[],"jetpack_featured_media_url":"https:\/\/i0.wp.com\/historiografija.hr\/wp-content\/uploads\/2017\/08\/Aly-Europa.jpg?fit=180%2C276&ssl=1","jetpack_sharing_enabled":true,"jetpack-related-posts":[{"id":52631,"url":"https:\/\/historiografija.hr\/?p=52631","url_meta":{"origin":5518,"position":0},"title":"Predavanje Ivana Tepe\u0161a: Djelovanje hrvatske politi\u010dke emigracije","author":"Branimir Jankovi\u0107","date":"23. travnja 2026.","format":false,"excerpt":"Odjel za me\u0111unarodnu suradnju i iseljeni\u0161tvo Matice hrvatske Predavanje Ivana Tepe\u0161a: Djelovanje hrvatske politi\u010dke emigracije Utorak, 28. travnja 2026. u 18:00 sati, Dvorana Ljudevita Jonkea (Mala dvorana MH), Strossmayerov trg 4, Zagreb dr. sc. Ivan Tepe\u0161, Institut za istra\u017eivanje migracija Hrvatska politi\u010dka emigracija obilje\u017eila je polustoljetnu hrvatsku povijest u drugoj\u2026","rel":"","context":"U &quot;Novosti&quot;","block_context":{"text":"Novosti","link":"https:\/\/historiografija.hr\/?cat=3"},"img":{"alt_text":"","src":"","width":0,"height":0},"classes":[]},{"id":52505,"url":"https:\/\/historiografija.hr\/?p=52505","url_meta":{"origin":5518,"position":1},"title":"Izlo\u017eba &#8220;Eschenstock \/ Jasenov prut&#8221;","author":"Branimir Jankovi\u0107","date":"17. travnja 2026.","format":false,"excerpt":"Srpsko narodno vije\u0107e (SNV) i Vizura aperta postavljaju izlo\u017ebu \u0161vicarskog slikara Velimira Ili\u0161evi\u0107a: Eschenstock \/ Jasenov prut. Izlo\u017eba se uz prisustvo autora otvara povodom 81. godi\u0161njice proboja logora\u0161a iz usta\u0161kog logora smrti Jasenovac 22. aprila 2026. u 19 sati u Srpskom kulturnom centru (SKC) u Preradovi\u0107evoj ulici 21 u Zagrebu.\u2026","rel":"","context":"U &quot;Izlo\u017ebe&quot;","block_context":{"text":"Izlo\u017ebe","link":"https:\/\/historiografija.hr\/?cat=10"},"img":{"alt_text":"","src":"https:\/\/i0.wp.com\/historiografija.hr\/wp-content\/uploads\/2026\/04\/Jasenov_prut.jpg?fit=1024%2C640&ssl=1&resize=350%2C200","width":350,"height":200,"srcset":"https:\/\/i0.wp.com\/historiografija.hr\/wp-content\/uploads\/2026\/04\/Jasenov_prut.jpg?fit=1024%2C640&ssl=1&resize=350%2C200 1x, https:\/\/i0.wp.com\/historiografija.hr\/wp-content\/uploads\/2026\/04\/Jasenov_prut.jpg?fit=1024%2C640&ssl=1&resize=525%2C300 1.5x, https:\/\/i0.wp.com\/historiografija.hr\/wp-content\/uploads\/2026\/04\/Jasenov_prut.jpg?fit=1024%2C640&ssl=1&resize=700%2C400 2x"},"classes":[]},{"id":52628,"url":"https:\/\/historiografija.hr\/?p=52628","url_meta":{"origin":5518,"position":2},"title":"Predavanje dopisnog \u010dlana HAZU Alaina Finkielkrauta Izrael, Europa, antisemitizam","author":"Branimir Jankovi\u0107","date":"23. travnja 2026.","format":false,"excerpt":"Francuski filozof Alain Finkielkraut, redoviti \u010dlan Francuske akademije i dopisni \u010dlan HAZU, odr\u017eat \u0107e predavanje\u00a0Izrael, Europa, antisemitizam u utorak 28. travnja 2026. u 13 sati u Knji\u017enici HAZU,\u00a0Strossmayerov trg 14 u Zagrebu. Uvodne rije\u010di odr\u017eat \u0107e\u00a0akademkinja \u017deljka \u010corak i\u00a0akademik Dra\u017een Katunari\u0107. Predavanje \u0107e se odr\u017eati na francuskom jeziku uz konsekutivno\u2026","rel":"","context":"U &quot;Novosti&quot;","block_context":{"text":"Novosti","link":"https:\/\/historiografija.hr\/?cat=3"},"img":{"alt_text":"","src":"https:\/\/i0.wp.com\/historiografija.hr\/wp-content\/uploads\/2026\/04\/Alain_Finkielkraut.jpg?fit=350%2C407&ssl=1&resize=350%2C200","width":350,"height":200},"classes":[]}],"_links":{"self":[{"href":"https:\/\/historiografija.hr\/index.php?rest_route=\/wp\/v2\/posts\/5518","targetHints":{"allow":["GET"]}}],"collection":[{"href":"https:\/\/historiografija.hr\/index.php?rest_route=\/wp\/v2\/posts"}],"about":[{"href":"https:\/\/historiografija.hr\/index.php?rest_route=\/wp\/v2\/types\/post"}],"author":[{"embeddable":true,"href":"https:\/\/historiografija.hr\/index.php?rest_route=\/wp\/v2\/users\/2"}],"replies":[{"embeddable":true,"href":"https:\/\/historiografija.hr\/index.php?rest_route=%2Fwp%2Fv2%2Fcomments&post=5518"}],"version-history":[{"count":4,"href":"https:\/\/historiografija.hr\/index.php?rest_route=\/wp\/v2\/posts\/5518\/revisions"}],"predecessor-version":[{"id":5523,"href":"https:\/\/historiografija.hr\/index.php?rest_route=\/wp\/v2\/posts\/5518\/revisions\/5523"}],"wp:featuredmedia":[{"embeddable":true,"href":"https:\/\/historiografija.hr\/index.php?rest_route=\/wp\/v2\/media\/5519"}],"wp:attachment":[{"href":"https:\/\/historiografija.hr\/index.php?rest_route=%2Fwp%2Fv2%2Fmedia&parent=5518"}],"wp:term":[{"taxonomy":"category","embeddable":true,"href":"https:\/\/historiografija.hr\/index.php?rest_route=%2Fwp%2Fv2%2Fcategories&post=5518"},{"taxonomy":"post_tag","embeddable":true,"href":"https:\/\/historiografija.hr\/index.php?rest_route=%2Fwp%2Fv2%2Ftags&post=5518"}],"curies":[{"name":"wp","href":"https:\/\/api.w.org\/{rel}","templated":true}]}}