{"id":55132,"date":"2026-09-01T13:30:00","date_gmt":"2026-09-01T11:30:00","guid":{"rendered":"https:\/\/historiografija.hr\/?p=55132"},"modified":"2026-08-26T11:59:08","modified_gmt":"2026-08-26T09:59:08","slug":"edward-j-watts-the-romans-a-2000-year-history","status":"publish","type":"post","link":"https:\/\/historiografija.hr\/?p=55132","title":{"rendered":"Edward J. Watts, \u201eThe Romans: A 2,000-Year History\u201c"},"content":{"rendered":"\n<p><strong>An acclaimed scholar tells the full, breathtaking history of Rome, from its emergence in the Iron Age to the capture of Constantinople in the thirteenth century<\/strong><\/p>\n\n\n\n<p>When we think of \u201cancient Romans\u201d today, many picture the toga-clad figures of Cicero and Caesar, presiding over a republic, and then an empire, before seeing their world collapse at the hands of barbarians in the fifth century AD.&nbsp;<br><br><em>The Romans <\/em>does away with this narrow vision by offering the first comprehensive account of ancient Rome over the course of two millennia. Prize-winning historian Edward J. Watts recounts the full sweep of Rome\u2019s epic past: the Punic Wars, the fall of the republic, the coming of Christianity, Alaric\u2019s sack of Rome, the rise of Islam, the Battle of Manzikert, and the onslaught of the Crusaders who would bring about the empire\u2019s end. Watts shows that the source of Rome\u2019s enduring strength was the diverse range of people who all called themselves Romans. This is the Rome of Augustus, Marcus Aurelius, and Constantine, but also Charlemagne, Justinian, and Manuel Comnenus\u2014and countless other men and women who together made it the most resilient state the world has ever seen. &nbsp;<\/p>\n\n\n\n<hr class=\"wp-block-separator has-alpha-channel-opacity\"\/>\n\n\n\n<p>Objavljeno: 2025.<br>ISBN: 9781541619821<br>720 str.<br>Basic Books<\/p>\n\n\n\n<p>Op\u0161irnije: <a href=\"https:\/\/www.hachettebookgroup.com\/titles\/edward-j-watts\/the-romans\/9781541619821\/?lens=basic-books\">https:\/\/www.hachettebookgroup.com\/titles\/edward-j-watts\/the-romans\/9781541619821\/?lens=basic-books<\/a><\/p>\n","protected":false},"excerpt":{"rendered":"","protected":false},"author":6,"featured_media":55135,"comment_status":"open","ping_status":"open","sticky":false,"template":"","format":"standard","meta":{"_acf_changed":false,"_jetpack_newsletter_access":"","_jetpack_dont_email_post_to_subs":false,"_jetpack_newsletter_tier_id":0,"_jetpack_memberships_contains_paywalled_content":false,"_jetpack_memberships_contains_paid_content":false,"footnotes":"","jetpack_publicize_message":"","jetpack_publicize_feature_enabled":true,"jetpack_social_post_already_shared":true,"jetpack_social_options":{"image_generator_settings":{"template":"highway","default_image_id":0,"font":"","enabled":false},"version":2},"jetpack_post_was_ever_published":false},"categories":[8,3],"tags":[],"class_list":["post-55132","post","type-post","status-publish","format-standard","has-post-thumbnail","hentry","category-knjige","category-novosti"],"acf":{"facebook_opis":"\u201eThe Romans: A 2,000-Year History\u201c Edwarda J. Wattsa prati povijest Rima od njegovih po\u010detaka u \u017eeljeznom dobu pa sve do kri\u017earskog osvajanja Carigrada 1204., promatraju\u0107i anti\u010dki i srednjovjekovni Rim kao dio iste povijesne cjeline."},"jetpack_publicize_connections":[],"jetpack_featured_media_url":"https:\/\/i0.wp.com\/historiografija.hr\/wp-content\/uploads\/2026\/08\/The-Romans-2000-year-history.webp?fit=660%2C1024&ssl=1","jetpack_sharing_enabled":true,"jetpack-related-posts":[{"id":55111,"url":"https:\/\/historiografija.hr\/?p=55111","url_meta":{"origin":55132,"position":0},"title":"Anthony Kaldellis, \u201eThe New Roman Empire: A History of Byzantium\u201c","author":"Filip \u0160imunjak","date":"26. kolovoza 2026.","format":false,"excerpt":"A major new history of the eastern Roman Empire, from Constantine to 1453.In recent decades, the study of the Eastern Roman Empire, also known as Byzantium, has been revolutionized by new approaches and more sophisticated models for how its society and state operated. No longer looked upon as a pale\u2026","rel":"","context":"U &quot;Knjige&quot;","block_context":{"text":"Knjige","link":"https:\/\/historiografija.hr\/?cat=8"},"img":{"alt_text":"","src":"https:\/\/i0.wp.com\/historiografija.hr\/wp-content\/uploads\/2026\/08\/The-New-Roman-Empire.webp?fit=362%2C550&ssl=1&resize=350%2C200","width":350,"height":200},"classes":[]},{"id":55143,"url":"https:\/\/historiografija.hr\/?p=55143","url_meta":{"origin":55132,"position":1},"title":"Caillan Davenport, \u201eBehind Caesar&#8217;s Back: Rumor, Gossip, and the Making of the Roman Emperors\u201c","author":"Filip \u0160imunjak","date":"31. kolovoza 2026.","format":false,"excerpt":"Traversing more than seven hundred years of Roman history, this book explores how everyday Romans swapped gossip, spread rumors, told jokes, and chanted protests about their emperors\u2014activity that amounted to much more than idle chatter. Caillan Davenport uses ancient evidence, including letters, graffiti, and songs, to reveal how Romans engaged\u2026","rel":"","context":"U &quot;Knjige&quot;","block_context":{"text":"Knjige","link":"https:\/\/historiografija.hr\/?cat=8"},"img":{"alt_text":"","src":"https:\/\/i0.wp.com\/historiografija.hr\/wp-content\/uploads\/2026\/08\/Behind-Cesars-Back.webp?fit=596%2C894&ssl=1&resize=350%2C200","width":350,"height":200,"srcset":"https:\/\/i0.wp.com\/historiografija.hr\/wp-content\/uploads\/2026\/08\/Behind-Cesars-Back.webp?fit=596%2C894&ssl=1&resize=350%2C200 1x, https:\/\/i0.wp.com\/historiografija.hr\/wp-content\/uploads\/2026\/08\/Behind-Cesars-Back.webp?fit=596%2C894&ssl=1&resize=525%2C300 1.5x"},"classes":[]},{"id":55147,"url":"https:\/\/historiografija.hr\/?p=55147","url_meta":{"origin":55132,"position":2},"title":"Emma Southon, \u201eServus: How Slavery Made the Roman World\u201c","author":"Filip \u0160imunjak","date":"1. rujna 2026.","format":false,"excerpt":"We associate the Romans with majesty and greatness: we marvel at their straight roads and innovative underfloor heating, at the dominance of their army and navy, at the grandeur of their palaces and temples. But the Romans were also enslavers. They built an empire on the backs of millions of\u2026","rel":"","context":"U &quot;Knjige&quot;","block_context":{"text":"Knjige","link":"https:\/\/historiografija.hr\/?cat=8"},"img":{"alt_text":"","src":"https:\/\/i0.wp.com\/historiografija.hr\/wp-content\/uploads\/2026\/08\/Servus-Southon.webp?fit=666%2C1024&ssl=1&resize=350%2C200","width":350,"height":200,"srcset":"https:\/\/i0.wp.com\/historiografija.hr\/wp-content\/uploads\/2026\/08\/Servus-Southon.webp?fit=666%2C1024&ssl=1&resize=350%2C200 1x, https:\/\/i0.wp.com\/historiografija.hr\/wp-content\/uploads\/2026\/08\/Servus-Southon.webp?fit=666%2C1024&ssl=1&resize=525%2C300 1.5x"},"classes":[]},{"id":54174,"url":"https:\/\/historiografija.hr\/?p=54174","url_meta":{"origin":55132,"position":3},"title":"Yanni Kotsonis, &#8220;The Greek Revolution and the Violent Birth of Nationalism&#8221;","author":"Branimir Jankovi\u0107","date":"18. lipnja 2026.","format":false,"excerpt":"A sweeping global history of the birth of modern Greece In 1821, a diverse territory in the southern Balkans on the fringe of the Ottoman Empire was thrust into a decade of astounding mass violence. The Greek Revolution and the Violent Birth of Nationalism traces how something new emerged from\u2026","rel":"","context":"U &quot;Knjige&quot;","block_context":{"text":"Knjige","link":"https:\/\/historiografija.hr\/?cat=8"},"img":{"alt_text":"","src":"https:\/\/historiografija.hr\/wp-content\/uploads\/2026\/06\/Kotsonis.avif","width":350,"height":200},"classes":[]},{"id":55124,"url":"https:\/\/historiografija.hr\/?p=55124","url_meta":{"origin":55132,"position":4},"title":"Anthony Kaldellis, \u201e1453: The Conquest and Tragedy of Constantinople\u201c","author":"Filip \u0160imunjak","date":"26. kolovoza 2026.","format":false,"excerpt":"Anthony Kaldellis offers the first narrative in sixty years of the siege of Constantinople in 1453, an event that marked the end of the Roman empire. The reconstruction of events is detailed, following a day-by-day basis when possible, and is grounded in the testimony of eye-witnesses who left gripping accounts\u2026","rel":"","context":"U &quot;Knjige&quot;","block_context":{"text":"Knjige","link":"https:\/\/historiografija.hr\/?cat=8"},"img":{"alt_text":"","src":"https:\/\/i0.wp.com\/historiografija.hr\/wp-content\/uploads\/2026\/08\/1453-Kaldellis.webp?fit=1200%2C690&ssl=1&resize=350%2C200","width":350,"height":200,"srcset":"https:\/\/i0.wp.com\/historiografija.hr\/wp-content\/uploads\/2026\/08\/1453-Kaldellis.webp?fit=1200%2C690&ssl=1&resize=350%2C200 1x, https:\/\/i0.wp.com\/historiografija.hr\/wp-content\/uploads\/2026\/08\/1453-Kaldellis.webp?fit=1200%2C690&ssl=1&resize=525%2C300 1.5x, https:\/\/i0.wp.com\/historiografija.hr\/wp-content\/uploads\/2026\/08\/1453-Kaldellis.webp?fit=1200%2C690&ssl=1&resize=700%2C400 2x, https:\/\/i0.wp.com\/historiografija.hr\/wp-content\/uploads\/2026\/08\/1453-Kaldellis.webp?fit=1200%2C690&ssl=1&resize=1050%2C600 3x"},"classes":[]},{"id":52692,"url":"https:\/\/historiografija.hr\/?p=52692","url_meta":{"origin":55132,"position":5},"title":"Florian Bieber \u201eHvar in the Modern Age: Identity and Change in Southeast Europe\u201c","author":"Filip \u0160imunjak","date":"28. travnja 2026.","format":false,"excerpt":"Description\u00a0 In this open-access book, Florian Bieber traces the history of the Adriatic island of Hvar over half a millennium, from the advent of Venetian rule in the 15th century to the end of Yugoslavia in the late 20th century. The history of Hvar tells a larger story about modernity,\u2026","rel":"","context":"U &quot;Knjige&quot;","block_context":{"text":"Knjige","link":"https:\/\/historiografija.hr\/?cat=8"},"img":{"alt_text":"","src":"https:\/\/i0.wp.com\/historiografija.hr\/wp-content\/uploads\/2026\/04\/Florian-Bieber-Hvar-in-the-Modern-Age-Identity-and-Change-in-Southeast-Europe.webp?fit=540%2C810&ssl=1&resize=350%2C200","width":350,"height":200,"srcset":"https:\/\/i0.wp.com\/historiografija.hr\/wp-content\/uploads\/2026\/04\/Florian-Bieber-Hvar-in-the-Modern-Age-Identity-and-Change-in-Southeast-Europe.webp?fit=540%2C810&ssl=1&resize=350%2C200 1x, https:\/\/i0.wp.com\/historiografija.hr\/wp-content\/uploads\/2026\/04\/Florian-Bieber-Hvar-in-the-Modern-Age-Identity-and-Change-in-Southeast-Europe.webp?fit=540%2C810&ssl=1&resize=525%2C300 1.5x"},"classes":[]}],"_links":{"self":[{"href":"https:\/\/historiografija.hr\/index.php?rest_route=\/wp\/v2\/posts\/55132","targetHints":{"allow":["GET"]}}],"collection":[{"href":"https:\/\/historiografija.hr\/index.php?rest_route=\/wp\/v2\/posts"}],"about":[{"href":"https:\/\/historiografija.hr\/index.php?rest_route=\/wp\/v2\/types\/post"}],"author":[{"embeddable":true,"href":"https:\/\/historiografija.hr\/index.php?rest_route=\/wp\/v2\/users\/6"}],"replies":[{"embeddable":true,"href":"https:\/\/historiografija.hr\/index.php?rest_route=%2Fwp%2Fv2%2Fcomments&post=55132"}],"version-history":[{"count":1,"href":"https:\/\/historiografija.hr\/index.php?rest_route=\/wp\/v2\/posts\/55132\/revisions"}],"predecessor-version":[{"id":55136,"href":"https:\/\/historiografija.hr\/index.php?rest_route=\/wp\/v2\/posts\/55132\/revisions\/55136"}],"wp:featuredmedia":[{"embeddable":true,"href":"https:\/\/historiografija.hr\/index.php?rest_route=\/wp\/v2\/media\/55135"}],"wp:attachment":[{"href":"https:\/\/historiografija.hr\/index.php?rest_route=%2Fwp%2Fv2%2Fmedia&parent=55132"}],"wp:term":[{"taxonomy":"category","embeddable":true,"href":"https:\/\/historiografija.hr\/index.php?rest_route=%2Fwp%2Fv2%2Fcategories&post=55132"},{"taxonomy":"post_tag","embeddable":true,"href":"https:\/\/historiografija.hr\/index.php?rest_route=%2Fwp%2Fv2%2Ftags&post=55132"}],"curies":[{"name":"wp","href":"https:\/\/api.w.org\/{rel}","templated":true}]}}