{"id":5505,"date":"2017-08-04T09:49:16","date_gmt":"2017-08-04T09:49:16","guid":{"rendered":"http:\/\/historiografija.hr\/?p=5505"},"modified":"2017-08-04T09:49:16","modified_gmt":"2017-08-04T09:49:16","slug":"dokumentarni-filmovi-na-hrt-u-prigodom-obljetnice-akcije-oluja","status":"publish","type":"post","link":"https:\/\/historiografija.hr\/?p=5505","title":{"rendered":"Dokumentarni filmovi na HRT-u prigodom obljetnice akcije \u201cOluja\u201d"},"content":{"rendered":"<p>Povodom Dana pobjede i domovinske zahvalnosti i Dana hrvatskih branitelja HRT u petak i subotu (4-5.VIII.2017) prikazuje nekoliko dokumentarnih filmova\u00a0prigodom obljetnice vojno-redarstvene akcije \u201cOluja\u201d 1995.<\/p>\n<p>&nbsp;<\/p>\n<p>&nbsp;<\/p>\n<p>&#8212;<\/p>\n<p>&nbsp;<\/p>\n<p>&nbsp;<\/p>\n<p><strong>HRT<\/strong><\/p>\n<p>&nbsp;<\/p>\n<p>&nbsp;<\/p>\n<p><a href=\"http:\/\/raspored.hrt.hr\/\">http:\/\/raspored.hrt.hr\/<\/a><\/p>\n<p>&nbsp;<\/p>\n<p>&nbsp;<\/p>\n<p>&nbsp;<\/p>\n<p>HTV3 04.08.2017. 21:00<\/p>\n<p>HTV4 05.08.2017. 20:00<\/p>\n<p>&nbsp;<\/p>\n<p>&nbsp;<\/p>\n<p><strong>Oluja nad olujama<\/strong>, dokumentarni film<\/p>\n<p>&nbsp;<\/p>\n<p>&nbsp;<\/p>\n<p>Vojno-redarstvena akcija Oluja zasigurno je jedna od najblistavijih vojnih pobjeda u hrvatskoj povijesti. Tijekom akcije koja je trajala nepuna osamdeset i dva sata oslobo\u0111en je Knin i veliki dio do tada zaposjednutog hrvatskog teritorija, a ujedno je omogu\u0107en kraj rata na ovim prostorima te mirna reintegracija isto\u010dne Slavonije i Baranje.<\/p>\n<p>&nbsp;<\/p>\n<p>U emisiji upoznajemo mnoge klju\u010dne aktere ove operacije i saznajemo neke \u0161iroj javnosti nepoznate \u010dinjenice iz Oluje.<\/p>\n<p>&nbsp;<\/p>\n<p>Scenarij: Ninoslav Lov\u010devi\u0107<br \/>\nRe\u017eija: Ninoslav Lov\u010devi\u0107<\/p>\n<p>&nbsp;<\/p>\n<p>Godina proizvodnje: 2005.<\/p>\n<p>&nbsp;<\/p>\n<p>&nbsp;<\/p>\n<p>&#8212;<\/p>\n<p>&nbsp;<\/p>\n<p>&nbsp;<\/p>\n<p>HTV1 05.08.2017. 20:09<\/p>\n<p>&nbsp;<\/p>\n<p>&nbsp;<\/p>\n<p><strong>Istinom do pobjede &#8211; perom i kamerom kroz Domovinski rat, Petar Malba\u0161a<\/strong> &#8211; dokumentarni film (46&#8217;19&#8221;)<\/p>\n<p>&nbsp;<\/p>\n<p>&nbsp;<\/p>\n<p>Dokumentarni film &#8220;Istinom do pobjede, perom i kamerom kroz Domovinski rat&#8221; pri\u010da je o zbivanjima tijekom Domovinskoga rata sa stajali\u0161ta sudionika ratnih operacija i mje\u0161tana ratom zahva\u0107enih podru\u010dja povezanih pripovijedanjem i izno\u0161enjem osobnih do\u017eivljaja ratnoga snimatelja, dugogodi\u0161njega suradnika HRT-a, Petra Malba\u0161e. Film iznimno realisti\u010dno, zahvaljuju\u0107i arhivskim snimkama, prikazuje ratna zbivanja od Sinja, Hrvaca i Vrlike, preko Bosne do Knina. Snimke granatiranja, spaljenih ku\u0107a, o\u010dajnih ljudi i razli\u010ditih sudbina nikog ne ostavljaju ravnodu\u0161nim.<\/p>\n<p>&nbsp;<\/p>\n<p>Malba\u0161ina kamera bila je jedino oru\u017eje na pregovorima s Ratkom Mladi\u0107em, gdje je skupina pregovara\u010da bila opkoljena njegovim osiguranjem dok se on i\u017eivljavao i demonstrirao silu. Petar Malba\u0161a pratio je i operacije &#8220;Maestral&#8221; i &#8220;Ju\u017eni potez&#8221;. &#8220;Zima &#8217;94.&#8221; pamti se po iznimno te\u0161kim uvjetima.<\/p>\n<p>&nbsp;<\/p>\n<p>&nbsp;<\/p>\n<p>Redatelj: Petar Malba\u0161a<br \/>\nSnimatelji: Petar Malba\u0161a i Emil Tomasovi\u0107<br \/>\nMonta\u017eeri: Ante Poljak, Darije Hrvatin<\/p>\n<p>&nbsp;<\/p>\n<p>Udruga Krugovi, 2011.<\/p>\n<p>&nbsp;<\/p>\n<p>&nbsp;<\/p>\n<p>&#8212;<\/p>\n<p>&nbsp;<\/p>\n<p>&nbsp;<\/p>\n<p>HTV4 04.08.2017. 18:09<\/p>\n<p>HTV3 05.08.2017. 13:25<\/p>\n<p>&nbsp;<\/p>\n<p>&nbsp;<\/p>\n<p><strong>Hrvatski vitez Predrag Matanovi\u0107<\/strong>, dokumentarni film<\/p>\n<p>&nbsp;<\/p>\n<p>&nbsp;<\/p>\n<p>U vojnoredarstvenoj operaciji &#8220;Oluja&#8221; vodile su se \u017eestoke bitke za Banovinu, a posebno za grad Petrinju. U tim okr\u0161ajima poginuo je i zapovjednik 2. bojne 2. gardijske brigade &#8220;Gromovi&#8221; pukovnik Predrag Matanovi\u0107. U spomen i za sje\u0107anje na njega snimljena je dokumentarna emisija pod naslovom &#8220;Hrvatski vitez &#8211; Predrag Matanovi\u0107&#8221;. Prerano zavr\u0161eni \u017eivotni put tog hrabrog i plemenitog \u010dovjeka osvjetlili su nam svojim sje\u0107anjima njegovi roditelji, supruga i njegovi vjerni suborci &#8220;Gromovi&#8221;.<\/p>\n<p>&nbsp;<\/p>\n<p>Scenarij: Krunoslav Toma\u0161evi\u0107<br \/>\nRe\u017eija: Krunoslav Toma\u0161evi\u0107<\/p>\n<p>Godina proizvodnje: 1996.<br \/>\nTrajanje: 45 min.<\/p>\n<p>&nbsp;<\/p>\n<p>&nbsp;<\/p>\n<p>&#8212;<\/p>\n<p>&nbsp;<\/p>\n<p>&nbsp;<\/p>\n<p>HTV1 05.08.2017. 13:11, 04:15<\/p>\n<p>&nbsp;<\/p>\n<p>&nbsp;<\/p>\n<p><strong>Pri\u010de o veteranskom uspjehu: Vitezovi u ratu, branitelji u miru<\/strong> &#8211; dokumentarna serija (45&#8217;15&#8221;)<\/p>\n<p>Epizoda (broj): 3.<\/p>\n<p>Epizoda (naslov): VITEZOVI U RATU, BRANITELJI U MIRU<\/p>\n<p>&nbsp;<\/p>\n<p>Dana\u0161nji aktivisti, politi\u010dari i lije\u010dnici me\u0111u prvima su dobrovoljno oti\u0161li braniti Hrvatsku, a i danas svojim anga\u017emanom daju veliki doprinos dru\u0161tvu u kojem \u017eivimo.<\/p>\n<p>&nbsp;<\/p>\n<p>Scenarist: Sre\u0107ko Kari\u0107<br \/>\nRedateljica i scenaristica: Biljana \u010caki\u0107<br \/>\nSnimatelji: Radoslav Pa\u017eameta, Filip Tot, Ivan Karabelj, Dragica Posavec, Bruno Gracin<br \/>\nMonta\u017eerke: Monika Drahotuski, Karla Folnovi\u0107, Ana \u0160eri\u0107<br \/>\nProducenti: Darija Kulenovi\u0107 Gudan, Marina Andree \u0160kop, Petar Mili\u0107<br \/>\nUrednik: Darko Dovrani\u0107<\/p>\n<p>Produkcija HOMMAGE za HRT 2016.<\/p>\n<p>&nbsp;<\/p>\n<p>&nbsp;<\/p>\n","protected":false},"excerpt":{"rendered":"","protected":false},"author":2,"featured_media":5506,"comment_status":"open","ping_status":"open","sticky":false,"template":"","format":"standard","meta":{"_acf_changed":false,"_jetpack_newsletter_access":"","_jetpack_dont_email_post_to_subs":false,"_jetpack_newsletter_tier_id":0,"_jetpack_memberships_contains_paywalled_content":false,"_jetpack_memberships_contains_paid_content":false,"footnotes":"","jetpack_publicize_message":"","jetpack_publicize_feature_enabled":true,"jetpack_social_post_already_shared":true,"jetpack_social_options":{"image_generator_settings":{"template":"highway","default_image_id":0,"font":"","enabled":false},"version":2},"jetpack_post_was_ever_published":false},"categories":[3],"tags":[],"class_list":["post-5505","post","type-post","status-publish","format-standard","has-post-thumbnail","hentry","category-novosti"],"acf":{"facebook_opis":""},"jetpack_publicize_connections":[],"jetpack_featured_media_url":"https:\/\/i0.wp.com\/historiografija.hr\/wp-content\/uploads\/2017\/08\/oluja-nad-olujama.jpg?fit=491%2C250&ssl=1","jetpack_sharing_enabled":true,"jetpack-related-posts":[{"id":54813,"url":"https:\/\/historiografija.hr\/?p=54813","url_meta":{"origin":5505,"position":0},"title":"Objavljen 9. broj \u010dasopisa \u201ePodplje\u0161ivi\u010dki grani\u010dari\u201c za 2025. godinu","author":"Branimir Jankovi\u0107","date":"27. srpnja 2026.","format":false,"excerpt":"Objavljen je 9. broj \u010dasopisa \u201ePodplje\u0161ivi\u010dki grani\u010dari\u201c u kojemu se objavljuju znanstveni i stru\u010dni prilozi iz podru\u010dja povijesne znanosti. Ve\u0107ina radova su radovi autora koji su sudjelovali na znanstveno-stru\u010dnom skupu \u201cOp\u0107ina Saborsko i okolica u pro\u0161losti i sada\u0161njosti\u201d koji je odr\u017ean u Saborskom 17. svibnja 2025. Kad bi se gledalo\u2026","rel":"","context":"U &quot;\u010casopisi&quot;","block_context":{"text":"\u010casopisi","link":"https:\/\/historiografija.hr\/?cat=21"},"img":{"alt_text":"","src":"https:\/\/i0.wp.com\/historiografija.hr\/wp-content\/uploads\/2026\/07\/Podpljesivicki-granicari-scaled.jpg?fit=844%2C1200&ssl=1&resize=350%2C200","width":350,"height":200,"srcset":"https:\/\/i0.wp.com\/historiografija.hr\/wp-content\/uploads\/2026\/07\/Podpljesivicki-granicari-scaled.jpg?fit=844%2C1200&ssl=1&resize=350%2C200 1x, https:\/\/i0.wp.com\/historiografija.hr\/wp-content\/uploads\/2026\/07\/Podpljesivicki-granicari-scaled.jpg?fit=844%2C1200&ssl=1&resize=525%2C300 1.5x, https:\/\/i0.wp.com\/historiografija.hr\/wp-content\/uploads\/2026\/07\/Podpljesivicki-granicari-scaled.jpg?fit=844%2C1200&ssl=1&resize=700%2C400 2x"},"classes":[]},{"id":53828,"url":"https:\/\/historiografija.hr\/?p=53828","url_meta":{"origin":5505,"position":1},"title":"Dokumentarni serijal &#8220;Titova Jugoslavija&#8221; Hrvoja Klasi\u0107a","author":"Branimir Jankovi\u0107","date":"29. svibnja 2026.","format":false,"excerpt":"Prikazivanje \u0161estodijelnog dokumentarnog serijala \"Titova Jugoslavija\" autora Hrvoja Klasi\u0107a zapo\u010delo je 23. svibnja 2026, a epizode \u0107e se na portalu vidatv.hr i YouTube kanalu Vide TV emitirati svake subote u 20 sati. Istodobno, serijal se petkom u 20 sati emitira u Crnoj Gori na Televiziji Vijesti, a srijedom u 20\u2026","rel":"","context":"U &quot;Filmovi i serije&quot;","block_context":{"text":"Filmovi i serije","link":"https:\/\/historiografija.hr\/?cat=13"},"img":{"alt_text":"","src":"https:\/\/i0.wp.com\/historiografija.hr\/wp-content\/uploads\/2026\/05\/Dokumentarni-serijal.jpg?fit=1200%2C675&ssl=1&resize=350%2C200","width":350,"height":200,"srcset":"https:\/\/i0.wp.com\/historiografija.hr\/wp-content\/uploads\/2026\/05\/Dokumentarni-serijal.jpg?fit=1200%2C675&ssl=1&resize=350%2C200 1x, https:\/\/i0.wp.com\/historiografija.hr\/wp-content\/uploads\/2026\/05\/Dokumentarni-serijal.jpg?fit=1200%2C675&ssl=1&resize=525%2C300 1.5x, https:\/\/i0.wp.com\/historiografija.hr\/wp-content\/uploads\/2026\/05\/Dokumentarni-serijal.jpg?fit=1200%2C675&ssl=1&resize=700%2C400 2x, https:\/\/i0.wp.com\/historiografija.hr\/wp-content\/uploads\/2026\/05\/Dokumentarni-serijal.jpg?fit=1200%2C675&ssl=1&resize=1050%2C600 3x"},"classes":[]},{"id":52607,"url":"https:\/\/historiografija.hr\/?p=52607","url_meta":{"origin":5505,"position":2},"title":"No\u0107 knjige: Kako je prije 410 godina smr\u0107u Shakespearea i Cervantesa zavr\u0161ilo razdoblje renesanse u knji\u017eevnosti","author":"Branimir Jankovi\u0107","date":"22. travnja 2026.","format":false,"excerpt":"\u010cetvrtak, 23. travnja 2026. u 18:00 sati, Knji\u017eara Matice hrvatske, Ulica Matice hrvatske 2, Zagreb Uvodna rije\u010d: dr. sc.\u00a0Dubravka Brezak Stama\u0107, pro\u010delnica Odjela za knji\u017eevnost Matice hrvatske Prof. dr. sc. Ivan Lupi\u0107, redoviti profesor u Odsjeku za anglistiku i Odsjeku za kroatistiku Sveu\u010dili\u0161ta u RijeciShakespeare, kazali\u0161te, glazbaKada se susre\u0107emo sa\u2026","rel":"","context":"U &quot;Novosti&quot;","block_context":{"text":"Novosti","link":"https:\/\/historiografija.hr\/?cat=3"},"img":{"alt_text":"","src":"https:\/\/i0.wp.com\/historiografija.hr\/wp-content\/uploads\/2026\/04\/noc_knjige_2026.jpg?fit=680%2C276&ssl=1&resize=350%2C200","width":350,"height":200,"srcset":"https:\/\/i0.wp.com\/historiografija.hr\/wp-content\/uploads\/2026\/04\/noc_knjige_2026.jpg?fit=680%2C276&ssl=1&resize=350%2C200 1x, https:\/\/i0.wp.com\/historiografija.hr\/wp-content\/uploads\/2026\/04\/noc_knjige_2026.jpg?fit=680%2C276&ssl=1&resize=525%2C300 1.5x"},"classes":[]},{"id":53604,"url":"https:\/\/historiografija.hr\/?p=53604","url_meta":{"origin":5505,"position":3},"title":"O budu\u0107nosti arhiva Ha\u0161kog suda","author":"Branimir Jankovi\u0107","date":"21. svibnja 2026.","format":false,"excerpt":"Savjet sigurnosti UN-a 2010. godine osnovao je Me\u0111unarodni rezidualni mehanizam za kaznene sudove (MRMKS) koji je preuzeo osnovne preostale funkcije Me\u0111unarodnog kaznenog suda za biv\u0161u Jugoslaviju (MKSJ) i Me\u0111unarodnog kaznenog suda za Ruandu (MKSR). Jedna od zada\u0107a Mehanizma jest \u010duvanje i vo\u0111enje arhiva te osiguravanje njegove dostupnosti javnosti. Baza podataka\u2026","rel":"","context":"U &quot;Novosti&quot;","block_context":{"text":"Novosti","link":"https:\/\/historiografija.hr\/?cat=3"},"img":{"alt_text":"","src":"https:\/\/i0.wp.com\/historiografija.hr\/wp-content\/uploads\/2026\/05\/Hag-zgrada.jpg?fit=1200%2C812&ssl=1&resize=350%2C200","width":350,"height":200,"srcset":"https:\/\/i0.wp.com\/historiografija.hr\/wp-content\/uploads\/2026\/05\/Hag-zgrada.jpg?fit=1200%2C812&ssl=1&resize=350%2C200 1x, https:\/\/i0.wp.com\/historiografija.hr\/wp-content\/uploads\/2026\/05\/Hag-zgrada.jpg?fit=1200%2C812&ssl=1&resize=525%2C300 1.5x, https:\/\/i0.wp.com\/historiografija.hr\/wp-content\/uploads\/2026\/05\/Hag-zgrada.jpg?fit=1200%2C812&ssl=1&resize=700%2C400 2x, https:\/\/i0.wp.com\/historiografija.hr\/wp-content\/uploads\/2026\/05\/Hag-zgrada.jpg?fit=1200%2C812&ssl=1&resize=1050%2C600 3x"},"classes":[]},{"id":52920,"url":"https:\/\/historiografija.hr\/?p=52920","url_meta":{"origin":5505,"position":4},"title":"Memorijalna intervencija Marka Tadi\u0107a u Rakovom Potoku","author":"Branimir Jankovi\u0107","date":"6. svibnja 2026.","format":false,"excerpt":"Privremena memorijalna umjetni\u010dka intervencija u \u010dast \u017ertava fa\u0161izma Vidi, vrata su otvorena\u00a0autora Marka Tadi\u0107a otvara se 8. svibnja, povodom Dana oslobo\u0111enja Grada Zagreba u Drugom svjetskom ratu, u spomen-parku Rakov Potok. Rakov Potok drugo je najve\u0107e mjesto masovnog stradanja tijekom Drugog svjetskog rata u Zagrebu. Mjesto gdje se danas nalazi\u2026","rel":"","context":"U &quot;Novosti&quot;","block_context":{"text":"Novosti","link":"https:\/\/historiografija.hr\/?cat=3"},"img":{"alt_text":"","src":"https:\/\/i0.wp.com\/historiografija.hr\/wp-content\/uploads\/2026\/05\/marko-tadic.jpeg?fit=600%2C600&ssl=1&resize=350%2C200","width":350,"height":200,"srcset":"https:\/\/i0.wp.com\/historiografija.hr\/wp-content\/uploads\/2026\/05\/marko-tadic.jpeg?fit=600%2C600&ssl=1&resize=350%2C200 1x, https:\/\/i0.wp.com\/historiografija.hr\/wp-content\/uploads\/2026\/05\/marko-tadic.jpeg?fit=600%2C600&ssl=1&resize=525%2C300 1.5x"},"classes":[]},{"id":54492,"url":"https:\/\/historiografija.hr\/?p=54492","url_meta":{"origin":5505,"position":5},"title":"Odjeci izlaganja Filipa Hamer\u0161aka o hrvatskim vojnicima u Prvom svjetskom ratu na podru\u010dju Ukrajine &#8211; povodom 110. obljetnice Brusilovljeve ofenzive","author":"Branimir Jankovi\u0107","date":"7. srpnja 2026.","format":false,"excerpt":"Dana 26. svibnja 2026. objavili smo vijest da je Leksikografski zavod Miroslav Krle\u017ea jedan od suorganizatora\u00a033. me\u0111unarodnoga slavisti\u010dkoga kolokvija\u00a0koji je 21. i 22. svibnja odr\u017ean u organizaciji i doma\u0107instvu\u00a0Dr\u017eavnog sveu\u010dili\u0161ta Ivana Franka u Lavovu. Me\u0111u izlaga\u010dima iz Zavoda ravnatelj dr. sc. Filip Hamer\u0161ak odr\u017eao je plenarno izlaganje \u201eHrvatski vojnici u\u2026","rel":"","context":"U &quot;Novosti&quot;","block_context":{"text":"Novosti","link":"https:\/\/historiografija.hr\/?cat=3"},"img":{"alt_text":"","src":"https:\/\/i0.wp.com\/historiografija.hr\/wp-content\/uploads\/2026\/07\/G_Glibivka-obnovljeno-hrvatsko-vojno-groblje_-snimio-F.-Hamer%CF%84ak.jpg?fit=1200%2C900&ssl=1&resize=350%2C200","width":350,"height":200,"srcset":"https:\/\/i0.wp.com\/historiografija.hr\/wp-content\/uploads\/2026\/07\/G_Glibivka-obnovljeno-hrvatsko-vojno-groblje_-snimio-F.-Hamer%CF%84ak.jpg?fit=1200%2C900&ssl=1&resize=350%2C200 1x, https:\/\/i0.wp.com\/historiografija.hr\/wp-content\/uploads\/2026\/07\/G_Glibivka-obnovljeno-hrvatsko-vojno-groblje_-snimio-F.-Hamer%CF%84ak.jpg?fit=1200%2C900&ssl=1&resize=525%2C300 1.5x, https:\/\/i0.wp.com\/historiografija.hr\/wp-content\/uploads\/2026\/07\/G_Glibivka-obnovljeno-hrvatsko-vojno-groblje_-snimio-F.-Hamer%CF%84ak.jpg?fit=1200%2C900&ssl=1&resize=700%2C400 2x, https:\/\/i0.wp.com\/historiografija.hr\/wp-content\/uploads\/2026\/07\/G_Glibivka-obnovljeno-hrvatsko-vojno-groblje_-snimio-F.-Hamer%CF%84ak.jpg?fit=1200%2C900&ssl=1&resize=1050%2C600 3x"},"classes":[]}],"_links":{"self":[{"href":"https:\/\/historiografija.hr\/index.php?rest_route=\/wp\/v2\/posts\/5505","targetHints":{"allow":["GET"]}}],"collection":[{"href":"https:\/\/historiografija.hr\/index.php?rest_route=\/wp\/v2\/posts"}],"about":[{"href":"https:\/\/historiografija.hr\/index.php?rest_route=\/wp\/v2\/types\/post"}],"author":[{"embeddable":true,"href":"https:\/\/historiografija.hr\/index.php?rest_route=\/wp\/v2\/users\/2"}],"replies":[{"embeddable":true,"href":"https:\/\/historiografija.hr\/index.php?rest_route=%2Fwp%2Fv2%2Fcomments&post=5505"}],"version-history":[{"count":1,"href":"https:\/\/historiografija.hr\/index.php?rest_route=\/wp\/v2\/posts\/5505\/revisions"}],"predecessor-version":[{"id":5507,"href":"https:\/\/historiografija.hr\/index.php?rest_route=\/wp\/v2\/posts\/5505\/revisions\/5507"}],"wp:featuredmedia":[{"embeddable":true,"href":"https:\/\/historiografija.hr\/index.php?rest_route=\/wp\/v2\/media\/5506"}],"wp:attachment":[{"href":"https:\/\/historiografija.hr\/index.php?rest_route=%2Fwp%2Fv2%2Fmedia&parent=5505"}],"wp:term":[{"taxonomy":"category","embeddable":true,"href":"https:\/\/historiografija.hr\/index.php?rest_route=%2Fwp%2Fv2%2Fcategories&post=5505"},{"taxonomy":"post_tag","embeddable":true,"href":"https:\/\/historiografija.hr\/index.php?rest_route=%2Fwp%2Fv2%2Ftags&post=5505"}],"curies":[{"name":"wp","href":"https:\/\/api.w.org\/{rel}","templated":true}]}}