{"id":54760,"date":"2026-07-23T12:07:00","date_gmt":"2026-07-23T10:07:00","guid":{"rendered":"https:\/\/historiografija.hr\/?p=54760"},"modified":"2026-07-23T00:11:42","modified_gmt":"2026-07-22T22:11:42","slug":"stephen-greenblatt-dark-renaissance","status":"publish","type":"post","link":"https:\/\/historiografija.hr\/?p=54760","title":{"rendered":"Stephen Greenblatt, \u201eDark Renaissance\u201c"},"content":{"rendered":"\n<p>Autor u knjizi <em>Mra\u010dna renesansa<\/em> prikazuje \u017eivot Christophera Marlowea, Shakespeareova najve\u0107eg suparnika i nadahnu\u0107a, \u010diji su pjesni\u010dki talent, radikalne ideje i dramati\u010dna sudbina presudno pridonijeli procvatu engleske renesansne knji\u017eevnosti.<\/p>\n\n\n\n<p><strong>O knjizi:&nbsp;<\/strong><\/p>\n\n\n\n<p>\u201ePoor boy. Dark star. Spy. Transgressor. Genius. This is the extraordinary story of Christopher Marlowe \u2013 Shakespeare\u2019s greatest inspiration and rival. In brutally repressive Elizabethan London, artists are frightened; foreigners are suspect; crowds revel in animal fights and public executions. Into this crude world comes an ambitious boy whose uncanny ear for poetry and radical streak would change England forever. Enter Christopher Marlowe. A cobbler\u2019s son from Canterbury, by the time of his murder in 1593 Marlowe is the most celebrated playwright of his time, setting the stage for an explosion of artistic creativity. Written by one of our greatest writers on the Elizabethan era,&nbsp;<em>Dark Renaissance<\/em>&nbsp;tells Marlowe\u2019s story: a thrilling tale of daring, scandal and tragedy which reveals Marlowe to be a blazing talent who helped break England out of the cultural darkness and into the light.\u201c<\/p>\n\n\n\n<p><strong>O autoru:&nbsp;<\/strong><\/p>\n\n\n\n<p>Stephen Greenblatt&nbsp;is Cogan University Professor of the Humanities at Harvard University. He is the author of fifteen books, including&nbsp;<em>The Swerve: How the World Became&nbsp;<\/em>Modern, which won the National Book Award and a Pulitzer Prize, as well as the New York Times bestseller&nbsp;<em>Will in the World: How Shakespeare Became Shakespeare&nbsp;<\/em>and the classic university text<em>&nbsp;Renaissance Self-Fashioning.<\/em> A prize-winning author and celebrated scholar, he has been studying, thinking and writing about Renaissance literature for his entire working life.<\/p>\n\n\n\n<p>Published in September 2025.&nbsp;<\/p>\n\n\n\n<p>ISBN: 9781529967814<\/p>\n\n\n\n<p>352 pp.<\/p>\n\n\n\n<p>Izvor: <a href=\"https:\/\/www.penguin.co.uk\/books\/446587\/dark-renaissance-by-greenblatt%20stephen\/9781529967791\">https:\/\/www.penguin.co.uk\/books\/446587\/dark-renaissance-by-greenblatt stephen\/9781529967791<\/a><\/p>\n\n\n\n<hr class=\"wp-block-separator has-alpha-channel-opacity\"\/>\n\n\n\n<p><\/p>\n","protected":false},"excerpt":{"rendered":"","protected":false},"author":2,"featured_media":54761,"comment_status":"open","ping_status":"open","sticky":false,"template":"","format":"standard","meta":{"_acf_changed":false,"_jetpack_newsletter_access":"","_jetpack_dont_email_post_to_subs":false,"_jetpack_newsletter_tier_id":0,"_jetpack_memberships_contains_paywalled_content":false,"_jetpack_memberships_contains_paid_content":false,"footnotes":"","jetpack_publicize_message":"","jetpack_publicize_feature_enabled":true,"jetpack_social_post_already_shared":true,"jetpack_social_options":{"image_generator_settings":{"template":"highway","default_image_id":0,"font":"","enabled":false},"version":2},"jetpack_post_was_ever_published":false},"categories":[8,3],"tags":[],"class_list":["post-54760","post","type-post","status-publish","format-standard","has-post-thumbnail","hentry","category-knjige","category-novosti"],"acf":{"facebook_opis":"Autor u knjizi Mra\u010dna renesansa prikazuje \u017eivot Christophera Marlowea, Shakespeareova najve\u0107eg suparnika i nadahnu\u0107a, \u010diji su pjesni\u010dki talent, radikalne ideje i dramati\u010dna sudbina presudno pridonijeli procvatu engleske renesansne knji\u017eevnosti."},"jetpack_publicize_connections":[],"jetpack_featured_media_url":"https:\/\/i0.wp.com\/historiografija.hr\/wp-content\/uploads\/2026\/07\/Dark-Renaissance.webp?fit=326%2C500&ssl=1","jetpack_sharing_enabled":true,"jetpack-related-posts":[{"id":52520,"url":"https:\/\/historiografija.hr\/?p=52520","url_meta":{"origin":54760,"position":0},"title":"Predstavljanje knjige &#8220;Socialist Economics in Yugoslavia: A Critical History&#8221; u Zagrebu","author":"Branimir Jankovi\u0107","date":"17. travnja 2026.","format":false,"excerpt":"Pozivamo vas na predstavljanje knjige \"Socialist Economics in Yugoslavia: A Critical History\", autora Mislava \u00a0\u017ditka i Marka Grde\u0161i\u0107a (Routledge, 2026). Na predstavljanju \u0107e govoriti Branko Milanovi\u0107 (CUNY), Milica Uvali\u0107 (EUI), Zdravko Petak (FPZG) te autori.\u00a0 Predstavljanje \u0107e se odr\u017eati u srijedu 22. travnja u 16:00 sati na Fakultetu politi\u010dkih znanosti\u2026","rel":"","context":"U &quot;Novosti&quot;","block_context":{"text":"Novosti","link":"https:\/\/historiografija.hr\/?cat=3"},"img":{"alt_text":"","src":"https:\/\/i0.wp.com\/historiografija.hr\/wp-content\/uploads\/2026\/04\/Poziv-na-predstavljanje.png?fit=800%2C652&ssl=1&resize=350%2C200","width":350,"height":200,"srcset":"https:\/\/i0.wp.com\/historiografija.hr\/wp-content\/uploads\/2026\/04\/Poziv-na-predstavljanje.png?fit=800%2C652&ssl=1&resize=350%2C200 1x, https:\/\/i0.wp.com\/historiografija.hr\/wp-content\/uploads\/2026\/04\/Poziv-na-predstavljanje.png?fit=800%2C652&ssl=1&resize=525%2C300 1.5x, https:\/\/i0.wp.com\/historiografija.hr\/wp-content\/uploads\/2026\/04\/Poziv-na-predstavljanje.png?fit=800%2C652&ssl=1&resize=700%2C400 2x"},"classes":[]},{"id":53369,"url":"https:\/\/historiografija.hr\/?p=53369","url_meta":{"origin":54760,"position":1},"title":"Predstavljanje knjige Ljiljane Dobrov\u0161ak &#8220;Za\u010detnici industrije u Hrvatskoj \u017eidovskog podrijetla&#8221;","author":"Branimir Jankovi\u0107","date":"15. svibnja 2026.","format":false,"excerpt":"Pozivamo vas na predstavljanje knjige dr. sc. Ljiljane Dobrov\u0161ak Za\u010detnici industrije u Hrvatskoj \u017eidovskog podrijetla u utorak 19. svibnja 2026. u 17 sati u Multimedijalnoj dvorani Instituta Pilar u Zagrebu. Nakladnici knjige su \u017didovska vjerska zajednica BET ISRAEL u Hrvatskoj i STAJER-GRAF iz Zagreba, a glavna urednica Jasminka Doma\u0161. U\u2026","rel":"","context":"U &quot;Novosti&quot;","block_context":{"text":"Novosti","link":"https:\/\/historiografija.hr\/?cat=3"},"img":{"alt_text":"","src":"https:\/\/i0.wp.com\/historiografija.hr\/wp-content\/uploads\/2026\/05\/Dobrovsak_promocija.jpg?fit=939%2C704&ssl=1&resize=350%2C200","width":350,"height":200,"srcset":"https:\/\/i0.wp.com\/historiografija.hr\/wp-content\/uploads\/2026\/05\/Dobrovsak_promocija.jpg?fit=939%2C704&ssl=1&resize=350%2C200 1x, https:\/\/i0.wp.com\/historiografija.hr\/wp-content\/uploads\/2026\/05\/Dobrovsak_promocija.jpg?fit=939%2C704&ssl=1&resize=525%2C300 1.5x, https:\/\/i0.wp.com\/historiografija.hr\/wp-content\/uploads\/2026\/05\/Dobrovsak_promocija.jpg?fit=939%2C704&ssl=1&resize=700%2C400 2x"},"classes":[]},{"id":54425,"url":"https:\/\/historiografija.hr\/?p=54425","url_meta":{"origin":54760,"position":2},"title":"Tanja Petrovi\u0107, &#8220;Utopija uniforme&#8221;","author":"Branimir Jankovi\u0107","date":"2. srpnja 2026.","format":false,"excerpt":"Knjiga \u201eUtopija uniforme\u201c autorice Tanje Petrovi\u0107 objavljena je u izdanju Akademske knjige iz Novog Sada, a s engleskoga ju je prevela Katarina Jovanovi\u0107.\u00a0 O knjizi Obavezni vojni rok u Jugoslovenskoj narodnoj armiji (JNA) stvarao je me\u0111u mladim mu\u0161karcima veze koje su nadilazile etni\u010dke, verske i dru\u0161tvene podele. Ove veze opstale\u2026","rel":"","context":"U &quot;Knjige&quot;","block_context":{"text":"Knjige","link":"https:\/\/historiografija.hr\/?cat=8"},"img":{"alt_text":"","src":"https:\/\/i0.wp.com\/historiografija.hr\/wp-content\/uploads\/2026\/07\/Utopija-uniforme.jpg?fit=928%2C1200&ssl=1&resize=350%2C200","width":350,"height":200,"srcset":"https:\/\/i0.wp.com\/historiografija.hr\/wp-content\/uploads\/2026\/07\/Utopija-uniforme.jpg?fit=928%2C1200&ssl=1&resize=350%2C200 1x, https:\/\/i0.wp.com\/historiografija.hr\/wp-content\/uploads\/2026\/07\/Utopija-uniforme.jpg?fit=928%2C1200&ssl=1&resize=525%2C300 1.5x, https:\/\/i0.wp.com\/historiografija.hr\/wp-content\/uploads\/2026\/07\/Utopija-uniforme.jpg?fit=928%2C1200&ssl=1&resize=700%2C400 2x"},"classes":[]},{"id":54612,"url":"https:\/\/historiografija.hr\/?p=54612","url_meta":{"origin":54760,"position":3},"title":"Kristina Palokaj Perkola, \u201eThe Outlines of a Social History of Music in Kosovo, 1945\u00a0\u00a0to 2020\u201c","author":"Branimir Jankovi\u0107","date":"15. srpnja 2026.","format":false,"excerpt":"Autorica Kristina Palokaj Perkola u knjizi The Outlines of a Social History of Music in Kosovo, 1945\u00a0\u00a0to 2020 donosi prvi cjelovit prikaz dru\u0161tvene povijesti glazbe na Kosovu od 1945. do 2020. godine, istra\u017euju\u0107i razvoj glazbenog \u017eivota, institucija i skladateljskog stvarala\u0161tva u njihovu povijesnom i dru\u0161tvenom kontekstu. O knjizi Knjiga Kristine\u2026","rel":"","context":"U &quot;Knjige&quot;","block_context":{"text":"Knjige","link":"https:\/\/historiografija.hr\/?cat=8"},"img":{"alt_text":"","src":"https:\/\/i0.wp.com\/historiografija.hr\/wp-content\/uploads\/2026\/07\/Perkola_SocijalnaPovijest-glazbe-na-Kosovu-naslovnica.jpg?fit=851%2C1200&ssl=1&resize=350%2C200","width":350,"height":200,"srcset":"https:\/\/i0.wp.com\/historiografija.hr\/wp-content\/uploads\/2026\/07\/Perkola_SocijalnaPovijest-glazbe-na-Kosovu-naslovnica.jpg?fit=851%2C1200&ssl=1&resize=350%2C200 1x, https:\/\/i0.wp.com\/historiografija.hr\/wp-content\/uploads\/2026\/07\/Perkola_SocijalnaPovijest-glazbe-na-Kosovu-naslovnica.jpg?fit=851%2C1200&ssl=1&resize=525%2C300 1.5x, https:\/\/i0.wp.com\/historiografija.hr\/wp-content\/uploads\/2026\/07\/Perkola_SocijalnaPovijest-glazbe-na-Kosovu-naslovnica.jpg?fit=851%2C1200&ssl=1&resize=700%2C400 2x"},"classes":[]},{"id":54770,"url":"https:\/\/historiografija.hr\/?p=54770","url_meta":{"origin":54760,"position":4},"title":"Camille Laurens, \u201eMala \u010detrnaestogodi\u0161nja plesa\u010dica\u201c","author":"Branimir Jankovi\u0107","date":"24. srpnja 2026.","format":false,"excerpt":"Autorica Camille Laurens u knjizi Mala \u010detrnaestogodi\u0161nja plesa\u010dica, koju je s francuskog izvornika na hrvatski jezik prevela Mirna Sindi\u010di\u0107 Sabljo, rekonstruira \u017eivot Degasova maloljetnog modela Marie van Goethem, problematiziraju\u0107i njezinu dru\u0161tvenu marginalizaciju i povijesni zaborav.\u00a0 O knjizi\u00a0 U Maloj \u010detrnaestogodi\u0161njoj plesa\u010dici Camille Laurens secira nesvakida\u0161nji odnos slavnog umjetnika, koji je\u2026","rel":"","context":"U &quot;Knjige&quot;","block_context":{"text":"Knjige","link":"https:\/\/historiografija.hr\/?cat=8"},"img":{"alt_text":"","src":"https:\/\/i0.wp.com\/historiografija.hr\/wp-content\/uploads\/2026\/07\/Mala-cetrnaestogodisnja-plesacica.jpg?fit=489%2C800&ssl=1&resize=350%2C200","width":350,"height":200},"classes":[]},{"id":54012,"url":"https:\/\/historiografija.hr\/?p=54012","url_meta":{"origin":54760,"position":5},"title":"Promocija knjige Armine Galija\u0161 \u201eBanja Luka u ratu. Etnopolitika i svakodnevica (1990\u20131995)\u201c u Zagrebu","author":"Filip \u0160imunjak","date":"11. lipnja 2026.","format":false,"excerpt":"U ponedjeljak, 15. lipnja 2026, u 18 sati u Srpskom kulturnom centru u Zagrebu (Preradovi\u0107eva 21) odr\u017eat \u0107e se predstavljanje knjige Armine Galija\u0161 Banja Luka u ratu: Etnopolitika i svakodnevica (1990.-1995.), objavljene u izdanju Udru\u017eenja gra\u0111ana iz Banje Luke \u201eO\u0161tra nula\u201c i izdava\u010dke ku\u0107e Akademska knjiga iz Novog Sada. Rije\u010d\u2026","rel":"","context":"U &quot;Novosti&quot;","block_context":{"text":"Novosti","link":"https:\/\/historiografija.hr\/?cat=3"},"img":{"alt_text":"","src":"https:\/\/i0.wp.com\/historiografija.hr\/wp-content\/uploads\/2026\/03\/Banjaluka-u-ratu.webp?fit=600%2C900&ssl=1&resize=350%2C200","width":350,"height":200,"srcset":"https:\/\/i0.wp.com\/historiografija.hr\/wp-content\/uploads\/2026\/03\/Banjaluka-u-ratu.webp?fit=600%2C900&ssl=1&resize=350%2C200 1x, https:\/\/i0.wp.com\/historiografija.hr\/wp-content\/uploads\/2026\/03\/Banjaluka-u-ratu.webp?fit=600%2C900&ssl=1&resize=525%2C300 1.5x"},"classes":[]}],"_links":{"self":[{"href":"https:\/\/historiografija.hr\/index.php?rest_route=\/wp\/v2\/posts\/54760","targetHints":{"allow":["GET"]}}],"collection":[{"href":"https:\/\/historiografija.hr\/index.php?rest_route=\/wp\/v2\/posts"}],"about":[{"href":"https:\/\/historiografija.hr\/index.php?rest_route=\/wp\/v2\/types\/post"}],"author":[{"embeddable":true,"href":"https:\/\/historiografija.hr\/index.php?rest_route=\/wp\/v2\/users\/2"}],"replies":[{"embeddable":true,"href":"https:\/\/historiografija.hr\/index.php?rest_route=%2Fwp%2Fv2%2Fcomments&post=54760"}],"version-history":[{"count":1,"href":"https:\/\/historiografija.hr\/index.php?rest_route=\/wp\/v2\/posts\/54760\/revisions"}],"predecessor-version":[{"id":54762,"href":"https:\/\/historiografija.hr\/index.php?rest_route=\/wp\/v2\/posts\/54760\/revisions\/54762"}],"wp:featuredmedia":[{"embeddable":true,"href":"https:\/\/historiografija.hr\/index.php?rest_route=\/wp\/v2\/media\/54761"}],"wp:attachment":[{"href":"https:\/\/historiografija.hr\/index.php?rest_route=%2Fwp%2Fv2%2Fmedia&parent=54760"}],"wp:term":[{"taxonomy":"category","embeddable":true,"href":"https:\/\/historiografija.hr\/index.php?rest_route=%2Fwp%2Fv2%2Fcategories&post=54760"},{"taxonomy":"post_tag","embeddable":true,"href":"https:\/\/historiografija.hr\/index.php?rest_route=%2Fwp%2Fv2%2Ftags&post=54760"}],"curies":[{"name":"wp","href":"https:\/\/api.w.org\/{rel}","templated":true}]}}