{"id":54744,"date":"2026-07-22T12:30:34","date_gmt":"2026-07-22T10:30:34","guid":{"rendered":"https:\/\/historiografija.hr\/?p=54744"},"modified":"2026-08-06T15:30:01","modified_gmt":"2026-08-06T13:30:01","slug":"prikazivanje-filma-odiseja","status":"publish","type":"post","link":"https:\/\/historiografija.hr\/?p=54744","title":{"rendered":"Prikazivanje filma &#8220;Odiseja&#8221;"},"content":{"rendered":"\n<p>Christopher Nolanov film, <em>Odiseja<\/em>, mitski je akcijski ep snimljen diljem svijeta kori\u0161tenjem potpuno nove IMAX\u00ae filmske tehnologije. Film po prvi put donosi Homerovu temeljnu sagu na IMAX\u00ae filmska platna i u kinima diljem svijeta.<\/p>\n\n\n\n<p>Izvorni naslov: The Odyssey<br>Re\u017eiser: Christopher Nolan<br>Uloge: Matt Damon, Tom Holland, Anne Hathaway, Robert Pattinson, Lupita Nyong&#8217;o, Zendaya, Charlize Theron<\/p>\n\n\n\n<p>Izvor i dodatne obavijesti: <a href=\"https:\/\/cinestarcinemas.hr\/cinestar\/odiseja\/6519\">https:\/\/cinestarcinemas.hr\/cinestar\/odiseja\/6519<\/a><\/p>\n\n\n\n<hr class=\"wp-block-separator has-alpha-channel-opacity\"\/>\n\n\n\n<p>Iz medija:<\/p>\n\n\n\n<p><a href=\"https:\/\/www.jutarnji.hr\/kultura\/film-i-televizija\/nolanova-odiseja-razlike-u-odnosu-na-homerov-ep-analiza-strucnjaka-15729973?cx_linkref=jl_home_vijesti_prva_pasica\">https:\/\/www.jutarnji.hr\/kultura\/film-i-televizija\/nolanova-odiseja-razlike-u-odnosu-na-homerov-ep-analiza-strucnjaka-15729973<\/a><\/p>\n\n\n\n<p><a href=\"https:\/\/www.jutarnji.hr\/kultura\/film-i-televizija\/jurica-pavicic-odiseja-je-250-milijuna-skup-spektakl-o-krivnji-zapada-sva-su-pravila-prekrsena-15729230?cx_linkref=jl_ia_vezane\">https:\/\/www.jutarnji.hr\/kultura\/film-i-televizija\/jurica-pavicic-odiseja-je-250-milijuna-skup-spektakl-o-krivnji-zapada-sva-su-pravila-prekrsena-15729230<\/a><\/p>\n\n\n\n<p><a href=\"https:\/\/nomad.ba\/zizek-napokon-jedna-dobra-kamerna-drama\">https:\/\/nomad.ba\/zizek-napokon-jedna-dobra-kamerna-drama<\/a><\/p>\n\n\n\n<p><a href=\"https:\/\/www.telegram.hr\/kultura\/nolanova-odiseja-je-zadivljujuci-film-o-buducnosti-kraj-civilizacije-je-neminovan-jer-ne-znamo-cijeniti-sto-imamo\">https:\/\/www.telegram.hr\/kultura\/nolanova-odiseja-je-zadivljujuci-film-o-buducnosti-kraj-civilizacije-je-neminovan-jer-ne-znamo-cijeniti-sto-imamo<\/a><\/p>\n\n\n\n<p><a href=\"https:\/\/www.theguardian.com\/film\/2026\/jul\/16\/the-odyssey-earns-near-universal-acclaim-as-full-reviews-published\">https:\/\/www.theguardian.com\/film\/2026\/jul\/16\/the-odyssey-earns-near-universal-acclaim-as-full-reviews-published<\/a><\/p>\n\n\n\n<p><a href=\"https:\/\/www.nybooks.com\/online\/2026\/07\/17\/artful-weaving-odyssey-christopher-nolan\">https:\/\/www.nybooks.com\/online\/2026\/07\/17\/artful-weaving-odyssey-christopher-nolan<\/a><\/p>\n\n\n\n<figure class=\"wp-block-embed is-type-video is-provider-youtube wp-block-embed-youtube wp-embed-aspect-16-9 wp-has-aspect-ratio\"><div class=\"wp-block-embed__wrapper\">\n<span class=\"embed-youtube\" style=\"text-align:center; display: block;\"><iframe loading=\"lazy\" class=\"youtube-player\" width=\"860\" height=\"484\" src=\"https:\/\/www.youtube.com\/embed\/CMJj0SUREkk?version=3&#038;rel=1&#038;showsearch=0&#038;showinfo=1&#038;iv_load_policy=1&#038;fs=1&#038;hl=hr&#038;autohide=2&#038;wmode=transparent\" allowfullscreen=\"true\" style=\"border:0;\" sandbox=\"allow-scripts allow-same-origin allow-popups allow-presentation allow-popups-to-escape-sandbox\"><\/iframe><\/span>\n<\/div><\/figure>\n\n\n\n<hr class=\"wp-block-separator has-alpha-channel-opacity\"\/>\n\n\n\n<figure class=\"wp-block-embed is-type-video is-provider-youtube wp-block-embed-youtube wp-embed-aspect-16-9 wp-has-aspect-ratio\"><div class=\"wp-block-embed__wrapper\">\n<span class=\"embed-youtube\" style=\"text-align:center; display: block;\"><iframe loading=\"lazy\" class=\"youtube-player\" width=\"860\" height=\"484\" src=\"https:\/\/www.youtube.com\/embed\/FRbadb_VYAc?version=3&#038;rel=1&#038;showsearch=0&#038;showinfo=1&#038;iv_load_policy=1&#038;fs=1&#038;hl=hr&#038;autohide=2&#038;wmode=transparent\" allowfullscreen=\"true\" style=\"border:0;\" sandbox=\"allow-scripts allow-same-origin allow-popups allow-presentation allow-popups-to-escape-sandbox\"><\/iframe><\/span>\n<\/div><\/figure>\n\n\n\n<hr class=\"wp-block-separator has-alpha-channel-opacity\"\/>\n\n\n\n<p><\/p>\n","protected":false},"excerpt":{"rendered":"","protected":false},"author":6,"featured_media":54746,"comment_status":"open","ping_status":"open","sticky":false,"template":"","format":"standard","meta":{"_acf_changed":false,"_jetpack_newsletter_access":"","_jetpack_dont_email_post_to_subs":false,"_jetpack_newsletter_tier_id":0,"_jetpack_memberships_contains_paywalled_content":false,"_jetpack_memberships_contains_paid_content":false,"footnotes":"","jetpack_publicize_message":"","jetpack_publicize_feature_enabled":true,"jetpack_social_post_already_shared":true,"jetpack_social_options":{"image_generator_settings":{"template":"highway","default_image_id":0,"font":"","enabled":false},"version":2},"jetpack_post_was_ever_published":false},"categories":[13,3],"tags":[],"class_list":["post-54744","post","type-post","status-publish","format-standard","has-post-thumbnail","hentry","category-filmovi-i-serije","category-novosti"],"acf":{"facebook_opis":"U nastavku donosimo prve obavijesti o filmu Christophera Nolana \"Odiseja\" i po\u010detne stru\u010dne reakcije o njemu."},"jetpack_publicize_connections":[],"jetpack_featured_media_url":"https:\/\/i0.wp.com\/historiografija.hr\/wp-content\/uploads\/2026\/07\/Odisej.jpg?fit=1400%2C788&ssl=1","jetpack_sharing_enabled":true,"jetpack-related-posts":[{"id":54872,"url":"https:\/\/historiografija.hr\/?p=54872","url_meta":{"origin":54744,"position":0},"title":"Margaret Atwood, &#8220;Penelopeja&#8221;","author":"Branimir Jankovi\u0107","date":"4. kolovoza 2026.","format":false,"excerpt":"Nakon izdanja romana Margaret Atwood \"Penelopeja: mit o Penelopi i Odiseju\" iz 2005. (u prijevodu Gige Gra\u010dan), objavljeno je 2022. i 2023. novo hrvatsko izdanje romana \"Penelopeja\" (u prijevodu Marka Marasa). Margaret Atwood Penelopeja Nakladnik: Lumen Preveo: Marko Maras 147 str. Zagreb 2022, 2. izd. 2023. Sjajno\u2026 Margaret Atwood, autorica\u2026","rel":"","context":"U &quot;Novosti&quot;","block_context":{"text":"Novosti","link":"https:\/\/historiografija.hr\/?cat=3"},"img":{"alt_text":"","src":"https:\/\/i0.wp.com\/historiografija.hr\/wp-content\/uploads\/2026\/08\/Penelopeja.jpg?fit=640%2C466&ssl=1&resize=350%2C200","width":350,"height":200,"srcset":"https:\/\/i0.wp.com\/historiografija.hr\/wp-content\/uploads\/2026\/08\/Penelopeja.jpg?fit=640%2C466&ssl=1&resize=350%2C200 1x, https:\/\/i0.wp.com\/historiografija.hr\/wp-content\/uploads\/2026\/08\/Penelopeja.jpg?fit=640%2C466&ssl=1&resize=525%2C300 1.5x"},"classes":[]},{"id":54893,"url":"https:\/\/historiografija.hr\/?p=54893","url_meta":{"origin":54744,"position":1},"title":"Jasen Boko, &#8220;Tragovima Odiseja&#8221; &#8211; 2. dopunjeno i izmijenjeno izdanje","author":"Branimir Jankovi\u0107","date":"10. kolovoza 2026.","format":false,"excerpt":"Drugo dopunjeno i izmijenjeno izdanje hit-putopisa donosi nova saznanja o tome kako se nesta\u0161ni Penelopin suprug izgubio u Jadranu. Tragovima Odiseja \u2013 2. dopunjeno i izmijenjeno izdanje Prvo izdanje putopisa Tragovima Odiseja \u2013 Kontroverzni putopis o lutanju gr\u010dkog junaka Jadranom Jasena Boke izi\u0161lo je 2012. i odmah osvojilo \u010ditatelje i\u2026","rel":"","context":"U &quot;Knjige&quot;","block_context":{"text":"Knjige","link":"https:\/\/historiografija.hr\/?cat=8"},"img":{"alt_text":"","src":"https:\/\/i0.wp.com\/historiografija.hr\/wp-content\/uploads\/2026\/08\/TRAGOVIMA-ODISEJA-2.-izdanje.jpg?fit=800%2C565&ssl=1&resize=350%2C200","width":350,"height":200,"srcset":"https:\/\/i0.wp.com\/historiografija.hr\/wp-content\/uploads\/2026\/08\/TRAGOVIMA-ODISEJA-2.-izdanje.jpg?fit=800%2C565&ssl=1&resize=350%2C200 1x, https:\/\/i0.wp.com\/historiografija.hr\/wp-content\/uploads\/2026\/08\/TRAGOVIMA-ODISEJA-2.-izdanje.jpg?fit=800%2C565&ssl=1&resize=525%2C300 1.5x, https:\/\/i0.wp.com\/historiografija.hr\/wp-content\/uploads\/2026\/08\/TRAGOVIMA-ODISEJA-2.-izdanje.jpg?fit=800%2C565&ssl=1&resize=700%2C400 2x"},"classes":[]},{"id":54896,"url":"https:\/\/historiografija.hr\/?p=54896","url_meta":{"origin":54744,"position":2},"title":"Igor Razum: Osvrt na Nolanovu &#8220;Odiseju&#8221;","author":"Branimir Jankovi\u0107","date":"10. kolovoza 2026.","format":false,"excerpt":"Osvrt na Nolanovu Odiseju Odiseja Christophera Nolana \u2013 kino-hit ovoga ljeta \u2013 potaknula je mno\u0161tvo kritika i \u017eivopisne rasprave u stru\u010dnim krugovima. U tu \u0107u se raspravu uklju\u010diti i ja, prvo poku\u0161avaju\u0107i dati odre\u0111eni uvod u film i opus njegova redatelja, zatim svoj sud, dojam ili osje\u0107aj nakon gledanja filma,\u2026","rel":"","context":"U &quot;Filmovi i serije&quot;","block_context":{"text":"Filmovi i serije","link":"https:\/\/historiografija.hr\/?cat=13"},"img":{"alt_text":"","src":"","width":0,"height":0},"classes":[]},{"id":54578,"url":"https:\/\/historiografija.hr\/?p=54578","url_meta":{"origin":54744,"position":3},"title":"Hrvatski dr\u017eavni arhiv: Predavanje kineske znanstvenice Yarong Chen","author":"Branimir Jankovi\u0107","date":"14. srpnja 2026.","format":false,"excerpt":"Dragi pratitelji, pozivamo vas na zanimljivo predavanje koje \u0107e odr\u017eati znanstvenica Yarong Chen. Yarong Chen ro\u0111ena je u svjetskoj prijestolnici proizvodnje porculana - Dehuau u provinciji Fujian - \u0161to je oblikovalo njene interese i obrazovanje: muzeologija i kulturna industrija i management (prvostupnica, Sveu\u010dili\u0161te u Pekingu), povijest umjetnosti (diplomski, Sveu\u010dili\u0161te u\u2026","rel":"","context":"U &quot;Novosti&quot;","block_context":{"text":"Novosti","link":"https:\/\/historiografija.hr\/?cat=3"},"img":{"alt_text":"","src":"https:\/\/i0.wp.com\/historiografija.hr\/wp-content\/uploads\/2026\/07\/Pozivnica-predavanje-HDA.png?fit=1021%2C942&ssl=1&resize=350%2C200","width":350,"height":200,"srcset":"https:\/\/i0.wp.com\/historiografija.hr\/wp-content\/uploads\/2026\/07\/Pozivnica-predavanje-HDA.png?fit=1021%2C942&ssl=1&resize=350%2C200 1x, https:\/\/i0.wp.com\/historiografija.hr\/wp-content\/uploads\/2026\/07\/Pozivnica-predavanje-HDA.png?fit=1021%2C942&ssl=1&resize=525%2C300 1.5x, https:\/\/i0.wp.com\/historiografija.hr\/wp-content\/uploads\/2026\/07\/Pozivnica-predavanje-HDA.png?fit=1021%2C942&ssl=1&resize=700%2C400 2x"},"classes":[]},{"id":53782,"url":"https:\/\/historiografija.hr\/?p=53782","url_meta":{"origin":54744,"position":4},"title":"U sjedi\u0161tu UN-a postavljena izlo\u017eba &#8220;Croatian Scientists, Inventors and Inventions&#8221;","author":"Filip \u0160imunjak","date":"28. svibnja 2026.","format":false,"excerpt":"Povodom nadolaze\u0107ega Dana dr\u017eavnosti u sjedi\u0161tu Ujedinjenih naroda u New Yorku postavljena je izlo\u017eba \"Croatian Scientists, Inventors and Inventions\", koju je za Ministarstvo vanjskih i europskih poslova Republike Hrvatske izradio Leksikografski zavod Miroslav Krle\u017ea. Na vi\u0161e od dvadeset plakata predstavljeni su hrvatski znanstvenici i izumitelji \u010dija su dostignu\u0107a prepoznatljiva na\u2026","rel":"","context":"U &quot;Izlo\u017ebe&quot;","block_context":{"text":"Izlo\u017ebe","link":"https:\/\/historiografija.hr\/?cat=10"},"img":{"alt_text":"","src":"https:\/\/i0.wp.com\/historiografija.hr\/wp-content\/uploads\/2026\/05\/LZMK-2025-Izlozba-NY-2.webp?fit=1200%2C748&ssl=1&resize=350%2C200","width":350,"height":200,"srcset":"https:\/\/i0.wp.com\/historiografija.hr\/wp-content\/uploads\/2026\/05\/LZMK-2025-Izlozba-NY-2.webp?fit=1200%2C748&ssl=1&resize=350%2C200 1x, https:\/\/i0.wp.com\/historiografija.hr\/wp-content\/uploads\/2026\/05\/LZMK-2025-Izlozba-NY-2.webp?fit=1200%2C748&ssl=1&resize=525%2C300 1.5x, https:\/\/i0.wp.com\/historiografija.hr\/wp-content\/uploads\/2026\/05\/LZMK-2025-Izlozba-NY-2.webp?fit=1200%2C748&ssl=1&resize=700%2C400 2x, https:\/\/i0.wp.com\/historiografija.hr\/wp-content\/uploads\/2026\/05\/LZMK-2025-Izlozba-NY-2.webp?fit=1200%2C748&ssl=1&resize=1050%2C600 3x"},"classes":[]},{"id":54926,"url":"https:\/\/historiografija.hr\/?p=54926","url_meta":{"origin":54744,"position":5},"title":"Petra Matovi\u0107: Nolanova &#8220;Odiseja&#8221; u kontekstu recepcije Homera","author":"Branimir Jankovi\u0107","date":"11. kolovoza 2026.","format":false,"excerpt":"Nolanova Odiseja u kontekstu recepcije Homera Filmska adaptacija Odiseje redatelja Christophera Nolana izazvala je tako velik interes publike da ve\u0107 tjednima pratimo vi\u0161e ili manje \u017eu\u010dljive rasprave o svim aspektima ovog filma, od odabira glumaca do vjernosti Homeru. U raspravu su uklju\u010deni i stru\u010dnjaci i stru\u010dljaci, s tim da se\u2026","rel":"","context":"U &quot;Filmovi i serije&quot;","block_context":{"text":"Filmovi i serije","link":"https:\/\/historiografija.hr\/?cat=13"},"img":{"alt_text":"","src":"","width":0,"height":0},"classes":[]}],"_links":{"self":[{"href":"https:\/\/historiografija.hr\/index.php?rest_route=\/wp\/v2\/posts\/54744","targetHints":{"allow":["GET"]}}],"collection":[{"href":"https:\/\/historiografija.hr\/index.php?rest_route=\/wp\/v2\/posts"}],"about":[{"href":"https:\/\/historiografija.hr\/index.php?rest_route=\/wp\/v2\/types\/post"}],"author":[{"embeddable":true,"href":"https:\/\/historiografija.hr\/index.php?rest_route=\/wp\/v2\/users\/6"}],"replies":[{"embeddable":true,"href":"https:\/\/historiografija.hr\/index.php?rest_route=%2Fwp%2Fv2%2Fcomments&post=54744"}],"version-history":[{"count":4,"href":"https:\/\/historiografija.hr\/index.php?rest_route=\/wp\/v2\/posts\/54744\/revisions"}],"predecessor-version":[{"id":54884,"href":"https:\/\/historiografija.hr\/index.php?rest_route=\/wp\/v2\/posts\/54744\/revisions\/54884"}],"wp:featuredmedia":[{"embeddable":true,"href":"https:\/\/historiografija.hr\/index.php?rest_route=\/wp\/v2\/media\/54746"}],"wp:attachment":[{"href":"https:\/\/historiografija.hr\/index.php?rest_route=%2Fwp%2Fv2%2Fmedia&parent=54744"}],"wp:term":[{"taxonomy":"category","embeddable":true,"href":"https:\/\/historiografija.hr\/index.php?rest_route=%2Fwp%2Fv2%2Fcategories&post=54744"},{"taxonomy":"post_tag","embeddable":true,"href":"https:\/\/historiografija.hr\/index.php?rest_route=%2Fwp%2Fv2%2Ftags&post=54744"}],"curies":[{"name":"wp","href":"https:\/\/api.w.org\/{rel}","templated":true}]}}