{"id":5469,"date":"2017-08-02T13:10:48","date_gmt":"2017-08-02T13:10:48","guid":{"rendered":"http:\/\/historiografija.hr\/?p=5469"},"modified":"2017-08-02T13:10:48","modified_gmt":"2017-08-02T13:10:48","slug":"izlozba-koji-je-tvoj-zbroj-povijest-racunanja-od-abakusa-do-kalkulatora","status":"publish","type":"post","link":"https:\/\/historiografija.hr\/?p=5469","title":{"rendered":"Izlo\u017eba \u201cKoji je tvoj (z)broj? \u2013 Povijest ra\u010dunanja od abakusa do kalkulatora\u201d"},"content":{"rendered":"<p>Izlo\u017eba u Tehni\u010dkom muzeju Nikola Tesla u Zagrebu daje povijesno-tehnolo\u0161ki pregled naprava i ure\u0111aja za ra\u010dunanje od davnina do sredine osamdesetih godina 20.stolje\u0107a.<\/p>\n<p>&nbsp;<\/p>\n<p>&nbsp;<\/p>\n<p>&#8212;<\/p>\n<p>&nbsp;<\/p>\n<p>&nbsp;<\/p>\n<p>mjesto odr\u017eavanja: Tehni\u010dki muzej Nikola Tesla, Savska cesta 18, Zagreb, IZLO\u017dBENA DVORANA<br \/>\ndatum po\u010detka\/zavr\u0161etka: 07.06.2017. \/ 30.09.2017.<br \/>\nradno vrijeme: utorak \u2013 petak: 11 &#8211; 20 sati, subota \u2013 nedjelja: 10 \u2013 17 sati, PONEDJELJKOM I PRAZNIKOM ZATVORENO<br \/>\ncijena ulaznice: 10 kn<br \/>\nautor stru\u010dne koncepcije: prof. dr. sc. Boris Halasz<br \/>\nautor likovnog postava: Hrvoje \u0110ukez<br \/>\nbroj eksponata: 500<br \/>\norganizator: Tehni\u010dki muzej Nikola Tesla<\/p>\n<p>&nbsp;<\/p>\n<p>&nbsp;<\/p>\n<p>Izlo\u017eba<\/p>\n<p>&nbsp;<\/p>\n<p><strong>Koji je tvoj (z)broj? \u2013 Povijest ra\u010dunanja od abakusa do kalkulatora<\/strong><\/p>\n<p>&nbsp;<\/p>\n<p>Tehni\u010dki muzej Nikola Tesla, izlo\u017ebena dvorana, Savska cesta 18<\/p>\n<p>&nbsp;<\/p>\n<p>6. srpnja \u2013 30. rujna 2017.<\/p>\n<p>&nbsp;<\/p>\n<p>radno vrijeme:<br \/>\nutorak \u2013 petak: 11 &#8211; 20 sati<br \/>\nsubota \u2013 nedjelja: 10 \u2013 17 sati<\/p>\n<p>&nbsp;<\/p>\n<p>Organizator: Tehni\u010dki muzej Nikola Tesla<br \/>\nAutor izlo\u017ebe: prof. dr. sc. Boris Halasz<br \/>\nVoditeljica programa za TMNT: Markita Franuli\u0107<br \/>\nStru\u010dna suradnica za TMNT: Vesna Daki\u0107 Horvat, voditeljica zbirke Ra\u010dunska tehnika<br \/>\nSuradnica na organizaciji: Julija Gracin<br \/>\nKonzervacija izlo\u017eaka: Zoran Kirchhoffer<br \/>\nOblikovanje postava: Hrvoje \u0110ukez<br \/>\nFotografije: Zvonimir Ambru\u0161<br \/>\nGrafic\u030cko oblikovanje kataloga: Luka Gusic\u0301<br \/>\nLektura: Margareta Medjure\u010dan<br \/>\nOdnosi s javno\u0161\u0107u: Marijo Zrna<\/p>\n<p>&nbsp;<\/p>\n<p>&nbsp;<\/p>\n<p>Povijest ra\u010dunanja od abakusa do kalkulatora<\/p>\n<p>&nbsp;<\/p>\n<p>&nbsp;<\/p>\n<p>Ra\u010dunanje se smatra jednim od najve\u0107ih intelektualnih dostignu\u0107a ljudske vrste. Stoga je interesantno u povijesnom aspektu i sagledati na\u010dine na koje je ljudski rod svladavao i najslo\u017eenije ra\u010dunske operacije, a koriste\u0107i se tu naravno i razli\u010ditim pomagalima. Cilj najnovije izlo\u017ebe Tehni\u010dkog muzeja Nikola Tesla je upoznati javnost sa povije\u0161\u0107u ra\u010dunanja od abacusa do elektronskog kalkulatora. Autor izlo\u017ebe je prof.dr.sc. Boris Halasz, a na izlo\u017ebi \u0107e biti prezentirano skoro pet stotina izlo\u017eaka od kojih najstarije Fullerovo cilindri\u010dno logaritamsko ra\u010dunalo datira iz oko 1895. godine.<\/p>\n<p>&nbsp;<\/p>\n<p>Poseban dio izlo\u017ebe posve\u0107en je doma\u0107oj industriji me\u0111u kojima su zastupljene hrvatske tvrtke TRS Zagreb, Digitron Buje i RIZ Zagreb, ali i Unis iz Sarajeva i Ei iz Ni\u0161a. Najte\u017ei izlo\u017eak je registar blagajna \u010dija je masa oko 60 kg, dok najlak\u0161i izlo\u017eak \u0161iber Sun Hemmi ima tek 17 grama. Na izlo\u017ebi \u0107e biti predstavljen i cijeli niz interesantnih izlo\u017eaka poput prvog elektronskog kalkulatora manjeg od pisa\u0107eg stroja Sharp QT 8D iz 1969., prvog d\u017eepnog znanstvenog elektronskog kalkulatora Hewlett Packard HP-35 iz 1972., prvoga d\u017eepnog programibilnog kalkulatora Hewlett-Packard HP-65 iz 1974., najsporijeg(!) d\u017eepnog elektronskog kalkulatora Canon Palmtronic F 2 iz 1975. itd.<\/p>\n<p>&nbsp;<\/p>\n<p>Abak (lat. abacus) je bio jedno od najranijih pravih ra\u010dunskih pomagala, kori\u0161ten jo\u0161 u Mezopotamiji i starom Egiptu. \u010cini se da je abak u davno doba slu\u017eio prvenstveno kao pomagalo za zbrajanje i oduzimanje. Mno\u017eenje i dijeljenje i dalje su predstavljali problem, pa su u uporabi bile razne pomo\u0107ne tablice, a gdjekad i geometrijske konstrukcije.<br \/>\nVelik korak naprijed \u0161to se mno\u017eenja i dijeljenja ti\u010de bilo je otkri\u0107e logaritama. Godine 1614. \u0160kot John Napier objavio je knjigu Mirifici Logarithmorum Canonis Descriptio (Opis \u010dudesnog zakona logaritama) u kojoj je prvi opisao svojstva logaritama (prvi ih je zapravo otkrio \u0160vicarac Joost B\u00fcrgi desetak godina ranije, ali je to objavio tek 1620.!). Edmund Gunter je 1620. godine do\u0161ao na ideju da logaritme brojeva nanese na ravnalo kao du\u017eine i da, zahva\u0107aju\u0107i \u0161estarom razmake koji odgovaraju logaritmima dvaju brojeva i nastavljaju\u0107i te razmake jedan na drugi, na ravnalu o\u010dita zbroj tih logaritama, a to zna\u010di o\u010dita i umno\u017eak tih dvaju brojeva. Ubrzo je tu ideju usavr\u0161io William Oughtred, 1622. godine, nadovezuju\u0107i dva jednaka ravnala jedno uz drugo (umjesto \u0161estarom dvaju razmaka na jednom ravnalu). Tako je stvoreno logaritamsko ra\u010dunalo koje je ostalo u uporabi dulje od tri stotine godina, sve negdje do 1975. godine. Za to vrijeme pobolj\u0161avali su se materijali iz kojih su ra\u010dunala napravljena, uvodile su se nove skale, ali je princip rada ostao isti.<\/p>\n<p>&nbsp;<\/p>\n<p>U sedamnaestom stolje\u0107u po\u010deo je i razvoj mehani\u010dkih ra\u010dunskih pomagala. Prvi se ra\u010dunski stroj pripisuje Nijemcu Wilhelmu Schickardu u godini 1623., ali taj je stroj nestao u po\u017earu prije nego je predstavljen javnosti. Francuz Blaise Pascal je 1642. izumio zbrajalicu Pascaline, njema\u010dki matemati\u010dar i filozof Gottfried Wilhelm Leibniz je 1672. izumio ra\u010dunski stroj za sve \u010detiri ra\u010dunske operacije. Do sredine devetnaestog stolje\u0107a izredali su se deseci najrazli\u010ditijih i egzoti\u010dnih izuma, ali je tek oko 1850. Francuz Xavier Thomas de Colmar sa svojim Arithmometerom doveo mehani\u010dke ra\u010dunske strojeve do uporabne pouzdanosti i komercijalne isplativosti. U sljede\u0107ih 120 godina mehani\u010dki su ra\u010dunski strojevi, zajedno s logaritamskim ra\u010dunalima i logaritamskim tablicama, bili jedina dostupna (ne i jeftina!) ra\u010dunska pomagala.Deseci, pa i stotine proizvo\u0111a\u010da nudili su tisu\u0107e modela koji su se izra\u0111ivali u mnogim milijunima primjeraka.<\/p>\n<p>&nbsp;<\/p>\n<p>Mehani\u010dki ra\u010dunski strojevi dosegli su vrhunac razvoja nakon Drugoga svjetskog rata. Nevjerojatno je koliko su ti mehanizmi bili slo\u017eeni i skupi \u2013 npr. Divisumma 24 je 1956. godine u Italiji ko\u0161tao 325 000 lira, dok je novi Fiat 500 Nuova ko\u0161tao 465 000 lira! A kad su se pojavili elektronski kalkulatori, zbog tisu\u0107a ugra\u0111enih skupih tranzistora i dioda cijene su postale jo\u0161 vi\u0161e pa je dobar stroj ko\u0161tao na tisu\u0107e onda\u0161njih dolara, vi\u0161e i od dobrog automobila!<\/p>\n<p>&nbsp;<\/p>\n<p>Prvo elektronsko ra\u010dunalo ENIAC (oko 17.500 elektronskih cijevi) tro\u0161ilo je oko 150 kW struje, a moglo je obavljati samo \u010detiri ra\u010dunske operacije. Danas moderni kalkulator za to tro\u0161i manje od pola milivata, ili tristo milijuna puta manje!<\/p>\n<p>&nbsp;<\/p>\n<p>Prvi stolni elektronski kalkulator bio je 1961. godine Anita Mk VII engleske firme Sumlock Bell Punch, do tada poznate po izradi mehani\u010dkih ra\u010dunskih strojeva. Bio je to i jedini stolni elektronski kalkulator s elektronskim cijevima (\u201elampama\u201c).<\/p>\n<p>&nbsp;<\/p>\n<p>Dva su epohalna izuma (1948. izum tranzistora i dioda i 1958. izum integriranog kruga) omogu\u0107ila nevjerojatan razvoj ra\u010dunskih pomagala, ali je svaki od tih izuma, zbog izvanredne slo\u017eenosti potrebnih tehnologija, trebao i vi\u0161e od deset godina da postane tehnolo\u0161ki pouzdan. Tako su se tek 1964. pojavili prvi stolni elektronski kalkulatori s tranzistorima i diodama (Friden 130, Sharp CS-10A, IME-84, Canon Canola 130, Mathatronic Mathatron), a tek potkraj \u0161ezdesetih godina i prvi kalkulatori s integriranim krugovima. I dok su kalkulatori s tranzistorima i diodama, zbog tisu\u0107a ugra\u0111enih elemenata, nu\u017eno bili veliki poput pisa\u0107ih strojeva ili jo\u0161 ve\u0107i, integrirani su krugovi omogu\u0107ili njihovo smanjivanje prvo na veli\u010dinu telefona, a onda i na d\u017eepni format, uz istodobno pove\u0107anje ra\u010dunskih mogu\u0107nosti.<\/p>\n<p>&nbsp;<\/p>\n<p>Sedamdesete godine i puna primjena integriranih krugova visoke gusto\u0107e integracije svjedo\u010dile su nevi\u0111enom razvoju kalkulatora, da bi se u osamdesetima vrhunac razvoja premjestio na podru\u010dje stolnih kompjutora op\u0107e namjene, kasnije i prijenosnih kompjutora.<\/p>\n<p>&nbsp;<\/p>\n<p>Tako je ono \u0161to je sredinom \u0161ezdesetih po\u010delo kao (samo) ra\u010dunsko pomagalo i to u po\u010detku skromnih mogu\u0107nosti, u osamdesetima postalo pomagalo ne samo fantasti\u010dnih ra\u010dunskih mogu\u0107nosti, nego i mnogo vi\u0161e od toga \u2013 da bi se do dana\u0161njeg dana uvuklo se u sve pore \u017eivota i iz temelja promijenilo na\u0161u civilizaciju. Nevjerojatan doseg koji je malo tko mogao predvidjeti \u010dak jo\u0161 i u sedamdesetim godinama dvadesetog stolje\u0107a!<br \/>\nIzlo\u017eba i katalog Koji je tvoj (z)broj? \u2013 Povijest ra\u010dunanja od abakusa do kalkulatora, autora prof. dr. sc. Borisa Halasza, daje povijesno-tehnolo\u0161ki pregled naprava i ure\u0111aja za ra\u010dunanje od davnina do sredine osamdesetih godina 20. stolje\u0107a, kada je sve br\u017ei razvoj poluvodi\u010dke i informati\u010dke industrije, potaknut razvojem kalkulatora, zapravo pre\u0161ao granice ra\u010dunskih pomagala i u\u0161ao u podru\u010dje ra\u010dunala op\u0107e namjene te po\u010deo ulaziti u sve sfere svakodnevnog \u017eivota, stubokom ga mijenjaju\u0107i.<\/p>\n<p>&nbsp;<\/p>\n<p>Izlo\u017eba i katalog u organski povezanoj cjelini obuhva\u0107aju niz predmeta iz fundusa Tehni\u010dkog muzeja Nikola Tesla \u2013 zbirke Ra\u010dunska tehnika te dviju privatnih zbirki ra\u010dunskih pomagala, ponajprije kolekcije prof. dr. sc. Borisa Halasza te prof. dr. sc. Bo\u017eidara Kanajeta. Po sadr\u017eaju te se tri zbirke nadopunjuju tvore\u0107i cjelinu koja omogu\u0107uje relevantan prikaz razvoja svih vrsta ra\u010dunskih pomagala. Na izlo\u017ebi su kori\u0161teni i artefakti u vlasni\u0161tvu gosp. Tomislava Talana, Fakulteta strojarstva i brodogradnje Sveu\u010dili\u0161ta u Zagrebu te Muzeja informatike Peek&amp;Poke iz Rijeke.<\/p>\n<p>&nbsp;<\/p>\n<p>Tehni\u010dki muzej Nikola Tesla<br \/>\nSavska cesta 18, Zagreb<br \/>\n01\/4844 050, marijo.zrna@tmnt.hr<\/p>\n<p>&nbsp;<\/p>\n<p>&nbsp;<\/p>\n<p>Izvor: <a href=\"http:\/\/www.tehnicki-muzej.hr\/hr\/kalendar\/koji-je-tvoj-(z)broj%3f-%e2%80%93-povijest-racunanja-od-abakusa-do-kalkulatora,19646.html?t=i\">http:\/\/www.tehnicki-muzej.hr\/hr\/kalendar\/koji-je-tvoj-(z)broj%3f-%e2%80%93-povijest-racunanja-od-abakusa-do-kalkulatora,19646.html?t=i<\/a><\/p>\n<p>&nbsp;<\/p>\n","protected":false},"excerpt":{"rendered":"","protected":false},"author":2,"featured_media":5470,"comment_status":"open","ping_status":"open","sticky":false,"template":"","format":"standard","meta":{"_acf_changed":false,"jetpack_post_was_ever_published":false,"_jetpack_newsletter_access":"","_jetpack_dont_email_post_to_subs":false,"_jetpack_newsletter_tier_id":0,"_jetpack_memberships_contains_paywalled_content":false,"_jetpack_memberships_contains_paid_content":false,"footnotes":"","jetpack_publicize_message":"","jetpack_publicize_feature_enabled":true,"jetpack_social_post_already_shared":true,"jetpack_social_options":{"image_generator_settings":{"template":"highway","default_image_id":0,"font":"","enabled":false},"version":2}},"categories":[10,3],"tags":[],"class_list":["post-5469","post","type-post","status-publish","format-standard","has-post-thumbnail","hentry","category-izlozbe","category-novosti"],"acf":{"facebook_opis":""},"jetpack_publicize_connections":[],"jetpack_featured_media_url":"https:\/\/i0.wp.com\/historiografija.hr\/wp-content\/uploads\/2017\/08\/Izlozba-zbroj.jpg?fit=700%2C476&ssl=1","jetpack_sharing_enabled":true,"jetpack-related-posts":[{"id":52633,"url":"https:\/\/historiografija.hr\/?p=52633","url_meta":{"origin":5469,"position":0},"title":"POVIJEST TRE\u0160NJEVA\u010cKE GLAZBE: prikupljanje virtualnog fundusa Muzeja susjedstva Tre\u0161njevka","author":"Branimir Jankovi\u0107","date":"23. travnja 2026.","format":false,"excerpt":"utorak 28. 4. 2026. 14 - 18 h Nova BAZA, Nova cesta 66, Zagreb Prvi su dani ljeta 1957. godine. Bo\u017eica Kalafati\u0107 poha\u0111a drugi razred Osnovne \u0161kole Bratstvo i jedinstvo, danas kralja Tomislava, a ide i na muzi\u010dke satove u Mo\u0161\u0107eni\u010dkoj ulici. Na fotografiji s harmonikom u rukama stoji u\u2026","rel":"","context":"U &quot;Novosti&quot;","block_context":{"text":"Novosti","link":"https:\/\/historiografija.hr\/?cat=3"},"img":{"alt_text":"","src":"https:\/\/i0.wp.com\/historiografija.hr\/wp-content\/uploads\/2026\/04\/MST_prikupljanje.jpg?fit=380%2C475&ssl=1&resize=350%2C200","width":350,"height":200},"classes":[]},{"id":52508,"url":"https:\/\/historiografija.hr\/?p=52508","url_meta":{"origin":5469,"position":1},"title":"Glazbena radionica \u201eDUGMETARA REVISITED\u201c","author":"Branimir Jankovi\u0107","date":"17. travnja 2026.","format":false,"excerpt":"DUGMETARA REVISITED glazbena radionica vodi: Ana Horvat 13., 20. i 27. travnja, od 18 do 20 sati Radiona, Nova cesta 186 Na tri radioni\u010dka susreta uranjamo u naslje\u0111e Dugmetare, biv\u0161e tvornice dugmadi na Savskoj cesti koja je po\u010detkom 2000-ih igrom slu\u010daja postala \u017eivo, jedinstveno mjesto glazbene proizvodnje. Svoje su probe\u2026","rel":"","context":"U &quot;Novosti&quot;","block_context":{"text":"Novosti","link":"https:\/\/historiografija.hr\/?cat=3"},"img":{"alt_text":"","src":"https:\/\/i0.wp.com\/historiografija.hr\/wp-content\/uploads\/2026\/04\/TRESNJA_TRESTI.jpg?fit=380%2C475&ssl=1&resize=350%2C200","width":350,"height":200},"classes":[]},{"id":52505,"url":"https:\/\/historiografija.hr\/?p=52505","url_meta":{"origin":5469,"position":2},"title":"Izlo\u017eba &#8220;Eschenstock \/ Jasenov prut&#8221;","author":"Branimir Jankovi\u0107","date":"17. travnja 2026.","format":false,"excerpt":"Srpsko narodno vije\u0107e (SNV) i Vizura aperta postavljaju izlo\u017ebu \u0161vicarskog slikara Velimira Ili\u0161evi\u0107a: Eschenstock \/ Jasenov prut. Izlo\u017eba se uz prisustvo autora otvara povodom 81. godi\u0161njice proboja logora\u0161a iz usta\u0161kog logora smrti Jasenovac 22. aprila 2026. u 19 sati u Srpskom kulturnom centru (SKC) u Preradovi\u0107evoj ulici 21 u Zagrebu.\u2026","rel":"","context":"U &quot;Izlo\u017ebe&quot;","block_context":{"text":"Izlo\u017ebe","link":"https:\/\/historiografija.hr\/?cat=10"},"img":{"alt_text":"","src":"https:\/\/i0.wp.com\/historiografija.hr\/wp-content\/uploads\/2026\/04\/Jasenov_prut.jpg?fit=1024%2C640&ssl=1&resize=350%2C200","width":350,"height":200,"srcset":"https:\/\/i0.wp.com\/historiografija.hr\/wp-content\/uploads\/2026\/04\/Jasenov_prut.jpg?fit=1024%2C640&ssl=1&resize=350%2C200 1x, https:\/\/i0.wp.com\/historiografija.hr\/wp-content\/uploads\/2026\/04\/Jasenov_prut.jpg?fit=1024%2C640&ssl=1&resize=525%2C300 1.5x, https:\/\/i0.wp.com\/historiografija.hr\/wp-content\/uploads\/2026\/04\/Jasenov_prut.jpg?fit=1024%2C640&ssl=1&resize=700%2C400 2x"},"classes":[]},{"id":52575,"url":"https:\/\/historiografija.hr\/?p=52575","url_meta":{"origin":5469,"position":3},"title":"Izlo\u017eba dje\u010djih radova \u201cU po\u010detku bija\u0161e crte\u017e\u2026\u201d","author":"Branimir Jankovi\u0107","date":"21. travnja 2026.","format":false,"excerpt":"U subotu, 25. travnja 2026. u 11 sati u Galeriji Klovi\u0107evi dvori sve\u010dano otvaramo izlo\u017ebu dje\u010djih radova pod nazivom U po\u010detku bija\u0161e crte\u017e\u2026 Radovi su nastali u sklopu likovnih radionica uz izlo\u017ebu U po\u010detku bija\u0161e kraljevstvo \u2013 izlo\u017eba povodom 1100 godina Hrvatskoga Kraljevstva. Na brojnim likovnim radionicama, uz \u0161kolsku djecu,\u2026","rel":"","context":"U &quot;Izlo\u017ebe&quot;","block_context":{"text":"Izlo\u017ebe","link":"https:\/\/historiografija.hr\/?cat=10"},"img":{"alt_text":"","src":"https:\/\/i0.wp.com\/historiografija.hr\/wp-content\/uploads\/2025\/10\/Klovicevi_sluzbeni-plakat.png?fit=840%2C1200&ssl=1&resize=350%2C200","width":350,"height":200,"srcset":"https:\/\/i0.wp.com\/historiografija.hr\/wp-content\/uploads\/2025\/10\/Klovicevi_sluzbeni-plakat.png?fit=840%2C1200&ssl=1&resize=350%2C200 1x, https:\/\/i0.wp.com\/historiografija.hr\/wp-content\/uploads\/2025\/10\/Klovicevi_sluzbeni-plakat.png?fit=840%2C1200&ssl=1&resize=525%2C300 1.5x, https:\/\/i0.wp.com\/historiografija.hr\/wp-content\/uploads\/2025\/10\/Klovicevi_sluzbeni-plakat.png?fit=840%2C1200&ssl=1&resize=700%2C400 2x"},"classes":[]},{"id":52631,"url":"https:\/\/historiografija.hr\/?p=52631","url_meta":{"origin":5469,"position":4},"title":"Predavanje Ivana Tepe\u0161a: Djelovanje hrvatske politi\u010dke emigracije","author":"Branimir Jankovi\u0107","date":"23. travnja 2026.","format":false,"excerpt":"Odjel za me\u0111unarodnu suradnju i iseljeni\u0161tvo Matice hrvatske Predavanje Ivana Tepe\u0161a: Djelovanje hrvatske politi\u010dke emigracije Utorak, 28. travnja 2026. u 18:00 sati, Dvorana Ljudevita Jonkea (Mala dvorana MH), Strossmayerov trg 4, Zagreb dr. sc. Ivan Tepe\u0161, Institut za istra\u017eivanje migracija Hrvatska politi\u010dka emigracija obilje\u017eila je polustoljetnu hrvatsku povijest u drugoj\u2026","rel":"","context":"U &quot;Novosti&quot;","block_context":{"text":"Novosti","link":"https:\/\/historiografija.hr\/?cat=3"},"img":{"alt_text":"","src":"","width":0,"height":0},"classes":[]},{"id":52511,"url":"https:\/\/historiografija.hr\/?p=52511","url_meta":{"origin":5469,"position":5},"title":"Izlo\u017eba &#8220;Lica Sljemena&#8221;","author":"Branimir Jankovi\u0107","date":"17. travnja 2026.","format":false,"excerpt":"Srda\u010dno vas pozivamo na otvorenje izlo\u017ebe Lica Sljemena koje \u0107e se odr\u017eati u srijedu 22. travnja 2026. u 18 h ispred Muzeja Prigorja (Trg Dragutina Domjani\u0107a 5, Sesvete). Izlo\u017eba proizlazi iz istra\u017eivanja Nevene \u0160krbi\u0107 Alempijevi\u0107, Petre Kelemen i Sanje Potkonjak te intervjua sa Sljemena\u0161icama i Sljemena\u0161ima, koji su provedeni u\u2026","rel":"","context":"U &quot;Izlo\u017ebe&quot;","block_context":{"text":"Izlo\u017ebe","link":"https:\/\/historiografija.hr\/?cat=10"},"img":{"alt_text":"","src":"https:\/\/i0.wp.com\/historiografija.hr\/wp-content\/uploads\/2026\/04\/Izlozba-Lica-Sljemena.png?fit=1080%2C686&ssl=1&resize=350%2C200","width":350,"height":200,"srcset":"https:\/\/i0.wp.com\/historiografija.hr\/wp-content\/uploads\/2026\/04\/Izlozba-Lica-Sljemena.png?fit=1080%2C686&ssl=1&resize=350%2C200 1x, https:\/\/i0.wp.com\/historiografija.hr\/wp-content\/uploads\/2026\/04\/Izlozba-Lica-Sljemena.png?fit=1080%2C686&ssl=1&resize=525%2C300 1.5x, https:\/\/i0.wp.com\/historiografija.hr\/wp-content\/uploads\/2026\/04\/Izlozba-Lica-Sljemena.png?fit=1080%2C686&ssl=1&resize=700%2C400 2x, https:\/\/i0.wp.com\/historiografija.hr\/wp-content\/uploads\/2026\/04\/Izlozba-Lica-Sljemena.png?fit=1080%2C686&ssl=1&resize=1050%2C600 3x"},"classes":[]}],"_links":{"self":[{"href":"https:\/\/historiografija.hr\/index.php?rest_route=\/wp\/v2\/posts\/5469","targetHints":{"allow":["GET"]}}],"collection":[{"href":"https:\/\/historiografija.hr\/index.php?rest_route=\/wp\/v2\/posts"}],"about":[{"href":"https:\/\/historiografija.hr\/index.php?rest_route=\/wp\/v2\/types\/post"}],"author":[{"embeddable":true,"href":"https:\/\/historiografija.hr\/index.php?rest_route=\/wp\/v2\/users\/2"}],"replies":[{"embeddable":true,"href":"https:\/\/historiografija.hr\/index.php?rest_route=%2Fwp%2Fv2%2Fcomments&post=5469"}],"version-history":[{"count":1,"href":"https:\/\/historiografija.hr\/index.php?rest_route=\/wp\/v2\/posts\/5469\/revisions"}],"predecessor-version":[{"id":5471,"href":"https:\/\/historiografija.hr\/index.php?rest_route=\/wp\/v2\/posts\/5469\/revisions\/5471"}],"wp:featuredmedia":[{"embeddable":true,"href":"https:\/\/historiografija.hr\/index.php?rest_route=\/wp\/v2\/media\/5470"}],"wp:attachment":[{"href":"https:\/\/historiografija.hr\/index.php?rest_route=%2Fwp%2Fv2%2Fmedia&parent=5469"}],"wp:term":[{"taxonomy":"category","embeddable":true,"href":"https:\/\/historiografija.hr\/index.php?rest_route=%2Fwp%2Fv2%2Fcategories&post=5469"},{"taxonomy":"post_tag","embeddable":true,"href":"https:\/\/historiografija.hr\/index.php?rest_route=%2Fwp%2Fv2%2Ftags&post=5469"}],"curies":[{"name":"wp","href":"https:\/\/api.w.org\/{rel}","templated":true}]}}