{"id":54646,"date":"2026-07-17T15:00:00","date_gmt":"2026-07-17T13:00:00","guid":{"rendered":"https:\/\/historiografija.hr\/?p=54646"},"modified":"2026-07-17T00:11:30","modified_gmt":"2026-07-16T22:11:30","slug":"novi-broj-casopisa-prilozi-br-54-2025","status":"publish","type":"post","link":"https:\/\/historiografija.hr\/?p=54646","title":{"rendered":"Novi broj \u010dasopisa \u201ePRILOZI\u201c (br. 54, 2025)"},"content":{"rendered":"\n<p>Institut za historiju Univerziteta u Sarajevu objavio je 54. broj \u010dasopisa \u201ePrilozi\u201c, koji je u cijelosti dostupan na stranici Instituta za historiju Univerziteta u Sarajevu.<\/p>\n\n\n\n<hr class=\"wp-block-separator has-alpha-channel-opacity\"\/>\n\n\n\n<p>Op\u0161irnije: <\/p>\n\n\n\n<p><a href=\"https:\/\/prilozi.iis.unsa.ba\/prilozi-br-54-2025\/\">https:\/\/prilozi.iis.unsa.ba\/prilozi-br-54-2025\/<\/a><\/p>\n\n\n\n<hr class=\"wp-block-separator has-alpha-channel-opacity\"\/>\n\n\n\n<p>Dodatne obavijesti: <\/p>\n\n\n\n<p><a href=\"https:\/\/historiografija.ba\/casopisi\/bosna-i-hercegovina\/objavljen-je-br-54-casopisa-prilozi-instituta-za-historiju\">https:\/\/historiografija.ba\/casopisi\/bosna-i-hercegovina\/objavljen-je-br-54-casopisa-prilozi-instituta-za-historiju<\/a><\/p>\n\n\n\n<hr class=\"wp-block-separator has-alpha-channel-opacity\"\/>\n","protected":false},"excerpt":{"rendered":"","protected":false},"author":2,"featured_media":54647,"comment_status":"open","ping_status":"open","sticky":false,"template":"","format":"standard","meta":{"_acf_changed":false,"_jetpack_newsletter_access":"","_jetpack_dont_email_post_to_subs":false,"_jetpack_newsletter_tier_id":0,"_jetpack_memberships_contains_paywalled_content":false,"_jetpack_memberships_contains_paid_content":false,"footnotes":"","jetpack_publicize_message":"","jetpack_publicize_feature_enabled":true,"jetpack_social_post_already_shared":true,"jetpack_social_options":{"image_generator_settings":{"template":"highway","default_image_id":0,"font":"","enabled":false},"version":2},"jetpack_post_was_ever_published":false},"categories":[21,3],"tags":[],"class_list":["post-54646","post","type-post","status-publish","format-standard","has-post-thumbnail","hentry","category-casopisi","category-novosti"],"acf":{"facebook_opis":"Institut za historiju Univerziteta u Sarajevu objavio je 54. broj \u010dasopisa \u201ePrilozi\u201c, koji je u cijelosti dostupan online."},"jetpack_publicize_connections":[],"jetpack_featured_media_url":"https:\/\/i0.wp.com\/historiografija.hr\/wp-content\/uploads\/2026\/07\/prilozi-instituta-za-historiju-54.jpg?fit=450%2C665&ssl=1","jetpack_sharing_enabled":true,"jetpack-related-posts":[{"id":54649,"url":"https:\/\/historiografija.hr\/?p=54649","url_meta":{"origin":54646,"position":0},"title":"Objavljen je 24. broj \u010dasopisa &#8220;Historijska traganja&#8221; (2025)","author":"Branimir Jankovi\u0107","date":"17. srpnja 2026.","format":false,"excerpt":"Institut za \u00a0historiju Univerziteta u Sarajevu objavio je 24. broj \u010dasopisa Historijska traganja. U ovom broju je objavljeno ukupno deset \u010dlanaka (od toga sedam u tematskom bloku Znanje pod nadzorom: ideologije, dru\u0161tvo i mo\u0107). Tu je i rubrika Gra\u0111a u kojoj su objavljena pisma \u0161to ih je Vejsil \u0106ur\u010di\u0107 pisao\u2026","rel":"","context":"U &quot;\u010casopisi&quot;","block_context":{"text":"\u010casopisi","link":"https:\/\/historiografija.hr\/?cat=21"},"img":{"alt_text":"","src":"https:\/\/i0.wp.com\/historiografija.hr\/wp-content\/uploads\/2026\/07\/historijska-traganja-24-2025.jpg?fit=450%2C650&ssl=1&resize=350%2C200","width":350,"height":200},"classes":[]},{"id":53144,"url":"https:\/\/historiografija.hr\/?p=53144","url_meta":{"origin":54646,"position":1},"title":"Novi brojevi \u010dasopisa \u201ePovijesni prilozi\u201c (44\/2025)","author":"Filip \u0160imunjak","date":"14. svibnja 2026.","format":false,"excerpt":"U 2025. godini iza\u0161la su dva nova broja \u010dasopisa \u201ePovijesni prilozi\u201c Hrvatskog instituta za povijest, oba broja u cijelosti su dostupna na portalu hrvatskih znanstvenih i stru\u010dnih \u010dasopisa Hr\u010dak. Povijesni prilozi, Vol. 44 No. 68, 2025. https:\/\/hrcak.srce.hr\/broj\/25945 Povijesni prilozi, Vol. 44 No. 69, 2025. https:\/\/hrcak.srce.hr\/broj\/26431","rel":"","context":"U &quot;\u010casopisi&quot;","block_context":{"text":"\u010casopisi","link":"https:\/\/historiografija.hr\/?cat=21"},"img":{"alt_text":"","src":"https:\/\/i0.wp.com\/historiografija.hr\/wp-content\/uploads\/2026\/05\/Povijesni-prilozi-44.webp?fit=707%2C900&ssl=1&resize=350%2C200","width":350,"height":200,"srcset":"https:\/\/i0.wp.com\/historiografija.hr\/wp-content\/uploads\/2026\/05\/Povijesni-prilozi-44.webp?fit=707%2C900&ssl=1&resize=350%2C200 1x, https:\/\/i0.wp.com\/historiografija.hr\/wp-content\/uploads\/2026\/05\/Povijesni-prilozi-44.webp?fit=707%2C900&ssl=1&resize=525%2C300 1.5x, https:\/\/i0.wp.com\/historiografija.hr\/wp-content\/uploads\/2026\/05\/Povijesni-prilozi-44.webp?fit=707%2C900&ssl=1&resize=700%2C400 2x"},"classes":[]},{"id":53121,"url":"https:\/\/historiografija.hr\/?p=53121","url_meta":{"origin":54646,"position":2},"title":"Novi broj \u010dasopisa \u201eSenjski zbornik\u201c (52\/2025)","author":"Filip \u0160imunjak","date":"13. svibnja 2026.","format":false,"excerpt":"U prosincu 2025. godine objavljen je 52. broj \u010dasopisa \u201eSenjski zbornik: prilozi za geografiju, etnologiju, gospodarstvo, povijest i kulturu\u201c, u cijelosti je dostupan na portalu hrvatskih znanstvenih i stru\u010dnih \u010dasopisa Hr\u010dak. Op\u0161irnije: https:\/\/hrcak.srce.hr\/broj\/26354","rel":"","context":"U &quot;\u010casopisi&quot;","block_context":{"text":"\u010casopisi","link":"https:\/\/historiografija.hr\/?cat=21"},"img":{"alt_text":"","src":"https:\/\/i0.wp.com\/historiografija.hr\/wp-content\/uploads\/2026\/05\/Senjski-zbornik-52.webp?fit=654%2C900&ssl=1&resize=350%2C200","width":350,"height":200,"srcset":"https:\/\/i0.wp.com\/historiografija.hr\/wp-content\/uploads\/2026\/05\/Senjski-zbornik-52.webp?fit=654%2C900&ssl=1&resize=350%2C200 1x, https:\/\/i0.wp.com\/historiografija.hr\/wp-content\/uploads\/2026\/05\/Senjski-zbornik-52.webp?fit=654%2C900&ssl=1&resize=525%2C300 1.5x"},"classes":[]},{"id":54643,"url":"https:\/\/historiografija.hr\/?p=54643","url_meta":{"origin":54646,"position":3},"title":"Objavljen 12. broj \u010dasopisa Radovi Filozofskog fakulteta u Sarajevu (Historija, Historija umjetnosti, Arheologija)","author":"Branimir Jankovi\u0107","date":"17. srpnja 2026.","format":false,"excerpt":"Novi broj \u010dasopisa Radovi Filozofskog fakulteta u Sarajevu tematski je posve\u0107en 75. obljetnici osnivanja Odsjeka za historiju, najstarije visoko\u0161kolske institucije ove vrste u Bosni i Hercegovini. Za razliku od uobi\u010dajenih izdanja fokusiranih na u\u017ei kronolo\u0161ki okvir, ovaj broj okuplja radove alumnija Odsjeka s ciljem prikaza suvremenih istra\u017eiva\u010dkih dosega i institucionalnog\u2026","rel":"","context":"U &quot;\u010casopisi&quot;","block_context":{"text":"\u010casopisi","link":"https:\/\/historiografija.hr\/?cat=21"},"img":{"alt_text":"","src":"https:\/\/i0.wp.com\/historiografija.hr\/wp-content\/uploads\/2026\/07\/radovi-ff-2025.jpg?fit=550%2C422&ssl=1&resize=350%2C200","width":350,"height":200,"srcset":"https:\/\/i0.wp.com\/historiografija.hr\/wp-content\/uploads\/2026\/07\/radovi-ff-2025.jpg?fit=550%2C422&ssl=1&resize=350%2C200 1x, https:\/\/i0.wp.com\/historiografija.hr\/wp-content\/uploads\/2026\/07\/radovi-ff-2025.jpg?fit=550%2C422&ssl=1&resize=525%2C300 1.5x"},"classes":[]},{"id":53733,"url":"https:\/\/historiografija.hr\/?p=53733","url_meta":{"origin":54646,"position":4},"title":"Novi broj \u010dasopisa \u201eVjesnik dalmatinskih arhiva\u201c (6\/2025)","author":"Filip \u0160imunjak","date":"27. svibnja 2026.","format":false,"excerpt":"\"Vjesnik dalmatinskih arhiva \u2013 izvori i prilozi za povijest Dalmacije\" periodi\u010dka je publikacija koju su 2020. godine pokrenuli Dr\u017eavni arhivi u Dubrovniku, Splitu, \u0160ibeniku i Zadru. Namijenjena je objavljivanju priloga s podru\u010dja arhivske teorije i prakse, historiografije i pomo\u0107nih povijesnih znanosti, te priloga nastalih u okviru suvremenih informacijskih znanosti, koji\u2026","rel":"","context":"U &quot;\u010casopisi&quot;","block_context":{"text":"\u010casopisi","link":"https:\/\/historiografija.hr\/?cat=21"},"img":{"alt_text":"","src":"https:\/\/i0.wp.com\/historiografija.hr\/wp-content\/uploads\/2026\/05\/Vjesnik-dalmatinskih-arhiva.webp?fit=855%2C1200&ssl=1&resize=350%2C200","width":350,"height":200,"srcset":"https:\/\/i0.wp.com\/historiografija.hr\/wp-content\/uploads\/2026\/05\/Vjesnik-dalmatinskih-arhiva.webp?fit=855%2C1200&ssl=1&resize=350%2C200 1x, https:\/\/i0.wp.com\/historiografija.hr\/wp-content\/uploads\/2026\/05\/Vjesnik-dalmatinskih-arhiva.webp?fit=855%2C1200&ssl=1&resize=525%2C300 1.5x, https:\/\/i0.wp.com\/historiografija.hr\/wp-content\/uploads\/2026\/05\/Vjesnik-dalmatinskih-arhiva.webp?fit=855%2C1200&ssl=1&resize=700%2C400 2x"},"classes":[]},{"id":54813,"url":"https:\/\/historiografija.hr\/?p=54813","url_meta":{"origin":54646,"position":5},"title":"Objavljen 9. broj \u010dasopisa \u201ePodplje\u0161ivi\u010dki grani\u010dari\u201c za 2025. godinu","author":"Branimir Jankovi\u0107","date":"27. srpnja 2026.","format":false,"excerpt":"Objavljen je 9. broj \u010dasopisa \u201ePodplje\u0161ivi\u010dki grani\u010dari\u201c u kojemu se objavljuju znanstveni i stru\u010dni prilozi iz podru\u010dja povijesne znanosti. Ve\u0107ina radova su radovi autora koji su sudjelovali na znanstveno-stru\u010dnom skupu \u201cOp\u0107ina Saborsko i okolica u pro\u0161losti i sada\u0161njosti\u201d koji je odr\u017ean u Saborskom 17. svibnja 2025. Kad bi se gledalo\u2026","rel":"","context":"U &quot;\u010casopisi&quot;","block_context":{"text":"\u010casopisi","link":"https:\/\/historiografija.hr\/?cat=21"},"img":{"alt_text":"","src":"https:\/\/i0.wp.com\/historiografija.hr\/wp-content\/uploads\/2026\/07\/Podpljesivicki-granicari-scaled.jpg?fit=844%2C1200&ssl=1&resize=350%2C200","width":350,"height":200,"srcset":"https:\/\/i0.wp.com\/historiografija.hr\/wp-content\/uploads\/2026\/07\/Podpljesivicki-granicari-scaled.jpg?fit=844%2C1200&ssl=1&resize=350%2C200 1x, https:\/\/i0.wp.com\/historiografija.hr\/wp-content\/uploads\/2026\/07\/Podpljesivicki-granicari-scaled.jpg?fit=844%2C1200&ssl=1&resize=525%2C300 1.5x, https:\/\/i0.wp.com\/historiografija.hr\/wp-content\/uploads\/2026\/07\/Podpljesivicki-granicari-scaled.jpg?fit=844%2C1200&ssl=1&resize=700%2C400 2x"},"classes":[]}],"_links":{"self":[{"href":"https:\/\/historiografija.hr\/index.php?rest_route=\/wp\/v2\/posts\/54646","targetHints":{"allow":["GET"]}}],"collection":[{"href":"https:\/\/historiografija.hr\/index.php?rest_route=\/wp\/v2\/posts"}],"about":[{"href":"https:\/\/historiografija.hr\/index.php?rest_route=\/wp\/v2\/types\/post"}],"author":[{"embeddable":true,"href":"https:\/\/historiografija.hr\/index.php?rest_route=\/wp\/v2\/users\/2"}],"replies":[{"embeddable":true,"href":"https:\/\/historiografija.hr\/index.php?rest_route=%2Fwp%2Fv2%2Fcomments&post=54646"}],"version-history":[{"count":1,"href":"https:\/\/historiografija.hr\/index.php?rest_route=\/wp\/v2\/posts\/54646\/revisions"}],"predecessor-version":[{"id":54648,"href":"https:\/\/historiografija.hr\/index.php?rest_route=\/wp\/v2\/posts\/54646\/revisions\/54648"}],"wp:featuredmedia":[{"embeddable":true,"href":"https:\/\/historiografija.hr\/index.php?rest_route=\/wp\/v2\/media\/54647"}],"wp:attachment":[{"href":"https:\/\/historiografija.hr\/index.php?rest_route=%2Fwp%2Fv2%2Fmedia&parent=54646"}],"wp:term":[{"taxonomy":"category","embeddable":true,"href":"https:\/\/historiografija.hr\/index.php?rest_route=%2Fwp%2Fv2%2Fcategories&post=54646"},{"taxonomy":"post_tag","embeddable":true,"href":"https:\/\/historiografija.hr\/index.php?rest_route=%2Fwp%2Fv2%2Ftags&post=54646"}],"curies":[{"name":"wp","href":"https:\/\/api.w.org\/{rel}","templated":true}]}}