{"id":5461,"date":"2017-08-01T10:23:37","date_gmt":"2017-08-01T10:23:37","guid":{"rendered":"http:\/\/historiografija.hr\/?p=5461"},"modified":"2017-08-01T10:23:37","modified_gmt":"2017-08-01T10:23:37","slug":"obiljezavanje-medunarodnog-dana-sjecanja-na-romske-zrtve-genocida-samudaripen","status":"publish","type":"post","link":"https:\/\/historiografija.hr\/?p=5461","title":{"rendered":"Obilje\u017eavanje Me\u0111unarodnog dana sje\u0107anja na romske \u017ertve genocida \/ Samudaripen"},"content":{"rendered":"<p>Me\u0111unarodni dan sje\u0107anja na romske \u017ertve genocida u Drugom svjetskom ratu \/ Samudaripen obilje\u017eit \u0107e se u srijedu (2.VIII.2017) u 10 sati na romskom groblju U\u0161tica (JUSP Jasenovac).<\/p>\n<p>&nbsp;<\/p>\n<p>&nbsp;<\/p>\n<p>&#8212;<\/p>\n<p>&nbsp;<\/p>\n<p>&nbsp;<\/p>\n<p>ME\u0110UNARODNI DAN SJE\u0106ANJA NA ROMSKE \u017dRTVE GENOCIDA U DRUGOM SVJETSKOM RATU \/ SAMUDARIPEN odr\u017eat \u0107e se 2. kolovoza 2017. g. s po\u010detkom u 10:00 sati na romskom groblju U\u0161tica (JUSP Jasenovac) u organizaciji Saveza Roma u Republici Hrvatskoj \u201cKALI SARA\u201d i saborskog zastupnika Veljka Kajtazija.<\/p>\n<p>&nbsp;<\/p>\n<p>&nbsp;<\/p>\n<p>Obilje\u017eavanje mo\u017eete pratiti u izravnom prijenosu na Hrvatskoj radioteleviziji (HRT 4).<\/p>\n<p>&nbsp;<\/p>\n<p>&nbsp;<\/p>\n<p>&#8212;<\/p>\n<p>&nbsp;<\/p>\n<p>&nbsp;<\/p>\n<p>Saborski zastupnik Veljko Kajtazi i Savez Roma u R.H \u201cKali Sara\u201d vas pozivaju na obilje\u017eavanje Me\u0111unarodnog dana sje\u0107anja na romske \u017ertve genocida \/ Samudaripen.<\/p>\n<p>&nbsp;<\/p>\n<p>&nbsp;<\/p>\n<p>Ovaj dan se u Republici Hrvatskoj, u organizaciji Saveza Roma u RH \u201cKALI SARA\u201d, obilje\u017eava na lokaciji romskog groblja U\u0161tica pored Jasenovca.<\/p>\n<p>&nbsp;<\/p>\n<p>&nbsp;<\/p>\n<p>Me\u0111unarodni dan sje\u0107anja na romske \u017ertve genocida u Drugom svjetskom ratu \/ Samudaripena obilje\u017eava se kao sje\u0107anje na 2. kolovoz 1944. godine kad je 2897 Roma ubijeno u koncentracijskom logoru Auschwitz. Ovaj datum, koji je prihva\u0107en od Vije\u0107a Europe, se obilje\u017eava u brojnim europskim zemljama kao dan na koji se komemoriraju sve romske \u017ertve Drugog svjetskog rata.<\/p>\n<p>&nbsp;<\/p>\n<p>&nbsp;<\/p>\n<p>Povodom Me\u0111unarodnog dana sje\u0107anja na romske \u017ertve Samudaripena \/ Holokausta, komemoracije se organiziraju i u Auschwitzu, ali i Krakowu, Londonu, Budimpe\u0161ti, Bratislavi, Strasbourgu i drugim europskim gradovima.<\/p>\n<p>&nbsp;<\/p>\n<p>&nbsp;<\/p>\n<p>Sustavno istrebljenje Roma provedeno je u tzv. Nezavisnoj Dr\u017eavi Hrvatskoj (NDH) i uz suradnju usta\u0161kog re\u017eima s nacisti\u010dkom Njema\u010dkom. Od samog po\u010detka, 10. travnja 1941. godine, tzv. NDH je donijela zakonodavstvo po uzoru na nacisti\u010dku Njema\u010dku unutar kojeg su donesene i odredbe o rasnoj pripadnosti koje su ozakonile progon Roma i \u017didova u tzv. NDH.<\/p>\n<p>&nbsp;<\/p>\n<p>Prvi koncentracijski logor osnovan je u travnju 1941. godine u Koprivnici. Godine 1941. i 1942. je u tzv. NDH formirano vi\u0161e od 30 logora, a uz Jasenovac, najve\u0107i usta\u0161ki koncentracijski logori bili su Jadovno na Velebitu, Slana na Pagu i Stara Gradi\u0161ka.<\/p>\n<p>&nbsp;<\/p>\n<p>&nbsp;<\/p>\n<p>Od svibnja 1942. godine svi su Romi s podru\u010dja tzv. NDH deportirani u Jasenovac. Romi su do logora bili dovedeni teretnim vagonima, a za razliku od ve\u0107ine drugih grupa zato\u010denika oni nisu po dolasku u logor bili upisivani poimenice, nego ih se evidentiralo po broju vagona kojima su dovezeni. Bilo im je oduzeto sve \u0161to su posjedovali.<\/p>\n<p>&nbsp;<\/p>\n<p>&nbsp;<\/p>\n<p>Romi logora\u0161i ispo\u010detka su bili smje\u0161teni u selo U\u0161tica, \u010diji su stanovnici prethodno ubijeni (to je mjesto nazvano \u201eciganski logor\u201c). Kasnije su ih prebacivali u selo Gradina na drugu obalu Save, mjesto masovnih ubojstava zato\u010denika Jasenovca.<\/p>\n<p>&nbsp;<\/p>\n<p>&nbsp;<\/p>\n<p>Kako nisu vo\u0111eni podaci o broju zato\u010denih Roma, a i ve\u0107ina Roma u to vrijeme nije bila upisivana u mati\u010dne knjige, \u0161kolske i druge evidencije, svaki poku\u0161aj da se utvrdi broj ubijenih Roma u Jasenovcu je nemogu\u0107.<\/p>\n<p>&nbsp;<\/p>\n<p>&nbsp;<\/p>\n<p>Izvori:<\/p>\n<blockquote data-secret=\"CIBGpqiq36\" class=\"wp-embedded-content\"><p><a href=\"http:\/\/kalisara.hr\/najava-medunarodni-dan-sjecanja-romske-zrtve-genocida-drugom-svjetskom-ratu-samudaripen\/\">Najava: Me\u0111unarodni dan sje\u0107anja na romske \u017ertve genocida u Drugom svjetskom ratu \/ Samudaripen<\/a><\/p><\/blockquote>\n<p><iframe loading=\"lazy\" class=\"wp-embedded-content\" sandbox=\"allow-scripts\" security=\"restricted\" style=\"position: absolute; clip: rect(1px, 1px, 1px, 1px);\" src=\"http:\/\/kalisara.hr\/najava-medunarodni-dan-sjecanja-romske-zrtve-genocida-drugom-svjetskom-ratu-samudaripen\/embed\/#?secret=CIBGpqiq36\" data-secret=\"CIBGpqiq36\" width=\"600\" height=\"338\" title=\"&#8220;Najava: Me\u0111unarodni dan sje\u0107anja na romske \u017ertve genocida u Drugom svjetskom ratu \/ Samudaripen&#8221; &#8212; SRRH &quot;KALI SARA&quot;\" frameborder=\"0\" marginwidth=\"0\" marginheight=\"0\" scrolling=\"no\"><\/iframe><\/p>\n<blockquote data-secret=\"0dqOUlLPwx\" class=\"wp-embedded-content\"><p><a href=\"http:\/\/veljkokajtazi.com\/2017\/06\/28\/najava-medunarodni-dan-sjecanja-romske-zrtve-genocida-drugom-svjetskom-ratu-samudaripen\/\">Najava: Me\u0111unarodni dan sje\u0107anja na romske \u017ertve genocida u Drugom svjetskom ratu \/ Samudaripen<\/a><\/p><\/blockquote>\n<p><iframe loading=\"lazy\" class=\"wp-embedded-content\" sandbox=\"allow-scripts\" security=\"restricted\" style=\"position: absolute; clip: rect(1px, 1px, 1px, 1px);\" src=\"http:\/\/veljkokajtazi.com\/2017\/06\/28\/najava-medunarodni-dan-sjecanja-romske-zrtve-genocida-drugom-svjetskom-ratu-samudaripen\/embed\/#?secret=0dqOUlLPwx\" data-secret=\"0dqOUlLPwx\" width=\"600\" height=\"338\" title=\"&#8220;Najava: Me\u0111unarodni dan sje\u0107anja na romske \u017ertve genocida u Drugom svjetskom ratu \/ Samudaripen&#8221; &#8212; Veljko Kajtazi\" frameborder=\"0\" marginwidth=\"0\" marginheight=\"0\" scrolling=\"no\"><\/iframe><\/p>\n<blockquote data-secret=\"6TJtJpurWC\" class=\"wp-embedded-content\"><p><a href=\"http:\/\/romskiportal.com\/poziv-na-obiljezavanje-medunarodnog-dana-sjecanja-na-romske-zrtve-genocida-samudaripen\/\">Poziv na obilje\u017eavanje Me\u0111unarodnog dana sje\u0107anja na romske \u017ertve genocida \/ Samudaripen<\/a><\/p><\/blockquote>\n<p><iframe loading=\"lazy\" class=\"wp-embedded-content\" sandbox=\"allow-scripts\" security=\"restricted\" style=\"position: absolute; clip: rect(1px, 1px, 1px, 1px);\" src=\"http:\/\/romskiportal.com\/poziv-na-obiljezavanje-medunarodnog-dana-sjecanja-na-romske-zrtve-genocida-samudaripen\/embed\/#?secret=6TJtJpurWC\" data-secret=\"6TJtJpurWC\" width=\"600\" height=\"338\" title=\"&#8220;Poziv na obilje\u017eavanje Me\u0111unarodnog dana sje\u0107anja na romske \u017ertve genocida \/ Samudaripen&#8221; &#8212; Romski Portal\" frameborder=\"0\" marginwidth=\"0\" marginheight=\"0\" scrolling=\"no\"><\/iframe><\/p>\n<p>&nbsp;<\/p>\n","protected":false},"excerpt":{"rendered":"","protected":false},"author":2,"featured_media":5462,"comment_status":"open","ping_status":"open","sticky":false,"template":"","format":"standard","meta":{"_acf_changed":false,"jetpack_post_was_ever_published":false,"_jetpack_newsletter_access":"","_jetpack_dont_email_post_to_subs":false,"_jetpack_newsletter_tier_id":0,"_jetpack_memberships_contains_paywalled_content":false,"_jetpack_memberships_contains_paid_content":false,"footnotes":"","jetpack_publicize_message":"","jetpack_publicize_feature_enabled":true,"jetpack_social_post_already_shared":true,"jetpack_social_options":{"image_generator_settings":{"template":"highway","default_image_id":0,"font":"","enabled":false},"version":2}},"categories":[3],"tags":[],"class_list":["post-5461","post","type-post","status-publish","format-standard","has-post-thumbnail","hentry","category-novosti"],"acf":{"facebook_opis":""},"jetpack_publicize_connections":[],"jetpack_featured_media_url":"https:\/\/i0.wp.com\/historiografija.hr\/wp-content\/uploads\/2017\/08\/Poziv-2-8-17.jpg?fit=1315%2C523&ssl=1","jetpack_sharing_enabled":true,"jetpack-related-posts":[{"id":52505,"url":"https:\/\/historiografija.hr\/?p=52505","url_meta":{"origin":5461,"position":0},"title":"Izlo\u017eba &#8220;Eschenstock \/ Jasenov prut&#8221;","author":"Branimir Jankovi\u0107","date":"17. travnja 2026.","format":false,"excerpt":"Srpsko narodno vije\u0107e (SNV) i Vizura aperta postavljaju izlo\u017ebu \u0161vicarskog slikara Velimira Ili\u0161evi\u0107a: Eschenstock \/ Jasenov prut. Izlo\u017eba se uz prisustvo autora otvara povodom 81. godi\u0161njice proboja logora\u0161a iz usta\u0161kog logora smrti Jasenovac 22. aprila 2026. u 19 sati u Srpskom kulturnom centru (SKC) u Preradovi\u0107evoj ulici 21 u Zagrebu.\u2026","rel":"","context":"U &quot;Izlo\u017ebe&quot;","block_context":{"text":"Izlo\u017ebe","link":"https:\/\/historiografija.hr\/?cat=10"},"img":{"alt_text":"","src":"https:\/\/i0.wp.com\/historiografija.hr\/wp-content\/uploads\/2026\/04\/Jasenov_prut.jpg?fit=1024%2C640&ssl=1&resize=350%2C200","width":350,"height":200,"srcset":"https:\/\/i0.wp.com\/historiografija.hr\/wp-content\/uploads\/2026\/04\/Jasenov_prut.jpg?fit=1024%2C640&ssl=1&resize=350%2C200 1x, https:\/\/i0.wp.com\/historiografija.hr\/wp-content\/uploads\/2026\/04\/Jasenov_prut.jpg?fit=1024%2C640&ssl=1&resize=525%2C300 1.5x, https:\/\/i0.wp.com\/historiografija.hr\/wp-content\/uploads\/2026\/04\/Jasenov_prut.jpg?fit=1024%2C640&ssl=1&resize=700%2C400 2x"},"classes":[]},{"id":52502,"url":"https:\/\/historiografija.hr\/?p=52502","url_meta":{"origin":5461,"position":1},"title":"Novi znanstveni projekt Hrvatskog instituta za povijest: \u201c\u017drtve ratova i dr\u017eavnog\/politi\u010dkog nasilja u hrvatskoj povijesti 20. stolje\u0107a\u201d","author":"Branimir Jankovi\u0107","date":"17. travnja 2026.","format":false,"excerpt":"Na redovitoj sjednici Vlade RH, 16. travnja 2026., donijet je Zaklju\u010dak kojim se pokre\u0107e znanstveni projekt \u201c\u017drtve ratova i dr\u017eavnog\/politi\u010dkog nasilja u hrvatskoj povijesti 20. stolje\u0107a\u201d. Projekt \u0107e provoditi i koordinirati Hrvatski institut za povijest u razdoblju trajanja projekta od pet godina. Zakljucak Vlade RH Iz teksta projektnog prijedloga: Problematika\u2026","rel":"","context":"U &quot;Novosti&quot;","block_context":{"text":"Novosti","link":"https:\/\/historiografija.hr\/?cat=3"},"img":{"alt_text":"","src":"https:\/\/i0.wp.com\/historiografija.hr\/wp-content\/uploads\/2026\/04\/Vlada-RH.jpg?fit=1200%2C557&ssl=1&resize=350%2C200","width":350,"height":200,"srcset":"https:\/\/i0.wp.com\/historiografija.hr\/wp-content\/uploads\/2026\/04\/Vlada-RH.jpg?fit=1200%2C557&ssl=1&resize=350%2C200 1x, https:\/\/i0.wp.com\/historiografija.hr\/wp-content\/uploads\/2026\/04\/Vlada-RH.jpg?fit=1200%2C557&ssl=1&resize=525%2C300 1.5x, https:\/\/i0.wp.com\/historiografija.hr\/wp-content\/uploads\/2026\/04\/Vlada-RH.jpg?fit=1200%2C557&ssl=1&resize=700%2C400 2x, https:\/\/i0.wp.com\/historiografija.hr\/wp-content\/uploads\/2026\/04\/Vlada-RH.jpg?fit=1200%2C557&ssl=1&resize=1050%2C600 3x"},"classes":[]},{"id":52573,"url":"https:\/\/historiografija.hr\/?p=52573","url_meta":{"origin":5461,"position":2},"title":"Znanstvena konferencija &#8220;Filozofija odgoja: povijest, praksa, perspektive&#8221;","author":"Branimir Jankovi\u0107","date":"21. travnja 2026.","format":false,"excerpt":"Znanstvena konferencija \"Filozofija odgoja: povijest, praksa, perspektive\" odr\u017eat \u0107e se 23. i 24. travnja 2026. u Konferencijskoj dvorani Knji\u017enice Filozofskog fakulteta u Zagrebu (2. kat).\u00a0Konferencija je organizirana u okviru projekta\u00a0SUMKOS (voditeljica prof. dr. sc. Ivana Zagorac, financiran\u00a0sredstvima NextGenerationEU), uz potporu Odsjeka za filozofiju.\u00a0 Uz izlaga\u010dki dio, konferencija obuhva\u0107a i izlo\u017ebu\u2026","rel":"","context":"U &quot;Novosti&quot;","block_context":{"text":"Novosti","link":"https:\/\/historiografija.hr\/?cat=3"},"img":{"alt_text":"","src":"","width":0,"height":0},"classes":[]},{"id":52660,"url":"https:\/\/historiografija.hr\/?p=52660","url_meta":{"origin":5461,"position":3},"title":"Medijski odjeci \u010dlanka Steve \u0110ura\u0161kovi\u0107a \u201e\u017dupanovljeva ne\u017eeljena djeca: ideolo\u0161ko pribli\u017eavanje neoliberala i kr\u0161\u0107anske radikalne desnice u Hrvatskoj\u201c","author":"Branimir Jankovi\u0107","date":"24. travnja 2026.","format":false,"excerpt":"U sklopu projekta \u201eIzazovi intelektualne povijesti: recepcije, preobrazbe i upotrebe politi\u010dkih ideja\u201c objavljen je polemi\u010dki \u010dlanak Steve \u0110ura\u0161kovi\u0107a \u201e\u017dupanovljeva ne\u017eeljena djeca: ideolo\u0161ko pribli\u017eavanje neoliberala i kr\u0161\u0107anske radikalne desnice u Hrvatskoj\u201c, koji je izazvao odre\u0111ene medijske reakcije. Stevo \u0110ura\u0161kovi\u0107 \u017dupanovljeva ne\u017eeljena djeca: ideolo\u0161ko pribli\u017eavanje neoliberala i kr\u0161\u0107anske radikalne desnice u Hrvatskoj\u2026","rel":"","context":"U &quot;Novosti&quot;","block_context":{"text":"Novosti","link":"https:\/\/historiografija.hr\/?cat=3"},"img":{"alt_text":"","src":"https:\/\/i0.wp.com\/historiografija.hr\/wp-content\/uploads\/2026\/04\/SD.png?fit=809%2C821&ssl=1&resize=350%2C200","width":350,"height":200,"srcset":"https:\/\/i0.wp.com\/historiografija.hr\/wp-content\/uploads\/2026\/04\/SD.png?fit=809%2C821&ssl=1&resize=350%2C200 1x, https:\/\/i0.wp.com\/historiografija.hr\/wp-content\/uploads\/2026\/04\/SD.png?fit=809%2C821&ssl=1&resize=525%2C300 1.5x, https:\/\/i0.wp.com\/historiografija.hr\/wp-content\/uploads\/2026\/04\/SD.png?fit=809%2C821&ssl=1&resize=700%2C400 2x"},"classes":[]},{"id":52592,"url":"https:\/\/historiografija.hr\/?p=52592","url_meta":{"origin":5461,"position":4},"title":"Predstavljanje knjige &#8220;Turska ku\u0107a u Rijeci&#8221; u Zagrebu","author":"Branimir Jankovi\u0107","date":"22. travnja 2026.","format":false,"excerpt":"U prostorijama Turskog kulturnog centra Yunus Emre u Zagrebu, u utorak 21. travnja 2026. godine, odr\u017eano je sve\u010dano predstavljanje dopunjenog izdanja knjige Turska ku\u0107a u Rijeci, u organizaciji Hrvatsko-turskog dru\u0161tva Rijeka i partnerstvu sa Skupinom prijateljstva Hrvatska-Turska Hrvatskog sabora, Veleposlanstvom Republike Turske u Republici Hrvatskoj te Turskim kulturnim centrom Yunus\u2026","rel":"","context":"U &quot;Novosti&quot;","block_context":{"text":"Novosti","link":"https:\/\/historiografija.hr\/?cat=3"},"img":{"alt_text":"","src":"https:\/\/i0.wp.com\/historiografija.hr\/wp-content\/uploads\/2026\/04\/Turska-kuca-ZG.jpg?fit=1200%2C800&ssl=1&resize=350%2C200","width":350,"height":200,"srcset":"https:\/\/i0.wp.com\/historiografija.hr\/wp-content\/uploads\/2026\/04\/Turska-kuca-ZG.jpg?fit=1200%2C800&ssl=1&resize=350%2C200 1x, https:\/\/i0.wp.com\/historiografija.hr\/wp-content\/uploads\/2026\/04\/Turska-kuca-ZG.jpg?fit=1200%2C800&ssl=1&resize=525%2C300 1.5x, https:\/\/i0.wp.com\/historiografija.hr\/wp-content\/uploads\/2026\/04\/Turska-kuca-ZG.jpg?fit=1200%2C800&ssl=1&resize=700%2C400 2x, https:\/\/i0.wp.com\/historiografija.hr\/wp-content\/uploads\/2026\/04\/Turska-kuca-ZG.jpg?fit=1200%2C800&ssl=1&resize=1050%2C600 3x"},"classes":[]},{"id":52536,"url":"https:\/\/historiografija.hr\/?p=52536","url_meta":{"origin":5461,"position":5},"title":"Kader Abdolah, \u201ePrije nego \u0161to bude kasno\u201c","author":"Branimir Jankovi\u0107","date":"20. travnja 2026.","format":false,"excerpt":"Kader Abdolah \u017eeli se vratiti ku\u0107i. Ali povratak je nemogu\u0107: u Iranu bi bio uhap\u0161en. Pod la\u017enim imenom i s krivotvorenim paso\u0161em ipak uspijeva u\u0107i u domovinu i sti\u017ee do roditeljske ku\u0107e, visoko u planinama. Majka ga ne prepoznaje, otac je mrtav, a sve \u0161to je tra\u017eio izmi\u010de mu pred\u2026","rel":"","context":"U &quot;Novosti&quot;","block_context":{"text":"Novosti","link":"https:\/\/historiografija.hr\/?cat=3"},"img":{"alt_text":"","src":"https:\/\/i0.wp.com\/historiografija.hr\/wp-content\/uploads\/2026\/04\/Prije-nego-sto-bude-kasno.webp?fit=566%2C872&ssl=1&resize=350%2C200","width":350,"height":200,"srcset":"https:\/\/i0.wp.com\/historiografija.hr\/wp-content\/uploads\/2026\/04\/Prije-nego-sto-bude-kasno.webp?fit=566%2C872&ssl=1&resize=350%2C200 1x, https:\/\/i0.wp.com\/historiografija.hr\/wp-content\/uploads\/2026\/04\/Prije-nego-sto-bude-kasno.webp?fit=566%2C872&ssl=1&resize=525%2C300 1.5x"},"classes":[]}],"_links":{"self":[{"href":"https:\/\/historiografija.hr\/index.php?rest_route=\/wp\/v2\/posts\/5461","targetHints":{"allow":["GET"]}}],"collection":[{"href":"https:\/\/historiografija.hr\/index.php?rest_route=\/wp\/v2\/posts"}],"about":[{"href":"https:\/\/historiografija.hr\/index.php?rest_route=\/wp\/v2\/types\/post"}],"author":[{"embeddable":true,"href":"https:\/\/historiografija.hr\/index.php?rest_route=\/wp\/v2\/users\/2"}],"replies":[{"embeddable":true,"href":"https:\/\/historiografija.hr\/index.php?rest_route=%2Fwp%2Fv2%2Fcomments&post=5461"}],"version-history":[{"count":1,"href":"https:\/\/historiografija.hr\/index.php?rest_route=\/wp\/v2\/posts\/5461\/revisions"}],"predecessor-version":[{"id":5463,"href":"https:\/\/historiografija.hr\/index.php?rest_route=\/wp\/v2\/posts\/5461\/revisions\/5463"}],"wp:featuredmedia":[{"embeddable":true,"href":"https:\/\/historiografija.hr\/index.php?rest_route=\/wp\/v2\/media\/5462"}],"wp:attachment":[{"href":"https:\/\/historiografija.hr\/index.php?rest_route=%2Fwp%2Fv2%2Fmedia&parent=5461"}],"wp:term":[{"taxonomy":"category","embeddable":true,"href":"https:\/\/historiografija.hr\/index.php?rest_route=%2Fwp%2Fv2%2Fcategories&post=5461"},{"taxonomy":"post_tag","embeddable":true,"href":"https:\/\/historiografija.hr\/index.php?rest_route=%2Fwp%2Fv2%2Ftags&post=5461"}],"curies":[{"name":"wp","href":"https:\/\/api.w.org\/{rel}","templated":true}]}}