{"id":5446,"date":"2017-07-31T10:10:15","date_gmt":"2017-07-31T10:10:15","guid":{"rendered":"http:\/\/historiografija.hr\/?p=5446"},"modified":"2017-07-31T10:10:15","modified_gmt":"2017-07-31T10:10:15","slug":"reakcija-drustva-arhitekata-zagreba-na-projekt-uredenja-parka-na-savici-i-natpise-u-medijima-o-najavljenom-uredenju-poteza-od-branimirove-trznice-preko-trga-zrtava-fasizma-do-trga-burze","status":"publish","type":"post","link":"https:\/\/historiografija.hr\/?p=5446","title":{"rendered":"Reakcija Dru\u0161tva arhitekata Zagreba na projekt ure\u0111enja parka na Savici i natpise u medijima o najavljenom ure\u0111enju poteza od Branimirove tr\u017enice preko Trga \u017ertava fa\u0161izma do Trga burze"},"content":{"rendered":"<p>&#8220;Javni prostor ne smije se mijenjati niti ure\u0111ivati bez javnih rasprava i javnih arhitektonsko-urbanisti\u010dkih i krajobraznih natje\u010daja, a informiranje i participacija gra\u0111ana su obavezni \/ Sve drugo nedemokratska je praksa s dugoro\u010dno \u0161tetnim posljedicama, koju kao odgovorno i kompetentno dru\u0161tvo smatramo neprihvatljivom&#8221;.<\/p>\n<p>&nbsp;<\/p>\n<p>&nbsp;<\/p>\n<p>&#8212;<\/p>\n<p>&nbsp;<\/p>\n<p>&nbsp;<\/p>\n<p><em><strong>Javni prostor je javni interes<\/strong><\/em><\/p>\n<p>&nbsp;<\/p>\n<p>Autor\/izvor: DAZ 27\/07\/2017<\/p>\n<p>&nbsp;<\/p>\n<p><strong>Reakcija Dru\u0161tva arhitekata Zagreba na projekt ure\u0111enja parka na Savici i natpise u medijima o najavljenom ure\u0111enju poteza od Branimirove tr\u017enice preko Trga \u017ertava fa\u0161izma do Trga burze.<\/strong><\/p>\n<p>&nbsp;<\/p>\n<p>Javni prostor ne smije se mijenjati niti ure\u0111ivati bez javnih rasprava i javnih arhitektonsko-urbanisti\u010dkih i krajobraznih natje\u010daja, a informiranje i participacija gra\u0111ana su obavezni. Sve drugo nedemokratska je praksa s dugoro\u010dno \u0161tetnim posljedicama, koju kao odgovorno i kompetentno dru\u0161tvo smatramo neprihvatljivom.<\/p>\n<p>&nbsp;<\/p>\n<p>Upozoravamo na dva recentna primjera gdje su spomenute procedure zaobi\u0111ene na \u0161tetu gra\u0111ana i kvalitete javnog prostora grada: projekt ure\u0111enja parka na Savici i najava ure\u0111enja poteza od Branimirove tr\u017enice preko Trga \u017ertava fa\u0161izma do Trga burze.<\/p>\n<p>&nbsp;<\/p>\n<p>U slu\u010daju parka na Savici grad je napravio korak unaprijed kada je odustao od gradnje crkve, izbjegav\u0161i nepotrebno stvaranje konflikta crkvenog i parkovnog sadr\u017eaja u istom prostoru. No u duhu po\u017eeljnih pristupa planiranju, participacije gra\u0111ana i provedbe javnog arhitektonskog i urbanisti\u010dkog natje\u010daja, grad je oti\u0161ao u najmanju ruku nekoliko koraka unazad. Ako uzmemo u obzir snagu zajednice na Savici i njezinu povezanost s parkom kao trenutno najja\u010dim simbolom aktiviranja gra\u0111ana za javni interes u gradu Zagrebu, izostanak informiranja o planovima ure\u0111enja parka i neuklju\u010denost gra\u0111ana u programiranje njegovog budu\u0107eg sadr\u017eaja predstavlja nepotreban i nedopustiv propust. Zaobila\u017eenje javnog arhitektonskog i urbanisti\u010dkog natje\u010daja tako\u0111er je neprihvatljivo.<\/p>\n<p>&nbsp;<\/p>\n<p>Istovremeno na Savici postoji i primjer u kojem se grad odlu\u010dio za optimalnu proceduru. Na temelju prijedloga i peticije gra\u0111ana, u lipnju 2016. godine proveden je arhitektonsko-urbanisti\u010dki natje\u010daj za ure\u0111enje dijela ulice Ljerke \u0160ram u centralni javni prostor \u2013 kvartovski trg. Iako je mogu\u0107e dodatno ure\u0111ivati prostor parka na Savici i pobolj\u0161avati njegovu kvalitetu, Dru\u0161tvo arhitekata Zagreba smatra kako bi realizacija prvonagra\u0111enog projekta za trg uz tr\u017enicu na Savici bila korisnije ulaganje u javne prostore ove \u010detvrti, kao i potvrda primjene ispravnih procedura.<\/p>\n<p>&nbsp;<\/p>\n<p>U slu\u010daju recentnih najava ure\u0111ivanja poteza od Branimirove tr\u017enice preko Trga \u017ertava fa\u0161izma do Trga burze, smatramo da se ovdje tako\u0111er radi o zaobila\u017eenju javnog arhitektonskog i urbanisti\u010dkog natje\u010daja na \u0161tetu prostora i interesa gra\u0111ana. Podr\u017eavamo inicijativu pojedinaca i grada da se uredi prostor Branimirove tr\u017enice i da joj se dodijeli kvalitetan sadr\u017eaj i identitet, te pozdravljamo ideju da se spomenuti potez uredi uz naglasak na kvalitetan pje\u0161a\u010dki i biciklisti\u010dki do\u017eivljaj. No imaju\u0107i u vidu zna\u010daj prostora i povijesno urbano naslije\u0111e, inicijative pojedinaca trebaju ostati na razini inicijative, dok je provedba javnog arhitektonskog i urbanisti\u010dkog natje\u010daja apsolutno nu\u017ena za dobivanje najboljeg rje\u0161enja.<\/p>\n<p>&nbsp;<\/p>\n<p>Smatramo da put do ispravnog rje\u0161enja vodi kroz institut javnog natje\u010daja i uz uklju\u010divanje gra\u0111ana i lokalne uprave. Sve drugo dugoro\u010dno su \u0161tetne improvizacije.<\/p>\n<p>&nbsp;<\/p>\n<p>Dopis je dostupan na poveznici:<\/p>\n<p><a href=\"http:\/\/www.d-a-z.hr\/files\/file\/Dokumenti\/DAZ_Javni-prostor.pdf\">http:\/\/www.d-a-z.hr\/files\/file\/Dokumenti\/DAZ_Javni-prostor.pdf<\/a><\/p>\n<p>&nbsp;<\/p>\n<p>Izvor: <a href=\"http:\/\/www.d-a-z.hr\/hr\/aktualna-tema\/javni-prostor-je-javni-interes,4682.html\">http:\/\/www.d-a-z.hr\/hr\/aktualna-tema\/javni-prostor-je-javni-interes,4682.html<\/a><\/p>\n<p>&nbsp;<\/p>\n","protected":false},"excerpt":{"rendered":"","protected":false},"author":2,"featured_media":5447,"comment_status":"open","ping_status":"open","sticky":false,"template":"","format":"standard","meta":{"_acf_changed":false,"jetpack_post_was_ever_published":false,"_jetpack_newsletter_access":"","_jetpack_dont_email_post_to_subs":false,"_jetpack_newsletter_tier_id":0,"_jetpack_memberships_contains_paywalled_content":false,"_jetpack_memberships_contains_paid_content":false,"footnotes":"","jetpack_publicize_message":"","jetpack_publicize_feature_enabled":true,"jetpack_social_post_already_shared":true,"jetpack_social_options":{"image_generator_settings":{"template":"highway","default_image_id":0,"font":"","enabled":false},"version":2}},"categories":[3],"tags":[],"class_list":["post-5446","post","type-post","status-publish","format-standard","has-post-thumbnail","hentry","category-novosti"],"acf":{"facebook_opis":""},"jetpack_publicize_connections":[],"jetpack_featured_media_url":"https:\/\/i0.wp.com\/historiografija.hr\/wp-content\/uploads\/2017\/07\/3.jpg?fit=573%2C800&ssl=1","jetpack_sharing_enabled":true,"jetpack-related-posts":[{"id":52619,"url":"https:\/\/historiografija.hr\/?p=52619","url_meta":{"origin":5446,"position":0},"title":"Predavanje \u0110ur\u0111ice Vitkovi\u0107 &#8220;Izme\u0111u pera i objektiva: Zagorka i Foto Tonka&#8221;","author":"Branimir Jankovi\u0107","date":"23. travnja 2026.","format":false,"excerpt":"Memorijalni stan Marije Juri\u0107 Zagorke poziva Vas na predavanje \u0110ur\u0111ice Vitkovi\u0107 \u201eIzme\u0111u pera i objektiva: Zagorka i Foto Tonka\u201c koje \u0107e se odr\u017eati u utorak, 28. travnja 2026. s po\u010detkom u 18 h u sklopu Ciklusa predavanja u Memorijalnom stanu Marije Juri\u0107 Zagorke. Kako su se susrele knji\u017eevnost i fotografija\u2026","rel":"","context":"U &quot;Novosti&quot;","block_context":{"text":"Novosti","link":"https:\/\/historiografija.hr\/?cat=3"},"img":{"alt_text":"","src":"https:\/\/i0.wp.com\/historiografija.hr\/wp-content\/uploads\/2024\/11\/Zagorka_ciklus.jpg?fit=1200%2C1006&ssl=1&resize=350%2C200","width":350,"height":200,"srcset":"https:\/\/i0.wp.com\/historiografija.hr\/wp-content\/uploads\/2024\/11\/Zagorka_ciklus.jpg?fit=1200%2C1006&ssl=1&resize=350%2C200 1x, https:\/\/i0.wp.com\/historiografija.hr\/wp-content\/uploads\/2024\/11\/Zagorka_ciklus.jpg?fit=1200%2C1006&ssl=1&resize=525%2C300 1.5x, https:\/\/i0.wp.com\/historiografija.hr\/wp-content\/uploads\/2024\/11\/Zagorka_ciklus.jpg?fit=1200%2C1006&ssl=1&resize=700%2C400 2x, https:\/\/i0.wp.com\/historiografija.hr\/wp-content\/uploads\/2024\/11\/Zagorka_ciklus.jpg?fit=1200%2C1006&ssl=1&resize=1050%2C600 3x"},"classes":[]},{"id":52660,"url":"https:\/\/historiografija.hr\/?p=52660","url_meta":{"origin":5446,"position":1},"title":"Medijski odjeci \u010dlanka Steve \u0110ura\u0161kovi\u0107a \u201e\u017dupanovljeva ne\u017eeljena djeca: ideolo\u0161ko pribli\u017eavanje neoliberala i kr\u0161\u0107anske radikalne desnice u Hrvatskoj\u201c","author":"Branimir Jankovi\u0107","date":"24. travnja 2026.","format":false,"excerpt":"U sklopu projekta \u201eIzazovi intelektualne povijesti: recepcije, preobrazbe i upotrebe politi\u010dkih ideja\u201c objavljen je polemi\u010dki \u010dlanak Steve \u0110ura\u0161kovi\u0107a \u201e\u017dupanovljeva ne\u017eeljena djeca: ideolo\u0161ko pribli\u017eavanje neoliberala i kr\u0161\u0107anske radikalne desnice u Hrvatskoj\u201c, koji je izazvao odre\u0111ene medijske reakcije. Stevo \u0110ura\u0161kovi\u0107 \u017dupanovljeva ne\u017eeljena djeca: ideolo\u0161ko pribli\u017eavanje neoliberala i kr\u0161\u0107anske radikalne desnice u Hrvatskoj\u2026","rel":"","context":"U &quot;Novosti&quot;","block_context":{"text":"Novosti","link":"https:\/\/historiografija.hr\/?cat=3"},"img":{"alt_text":"","src":"https:\/\/i0.wp.com\/historiografija.hr\/wp-content\/uploads\/2026\/04\/SD.png?fit=809%2C821&ssl=1&resize=350%2C200","width":350,"height":200,"srcset":"https:\/\/i0.wp.com\/historiografija.hr\/wp-content\/uploads\/2026\/04\/SD.png?fit=809%2C821&ssl=1&resize=350%2C200 1x, https:\/\/i0.wp.com\/historiografija.hr\/wp-content\/uploads\/2026\/04\/SD.png?fit=809%2C821&ssl=1&resize=525%2C300 1.5x, https:\/\/i0.wp.com\/historiografija.hr\/wp-content\/uploads\/2026\/04\/SD.png?fit=809%2C821&ssl=1&resize=700%2C400 2x"},"classes":[]},{"id":52496,"url":"https:\/\/historiografija.hr\/?p=52496","url_meta":{"origin":5446,"position":2},"title":"30 godina Podru\u017enice \u2013 Javno predavanje Matea \u010calu\u0161i\u0107a \u201eSlavonski Brod u Domovinskom ratu\u201c","author":"Branimir Jankovi\u0107","date":"17. travnja 2026.","format":false,"excerpt":"U 2026. navr\u0161ava se trideset godina od osnutka Podru\u017enice za povijest Slavonije, Srijema i Baranje Hrvatskoga instituta za povijest. Obilje\u017eavanje ove zna\u010dajne obljetnice zapo\u010dinje ciklusom javnih povijesnih predavanja znanstvenika Instituta. Tre\u0107e po redu je predavanje Matea \u010calu\u0161i\u0107a \u2013 \u201eSLAVONSKI BROD U DOMOVINSKOM RATU\u201c. Predavanje \u0107e se odr\u017eati 21. travnja 2026.\u2026","rel":"","context":"U &quot;Novosti&quot;","block_context":{"text":"Novosti","link":"https:\/\/historiografija.hr\/?cat=3"},"img":{"alt_text":"","src":"https:\/\/i0.wp.com\/historiografija.hr\/wp-content\/uploads\/2026\/04\/Predavanje-Calusic.png?fit=860%2C1200&ssl=1&resize=350%2C200","width":350,"height":200,"srcset":"https:\/\/i0.wp.com\/historiografija.hr\/wp-content\/uploads\/2026\/04\/Predavanje-Calusic.png?fit=860%2C1200&ssl=1&resize=350%2C200 1x, https:\/\/i0.wp.com\/historiografija.hr\/wp-content\/uploads\/2026\/04\/Predavanje-Calusic.png?fit=860%2C1200&ssl=1&resize=525%2C300 1.5x, https:\/\/i0.wp.com\/historiografija.hr\/wp-content\/uploads\/2026\/04\/Predavanje-Calusic.png?fit=860%2C1200&ssl=1&resize=700%2C400 2x"},"classes":[]},{"id":52633,"url":"https:\/\/historiografija.hr\/?p=52633","url_meta":{"origin":5446,"position":3},"title":"POVIJEST TRE\u0160NJEVA\u010cKE GLAZBE: prikupljanje virtualnog fundusa Muzeja susjedstva Tre\u0161njevka","author":"Branimir Jankovi\u0107","date":"23. travnja 2026.","format":false,"excerpt":"utorak 28. 4. 2026. 14 - 18 h Nova BAZA, Nova cesta 66, Zagreb Prvi su dani ljeta 1957. godine. Bo\u017eica Kalafati\u0107 poha\u0111a drugi razred Osnovne \u0161kole Bratstvo i jedinstvo, danas kralja Tomislava, a ide i na muzi\u010dke satove u Mo\u0161\u0107eni\u010dkoj ulici. Na fotografiji s harmonikom u rukama stoji u\u2026","rel":"","context":"U &quot;Novosti&quot;","block_context":{"text":"Novosti","link":"https:\/\/historiografija.hr\/?cat=3"},"img":{"alt_text":"","src":"https:\/\/i0.wp.com\/historiografija.hr\/wp-content\/uploads\/2026\/04\/MST_prikupljanje.jpg?fit=380%2C475&ssl=1&resize=350%2C200","width":350,"height":200},"classes":[]},{"id":52592,"url":"https:\/\/historiografija.hr\/?p=52592","url_meta":{"origin":5446,"position":4},"title":"Predstavljanje knjige &#8220;Turska ku\u0107a u Rijeci&#8221; u Zagrebu","author":"Branimir Jankovi\u0107","date":"22. travnja 2026.","format":false,"excerpt":"U prostorijama Turskog kulturnog centra Yunus Emre u Zagrebu, u utorak 21. travnja 2026. godine, odr\u017eano je sve\u010dano predstavljanje dopunjenog izdanja knjige Turska ku\u0107a u Rijeci, u organizaciji Hrvatsko-turskog dru\u0161tva Rijeka i partnerstvu sa Skupinom prijateljstva Hrvatska-Turska Hrvatskog sabora, Veleposlanstvom Republike Turske u Republici Hrvatskoj te Turskim kulturnim centrom Yunus\u2026","rel":"","context":"U &quot;Novosti&quot;","block_context":{"text":"Novosti","link":"https:\/\/historiografija.hr\/?cat=3"},"img":{"alt_text":"","src":"https:\/\/i0.wp.com\/historiografija.hr\/wp-content\/uploads\/2026\/04\/Turska-kuca-ZG.jpg?fit=1200%2C800&ssl=1&resize=350%2C200","width":350,"height":200,"srcset":"https:\/\/i0.wp.com\/historiografija.hr\/wp-content\/uploads\/2026\/04\/Turska-kuca-ZG.jpg?fit=1200%2C800&ssl=1&resize=350%2C200 1x, https:\/\/i0.wp.com\/historiografija.hr\/wp-content\/uploads\/2026\/04\/Turska-kuca-ZG.jpg?fit=1200%2C800&ssl=1&resize=525%2C300 1.5x, https:\/\/i0.wp.com\/historiografija.hr\/wp-content\/uploads\/2026\/04\/Turska-kuca-ZG.jpg?fit=1200%2C800&ssl=1&resize=700%2C400 2x, https:\/\/i0.wp.com\/historiografija.hr\/wp-content\/uploads\/2026\/04\/Turska-kuca-ZG.jpg?fit=1200%2C800&ssl=1&resize=1050%2C600 3x"},"classes":[]},{"id":52666,"url":"https:\/\/historiografija.hr\/?p=52666","url_meta":{"origin":5446,"position":5},"title":"Najava programa Festivala povijesti Kliofest (5-8. V. 2026)","author":"Branimir Jankovi\u0107","date":"24. travnja 2026.","format":false,"excerpt":"Po trinaesti put odr\u017eava se Festival povijesti Kliofest! Do petka \u0107emo odr\u017eati osam okruglih stolova i dva kolokvija te niz predstavljanja knjiga i projekata razli\u010dite tematike, od antike do suvremenosti. Bit \u0107e predstavljeno i nekoliko izlo\u017ebi te odr\u017ean jedan povijesni kviz. Prikazat \u0107emo i jedan film \u2013 o generalu Boroevi\u0107u.\u2026","rel":"","context":"U &quot;Novosti&quot;","block_context":{"text":"Novosti","link":"https:\/\/historiografija.hr\/?cat=3"},"img":{"alt_text":"","src":"https:\/\/i0.wp.com\/historiografija.hr\/wp-content\/uploads\/2026\/04\/Kliofest-2026.jpg?fit=526%2C526&ssl=1&resize=350%2C200","width":350,"height":200,"srcset":"https:\/\/i0.wp.com\/historiografija.hr\/wp-content\/uploads\/2026\/04\/Kliofest-2026.jpg?fit=526%2C526&ssl=1&resize=350%2C200 1x, https:\/\/i0.wp.com\/historiografija.hr\/wp-content\/uploads\/2026\/04\/Kliofest-2026.jpg?fit=526%2C526&ssl=1&resize=525%2C300 1.5x"},"classes":[]}],"_links":{"self":[{"href":"https:\/\/historiografija.hr\/index.php?rest_route=\/wp\/v2\/posts\/5446","targetHints":{"allow":["GET"]}}],"collection":[{"href":"https:\/\/historiografija.hr\/index.php?rest_route=\/wp\/v2\/posts"}],"about":[{"href":"https:\/\/historiografija.hr\/index.php?rest_route=\/wp\/v2\/types\/post"}],"author":[{"embeddable":true,"href":"https:\/\/historiografija.hr\/index.php?rest_route=\/wp\/v2\/users\/2"}],"replies":[{"embeddable":true,"href":"https:\/\/historiografija.hr\/index.php?rest_route=%2Fwp%2Fv2%2Fcomments&post=5446"}],"version-history":[{"count":1,"href":"https:\/\/historiografija.hr\/index.php?rest_route=\/wp\/v2\/posts\/5446\/revisions"}],"predecessor-version":[{"id":5448,"href":"https:\/\/historiografija.hr\/index.php?rest_route=\/wp\/v2\/posts\/5446\/revisions\/5448"}],"wp:featuredmedia":[{"embeddable":true,"href":"https:\/\/historiografija.hr\/index.php?rest_route=\/wp\/v2\/media\/5447"}],"wp:attachment":[{"href":"https:\/\/historiografija.hr\/index.php?rest_route=%2Fwp%2Fv2%2Fmedia&parent=5446"}],"wp:term":[{"taxonomy":"category","embeddable":true,"href":"https:\/\/historiografija.hr\/index.php?rest_route=%2Fwp%2Fv2%2Fcategories&post=5446"},{"taxonomy":"post_tag","embeddable":true,"href":"https:\/\/historiografija.hr\/index.php?rest_route=%2Fwp%2Fv2%2Ftags&post=5446"}],"curies":[{"name":"wp","href":"https:\/\/api.w.org\/{rel}","templated":true}]}}