{"id":5410,"date":"2017-07-27T16:20:55","date_gmt":"2017-07-27T16:20:55","guid":{"rendered":"http:\/\/historiografija.hr\/?p=5410"},"modified":"2017-07-27T20:45:28","modified_gmt":"2017-07-27T20:45:28","slug":"hrvoje-petric-deveta-konferencija-europskog-drustva-za-povijest-okolisa-9th-european-society-for-environmental-history-biennial-conference-zagreb-28-vi-2-vii-2017","status":"publish","type":"post","link":"https:\/\/historiografija.hr\/?p=5410","title":{"rendered":"Hrvoje Petri\u0107 &#8211; Deveta konferencija Europskog dru\u0161tva za povijest okoli\u0161a (9th European Society for Environmental History Biennial Conference), Zagreb, 28. VI. \u2013 2. VII. 2017."},"content":{"rendered":"<p><strong>Deveta konferencija Europskog dru\u0161tva za povijest okoli\u0161a \u2013 Priroda izme\u0111u: okoli\u0161 u kontaktnim podru\u010djima me\u0111u dr\u017eavama, ekonomskim sustavima, kulturama i religijama, Zagreb, 28. VI. \u2013 2. VII. 2017 (9th European Society for Environmental History Biennial Conference \u2013 Natures in between: Environments in areas of contact among states, economic systems, cultures and religions)<\/strong><\/p>\n<p>&nbsp;<\/p>\n<p>&nbsp;<\/p>\n<p>Na europskoj konferenciji (kongresu) povijesti okoli\u0161a u Versaillesu 2015. Hrvatska je odabrana kao doma\u0107in konferencije Europskog udru\u017eenja za povijest okoli\u0161a (<em>European Society for Environmental History<\/em> \u2013 ESEH) 2017. godine. Na osnovu te odluke zagreba\u010dka je konferencija pod naslovom <em>Natures in between: Environments in areas of contacts among states, economic systems, cultures and religions<\/em> realizirana od 28. lipnja do 2. srpnja 2017. godine u organizaciji Geografskog odsjeka Prirodoslovno-matemati\u010dkog fakulteta Sveu\u010dili\u0161ta u Zagrebu, Odsjeka za povijest Filozofskoga fakulteta Sveu\u010dili\u0161ta u Zagrebu i Odjela za geografiju Sveu\u010dili\u0161ta u Zadru. Prethodile su joj dvije stru\u010dne ekskurzije: u nacionalni park Kornate i park prirode Tela\u0161\u0107ica 26. lipnja te u Ravne Kotare 27. lipnja. Nakon radnog dijela konferencije, u Zadru je od 4. do 7. srpnja odr\u017eana ljetna \u0161kola za doktorante iz povijesti okoli\u0161a pod naslovom <em>Natural and Cultural Heritage under Different Governments<\/em> u organizaciji Odjela za geografiju Sveu\u010dili\u0161ta u Zadru, Geografskog odsjeka Prirodoslovno-matemati\u010dkog fakulteta u Zagrebu i Odsjeka za povijest Filozofskoga fakulteta Sveu\u010dili\u0161ta u Zagrebu.<\/p>\n<p>&nbsp;<\/p>\n<p>Na konferenciji u Zagrebu ukupno je s izlaganjima sudjelovalo 444 sudionika iz 43 dr\u017eave. Najvi\u0161e ih je bilo iz Sjedinjenih Ameri\u010dkih Dr\u017eava (76), a nakon toga iz Njema\u010dke (64). Iz Ujedinjenog Kraljevstva je sudjelovalo 35 predava\u010da, Rusije i \u0160vedske po 19, Austrije 18, Francuske 17, Hrvatske i \u0160vicarske po 16, Nizozemske 15, Australije 13, Italije, Belgije, Kanade i Finske po 11, \u0160panjolske 10, Brazila 9, \u010ce\u0161ke 8, Estonije 7, Indije, Portugala i Poljske 5, Gr\u010dke, Izraela i Kine 4, Ma\u0111arske, Irske, Danske i Norve\u0161ke po 3, Rumunjske, Slovenije, Kolumbije, Ju\u017ene Afrike i Turske po 2 te Bjelorusije, Bugarske, Japana, Kosova, Litve, Srbije i Ukrajine po 1 predava\u010d.<\/p>\n<p>&nbsp;<\/p>\n<p>Na sve\u010danom otvaranju konferencije uvodno izlaganje imao je istaknuti povjesni\u010dar prof. dr. sc. Drago Roksandi\u0107 s Odsjeka za povijest Filozofskog fakulteta Sveu\u010dili\u0161ta u Zagrebu, koji je predstavio razvoj, stanje i potencijal povijesti okoli\u0161a (ekohistorije) u Hrvatskoj. Isprava su istra\u017eivanja povijesti okoli\u0161a u Hrvatskoj imala dublje korijene u geografiji dok se interes u hrvatskoj historiografiji javio tek u posljednjoj \u010detvrtini 20. stolje\u0107a. Za ustrojavanje ekohistorije u nas je od osobitog zna\u010denja bilo osnivanje me\u0111unarodnog istra\u017eiva\u010dkog projekta Triplex Confinium \u0161to su ga 1996. utemeljili Karl Kaser sa Sveu\u010dili\u0161ta u Grazu i Drago Roksandi\u0107 koji je tada uz redoviti rad na Sveu\u010dili\u0161tu u Zagrebu predavao i na Srednjoeuropskom sveu\u010dili\u0161tu u Budimpe\u0161ti. U organizaciji projekta odr\u017ean je 2000. godine na Sveu\u010dili\u0161tu u Zadru me\u0111unarodni znanstveni skup \u201eEco-history of the Triplex Confinium (c. 1500-1800)\u201d, prvi takve vrste ne samo u Hrvatskoj, ve\u0107 i u jugoisto\u010dnoj Europi. Time je u hrvatskoj historiografiji i formalno konstituirana ekohistorija kakvu danas poznajemo. Nakon izlaganja profesora Roksandi\u0107a slijedilo je pozvano predavanje koje je odr\u017eao profesor Andrew W. A. Baldwin (Durham University): <em>From determinism to complexity: historical disaffiliation in climate change and migration<\/em>.<\/p>\n<p>&nbsp;<\/p>\n<p>Iako je iz Hrvatske bilo samo 16 referenata, mo\u017eemo biti zadovoljni s vidljivo\u0161\u0107u hrvatskih tema koje su izlo\u017eili ne samo afirmirani znanstvenici Sveu\u010dili\u0161ta u Zagrebu (s Odsjeka za povijest Filozofskog fakulteta Sveu\u010dili\u0161ta u Zagrebu, Geografskog odsjeka PMF-a i Geodetskog fakulteta u Zagrebu), Odjela za geografiju te Odjela za etnologiju i antropologiju Sveu\u010dili\u0161ta u Zadru, zagreba\u010dkog Instituta za migracije i narodnosti, Instituta za antropologiju, Hrvatskog geolo\u0161kog instituta, Instituta za hrvatski jezik i jezikoslovlje te Hrvatskog instituta za povijest, nego i diplomski studenti Odsjeka za povijest Filozofskog fakulteta Sveu\u010dili\u0161ta u Zagrebu. Na konferenciji je s predavanjima sudjelovalo i nekoliko inozemnih istra\u017eiva\u010da hrvatskog podrijetla, ve\u0107inom povjesni\u010dara, primjerice Frank Zelko s University of Vermont, Sabrina Peri\u0107 s Univesity of Calgary odnosno Diane Erceg s Australian National Univesity.<\/p>\n<p>&nbsp;<\/p>\n<p>Osim toga na\u0161i znanstvenici koji su slu\u0161ali predavanja ili sudjelovali u raspravama, studenti pa i gimnazijalci imali su prilike upoznati niz vode\u0107ih povjesni\u010dara okoli\u0161a (Verena Winiwarter, John McNeill, William Cronon, J. Donald Hughes, Libby Robin, Jane Carruthers, Christof Mauch, Harriet Ritvo, Eunice Nodari, Sverker S\u00f6rlin, Gregg Mitman, Richard Tucker, Richard W. Unger, Simo Laakkonen, Stefania Barca, Peter Coates, Richard Hoffmann, Marcus Hall, Christian Rohr, Martin Schmid, Eva Jakobsson, Marco Armiero, koji je predsjedao Programskim odborom zagreba\u010dke konferencije itd.) te uspostaviti komunikaciju s brojnim kolegicama i kolegama.<\/p>\n<p>&nbsp;<\/p>\n<p>Hrvatskoj historiografiji, i ne samo njoj, konferencija je donijela niz poticaja za tra\u017eenje novih putova jer povijest okoli\u0161a nesumnjivo pru\u017ea ne samo mogu\u0107nost ve\u0107e uklju\u010denosti na\u0161e historiografije u europske tokove, nego predstavlja i izazov otvaranja multidisciplinarnosti te komunikacije izme\u0111u razli\u010ditih struka i znanstvenih podru\u010dja. Za nadati se da \u0107e ova konferencija upravo na Sveu\u010dili\u0161tu u Zagrebu i drugim institucijama osna\u017eiti zapo\u010dete napore na razvoju povijesti okoli\u0161a u Hrvatskoj i njenom susjedstvu, kako unutar povijesnih znanosti tako i unutar geografije. Konferencija je pru\u017eila priliku i za ukazivanjem na va\u017enost povijesti okoli\u0161a ne samo u istra\u017eivanjima nego i u nastavi.<\/p>\n<p>&nbsp;<\/p>\n<p>Cjeloviti program konferencije je dostupan na <a href=\"http:\/\/eseh.org\/wp-content\/uploads\/ESEH2017PrintedProgramme.pdf\">http:\/\/eseh.org\/wp-content\/uploads\/ESEH2017PrintedProgramme.pdf<\/a>.<\/p>\n<p>&nbsp;<\/p>\n<p>Na izbornoj skup\u0161tini <em>European Society for Environmental History<\/em> izabran je novi predsjednik, medijevist P\u00e9ter Szab\u00f3, zaposlen na Botani\u010dkom institutu \u010ce\u0161ke akademije znanosti. Novi tajnik je postao Giacomo Parrinello, a sveu\u010dili\u0161na profesorica geografije i predsjednica lokalnog organizacijskog odbora Borna Fuerst Bjeli\u0161 s PMF-a, zajedno sa Wilkom Hardenbergom, izabrana je za potpredsjednicu ESEH-a, dok je povjesni\u010dar Hrvoje Petri\u0107 iznova izabran za jednog od pet \u010dlanova upravnog odbora ESEH-a.<\/p>\n<p>&nbsp;<\/p>\n<p>Konferencija je predstavila raznolikost povijesti okoli\u0161a u Europi, ali i na drugim kontinentima, posebno u Sjevernoj i Ju\u017enoj Americi te Australiji. S obzirom da je osim povjesni\u010dara i geografa sudjelovao veliki broj istra\u017eiva\u010da drugih struka, posebno iz prirodnih znanosti, do izra\u017eaja je do\u0161ao potencijal za ja\u010danje suradnje i povezivanje dru\u0161tvenih i humanisti\u010dkih znanosti s prirodnim i biotehni\u010dkim znanostima. Izdvojio bih nekoliko poticajnih primjera: izlaganja o tome kako je zelena revolucija napravila utjecaj na poljoprivredu i proizvodnju hrane do dana\u0161njice, o povezivanju ekonomske historije i povijesti okoli\u0161a, o rodnoj povijesti, tehnologiji i povijesti okoli\u0161a, povijesti klimatskih promjena s posebnim naglaskom na suvremenost, ekotopiji, vrlo aktualnoj problematici otpada, ekolo\u0161kim konfliktima, tzv. urbanom metabolizmu, problematici \u017eivotinja, \u0161uma, rijeka, mora (i oceana), opskrbe energijom itd.<\/p>\n<p>&nbsp;<\/p>\n<p>Obimna rasprava vodila se izme\u0111u povjesni\u010dara okoli\u0161a s obje strane Atlantika o antropocenu (dobu \u010dovjeka i njegova globalnog utjecaja), koja je pokazala odlu\u010duju\u0107i utjecaj \u010dovjeka na na\u0161 planet. U svakom slu\u010daju mo\u017eemo biti zadovoljni s vi\u0161e od 300 predavanja, osam okruglih stolova i nekoliko eksperimentalnih prezentacija, kao i s nizom popratnih doga\u0111anja poput tematskih ekolo\u0161kih filmskih ve\u010deri <em>Green movie soire\u00e9<\/em>, izlo\u017ebama knjiga svjetskih i hrvatskih izdava\u010da, projekata i laboratorija. Izuzetno je zanimljiv bio plenarni okrugli stol <em>Trespassing: Environmental history and the challenges of migrations<\/em>, s uvodni\u010darima: Marco Armiero, Peter Coates, Shen Hou i Eunice Nodari.<br \/>\nU sklopu konferencije predstavljeno je nekoliko knjiga, od kojih je najve\u0107u pozornost zbog aktualnosti teme dobio zbornik radova <em>Environmental History of Modern Migrations<\/em>. Sudionici konferencije su se mogli upoznati i s hrvatskim \u010dasopisom za povijest okoli\u0161a <em>Ekonomska i ekohistorija<\/em>, a poseban je interes privukao broj 11 posve\u0107en povijesti odr\u017eivog razvoja, koji je nedavno u cijelosti objavljen na engleskom jeziku.<\/p>\n<p>&nbsp;<\/p>\n<p>Posljednji dan konferencije dodijeljene su sljede\u0107e nagrade vezane uz europsku povijest okoli\u0161a: a) Za najbolji \u010dlanak iz europske povijesti okoli\u0161a nagradu je primila Ma\u00efka De Keyzer za \u010dlanak \u201cAll we are is dust in the wind: The social causes of a \u201csubculture of coping\u201d in the late medieval coversand belt\u201d (<em>Journal for the History of Environment and Society<\/em>, 2016); b) Za najbolju novu monografiju iz europske povijesti okoli\u0161a visoko priznanje je primio William M. Cavert za knjigu <em>The Smoke of London: Energy and Environment in the Early Modern City<\/em> (Cambridge University Press, 2016). U u\u017eem izboru za tu nagradu bile su jo\u0161 knjige: Bruce M. S. Campbell, <em>The Great Transition: Climate, Disease and Society in the Late-Medieval World<\/em> (Cambridge University Press, 2016), Kieko Matteson, <em>Forests in Revolutionary France: Conservation, Community, and Conflict, 1669\u20131848<\/em> (Cambridge University Press, 2015), Giacomo Parrinello, <em>Fault Lines: Earthquakes and Urbanism in Modern Italy<\/em> (Berghahn Books, 2015) i Peter Thorsheim, <em>Waste into Weapons: Recycling in Britain during the Second World War<\/em> (Cambridge University Press, 2015); c) Nagradu za najbolji predstavljeni poster primio je Lukas Heinzmann za <em>Climate reconstruction in north-east Switzerland during the Late Maunder Minimum \u2013 An analysis of the weather observations in the Einsiedeln monastery&#8217;s diary between 1670 and 1704<\/em>.<\/p>\n<p>&nbsp;<\/p>\n<p>Treba istaknuti kako na konferenciji nisu sudjelovali samo povjesni\u010dari i geografi ve\u0107 i znanstvenici iz prirodnih znanosti, antropolozi, sociolozi, \u0161umarski stru\u010dnjaci, arheolozi i drugi \u0161to je dovodilo do niza zanimljivih multidisciplinarnih i interdisciplinarnih rasprava o pristupima i metodama rada, a povjesni\u010darima nesumnjivo dalo poticaj za tra\u017eenje druga\u010dijih interpretacija povijesnih izvora te novih pristupa u historijskoj znanosti. Ne bi bilo lo\u0161e kad bi povjesni\u010dari barem djelomi\u010dno nastavili graditi zapo\u010dete veze i interakcije s prirodoslovljem. Pri tome svakako mo\u017ee pomo\u0107i povijest okoli\u0161 kojoj je temeljna zada\u0107a prou\u010davanje me\u0111uodnosa ljudi i ostatka prirode.<\/p>\n<p>&nbsp;<\/p>\n<p>Zagreba\u010dka je konferencija nedvojbeno potvrdila \u010dinjenicu da se povijest okoli\u0161a u Europi i izvan nje ubrzano razvija i da s njom sve brojniji povjesni\u010dari povezuju razne mogu\u0107nosti intelektualne revitalizacije historijske znanosti i to s punom otvoreno\u0161\u0107u ne samo prema drugim humanisti\u010dkim i dru\u0161tvenim znanostima ve\u0107 i prema prirodnima. Za o\u010dekivati je daljnje pomake unutar povijesti okoli\u0161a na novim konferencijama, poput idu\u0107e ESEH konferencije za koju je u Zagrebu odlu\u010deno da \u0107e se odr\u017eati u Tallinnu u Estoniji 2019. godine. Valja jo\u0161 spomenuti da istra\u017eiva\u010de iste godine o\u010dekuje i globalni izazov tre\u0107eg po redu kongresa povijesti okoli\u0161a, \u010diji \u0107e doma\u0107in biti Universidade Federal da Santa Catarina iz Florian\u00f3polisa u Brazilu.<\/p>\n<p>&nbsp;<\/p>\n<p>&nbsp;<\/p>\n<p><em>Hrvoje Petri\u0107<\/em><\/p>\n<p>&nbsp;<\/p>\n<p>&nbsp;<\/p>\n<p>&nbsp;<\/p>\n<p><em>\u00a0<\/em><\/p>\n<p>&nbsp;<\/p>\n<p>&nbsp;<\/p>\n","protected":false},"excerpt":{"rendered":"","protected":false},"author":2,"featured_media":0,"comment_status":"open","ping_status":"open","sticky":false,"template":"","format":"standard","meta":{"_acf_changed":false,"jetpack_post_was_ever_published":false,"_jetpack_newsletter_access":"","_jetpack_dont_email_post_to_subs":false,"_jetpack_newsletter_tier_id":0,"_jetpack_memberships_contains_paywalled_content":false,"_jetpack_memberships_contains_paid_content":false,"footnotes":"","jetpack_publicize_message":"","jetpack_publicize_feature_enabled":true,"jetpack_social_post_already_shared":true,"jetpack_social_options":{"image_generator_settings":{"template":"highway","default_image_id":0,"font":"","enabled":false},"version":2}},"categories":[4],"tags":[],"class_list":["post-5410","post","type-post","status-publish","format-standard","hentry","category-osvrti"],"acf":{"facebook_opis":""},"jetpack_publicize_connections":[],"jetpack_featured_media_url":"","jetpack_sharing_enabled":true,"jetpack-related-posts":[{"id":52573,"url":"https:\/\/historiografija.hr\/?p=52573","url_meta":{"origin":5410,"position":0},"title":"Znanstvena konferencija &#8220;Filozofija odgoja: povijest, praksa, perspektive&#8221;","author":"Branimir Jankovi\u0107","date":"21. travnja 2026.","format":false,"excerpt":"Znanstvena konferencija \"Filozofija odgoja: povijest, praksa, perspektive\" odr\u017eat \u0107e se 23. i 24. travnja 2026. u Konferencijskoj dvorani Knji\u017enice Filozofskog fakulteta u Zagrebu (2. kat).\u00a0Konferencija je organizirana u okviru projekta\u00a0SUMKOS (voditeljica prof. dr. sc. Ivana Zagorac, financiran\u00a0sredstvima NextGenerationEU), uz potporu Odsjeka za filozofiju.\u00a0 Uz izlaga\u010dki dio, konferencija obuhva\u0107a i izlo\u017ebu\u2026","rel":"","context":"U &quot;Novosti&quot;","block_context":{"text":"Novosti","link":"https:\/\/historiografija.hr\/?cat=3"},"img":{"alt_text":"","src":"","width":0,"height":0},"classes":[]},{"id":52148,"url":"https:\/\/historiografija.hr\/?p=52148","url_meta":{"origin":5410,"position":1},"title":"Poziv za prijavu na me\u0111unarodnu znanstvenu konferenciju \u201eGranice (ne)slobode: Zadarski krug 1966. Intelektualna opozicija u totalitarnom dru\u0161tvu\u201c","author":"Branimir Jankovi\u0107","date":"27. o\u017eujka 2026.","format":false,"excerpt":"\u00a0\u00a0\u00a0\u00a0 Povodom \u0161ezdesete obljetnice poku\u0161aja osnivanja \u010dasopisa Slobodan glas u Zadru 1966. godine, pozivamo vas na znanstvenu konferenciju posve\u0107enu istra\u017eivanju disidentstva, intelektualne opozicije i granica divergentnog mi\u0161ljenja nasuprot slu\u017ebenoj ideologiji u komunisti\u010dkoj Jugoslaviji. Ideja konferencije je analizirati konkretan fenomen zadarskog slu\u010daja razloge i okolnosti njegove pojave, ali uz otvaranje komparativnih\u2026","rel":"","context":"U &quot;Novosti&quot;","block_context":{"text":"Novosti","link":"https:\/\/historiografija.hr\/?cat=3"},"img":{"alt_text":"","src":"https:\/\/i0.wp.com\/historiografija.hr\/wp-content\/uploads\/2026\/03\/Poziv-konferencija-Zadar.jpg?fit=1200%2C509&ssl=1&resize=350%2C200","width":350,"height":200,"srcset":"https:\/\/i0.wp.com\/historiografija.hr\/wp-content\/uploads\/2026\/03\/Poziv-konferencija-Zadar.jpg?fit=1200%2C509&ssl=1&resize=350%2C200 1x, https:\/\/i0.wp.com\/historiografija.hr\/wp-content\/uploads\/2026\/03\/Poziv-konferencija-Zadar.jpg?fit=1200%2C509&ssl=1&resize=525%2C300 1.5x, https:\/\/i0.wp.com\/historiografija.hr\/wp-content\/uploads\/2026\/03\/Poziv-konferencija-Zadar.jpg?fit=1200%2C509&ssl=1&resize=700%2C400 2x, https:\/\/i0.wp.com\/historiografija.hr\/wp-content\/uploads\/2026\/03\/Poziv-konferencija-Zadar.jpg?fit=1200%2C509&ssl=1&resize=1050%2C600 3x"},"classes":[]},{"id":52502,"url":"https:\/\/historiografija.hr\/?p=52502","url_meta":{"origin":5410,"position":2},"title":"Novi znanstveni projekt Hrvatskog instituta za povijest: \u201c\u017drtve ratova i dr\u017eavnog\/politi\u010dkog nasilja u hrvatskoj povijesti 20. stolje\u0107a\u201d","author":"Branimir Jankovi\u0107","date":"17. travnja 2026.","format":false,"excerpt":"Na redovitoj sjednici Vlade RH, 16. travnja 2026., donijet je Zaklju\u010dak kojim se pokre\u0107e znanstveni projekt \u201c\u017drtve ratova i dr\u017eavnog\/politi\u010dkog nasilja u hrvatskoj povijesti 20. stolje\u0107a\u201d. Projekt \u0107e provoditi i koordinirati Hrvatski institut za povijest u razdoblju trajanja projekta od pet godina. Zakljucak Vlade RH Iz teksta projektnog prijedloga: Problematika\u2026","rel":"","context":"U &quot;Novosti&quot;","block_context":{"text":"Novosti","link":"https:\/\/historiografija.hr\/?cat=3"},"img":{"alt_text":"","src":"https:\/\/i0.wp.com\/historiografija.hr\/wp-content\/uploads\/2026\/04\/Vlada-RH.jpg?fit=1200%2C557&ssl=1&resize=350%2C200","width":350,"height":200,"srcset":"https:\/\/i0.wp.com\/historiografija.hr\/wp-content\/uploads\/2026\/04\/Vlada-RH.jpg?fit=1200%2C557&ssl=1&resize=350%2C200 1x, https:\/\/i0.wp.com\/historiografija.hr\/wp-content\/uploads\/2026\/04\/Vlada-RH.jpg?fit=1200%2C557&ssl=1&resize=525%2C300 1.5x, https:\/\/i0.wp.com\/historiografija.hr\/wp-content\/uploads\/2026\/04\/Vlada-RH.jpg?fit=1200%2C557&ssl=1&resize=700%2C400 2x, https:\/\/i0.wp.com\/historiografija.hr\/wp-content\/uploads\/2026\/04\/Vlada-RH.jpg?fit=1200%2C557&ssl=1&resize=1050%2C600 3x"},"classes":[]},{"id":52633,"url":"https:\/\/historiografija.hr\/?p=52633","url_meta":{"origin":5410,"position":3},"title":"POVIJEST TRE\u0160NJEVA\u010cKE GLAZBE: prikupljanje virtualnog fundusa Muzeja susjedstva Tre\u0161njevka","author":"Branimir Jankovi\u0107","date":"23. travnja 2026.","format":false,"excerpt":"utorak 28. 4. 2026. 14 - 18 h Nova BAZA, Nova cesta 66, Zagreb Prvi su dani ljeta 1957. godine. Bo\u017eica Kalafati\u0107 poha\u0111a drugi razred Osnovne \u0161kole Bratstvo i jedinstvo, danas kralja Tomislava, a ide i na muzi\u010dke satove u Mo\u0161\u0107eni\u010dkoj ulici. Na fotografiji s harmonikom u rukama stoji u\u2026","rel":"","context":"U &quot;Novosti&quot;","block_context":{"text":"Novosti","link":"https:\/\/historiografija.hr\/?cat=3"},"img":{"alt_text":"","src":"https:\/\/i0.wp.com\/historiografija.hr\/wp-content\/uploads\/2026\/04\/MST_prikupljanje.jpg?fit=380%2C475&ssl=1&resize=350%2C200","width":350,"height":200},"classes":[]},{"id":52669,"url":"https:\/\/historiografija.hr\/?p=52669","url_meta":{"origin":5410,"position":4},"title":"Predavanje Igora Dude &#8220;Odmor kao \u017eivotna potreba: o slobodnom vremenu u socijalisti\u010dkoj Jugoslaviji&#8221;","author":"Branimir Jankovi\u0107","date":"27. travnja 2026.","format":false,"excerpt":"U sklopu proljetnog ciklusa programa\u00a0Kriti\u010dka dramaturgija: pauza, u\u00a0subotu, 25. travnja 2026. u 19 sati\u00a0u prostoru Udru\u017eenja hrvatskih arhitekata povjesni\u010dar Igor Duda\u00a0odr\u017eao je predavanje naslovljeno\u00a0Odmor kao \u017eivotna potreba: o slobodnom vremenu u socijalisti\u010dkoj Jugoslaviji. Industrijalizacija i urbanizacija dru\u0161tava u povijesti su zna\u010dile i prelazak s predindustrijskog na industrijsko shva\u0107anje vremena. Ono\u2026","rel":"","context":"U &quot;Novosti&quot;","block_context":{"text":"Novosti","link":"https:\/\/historiografija.hr\/?cat=3"},"img":{"alt_text":"","src":"https:\/\/i0.wp.com\/historiografija.hr\/wp-content\/uploads\/2026\/04\/Duda.png?fit=1200%2C628&ssl=1&resize=350%2C200","width":350,"height":200,"srcset":"https:\/\/i0.wp.com\/historiografija.hr\/wp-content\/uploads\/2026\/04\/Duda.png?fit=1200%2C628&ssl=1&resize=350%2C200 1x, https:\/\/i0.wp.com\/historiografija.hr\/wp-content\/uploads\/2026\/04\/Duda.png?fit=1200%2C628&ssl=1&resize=525%2C300 1.5x, https:\/\/i0.wp.com\/historiografija.hr\/wp-content\/uploads\/2026\/04\/Duda.png?fit=1200%2C628&ssl=1&resize=700%2C400 2x, https:\/\/i0.wp.com\/historiografija.hr\/wp-content\/uploads\/2026\/04\/Duda.png?fit=1200%2C628&ssl=1&resize=1050%2C600 3x"},"classes":[]},{"id":52496,"url":"https:\/\/historiografija.hr\/?p=52496","url_meta":{"origin":5410,"position":5},"title":"30 godina Podru\u017enice \u2013 Javno predavanje Matea \u010calu\u0161i\u0107a \u201eSlavonski Brod u Domovinskom ratu\u201c","author":"Branimir Jankovi\u0107","date":"17. travnja 2026.","format":false,"excerpt":"U 2026. navr\u0161ava se trideset godina od osnutka Podru\u017enice za povijest Slavonije, Srijema i Baranje Hrvatskoga instituta za povijest. Obilje\u017eavanje ove zna\u010dajne obljetnice zapo\u010dinje ciklusom javnih povijesnih predavanja znanstvenika Instituta. Tre\u0107e po redu je predavanje Matea \u010calu\u0161i\u0107a \u2013 \u201eSLAVONSKI BROD U DOMOVINSKOM RATU\u201c. Predavanje \u0107e se odr\u017eati 21. travnja 2026.\u2026","rel":"","context":"U &quot;Novosti&quot;","block_context":{"text":"Novosti","link":"https:\/\/historiografija.hr\/?cat=3"},"img":{"alt_text":"","src":"https:\/\/i0.wp.com\/historiografija.hr\/wp-content\/uploads\/2026\/04\/Predavanje-Calusic.png?fit=860%2C1200&ssl=1&resize=350%2C200","width":350,"height":200,"srcset":"https:\/\/i0.wp.com\/historiografija.hr\/wp-content\/uploads\/2026\/04\/Predavanje-Calusic.png?fit=860%2C1200&ssl=1&resize=350%2C200 1x, https:\/\/i0.wp.com\/historiografija.hr\/wp-content\/uploads\/2026\/04\/Predavanje-Calusic.png?fit=860%2C1200&ssl=1&resize=525%2C300 1.5x, https:\/\/i0.wp.com\/historiografija.hr\/wp-content\/uploads\/2026\/04\/Predavanje-Calusic.png?fit=860%2C1200&ssl=1&resize=700%2C400 2x"},"classes":[]}],"_links":{"self":[{"href":"https:\/\/historiografija.hr\/index.php?rest_route=\/wp\/v2\/posts\/5410","targetHints":{"allow":["GET"]}}],"collection":[{"href":"https:\/\/historiografija.hr\/index.php?rest_route=\/wp\/v2\/posts"}],"about":[{"href":"https:\/\/historiografija.hr\/index.php?rest_route=\/wp\/v2\/types\/post"}],"author":[{"embeddable":true,"href":"https:\/\/historiografija.hr\/index.php?rest_route=\/wp\/v2\/users\/2"}],"replies":[{"embeddable":true,"href":"https:\/\/historiografija.hr\/index.php?rest_route=%2Fwp%2Fv2%2Fcomments&post=5410"}],"version-history":[{"count":5,"href":"https:\/\/historiografija.hr\/index.php?rest_route=\/wp\/v2\/posts\/5410\/revisions"}],"predecessor-version":[{"id":5415,"href":"https:\/\/historiografija.hr\/index.php?rest_route=\/wp\/v2\/posts\/5410\/revisions\/5415"}],"wp:attachment":[{"href":"https:\/\/historiografija.hr\/index.php?rest_route=%2Fwp%2Fv2%2Fmedia&parent=5410"}],"wp:term":[{"taxonomy":"category","embeddable":true,"href":"https:\/\/historiografija.hr\/index.php?rest_route=%2Fwp%2Fv2%2Fcategories&post=5410"},{"taxonomy":"post_tag","embeddable":true,"href":"https:\/\/historiografija.hr\/index.php?rest_route=%2Fwp%2Fv2%2Ftags&post=5410"}],"curies":[{"name":"wp","href":"https:\/\/api.w.org\/{rel}","templated":true}]}}