{"id":53886,"date":"2026-06-01T21:11:05","date_gmt":"2026-06-01T19:11:05","guid":{"rendered":"https:\/\/historiografija.hr\/?p=53886"},"modified":"2026-06-01T21:11:07","modified_gmt":"2026-06-01T19:11:07","slug":"peta-nasicka-viteska-prica","status":"publish","type":"post","link":"https:\/\/historiografija.hr\/?p=53886","title":{"rendered":"Peta Na\u0161i\u010dka vite\u0161ka pri\u010da"},"content":{"rendered":"\n<p>Od 29. do 31. svibnja 2026. odr\u017eana je uz povijesni lokalitet crkve sv. Martina u Martinu 5. Na\u0161i\u010dka vite\u0161ka pri\u010da. O toj je manifestaciji o\u017eivljene povijesti diplomski rad <a href=\"https:\/\/zir.nsk.hr\/object\/ffzg:14441\">Festivali srednjovjekovlja u Republici Hrvatskoj. Primjer Na\u0161i\u010dke vite\u0161ke pri\u010de <\/a>napisala Sara Pavelik 2025. godine.<\/p>\n\n\n\n<hr class=\"wp-block-separator has-alpha-channel-opacity\"\/>\n\n\n\n<p>Iz medija:<\/p>\n\n\n\n<figure class=\"wp-block-embed is-type-wp-embed is-provider-nasice-hr wp-block-embed-nasice-hr\"><div class=\"wp-block-embed__wrapper\">\n<blockquote class=\"wp-embedded-content\" data-secret=\"xsf0kLsy6C\"><a href=\"https:\/\/nasice.hr\/vijesti\/zavrsila-jubilarna-peta-nasicka-viteska-prica\/\">Zavr\u0161ila jubilarna Peta Na\u0161i\u010dka vite\u0161ka pri\u010da<\/a><\/blockquote><iframe loading=\"lazy\" class=\"wp-embedded-content\" sandbox=\"allow-scripts\" security=\"restricted\" style=\"position: absolute; visibility: hidden;\" title=\"&#8220;Zavr\u0161ila jubilarna Peta Na\u0161i\u010dka vite\u0161ka pri\u010da&#8221; &#8212; nasice.hr\" src=\"https:\/\/nasice.hr\/vijesti\/zavrsila-jubilarna-peta-nasicka-viteska-prica\/embed\/#?secret=mxbHPtF7fn#?secret=xsf0kLsy6C\" data-secret=\"xsf0kLsy6C\" width=\"600\" height=\"338\" frameborder=\"0\" marginwidth=\"0\" marginheight=\"0\" scrolling=\"no\"><\/iframe>\n<\/div><\/figure>\n\n\n\n<figure class=\"wp-block-embed is-type-wp-embed is-provider-tv-nasice-com wp-block-embed-tv-nasice-com\"><div class=\"wp-block-embed__wrapper\">\n<blockquote class=\"wp-embedded-content\" data-secret=\"vK1papR1W2\"><a href=\"https:\/\/nasice.com\/nasicka-viteska-prica-ponovno-ozivjela-srednji-vijek-pod-zidinama-crkve-sv-martina\/\">Peta Na\u0161i\u010dka vite\u0161ka pri\u010da okupila vitezove, udruge i brojne posjetitelje u Martinu<\/a><\/blockquote><iframe loading=\"lazy\" class=\"wp-embedded-content\" sandbox=\"allow-scripts\" security=\"restricted\" style=\"position: absolute; visibility: hidden;\" title=\"&#8220;Peta Na\u0161i\u010dka vite\u0161ka pri\u010da okupila vitezove, udruge i brojne posjetitelje u Martinu&#8221; &#8212; TV Nasice.com\" src=\"https:\/\/nasice.com\/nasicka-viteska-prica-ponovno-ozivjela-srednji-vijek-pod-zidinama-crkve-sv-martina\/embed\/#?secret=fB4booY367#?secret=vK1papR1W2\" data-secret=\"vK1papR1W2\" width=\"600\" height=\"338\" frameborder=\"0\" marginwidth=\"0\" marginheight=\"0\" scrolling=\"no\"><\/iframe>\n<\/div><\/figure>\n\n\n\n<p><a href=\"https:\/\/magazin.hrt.hr\/price-iz-hrvatske\/nasicka-viteska-prica-donosi-jedinstven-dozivljaj-srednjovjekovne-povijesti-12744630\">https:\/\/magazin.hrt.hr\/price-iz-hrvatske\/nasicka-viteska-prica-donosi-jedinstven-dozivljaj-srednjovjekovne-povijesti-12744630<\/a><\/p>\n\n\n\n<hr class=\"wp-block-separator has-alpha-channel-opacity\"\/>\n\n\n\n<figure data-wp-context=\"{&quot;imageId&quot;:&quot;6a94c9a74ca12&quot;}\" data-wp-interactive=\"core\/image\" data-wp-key=\"6a94c9a74ca12\" class=\"wp-block-image size-large wp-lightbox-container\"><img data-recalc-dims=\"1\" loading=\"lazy\" decoding=\"async\" width=\"693\" height=\"1024\" data-attachment-id=\"53887\" data-permalink=\"https:\/\/historiografija.hr\/?attachment_id=53887\" data-orig-file=\"https:\/\/i0.wp.com\/historiografija.hr\/wp-content\/uploads\/2026\/06\/NVP26-Plakat-Program.jpg?fit=960%2C1419&amp;ssl=1\" data-orig-size=\"960,1419\" data-comments-opened=\"1\" data-image-meta=\"{&quot;aperture&quot;:&quot;0&quot;,&quot;credit&quot;:&quot;&quot;,&quot;camera&quot;:&quot;&quot;,&quot;caption&quot;:&quot;&quot;,&quot;created_timestamp&quot;:&quot;0&quot;,&quot;copyright&quot;:&quot;&quot;,&quot;focal_length&quot;:&quot;0&quot;,&quot;iso&quot;:&quot;0&quot;,&quot;shutter_speed&quot;:&quot;0&quot;,&quot;title&quot;:&quot;&quot;,&quot;orientation&quot;:&quot;0&quot;}\" data-image-title=\"NVP26-Plakat-Program\" data-image-description=\"\" data-image-caption=\"\" data-large-file=\"https:\/\/i0.wp.com\/historiografija.hr\/wp-content\/uploads\/2026\/06\/NVP26-Plakat-Program.jpg?fit=693%2C1024&amp;ssl=1\" data-wp-class--hide=\"state.isContentHidden\" data-wp-class--show=\"state.isContentVisible\" data-wp-init=\"callbacks.setButtonStyles\" data-wp-on--click=\"actions.showLightbox\" data-wp-on--load=\"callbacks.setButtonStyles\" data-wp-on-window--resize=\"callbacks.setButtonStyles\" src=\"https:\/\/i0.wp.com\/historiografija.hr\/wp-content\/uploads\/2026\/06\/NVP26-Plakat-Program.jpg?resize=693%2C1024&#038;ssl=1\" alt=\"\" class=\"wp-image-53887\" srcset=\"https:\/\/i0.wp.com\/historiografija.hr\/wp-content\/uploads\/2026\/06\/NVP26-Plakat-Program.jpg?resize=693%2C1024&amp;ssl=1 693w, https:\/\/i0.wp.com\/historiografija.hr\/wp-content\/uploads\/2026\/06\/NVP26-Plakat-Program.jpg?resize=203%2C300&amp;ssl=1 203w, https:\/\/i0.wp.com\/historiografija.hr\/wp-content\/uploads\/2026\/06\/NVP26-Plakat-Program.jpg?resize=768%2C1135&amp;ssl=1 768w, https:\/\/i0.wp.com\/historiografija.hr\/wp-content\/uploads\/2026\/06\/NVP26-Plakat-Program.jpg?w=960&amp;ssl=1 960w\" sizes=\"auto, (max-width: 693px) 100vw, 693px\" \/><button\n\t\t\tclass=\"lightbox-trigger\"\n\t\t\ttype=\"button\"\n\t\t\taria-haspopup=\"dialog\"\n\t\t\taria-label=\"Uve\u0107aj\"\n\t\t\tdata-wp-init=\"callbacks.initTriggerButton\"\n\t\t\tdata-wp-on--click=\"actions.showLightbox\"\n\t\t\tdata-wp-style--right=\"state.imageButtonRight\"\n\t\t\tdata-wp-style--top=\"state.imageButtonTop\"\n\t\t>\n\t\t\t<svg xmlns=\"http:\/\/www.w3.org\/2000\/svg\" width=\"12\" height=\"12\" fill=\"none\" viewBox=\"0 0 12 12\">\n\t\t\t\t<path fill=\"#fff\" d=\"M2 0a2 2 0 0 0-2 2v2h1.5V2a.5.5 0 0 1 .5-.5h2V0H2Zm2 10.5H2a.5.5 0 0 1-.5-.5V8H0v2a2 2 0 0 0 2 2h2v-1.5ZM8 12v-1.5h2a.5.5 0 0 0 .5-.5V8H12v2a2 2 0 0 1-2 2H8Zm2-12a2 2 0 0 1 2 2v2h-1.5V2a.5.5 0 0 0-.5-.5H8V0h2Z\" \/>\n\t\t\t<\/svg>\n\t\t<\/button><\/figure>\n\n\n\n<hr class=\"wp-block-separator has-alpha-channel-opacity\"\/>\n","protected":false},"excerpt":{"rendered":"","protected":false},"author":2,"featured_media":53888,"comment_status":"open","ping_status":"open","sticky":false,"template":"","format":"standard","meta":{"_acf_changed":false,"_jetpack_newsletter_access":"","_jetpack_dont_email_post_to_subs":false,"_jetpack_newsletter_tier_id":0,"_jetpack_memberships_contains_paywalled_content":false,"_jetpack_memberships_contains_paid_content":false,"footnotes":"","jetpack_publicize_message":"","jetpack_publicize_feature_enabled":true,"jetpack_social_post_already_shared":false,"jetpack_social_options":{"image_generator_settings":{"template":"highway","default_image_id":0,"font":"","enabled":false},"version":2},"jetpack_post_was_ever_published":false},"categories":[16,3],"tags":[],"class_list":["post-53886","post","type-post","status-publish","format-standard","has-post-thumbnail","hentry","category-manifestacije-ozivljavanja-povijesti","category-novosti"],"acf":{"facebook_opis":"Odr\u017eana je uz povijesni lokalitet crkve sv. Martina 5. Na\u0161i\u010dka vite\u0161ka pri\u010da, o kojoj je napisan diplomski rad \"Festivali srednjovjekovlja u Republici Hrvatskoj. Primjer Na\u0161i\u010dke vite\u0161ke pri\u010de\". "},"jetpack_publicize_connections":[],"jetpack_featured_media_url":"https:\/\/i0.wp.com\/historiografija.hr\/wp-content\/uploads\/2026\/06\/NVP26-Plakat.jpg?fit=960%2C506&ssl=1","jetpack_sharing_enabled":true,"jetpack-related-posts":[{"id":54020,"url":"https:\/\/historiografija.hr\/?p=54020","url_meta":{"origin":53886,"position":0},"title":"Tahijev vite\u0161ki turnir 2026.","author":"Branimir Jankovi\u0107","date":"11. lipnja 2026.","format":false,"excerpt":"Donja Stubica, subota i nedjelja 13. i 14. lipnja 2026. od 18 sati - bogat sadr\u017eaj srednjovjekovne tematike U hladu Parka Jure Stubi\u010danca o\u017eivljava se povijest kroz TAHIJEV VITE\u0160KI TURNIR \u2013 atraktivan program s vite\u0161kim borbama, radionicama, srednjovjekovnim igrama, sajmom i ve\u010dernjim vatrenim spektaklom. Rije\u010d je o sadr\u017eaju koji jednako\u2026","rel":"","context":"U &quot;Manifestacije o\u017eivljene povijesti&quot;","block_context":{"text":"Manifestacije o\u017eivljene povijesti","link":"https:\/\/historiografija.hr\/?cat=16"},"img":{"alt_text":"","src":"https:\/\/i0.wp.com\/historiografija.hr\/wp-content\/uploads\/2026\/06\/StubicaFest2026_Tahijev-turnir.jpg?fit=1080%2C647&ssl=1&resize=350%2C200","width":350,"height":200,"srcset":"https:\/\/i0.wp.com\/historiografija.hr\/wp-content\/uploads\/2026\/06\/StubicaFest2026_Tahijev-turnir.jpg?fit=1080%2C647&ssl=1&resize=350%2C200 1x, https:\/\/i0.wp.com\/historiografija.hr\/wp-content\/uploads\/2026\/06\/StubicaFest2026_Tahijev-turnir.jpg?fit=1080%2C647&ssl=1&resize=525%2C300 1.5x, https:\/\/i0.wp.com\/historiografija.hr\/wp-content\/uploads\/2026\/06\/StubicaFest2026_Tahijev-turnir.jpg?fit=1080%2C647&ssl=1&resize=700%2C400 2x, https:\/\/i0.wp.com\/historiografija.hr\/wp-content\/uploads\/2026\/06\/StubicaFest2026_Tahijev-turnir.jpg?fit=1080%2C647&ssl=1&resize=1050%2C600 3x"},"classes":[]},{"id":53180,"url":"https:\/\/historiografija.hr\/?p=53180","url_meta":{"origin":53886,"position":1},"title":"Osnovna \u0161kola &#8220;Vladimir Nazor&#8221; \u0110akovo: Promocija slikovnice \u201cBJANKINA PRI\u010cA\u201d","author":"Branimir Jankovi\u0107","date":"12. svibnja 2026.","format":false,"excerpt":"U petak je u \u0161koli odr\u017eana promocija i predstavljanje slikovnice Bjankina pri\u010da koju su izradili u\u010denici 7.a razreda u suradnji s u\u010denicima \u0111akova\u010dke gimnazije. Druga je ovo suradnja na\u0161e \u0161kole i \u0111akova\u010dke gimnazije koje je povezala me\u0111unarodna organizacija TOLI iz New Yorka te i ove godine financirala na\u0161 zajedni\u010dki projekt.\u2026","rel":"","context":"U &quot;Novosti&quot;","block_context":{"text":"Novosti","link":"https:\/\/historiografija.hr\/?cat=3"},"img":{"alt_text":"","src":"https:\/\/i0.wp.com\/historiografija.hr\/wp-content\/uploads\/2026\/05\/Dakovo.jpg?fit=980%2C653&ssl=1&resize=350%2C200","width":350,"height":200,"srcset":"https:\/\/i0.wp.com\/historiografija.hr\/wp-content\/uploads\/2026\/05\/Dakovo.jpg?fit=980%2C653&ssl=1&resize=350%2C200 1x, https:\/\/i0.wp.com\/historiografija.hr\/wp-content\/uploads\/2026\/05\/Dakovo.jpg?fit=980%2C653&ssl=1&resize=525%2C300 1.5x, https:\/\/i0.wp.com\/historiografija.hr\/wp-content\/uploads\/2026\/05\/Dakovo.jpg?fit=980%2C653&ssl=1&resize=700%2C400 2x"},"classes":[]},{"id":53099,"url":"https:\/\/historiografija.hr\/?p=53099","url_meta":{"origin":53886,"position":2},"title":"Sajam pri Starom gradu u Konj\u0161\u010dini odr\u017eava se i ove godine","author":"Filip \u0160imunjak","date":"13. svibnja 2026.","format":false,"excerpt":"U subotu, 16. svibnja odr\u017eat \u0107e se 17. Sajam pri Starom gradu u Konj\u0161\u010dini. Organizator ovog tradicionalnog doga\u0111aja koji svake godine privu\u010de brojne posjetitelje je Udruga Grofovija Konjski, uz pokroviteljstvo Op\u0107ine Konj\u0161\u010dina. Sajam o\u017eivljava povijesnu borbu vitezova pri konj\u0161\u010dinskom Starom gradu, a za cilj ima o\u010duvanje spomena na veliku bitku\u2026","rel":"","context":"U &quot;Manifestacije o\u017eivljene povijesti&quot;","block_context":{"text":"Manifestacije o\u017eivljene povijesti","link":"https:\/\/historiografija.hr\/?cat=16"},"img":{"alt_text":"","src":"https:\/\/i0.wp.com\/historiografija.hr\/wp-content\/uploads\/2026\/05\/Stari-grad-Konjscina-sajam.jpg?fit=1200%2C800&ssl=1&resize=350%2C200","width":350,"height":200,"srcset":"https:\/\/i0.wp.com\/historiografija.hr\/wp-content\/uploads\/2026\/05\/Stari-grad-Konjscina-sajam.jpg?fit=1200%2C800&ssl=1&resize=350%2C200 1x, https:\/\/i0.wp.com\/historiografija.hr\/wp-content\/uploads\/2026\/05\/Stari-grad-Konjscina-sajam.jpg?fit=1200%2C800&ssl=1&resize=525%2C300 1.5x, https:\/\/i0.wp.com\/historiografija.hr\/wp-content\/uploads\/2026\/05\/Stari-grad-Konjscina-sajam.jpg?fit=1200%2C800&ssl=1&resize=700%2C400 2x, https:\/\/i0.wp.com\/historiografija.hr\/wp-content\/uploads\/2026\/05\/Stari-grad-Konjscina-sajam.jpg?fit=1200%2C800&ssl=1&resize=1050%2C600 3x"},"classes":[]},{"id":54878,"url":"https:\/\/historiografija.hr\/?p=54878","url_meta":{"origin":53886,"position":3},"title":"Sta\u0161a Aras, &#8220;Suhozid&#8221;","author":"Branimir Jankovi\u0107","date":"6. kolovoza 2026.","format":false,"excerpt":"Drugi svjetski rat odvija se na dalmatinskom otoku, a \u010detiri \u017eene i jedna djevoj\u010dica poku\u0161avaju \u017eivjeti normalnim \u017eivotom u neo\u010dekivanim i nenormalnim okolnostima. Sta\u0161a Aras u romanu Suhozid poetskim jezikom pripovijeda o sudbinama Anke, Mile, Lidije, Vere, Marte i Blage, toliko ih pribli\u017eavaju\u0107i \u010ditatelju da gotovo mo\u017eete osjetiti miris makije\u2026","rel":"","context":"U &quot;Novosti&quot;","block_context":{"text":"Novosti","link":"https:\/\/historiografija.hr\/?cat=3"},"img":{"alt_text":"","src":"https:\/\/i0.wp.com\/historiografija.hr\/wp-content\/uploads\/2026\/08\/suhozid-2.jpg?fit=1200%2C719&ssl=1&resize=350%2C200","width":350,"height":200,"srcset":"https:\/\/i0.wp.com\/historiografija.hr\/wp-content\/uploads\/2026\/08\/suhozid-2.jpg?fit=1200%2C719&ssl=1&resize=350%2C200 1x, https:\/\/i0.wp.com\/historiografija.hr\/wp-content\/uploads\/2026\/08\/suhozid-2.jpg?fit=1200%2C719&ssl=1&resize=525%2C300 1.5x, https:\/\/i0.wp.com\/historiografija.hr\/wp-content\/uploads\/2026\/08\/suhozid-2.jpg?fit=1200%2C719&ssl=1&resize=700%2C400 2x, https:\/\/i0.wp.com\/historiografija.hr\/wp-content\/uploads\/2026\/08\/suhozid-2.jpg?fit=1200%2C719&ssl=1&resize=1050%2C600 3x"},"classes":[]},{"id":52969,"url":"https:\/\/historiografija.hr\/?p=52969","url_meta":{"origin":53886,"position":4},"title":"Martyn Rady, &#8220;Sredi\u0161nja kraljevstva. Nova povijest Srednje Europe&#8221;","author":"Branimir Jankovi\u0107","date":"7. svibnja 2026.","format":false,"excerpt":"Srednja Europa nije samo prostor na karti, ve\u0107 i regija zajedni\u010dkog iskustva, me\u0111usobnih posu\u0111ivanja, nametanja i nerazumijevanja. Od Rimskog Carstva nadalje, bila je metom invazije s istoka. U srednjem vijeku, Srednjoeuropljani su svoje isto\u010dne neprijatelje nazivali \u201cpsoglavcima\u201d. Kasnije \u0107e do\u0107i Turci, \u0160ve\u0111ani, Rusi i Sovjeti, koji \u0107e svi ovu regiju\u2026","rel":"","context":"U &quot;Knjige&quot;","block_context":{"text":"Knjige","link":"https:\/\/historiografija.hr\/?cat=8"},"img":{"alt_text":"","src":"https:\/\/i0.wp.com\/historiografija.hr\/wp-content\/uploads\/2026\/05\/sredisnja-kraljevstva.jpg?fit=826%2C1200&ssl=1&resize=350%2C200","width":350,"height":200,"srcset":"https:\/\/i0.wp.com\/historiografija.hr\/wp-content\/uploads\/2026\/05\/sredisnja-kraljevstva.jpg?fit=826%2C1200&ssl=1&resize=350%2C200 1x, https:\/\/i0.wp.com\/historiografija.hr\/wp-content\/uploads\/2026\/05\/sredisnja-kraljevstva.jpg?fit=826%2C1200&ssl=1&resize=525%2C300 1.5x, https:\/\/i0.wp.com\/historiografija.hr\/wp-content\/uploads\/2026\/05\/sredisnja-kraljevstva.jpg?fit=826%2C1200&ssl=1&resize=700%2C400 2x"},"classes":[]},{"id":53762,"url":"https:\/\/historiografija.hr\/?p=53762","url_meta":{"origin":53886,"position":5},"title":"Bogdan Deni\u0107: Kaljenje identiteta \u2013 autobiografija i pri\u010da o demokratskoj ljevici u dvije dr\u017eave (SNV i Sandorf)","author":"Branimir Jankovi\u0107","date":"27. svibnja 2026.","format":false,"excerpt":"sudjeluju: Marijana Stoj\u010di\u0107, Branka \u0160esto moderira: Aneta Vladimirov Knjiga Kaljenje identiteta: Autobiografija i pri\u010da o demokratskoj ljevici u dvije dr\u017eave autora Bogdana Deni\u0107a (1929. \u2013 2016.) svjedo\u010di o \u017eivotu oblikovanom na raskr\u0161\u0107u zemalja, jezika i ideologija. Sociolog, politi\u010dki teoreti\u010dar, univerzitetski profesor i aktivist, jedan od osniva\u010da Democratic Socialists of America\u2026","rel":"","context":"U &quot;Novosti&quot;","block_context":{"text":"Novosti","link":"https:\/\/historiografija.hr\/?cat=3"},"img":{"alt_text":"","src":"https:\/\/i0.wp.com\/historiografija.hr\/wp-content\/uploads\/2026\/05\/Denic.jpg?fit=360%2C540&ssl=1&resize=350%2C200","width":350,"height":200},"classes":[]}],"_links":{"self":[{"href":"https:\/\/historiografija.hr\/index.php?rest_route=\/wp\/v2\/posts\/53886","targetHints":{"allow":["GET"]}}],"collection":[{"href":"https:\/\/historiografija.hr\/index.php?rest_route=\/wp\/v2\/posts"}],"about":[{"href":"https:\/\/historiografija.hr\/index.php?rest_route=\/wp\/v2\/types\/post"}],"author":[{"embeddable":true,"href":"https:\/\/historiografija.hr\/index.php?rest_route=\/wp\/v2\/users\/2"}],"replies":[{"embeddable":true,"href":"https:\/\/historiografija.hr\/index.php?rest_route=%2Fwp%2Fv2%2Fcomments&post=53886"}],"version-history":[{"count":1,"href":"https:\/\/historiografija.hr\/index.php?rest_route=\/wp\/v2\/posts\/53886\/revisions"}],"predecessor-version":[{"id":53889,"href":"https:\/\/historiografija.hr\/index.php?rest_route=\/wp\/v2\/posts\/53886\/revisions\/53889"}],"wp:featuredmedia":[{"embeddable":true,"href":"https:\/\/historiografija.hr\/index.php?rest_route=\/wp\/v2\/media\/53888"}],"wp:attachment":[{"href":"https:\/\/historiografija.hr\/index.php?rest_route=%2Fwp%2Fv2%2Fmedia&parent=53886"}],"wp:term":[{"taxonomy":"category","embeddable":true,"href":"https:\/\/historiografija.hr\/index.php?rest_route=%2Fwp%2Fv2%2Fcategories&post=53886"},{"taxonomy":"post_tag","embeddable":true,"href":"https:\/\/historiografija.hr\/index.php?rest_route=%2Fwp%2Fv2%2Ftags&post=53886"}],"curies":[{"name":"wp","href":"https:\/\/api.w.org\/{rel}","templated":true}]}}