{"id":5382,"date":"2017-07-25T09:02:49","date_gmt":"2017-07-25T09:02:49","guid":{"rendered":"http:\/\/historiografija.hr\/?p=5382"},"modified":"2017-07-25T09:02:49","modified_gmt":"2017-07-25T09:02:49","slug":"20-motovun-film-festival","status":"publish","type":"post","link":"https:\/\/historiografija.hr\/?p=5382","title":{"rendered":"20. Motovun Film Festival"},"content":{"rendered":"<p>20. Motovun Film Festival odr\u017eava se od 25. do 29. srpnja 2017, a iz programa posebno izdvajamo premijeru dokumentarnog filma \u201cGlasnije od oru\u017eja\u201d o hrvatskim domoljubnim pjesmama 1990-ih.<\/p>\n<p>&nbsp;<\/p>\n<p>&nbsp;<\/p>\n<p>&#8212;<\/p>\n<p>&nbsp;<\/p>\n<p>&nbsp;<\/p>\n<p><strong>Uskoro po\u010dinje 20. Motovun Film Festival!<\/strong><\/p>\n<p>&nbsp;<\/p>\n<p>&nbsp;<\/p>\n<p>Jubilarni Motovun Film Festival po\u010dinje u utorak, 25. i traje do subote, 29. srpnja. Slavljeni\u010dko izdanje festivala u programu ima devetnaest filmova koji donose pri\u010de iz gruzijskih vrleti, argentinske provincije, francuskog visokog dru\u0161tva, vesterna koji se doga\u0111a u \u0161umama Bugarske, pa \u010dak i film koji je prvi puta ikada snimljen na samom motovunskom festivalu.<\/p>\n<p>&nbsp;<\/p>\n<p>&nbsp;<\/p>\n<p>Dvadeseto izdanje otvaramo s jednim od najuspje\u0161nijih argentinskih filmova pro\u0161le godine, komedijom o umjetnosti, slavi i malomi\u0161\u0107anskoj zavisti, filmom Po\u010dasni gra\u0111anin. Nagra\u0111en Goyom za najbolji strani film i nagradom za najboljeg glumca na presti\u017enom Me\u0111unarodnom festivalu u Veneciji, film Mariana Cohna i Gast\u00f3na Duprata sjajan je festivalski intro na 277 metara iznad realnosti!<\/p>\n<p>&nbsp;<\/p>\n<p>&nbsp;<\/p>\n<p>Prvi put prikazujemo igrani film koji je snimljen na na\u0161em festivalu \u2013 Igor Bezinovi\u0107 je dobru \u010detvrtinu svojeg filma Kratki izlet snimio u autenti\u010dnim festivalskim situacijama, a na nedavno zavr\u0161enom 64. Pulskom filmskom festivalu nagra\u0111en Velikom Zlatnom Arenom za najbolji film! (TRAILER)<\/p>\n<p>&nbsp;<\/p>\n<p>&nbsp;<\/p>\n<p>Svjetsku premijeru imat \u0107e film doma\u0107eg nagra\u0111ivanog autora, Miroslava Sikavice o hrvatskim domoljubnim pjesmama iz vremena Domovinskog rata, Glasnije od oru\u017eja. Dokumentarac u produkciji FACTUM-a donosi detaljno istra\u017eivanje hrvatske glazbe devedesetih o kojoj govore tada\u0161nji akteri i \u017eivi svjedoci tog vremena. (TRAILER)<\/p>\n<p>&nbsp;<\/p>\n<p>&nbsp;<\/p>\n<p>Kao i svih ovih godina, glavni program MFF -a uspje\u0161no balansira izme\u0111u najve\u0107ih atrakcija velikih svjetskih festivala poput filma Trg Rubena Ostlunda, koji u Motovun dolazi sa Zlatnom palmom Cannesa, i malih, gotovo nepoznatih, a izvrsnih filmova poput Pravog momka za Mary Darrena Thorntona ili filma Rastroj poljske redateljice Kasije Adamik.<\/p>\n<p>&nbsp;<\/p>\n<p>&nbsp;<\/p>\n<p>O najboljem filmu slavljeni\u010dkog izdanja festivala i dobitniku Propelera Motovuna odlu\u010divat \u0107e \u017eiri u sastavu Ma\u0161a Aljehina (Rusija), aktivistica i umjetnica, biv\u0161a \u010dlanica skupine Pussy Riot, Rumena Bu\u017earovska (Makedonija), spisateljica, Anna Mar\u00eda Karlsd\u00f3ttir (Island) filmska producentica, Hrvoje Hribar (Hrvatska) filmski redatelj i Oliver Frlji\u0107 (Hrvatska), kazali\u0161ni redatelj.<\/p>\n<p>&nbsp;<\/p>\n<p>&nbsp;<\/p>\n<p>Mediteransku istarsku klimu rashladit \u0107e filmski povjetarac sa sjevera koji nam donosi ovogodi\u0161nja zemlja partner \u2013 Island. U posebnom programu naziva Istrand, ove godine prikazat \u0107emo presjek svih va\u017enijih islandskih filmova, a na Brdo filmova popet \u0107e se brojni gosti iz te zemlje, redatelji, glumci i glazbenici.<\/p>\n<p>&nbsp;<\/p>\n<p>&nbsp;<\/p>\n<p>Drugi ovogodi\u0161nji popratni program je Izopa\u010dena umjetnost 2.0 koji propituje nove tendencije ograni\u010davanje slobode umjetni\u010dkog izra\u017eavanja u kojima autoritarni re\u017eimi i ekstremni konzervativci name\u0107u kriterije po kojima je neka umjetnost prihvatljiva, a neka druga ne. Program uklju\u010duje desetak filmova koji govore o zatvorenim umjetnicima, zabranjenim umjetnicima, umjetnicima u otporu, ali i okrugli stol u koji \u0107e se uklju\u010diti sudionici iz dvanaest zemalja, od na\u0161ih prostora, sve do Ma\u0111arske, Poljske i Albanije.<\/p>\n<p>&nbsp;<\/p>\n<p>&nbsp;<\/p>\n<p>Prvi put u 20 godina postojanja MFF-a, glavni motovunski trg postaje srce glazbenog dijela festivalskog programa. Festival glazbeno otvaraju brkati rokeri iz Leta 3 u utorak nave\u010der, a posljednje minute ovogodi\u0161njeg festivala obilje\u017eit \u0107e nastup slovenskih avangardista, benda Laibach u subotu, 29. srpnja.<\/p>\n<p>&nbsp;<\/p>\n<p>&nbsp;<\/p>\n<p>Damir Martinovi\u0107 Mrle iz Leta 3 i Ivanka Mazurkijevi\u0107 aka Mr. Lee i Ivane Sky na Brdo dolaze s jo\u0161 jednim posebnim glazbenim zadatkom. S mnogobrojnim bendom izvodit \u0107e glazbu u\u017eivo na projekciji jednog od najstarijih motovunskih hitova \u2013 filma Tuvalu. Taj suvremeni nijemi film, posveta pionirima pokretnih slika, prikazan je u Motovunu 2000. godine. U povodu 20. ro\u0111endana festivala, bit \u0107e ponovo na festivalskom platnu \u2013 ovoga puta u jedinstvenom izdanju.<\/p>\n<p>&nbsp;<\/p>\n<p>&nbsp;<\/p>\n<p>Ove godine prvi put na motovunskim ulicama pridru\u017eit \u0107e nam se legendarni zagreba\u010dki DJ dvojac Felver&amp;Jogarde, ali i zemunski umjetni\u010dki kolektiv Matrijar\u0161ija.<\/p>\n<p>&nbsp;<\/p>\n<p>&nbsp;<\/p>\n<p>Vidimo se na Brdu filmova!<\/p>\n<p>&nbsp;<\/p>\n<p>&nbsp;<\/p>\n<p>Izvor: <a href=\"http:\/\/www.motovunfilmfestival.com\/news\/view-news\/title\/uskoro-pocinje-20-motovun-film-festival\">http:\/\/www.motovunfilmfestival.com\/news\/view-news\/title\/uskoro-pocinje-20-motovun-film-festival<\/a><\/p>\n<p>&nbsp;<\/p>\n<p>&nbsp;<\/p>\n<p>&#8212;<\/p>\n<p>&nbsp;<\/p>\n<p><strong>Glasnije od oru\u017eja<\/strong><\/p>\n<p>Louder Than Guns<\/p>\n<p>&nbsp;<\/p>\n<p>Hrvatska, 2017, 86\u2019<\/p>\n<p>&nbsp;<\/p>\n<p>&nbsp;<\/p>\n<p>Re\u017eija: Miroslav Sikavica<br \/>\nDirektor fotografije: Hrvoje Franji\u0107<br \/>\nMonta\u017ea: Miran Mio\u0161i\u0107<br \/>\nZvuk: Martin Semen\u010di\u0107, Ivan Zeli\u0107<br \/>\nProducent: Nenad Puhovski<br \/>\nProdukcijska ku\u0107a: Factum<\/p>\n<p>&nbsp;<\/p>\n<p>&nbsp;<\/p>\n<p>Avioni, tenkovi, bombe, automatske pu\u0161ke, mediji i propaganda bili su oru\u017eja u Domovinskom ratu. Ipak, najglasnije bile su pjesme. Jedni su u njima opisivali ko\u0161mar u kojem su se na\u0161li, a drugi su potvr\u0111ivali svoju politi\u010dku lojalnost. Nacionalna radiotelevizija pjesmu je smatrala va\u017enim oblikom politi\u010dke borbe pa ih je naru\u010divala, financirala, snimala i intenzivno emitirala. I dvadeset godina nakon zavr\u0161etka Domovinskog rata njegov soundtrack jo\u0161 uvijek izaziva pozornost i budi emocije.<\/p>\n<p>&nbsp;<\/p>\n<p>&nbsp;<\/p>\n<p>Miroslav Sikavica (1975.) diplomirao je komparativnu knji\u017eevnost i kroatistiku na Filozofskom fakultetu i magistrirao re\u017eiju na Akademiji dramske umjetnosti u Zagrebu. Autor je brojnih dokumentarnih filmova: Kako miri\u0161e nebo (2003.), Od 6 mjeseci do 3 godine (2010.), Oblak (2011.), emisije Direkta \u010cardak ni na nebu ni na zemlji (2009.), C2H5OH (2006.) itd. Njegov kratkometra\u017eni igrani film Zvir premijerno je prikazan 2016. godine u programu Quinzaine des R\u00e9alisateurs u Cannesu, gdje je nagra\u0111en posebnim priznanjem, a osvojio je, izme\u0111u ostalog, i priznanje na Sarajevo Film Festivalu. Dobitnik je Nagrade gra\u0111ana i gra\u0111anki Grada Zagreba Nada Dimi\u0107, koju je osnovao Fond za druge (2017.). Trenuta\u010dno je umjetni\u010dki savjetnik Hrvatskog audiovizualnog centra za kratkometra\u017eni igrani film.<\/p>\n<p>&nbsp;<\/p>\n<p>&nbsp;<\/p>\n<p>Izvor\u00a0i dodatne informacije:<\/p>\n<p>&nbsp;<\/p>\n<p><a href=\"http:\/\/www.motovunfilmfestival.com\/page\/index\/id\/1001\">http:\/\/www.motovunfilmfestival.com\/page\/index\/id\/1001<\/a><\/p>\n<p>&nbsp;<\/p>\n<p><a href=\"http:\/\/factum.com.hr\/hr\/filmovi_i_autori\/novi_filmovi\/glasnije_od_oruzja\">http:\/\/factum.com.hr\/hr\/filmovi_i_autori\/novi_filmovi\/glasnije_od_oruzja<\/a><\/p>\n<p>&nbsp;<\/p>\n<p>&nbsp;<\/p>\n<p>&nbsp;<\/p>\n","protected":false},"excerpt":{"rendered":"","protected":false},"author":2,"featured_media":5383,"comment_status":"open","ping_status":"open","sticky":false,"template":"","format":"standard","meta":{"_acf_changed":false,"jetpack_post_was_ever_published":false,"_jetpack_newsletter_access":"","_jetpack_dont_email_post_to_subs":false,"_jetpack_newsletter_tier_id":0,"_jetpack_memberships_contains_paywalled_content":false,"_jetpack_memberships_contains_paid_content":false,"footnotes":"","jetpack_publicize_message":"","jetpack_publicize_feature_enabled":true,"jetpack_social_post_already_shared":true,"jetpack_social_options":{"image_generator_settings":{"template":"highway","default_image_id":0,"font":"","enabled":false},"version":2}},"categories":[13,3],"tags":[],"class_list":["post-5382","post","type-post","status-publish","format-standard","has-post-thumbnail","hentry","category-filmovi-i-serije","category-novosti"],"acf":{"facebook_opis":""},"jetpack_publicize_connections":[],"jetpack_featured_media_url":"https:\/\/i0.wp.com\/historiografija.hr\/wp-content\/uploads\/2017\/07\/Moja-domovina.jpg?fit=630%2C310&ssl=1","jetpack_sharing_enabled":true,"jetpack-related-posts":[{"id":52578,"url":"https:\/\/historiografija.hr\/?p=52578","url_meta":{"origin":5382,"position":0},"title":"Poziv za sudjelovanje: XXII. Dani Julija Bene\u0161i\u0107a u Iloku","author":"Branimir Jankovi\u0107","date":"21. travnja 2026.","format":false,"excerpt":"Zavod za lingvisti\u010dka istra\u017eivanja Hrvatske akademije znanosti i umjetnosti, zajedno s Muzejom grada Iloka, organizira XXII. Dane Julija Bene\u0161i\u0107a, koji \u0107e se odr\u017eati od 28. do 30. listopada 2026. u Iloku.\u00a0Teme ovogodi\u0161njih Dana podijeljene su u dvije cjeline: Knji\u017eevno-jezikoslovni d\u00ecv\u0101n s Bene\u0161i\u0107em te Ilok i Srijem u povijesnim stalnicama i\u2026","rel":"","context":"U &quot;Novosti&quot;","block_context":{"text":"Novosti","link":"https:\/\/historiografija.hr\/?cat=3"},"img":{"alt_text":"","src":"https:\/\/i0.wp.com\/historiografija.hr\/wp-content\/uploads\/2019\/10\/HE2_Benesic.jpg?fit=413%2C591&ssl=1&resize=350%2C200","width":350,"height":200},"classes":[]},{"id":52666,"url":"https:\/\/historiografija.hr\/?p=52666","url_meta":{"origin":5382,"position":1},"title":"Najava programa Festivala povijesti Kliofest (5-8. V. 2026)","author":"Branimir Jankovi\u0107","date":"24. travnja 2026.","format":false,"excerpt":"Po trinaesti put odr\u017eava se Festival povijesti Kliofest! Do petka \u0107emo odr\u017eati osam okruglih stolova i dva kolokvija te niz predstavljanja knjiga i projekata razli\u010dite tematike, od antike do suvremenosti. Bit \u0107e predstavljeno i nekoliko izlo\u017ebi te odr\u017ean jedan povijesni kviz. Prikazat \u0107emo i jedan film \u2013 o generalu Boroevi\u0107u.\u2026","rel":"","context":"U &quot;Novosti&quot;","block_context":{"text":"Novosti","link":"https:\/\/historiografija.hr\/?cat=3"},"img":{"alt_text":"","src":"https:\/\/i0.wp.com\/historiografija.hr\/wp-content\/uploads\/2026\/04\/Kliofest-2026.jpg?fit=526%2C526&ssl=1&resize=350%2C200","width":350,"height":200,"srcset":"https:\/\/i0.wp.com\/historiografija.hr\/wp-content\/uploads\/2026\/04\/Kliofest-2026.jpg?fit=526%2C526&ssl=1&resize=350%2C200 1x, https:\/\/i0.wp.com\/historiografija.hr\/wp-content\/uploads\/2026\/04\/Kliofest-2026.jpg?fit=526%2C526&ssl=1&resize=525%2C300 1.5x"},"classes":[]},{"id":52508,"url":"https:\/\/historiografija.hr\/?p=52508","url_meta":{"origin":5382,"position":2},"title":"Glazbena radionica \u201eDUGMETARA REVISITED\u201c","author":"Branimir Jankovi\u0107","date":"17. travnja 2026.","format":false,"excerpt":"DUGMETARA REVISITED glazbena radionica vodi: Ana Horvat 13., 20. i 27. travnja, od 18 do 20 sati Radiona, Nova cesta 186 Na tri radioni\u010dka susreta uranjamo u naslje\u0111e Dugmetare, biv\u0161e tvornice dugmadi na Savskoj cesti koja je po\u010detkom 2000-ih igrom slu\u010daja postala \u017eivo, jedinstveno mjesto glazbene proizvodnje. Svoje su probe\u2026","rel":"","context":"U &quot;Novosti&quot;","block_context":{"text":"Novosti","link":"https:\/\/historiografija.hr\/?cat=3"},"img":{"alt_text":"","src":"https:\/\/i0.wp.com\/historiografija.hr\/wp-content\/uploads\/2026\/04\/TRESNJA_TRESTI.jpg?fit=380%2C475&ssl=1&resize=350%2C200","width":350,"height":200},"classes":[]},{"id":52536,"url":"https:\/\/historiografija.hr\/?p=52536","url_meta":{"origin":5382,"position":3},"title":"Kader Abdolah, \u201ePrije nego \u0161to bude kasno\u201c","author":"Branimir Jankovi\u0107","date":"20. travnja 2026.","format":false,"excerpt":"Kader Abdolah \u017eeli se vratiti ku\u0107i. Ali povratak je nemogu\u0107: u Iranu bi bio uhap\u0161en. Pod la\u017enim imenom i s krivotvorenim paso\u0161em ipak uspijeva u\u0107i u domovinu i sti\u017ee do roditeljske ku\u0107e, visoko u planinama. Majka ga ne prepoznaje, otac je mrtav, a sve \u0161to je tra\u017eio izmi\u010de mu pred\u2026","rel":"","context":"U &quot;Novosti&quot;","block_context":{"text":"Novosti","link":"https:\/\/historiografija.hr\/?cat=3"},"img":{"alt_text":"","src":"https:\/\/i0.wp.com\/historiografija.hr\/wp-content\/uploads\/2026\/04\/Prije-nego-sto-bude-kasno.webp?fit=566%2C872&ssl=1&resize=350%2C200","width":350,"height":200,"srcset":"https:\/\/i0.wp.com\/historiografija.hr\/wp-content\/uploads\/2026\/04\/Prije-nego-sto-bude-kasno.webp?fit=566%2C872&ssl=1&resize=350%2C200 1x, https:\/\/i0.wp.com\/historiografija.hr\/wp-content\/uploads\/2026\/04\/Prije-nego-sto-bude-kasno.webp?fit=566%2C872&ssl=1&resize=525%2C300 1.5x"},"classes":[]},{"id":52592,"url":"https:\/\/historiografija.hr\/?p=52592","url_meta":{"origin":5382,"position":4},"title":"Predstavljanje knjige &#8220;Turska ku\u0107a u Rijeci&#8221; u Zagrebu","author":"Branimir Jankovi\u0107","date":"22. travnja 2026.","format":false,"excerpt":"U prostorijama Turskog kulturnog centra Yunus Emre u Zagrebu, u utorak 21. travnja 2026. godine, odr\u017eano je sve\u010dano predstavljanje dopunjenog izdanja knjige Turska ku\u0107a u Rijeci, u organizaciji Hrvatsko-turskog dru\u0161tva Rijeka i partnerstvu sa Skupinom prijateljstva Hrvatska-Turska Hrvatskog sabora, Veleposlanstvom Republike Turske u Republici Hrvatskoj te Turskim kulturnim centrom Yunus\u2026","rel":"","context":"U &quot;Novosti&quot;","block_context":{"text":"Novosti","link":"https:\/\/historiografija.hr\/?cat=3"},"img":{"alt_text":"","src":"https:\/\/i0.wp.com\/historiografija.hr\/wp-content\/uploads\/2026\/04\/Turska-kuca-ZG.jpg?fit=1200%2C800&ssl=1&resize=350%2C200","width":350,"height":200,"srcset":"https:\/\/i0.wp.com\/historiografija.hr\/wp-content\/uploads\/2026\/04\/Turska-kuca-ZG.jpg?fit=1200%2C800&ssl=1&resize=350%2C200 1x, https:\/\/i0.wp.com\/historiografija.hr\/wp-content\/uploads\/2026\/04\/Turska-kuca-ZG.jpg?fit=1200%2C800&ssl=1&resize=525%2C300 1.5x, https:\/\/i0.wp.com\/historiografija.hr\/wp-content\/uploads\/2026\/04\/Turska-kuca-ZG.jpg?fit=1200%2C800&ssl=1&resize=700%2C400 2x, https:\/\/i0.wp.com\/historiografija.hr\/wp-content\/uploads\/2026\/04\/Turska-kuca-ZG.jpg?fit=1200%2C800&ssl=1&resize=1050%2C600 3x"},"classes":[]},{"id":52543,"url":"https:\/\/historiografija.hr\/?p=52543","url_meta":{"origin":5382,"position":5},"title":"Znanstveno-stru\u010dni skup \u201eOto\u010dne pu\u010dke pobo\u017enosti: kontinuiteti i transformacije\u201c","author":"Branimir Jankovi\u0107","date":"20. travnja 2026.","format":false,"excerpt":"Najavljujemo\u00a0znanstveno-stru\u010dni skup \u201eOto\u010dne pu\u010dke pobo\u017enosti: kontinuiteti i transformacije\u201c,\u00a0koji \u0107e se odr\u017eati\u00a0u Rabu od 24. do 26. travnja 2026.,\u00a0u organizaciji i uz potporu\u00a0Instituta za etnologiju i folkloristiku, Zagreb, \u00a0Grada Raba, Pu\u010dkog otvorenog u\u010dili\u0161ta Rab i Centra za istra\u017eivanje srednjovjekovne ba\u0161tine Jadrana RIMAH. Skup okuplja vode\u0107e doma\u0107e stru\u010dnjake koji \u0107e kroz niz\u2026","rel":"","context":"U &quot;Novosti&quot;","block_context":{"text":"Novosti","link":"https:\/\/historiografija.hr\/?cat=3"},"img":{"alt_text":"","src":"https:\/\/i0.wp.com\/historiografija.hr\/wp-content\/uploads\/2026\/04\/Skup_Rab.jpg?fit=848%2C1200&ssl=1&resize=350%2C200","width":350,"height":200,"srcset":"https:\/\/i0.wp.com\/historiografija.hr\/wp-content\/uploads\/2026\/04\/Skup_Rab.jpg?fit=848%2C1200&ssl=1&resize=350%2C200 1x, https:\/\/i0.wp.com\/historiografija.hr\/wp-content\/uploads\/2026\/04\/Skup_Rab.jpg?fit=848%2C1200&ssl=1&resize=525%2C300 1.5x, https:\/\/i0.wp.com\/historiografija.hr\/wp-content\/uploads\/2026\/04\/Skup_Rab.jpg?fit=848%2C1200&ssl=1&resize=700%2C400 2x"},"classes":[]}],"_links":{"self":[{"href":"https:\/\/historiografija.hr\/index.php?rest_route=\/wp\/v2\/posts\/5382","targetHints":{"allow":["GET"]}}],"collection":[{"href":"https:\/\/historiografija.hr\/index.php?rest_route=\/wp\/v2\/posts"}],"about":[{"href":"https:\/\/historiografija.hr\/index.php?rest_route=\/wp\/v2\/types\/post"}],"author":[{"embeddable":true,"href":"https:\/\/historiografija.hr\/index.php?rest_route=\/wp\/v2\/users\/2"}],"replies":[{"embeddable":true,"href":"https:\/\/historiografija.hr\/index.php?rest_route=%2Fwp%2Fv2%2Fcomments&post=5382"}],"version-history":[{"count":1,"href":"https:\/\/historiografija.hr\/index.php?rest_route=\/wp\/v2\/posts\/5382\/revisions"}],"predecessor-version":[{"id":5384,"href":"https:\/\/historiografija.hr\/index.php?rest_route=\/wp\/v2\/posts\/5382\/revisions\/5384"}],"wp:featuredmedia":[{"embeddable":true,"href":"https:\/\/historiografija.hr\/index.php?rest_route=\/wp\/v2\/media\/5383"}],"wp:attachment":[{"href":"https:\/\/historiografija.hr\/index.php?rest_route=%2Fwp%2Fv2%2Fmedia&parent=5382"}],"wp:term":[{"taxonomy":"category","embeddable":true,"href":"https:\/\/historiografija.hr\/index.php?rest_route=%2Fwp%2Fv2%2Fcategories&post=5382"},{"taxonomy":"post_tag","embeddable":true,"href":"https:\/\/historiografija.hr\/index.php?rest_route=%2Fwp%2Fv2%2Ftags&post=5382"}],"curies":[{"name":"wp","href":"https:\/\/api.w.org\/{rel}","templated":true}]}}