{"id":53793,"date":"2026-06-02T16:00:06","date_gmt":"2026-06-02T14:00:06","guid":{"rendered":"https:\/\/historiografija.hr\/?p=53793"},"modified":"2026-06-01T19:29:06","modified_gmt":"2026-06-01T17:29:06","slug":"shaping-the-nation-in-medieval-europe-ed-e-adde","status":"publish","type":"post","link":"https:\/\/historiografija.hr\/?p=53793","title":{"rendered":"&#8220;Shaping the Nation in Medieval Europe&#8221;, ed. E. Adde"},"content":{"rendered":"\n<p>This volume in <em>The Medieval Globe <\/em>book seriesexplores a fundamental problem of European historiography within a global context: the history of medieval nations and the question of their relationship to modern nation-states. Focusing on the emerging or established societies of Christian Europe and their immediate neighbours, contributors ask: To what extent did medieval peoples, polities, and territorial principalities represent or constitute nations? When and where can we discern this occurring? And crucially, what constitutes sound evidence for the existence of medieval nations, given that all of our sources (textual and material) have been filtered through centuries of post-medieval identity- and state-formation processes? Such questions are engaged from fresh perspectives that will illuminate both medieval ideas of the nation and their later distortion by political, academic, and popular uses of the medieval past.<\/p>\n\n\n\n<hr class=\"wp-block-separator has-alpha-channel-opacity\"\/>\n\n\n\n<p>Carol Symes, &#8220;Why Europe? Why the Nation?&#8221;<\/p>\n\n\n\n<p>\u00c9lo\u00efse Adde, &#8220;Community, Identity, Individuals: Shaping the (Political) Nation in Premodern Europe&#8221;<\/p>\n\n\n\n<p>Beno\u00eet Gr\u00e9vin, &#8220;<em>Natio<\/em> or <em>lingua<\/em>? Revisiting a Semantic Couplet (1200\u20131600)&#8221;<\/p>\n\n\n\n<p>Julia Verkholantsev, &#8220;<em>Ex linguis gentes<\/em>: The Etymological Method and the Roman Theory of Lithuania\u2019s Origins&#8221;<\/p>\n\n\n\n<p>Daniel Ziemann, &#8220;Ethnicity and Statehood in the First Bulgarian Empire (681\u20131018): From Bulgars to Bulgarians&#8221;<\/p>\n\n\n\n<p>Andrzej Pleszczy\u0144ski, &#8220;Nature, Gender, and the Medieval Origins of the Polish Self-Stereotype&#8221;<\/p>\n\n\n\n<p>Przemys\u0142aw Wiszewski, &#8220;Between Region and Nation: Shifting Communities and Identities in Medieval Catalonia, Silesia, and Transylvania&#8221;<\/p>\n\n\n\n<p>Cathleen Sarti, &#8220;Brothers, Cousins, and Strangers: Scandinavian Political Identities, ca. 1400\u20131600&#8221;<\/p>\n\n\n\n<p>Index<\/p>\n\n\n\n<hr class=\"wp-block-separator has-alpha-channel-opacity\"\/>\n\n\n\n<p>ISSN: 9781802704242<br>Objavljeno: 2026<br>214 str.<\/p>\n\n\n\n<hr class=\"wp-block-separator has-alpha-channel-opacity\"\/>\n\n\n\n<p>Op\u0161irnije: <a href=\"https:\/\/www.arc-humanities.org\/9781802704242\/shaping-the-nation-in-medieval-europe\/\">https:\/\/www.arc-humanities.org\/9781802704242\/shaping-the-nation-in-medieval-europe\/<\/a><\/p>\n\n\n\n<p><\/p>\n","protected":false},"excerpt":{"rendered":"","protected":false},"author":6,"featured_media":53794,"comment_status":"open","ping_status":"open","sticky":false,"template":"","format":"standard","meta":{"_acf_changed":false,"_jetpack_newsletter_access":"","_jetpack_dont_email_post_to_subs":false,"_jetpack_newsletter_tier_id":0,"_jetpack_memberships_contains_paywalled_content":false,"_jetpack_memberships_contains_paid_content":false,"footnotes":"","jetpack_publicize_message":"","jetpack_publicize_feature_enabled":true,"jetpack_social_post_already_shared":true,"jetpack_social_options":{"image_generator_settings":{"template":"highway","default_image_id":0,"font":"","enabled":false},"version":2},"jetpack_post_was_ever_published":false},"categories":[8,3],"tags":[],"class_list":["post-53793","post","type-post","status-publish","format-standard","has-post-thumbnail","hentry","category-knjige","category-novosti"],"acf":{"facebook_opis":"\"Shaping the Nation in Medieval Europe\" propituje pojam srednjovjekovnih nacija i njihova kasnija tuma\u010denja u europskoj historiografiji."},"jetpack_publicize_connections":[],"jetpack_featured_media_url":"https:\/\/i0.wp.com\/historiografija.hr\/wp-content\/uploads\/2026\/05\/Shaping-medieval-nation.webp?fit=596%2C895&ssl=1","jetpack_sharing_enabled":true,"jetpack-related-posts":[{"id":53799,"url":"https:\/\/historiografija.hr\/?p=53799","url_meta":{"origin":53793,"position":0},"title":"&#8220;War Trauma in Medieval Europe&#8221;, K. Hurlock","author":"Filip \u0160imunjak","date":"4. lipnja 2026.","format":false,"excerpt":"The study of medieval combat trauma is a fledgling field, despite the wealth of both sources and studies of medieval warfare. While some research considers individual aspects of trauma, few works engage with the difficult and changing theories on the causes and consequences of psychological trauma in wartime, or apply\u2026","rel":"","context":"U &quot;Knjige&quot;","block_context":{"text":"Knjige","link":"https:\/\/historiografija.hr\/?cat=8"},"img":{"alt_text":"","src":"https:\/\/i0.wp.com\/historiografija.hr\/wp-content\/uploads\/2026\/05\/War-Trauma-in-M-Europe.webp?fit=596%2C893&ssl=1&resize=350%2C200","width":350,"height":200,"srcset":"https:\/\/i0.wp.com\/historiografija.hr\/wp-content\/uploads\/2026\/05\/War-Trauma-in-M-Europe.webp?fit=596%2C893&ssl=1&resize=350%2C200 1x, https:\/\/i0.wp.com\/historiografija.hr\/wp-content\/uploads\/2026\/05\/War-Trauma-in-M-Europe.webp?fit=596%2C893&ssl=1&resize=525%2C300 1.5x"},"classes":[]},{"id":54757,"url":"https:\/\/historiografija.hr\/?p=54757","url_meta":{"origin":53793,"position":1},"title":"Exploring Monarchy in Medieval Europe, 1000\u20131500","author":"Branimir Jankovi\u0107","date":"23. srpnja 2026.","format":false,"excerpt":"By Elena Woodacre, Lucinda H.S. Dean, Simon Lambe, Patrik Pastrnak Through wide-ranging thematic chapters, this book offers students a comprehensive introduction to the theory and practice of monarchy across Europe in the Middle Ages. The volume is separated into four themes: Concepts of Rulership, Exercising Authority, Dynasty and Succession, and\u2026","rel":"","context":"U &quot;Knjige&quot;","block_context":{"text":"Knjige","link":"https:\/\/historiografija.hr\/?cat=8"},"img":{"alt_text":"","src":"https:\/\/i0.wp.com\/historiografija.hr\/wp-content\/uploads\/2026\/07\/Monarchy.jpg?fit=350%2C525&ssl=1&resize=350%2C200","width":350,"height":200},"classes":[]},{"id":47341,"url":"https:\/\/historiografija.hr\/?p=47341","url_meta":{"origin":53793,"position":2},"title":"Call for Papers: International Medieval Congress 2026 &#8211; &#8216;Temporalities&#8217;","author":"Branimir Jankovi\u0107","date":"10. srpnja 2025.","format":false,"excerpt":"IMC 2026 will take place from Monday 06 July to Thursday 09 July 2026 and this will be the fifth fully-hybrid event. There will be an in-person gathering in Leeds with a virtual component for those unable to attend in person. Call for Papers: IMC 2026 - Temporalities The IMC\u2026","rel":"","context":"U &quot;Novosti&quot;","block_context":{"text":"Novosti","link":"https:\/\/historiografija.hr\/?cat=3"},"img":{"alt_text":"","src":"https:\/\/i0.wp.com\/historiografija.hr\/wp-content\/uploads\/2025\/07\/IMC-Postcard-2026.jpg?fit=1200%2C851&ssl=1&resize=350%2C200","width":350,"height":200,"srcset":"https:\/\/i0.wp.com\/historiografija.hr\/wp-content\/uploads\/2025\/07\/IMC-Postcard-2026.jpg?fit=1200%2C851&ssl=1&resize=350%2C200 1x, https:\/\/i0.wp.com\/historiografija.hr\/wp-content\/uploads\/2025\/07\/IMC-Postcard-2026.jpg?fit=1200%2C851&ssl=1&resize=525%2C300 1.5x, https:\/\/i0.wp.com\/historiografija.hr\/wp-content\/uploads\/2025\/07\/IMC-Postcard-2026.jpg?fit=1200%2C851&ssl=1&resize=700%2C400 2x, https:\/\/i0.wp.com\/historiografija.hr\/wp-content\/uploads\/2025\/07\/IMC-Postcard-2026.jpg?fit=1200%2C851&ssl=1&resize=1050%2C600 3x"},"classes":[]},{"id":52834,"url":"https:\/\/historiografija.hr\/?p=52834","url_meta":{"origin":53793,"position":3},"title":"&#8220;Spatial Worlds of Medieval Central Europe: Real, Imagined, and Conceptual&#8221;, Budapest, 19\u201321 May 2027","author":"Filip \u0160imunjak","date":"6. svibnja 2026.","format":false,"excerpt":"Following successful conferences in Budapest (2014), Olomouc (2016), Zagreb (2018), Gda\u0144sk (2021), Bratislava (2023), and Munich (2025), the Seventh Biennial Conference of MECERN (http:\/\/mecern.eu\/) will focus on spatial worlds in medieval history, especially in Central Europe. The concepts of space, place, and the environment are central to our understanding of\u2026","rel":"","context":"U &quot;Novosti&quot;","block_context":{"text":"Novosti","link":"https:\/\/historiografija.hr\/?cat=3"},"img":{"alt_text":"","src":"https:\/\/i0.wp.com\/historiografija.hr\/wp-content\/uploads\/2026\/05\/Mecern-Logo.jpg?fit=450%2C270&ssl=1&resize=350%2C200","width":350,"height":200},"classes":[]},{"id":53802,"url":"https:\/\/historiografija.hr\/?p=53802","url_meta":{"origin":53793,"position":4},"title":"&#8220;Disability and War in the Late Middle Ages: Becoming, Surviving, Managing&#8221;, eds. N. Dubourg, C. Masson","author":"Filip \u0160imunjak","date":"4. lipnja 2026.","format":false,"excerpt":"Issues relating to disability and war remain largely overlooked by military and disability historians. This exclusion is all the more striking since there was hardly a more likely place for receiving permanent injury than a battle, and we can barely imagine a worse place for disabled people than a battlefield.\u2026","rel":"","context":"U &quot;Knjige&quot;","block_context":{"text":"Knjige","link":"https:\/\/historiografija.hr\/?cat=8"},"img":{"alt_text":"","src":"https:\/\/i0.wp.com\/historiografija.hr\/wp-content\/uploads\/2026\/05\/Disability-Medieval-ages.webp?fit=596%2C894&ssl=1&resize=350%2C200","width":350,"height":200,"srcset":"https:\/\/i0.wp.com\/historiografija.hr\/wp-content\/uploads\/2026\/05\/Disability-Medieval-ages.webp?fit=596%2C894&ssl=1&resize=350%2C200 1x, https:\/\/i0.wp.com\/historiografija.hr\/wp-content\/uploads\/2026\/05\/Disability-Medieval-ages.webp?fit=596%2C894&ssl=1&resize=525%2C300 1.5x"},"classes":[]},{"id":54028,"url":"https:\/\/historiografija.hr\/?p=54028","url_meta":{"origin":53793,"position":5},"title":"Hrvatski institut za povijest na godi\u0161njoj konferenciji American Association for Italian Studies u Sassariju, Italija","author":"Branimir Jankovi\u0107","date":"11. lipnja 2026.","format":false,"excerpt":"Delegacija Hrvatskog instituta za povijest sudjelovala je u ovogodi\u0161njoj konferenciji American Association for Italian Studies koja se odr\u017eavala na Sveu\u010dili\u0161tu u Sassariju, Italija, od 3. do 5. lipnja. Radi se o rijetkoj po\u010dasti, s obzirom na to da ova udruga u pravilu ne dopu\u0161ta drugim institucijama da budu predstavljene na\u2026","rel":"","context":"U &quot;Novosti&quot;","block_context":{"text":"Novosti","link":"https:\/\/historiografija.hr\/?cat=3"},"img":{"alt_text":"","src":"https:\/\/i0.wp.com\/historiografija.hr\/wp-content\/uploads\/2026\/06\/HIP.jpg?fit=500%2C281&ssl=1&resize=350%2C200","width":350,"height":200},"classes":[]}],"_links":{"self":[{"href":"https:\/\/historiografija.hr\/index.php?rest_route=\/wp\/v2\/posts\/53793","targetHints":{"allow":["GET"]}}],"collection":[{"href":"https:\/\/historiografija.hr\/index.php?rest_route=\/wp\/v2\/posts"}],"about":[{"href":"https:\/\/historiografija.hr\/index.php?rest_route=\/wp\/v2\/types\/post"}],"author":[{"embeddable":true,"href":"https:\/\/historiografija.hr\/index.php?rest_route=\/wp\/v2\/users\/6"}],"replies":[{"embeddable":true,"href":"https:\/\/historiografija.hr\/index.php?rest_route=%2Fwp%2Fv2%2Fcomments&post=53793"}],"version-history":[{"count":1,"href":"https:\/\/historiografija.hr\/index.php?rest_route=\/wp\/v2\/posts\/53793\/revisions"}],"predecessor-version":[{"id":53795,"href":"https:\/\/historiografija.hr\/index.php?rest_route=\/wp\/v2\/posts\/53793\/revisions\/53795"}],"wp:featuredmedia":[{"embeddable":true,"href":"https:\/\/historiografija.hr\/index.php?rest_route=\/wp\/v2\/media\/53794"}],"wp:attachment":[{"href":"https:\/\/historiografija.hr\/index.php?rest_route=%2Fwp%2Fv2%2Fmedia&parent=53793"}],"wp:term":[{"taxonomy":"category","embeddable":true,"href":"https:\/\/historiografija.hr\/index.php?rest_route=%2Fwp%2Fv2%2Fcategories&post=53793"},{"taxonomy":"post_tag","embeddable":true,"href":"https:\/\/historiografija.hr\/index.php?rest_route=%2Fwp%2Fv2%2Ftags&post=53793"}],"curies":[{"name":"wp","href":"https:\/\/api.w.org\/{rel}","templated":true}]}}