{"id":5375,"date":"2017-07-25T08:38:15","date_gmt":"2017-07-25T08:38:15","guid":{"rendered":"http:\/\/historiografija.hr\/?p=5375"},"modified":"2017-07-25T08:38:15","modified_gmt":"2017-07-25T08:38:15","slug":"call-for-papers-international-medieval-congress-2018-memory","status":"publish","type":"post","link":"https:\/\/historiografija.hr\/?p=5375","title":{"rendered":"Call for Papers \u2013 International Medieval Congress 2018 (\u2018Memory\u2019)"},"content":{"rendered":"<p>The twenty-fifth International Medieval Congress will take place in Leeds, from 2-5 July 2018 \/ Paper proposals must be submitted by 31 August 2017 \/ Session proposals must be submitted by 30 September 2017.<\/p>\n<p>&nbsp;<\/p>\n<p>&nbsp;<\/p>\n<p>&#8212;<\/p>\n<p>&nbsp;<\/p>\n<p>&nbsp;<\/p>\n<p><strong>International Medieval Congress 2018 Call for Papers<\/strong><\/p>\n<p>&nbsp;<\/p>\n<p>The twenty-fifth International Medieval Congress will take place in Leeds, from 2-5 July 2018.<\/p>\n<p>&nbsp;<\/p>\n<p>&nbsp;<\/p>\n<p>Please read the guidelines carefully before completing the IMC 2018 Proposal Form.<\/p>\n<p>&nbsp;<\/p>\n<p>&nbsp;<\/p>\n<p>Session Proposal<\/p>\n<p>&nbsp;<\/p>\n<p>&nbsp;<\/p>\n<p>Paper Proposal<\/p>\n<p>&nbsp;<\/p>\n<p>&nbsp;<\/p>\n<p>Round Table Proposal<\/p>\n<p>&nbsp;<\/p>\n<p>&nbsp;<\/p>\n<p>If you would like to apply for an IMC bursary for the IMC 2018, to help with the cost of the Registration and Programming Fee, accommodation and meals at the IMC, please complete the online Bursary Application Form below. You should submit your Bursary application at the same time as your paper or session proposal.<\/p>\n<p>&nbsp;<\/p>\n<p>&nbsp;<\/p>\n<p>Bursary Application Form<\/p>\n<p>&nbsp;<\/p>\n<p>&nbsp;<\/p>\n<p><strong>Call for Papers\/Sessions &#8211; International Medieval Congress 2018<\/strong><\/p>\n<p>&nbsp;<\/p>\n<p>&nbsp;<\/p>\n<p>The IMC provides an interdisciplinary forum for the discussion of all aspects of Medieval Studies. Paper and session proposals on any topic related to the Middle Ages are welcome, while every year the IMC also chooses a special thematic focus. In 2018 &#8211; the year of the 25th IMC &#8211; this is \u2018Memory\u2019.<\/p>\n<p>&nbsp;<\/p>\n<p>&nbsp;<\/p>\n<p>There are many kinds of memory &#8211; personal and social, natural and artificial, political and cultural. Along the lines of this general taxonomy, memory operates in many diverse modes: as a mechanism, process, instrument, and cognitive framework relating to, and concerning recreations of, the past &#8211; the social past, the institutional past as well as the past of an individual. Central in the process of storing, retrieving, and (re)constructing the past, memory is by no means a stable entity; it is always undergoing transformation.<\/p>\n<p>&nbsp;<\/p>\n<p>&nbsp;<\/p>\n<p>In recent decades, memory has become a very fashionable research topic. In Medieval Studies, the concept of memory has been studied as permeating history, literature, language, religion, science, philosophy, and other fields. In addition to treating the processes of storing and retrieving information, the study of memory now naturally also encompasses personal and communal identity and self-fashioning, conceptualization of the world, perception of time and space, intellectual cognition and emotional reactions, established patterns and creativity, continuity and discontinuity, memorization and forgetting &#8211; to name but a few conceptual domains under scrutiny. This, however, also means that the study of memory has gradually become very complex and even somewhat elusive. In this sense, this special thematic strand offers a unique opportunity for a fresh and vigorous treatment of the field of memory in its astonishing breadth and variety.<\/p>\n<p>&nbsp;<\/p>\n<p>&nbsp;<\/p>\n<p>The IMC welcomes proposals in all areas of memory. Themes to be addressed may include, but are not limited to:<\/p>\n<p>&nbsp;<\/p>\n<p>\u2022Personal memory, self-fashioning, and identity<br \/>\n\u2022Social, political, and religious memory<br \/>\n\u2022The art of memory, mnemonics<br \/>\n\u2022Memory: orality and literacy<br \/>\n\u2022Knowledge and education &#8211; and its dissemination<br \/>\n\u2022Metaphors for memory<br \/>\n\u2022The media, mechanisms, and methods of memory &#8211; visual, verbal, and material memory<br \/>\n\u2022Memory and beauty: aesthetic relevance and impact of memorization and remembering<br \/>\n\u2022Objects of memory<br \/>\n\u2022Lieux de memoire &#8211; communities and identity<br \/>\n\u2022Construction and reconstruction of the past<br \/>\n\u2022Memory: order and disorder<br \/>\n\u2022Memory: sense and sensibility<br \/>\n\u2022Commemoration and re-enactment<br \/>\n\u2022Memory and immortality<br \/>\n\u2022The arcane and daily life<br \/>\n\u2022Memory and virtue<br \/>\n\u2022Performance\/drama\/music &#8211; memory and playfulness<br \/>\n\u2022Memory: habit and improvisation<br \/>\n\u2022Forgetting and oblivion: natural processes vs. damnatio memoriae<br \/>\n\u2022Forbidden memory<br \/>\n\u2022Manipulative memory<br \/>\n\u2022Categorization in language (analogy vs. anomaly, etc.)<br \/>\n\u2022Etymologizing (including folk etymology)<br \/>\n\u2022Formulas and catalogues<br \/>\n\u2022Remembering the Middle Ages<\/p>\n<p>&nbsp;<\/p>\n<p>&nbsp;<\/p>\n<p>The Special Thematic Strand &#8216;Memory&#8217; will be co-ordinated by will Lucie Dole\u017ealov\u00e1 (Institute of Greek &amp; Latin Studies, Univerzita Karlova, Praha) and Jan Cerm\u00e1k (Department of English, Univerzita Karlova, Praha).<\/p>\n<p>&nbsp;<\/p>\n<p>&nbsp;<\/p>\n<p>All proposals should be submitted online. Paper proposals must be submitted by 31 August 2017. Session proposals must be submitted by 30 September 2017. The IMC welcomes session and paper proposals submitted in all major European languages.<\/p>\n<p>&nbsp;<\/p>\n<p>&nbsp;<\/p>\n<p><a href=\"https:\/\/www.leeds.ac.uk\/ims\/imc\/imc2018_call.html\">https:\/\/www.leeds.ac.uk\/ims\/imc\/imc2018_call.html<\/a><\/p>\n<p>&nbsp;<\/p>\n<p>&nbsp;<\/p>\n","protected":false},"excerpt":{"rendered":"","protected":false},"author":2,"featured_media":5376,"comment_status":"open","ping_status":"open","sticky":false,"template":"","format":"standard","meta":{"_acf_changed":false,"jetpack_post_was_ever_published":false,"_jetpack_newsletter_access":"","_jetpack_dont_email_post_to_subs":false,"_jetpack_newsletter_tier_id":0,"_jetpack_memberships_contains_paywalled_content":false,"_jetpack_memberships_contains_paid_content":false,"footnotes":"","jetpack_publicize_message":"","jetpack_publicize_feature_enabled":true,"jetpack_social_post_already_shared":true,"jetpack_social_options":{"image_generator_settings":{"template":"highway","default_image_id":0,"font":"","enabled":false},"version":2}},"categories":[3,9],"tags":[],"class_list":["post-5375","post","type-post","status-publish","format-standard","has-post-thumbnail","hentry","category-novosti","category-skupovi"],"acf":{"facebook_opis":""},"jetpack_publicize_connections":[],"jetpack_featured_media_url":"https:\/\/i0.wp.com\/historiografija.hr\/wp-content\/uploads\/2017\/07\/IMC_Postcard_2018_Front_1.jpg?fit=1166%2C827&ssl=1","jetpack_sharing_enabled":true,"jetpack-related-posts":[{"id":52664,"url":"https:\/\/historiografija.hr\/?p=52664","url_meta":{"origin":5375,"position":0},"title":"CfP: CONFERENCE OF THE HISTORY OF CONCEPTS GROUP, HELSINKI, 19TH\u201321ST AUGUST 2026 (DEADLINE: 30TH APRIL 2026)","author":"Branimir Jankovi\u0107","date":"24. travnja 2026.","format":false,"excerpt":"The annual conference of the History of Concepts Group is held at the University of Helsinki, 19-21 August 2026. Conference of the History of Concepts Group Conceptual history studies the use of concepts and tries to understand how historical actors have linguistically articulated views of the world. Studying concepts from\u2026","rel":"","context":"U &quot;Novosti&quot;","block_context":{"text":"Novosti","link":"https:\/\/historiografija.hr\/?cat=3"},"img":{"alt_text":"","src":"https:\/\/i0.wp.com\/historiografija.hr\/wp-content\/uploads\/2017\/10\/hsozkult.png?fit=1006%2C241&ssl=1&resize=350%2C200","width":350,"height":200,"srcset":"https:\/\/i0.wp.com\/historiografija.hr\/wp-content\/uploads\/2017\/10\/hsozkult.png?fit=1006%2C241&ssl=1&resize=350%2C200 1x, https:\/\/i0.wp.com\/historiografija.hr\/wp-content\/uploads\/2017\/10\/hsozkult.png?fit=1006%2C241&ssl=1&resize=525%2C300 1.5x, https:\/\/i0.wp.com\/historiografija.hr\/wp-content\/uploads\/2017\/10\/hsozkult.png?fit=1006%2C241&ssl=1&resize=700%2C400 2x"},"classes":[]},{"id":52641,"url":"https:\/\/historiografija.hr\/?p=52641","url_meta":{"origin":5375,"position":1},"title":"CfP: WHO OWNS THE PAST? VERNACULAR MEMORY, STATE MEMORY, AND THE POLITICS OF OWNERSHIP","author":"Branimir Jankovi\u0107","date":"24. travnja 2026.","format":false,"excerpt":"VIENNA, 31ST AUGUST\u20133RD SEPTEMBER 2026 (DEADLINE: 24TH APRIL 2026) The Center for Austrian Studies at the European Forum at the Hebrew University and the Austrian Academy of Sciences\/Institute of Culture Studies invite early postdocs, PhD candidates, and advanced Master\u2019s students from the Hebrew University of Jerusalem and universities and academic\u2026","rel":"","context":"U &quot;Novosti&quot;","block_context":{"text":"Novosti","link":"https:\/\/historiografija.hr\/?cat=3"},"img":{"alt_text":"","src":"https:\/\/i0.wp.com\/historiografija.hr\/wp-content\/uploads\/2017\/10\/hsozkult.png?fit=1006%2C241&ssl=1&resize=350%2C200","width":350,"height":200,"srcset":"https:\/\/i0.wp.com\/historiografija.hr\/wp-content\/uploads\/2017\/10\/hsozkult.png?fit=1006%2C241&ssl=1&resize=350%2C200 1x, https:\/\/i0.wp.com\/historiografija.hr\/wp-content\/uploads\/2017\/10\/hsozkult.png?fit=1006%2C241&ssl=1&resize=525%2C300 1.5x, https:\/\/i0.wp.com\/historiografija.hr\/wp-content\/uploads\/2017\/10\/hsozkult.png?fit=1006%2C241&ssl=1&resize=700%2C400 2x"},"classes":[]},{"id":52643,"url":"https:\/\/historiografija.hr\/?p=52643","url_meta":{"origin":5375,"position":2},"title":"BRACEWELL TRAVELLING SCHOLARSHIP\u202fFOR PHD STUDENTS (DEADLINE: 30TH APRIL 2026)","author":"Branimir Jankovi\u0107","date":"24. travnja 2026.","format":false,"excerpt":"The Bracewell Travelling Scholarship\u202fis funded by a gift from SSEES Emeritus Professor of History Wendy Bracewell, whose research examines South Slav history, and travel writing in eastern Europe. The Scholarship honours the long tradition of mutual curiosity between the UK and eastern, central and southeastern Europe by supporting PhD students\u2026","rel":"","context":"U &quot;Novosti&quot;","block_context":{"text":"Novosti","link":"https:\/\/historiografija.hr\/?cat=3"},"img":{"alt_text":"","src":"https:\/\/i0.wp.com\/historiografija.hr\/wp-content\/uploads\/2026\/04\/Bracewell-Travelling-Scholarship-.webp?fit=980%2C700&ssl=1&resize=350%2C200","width":350,"height":200,"srcset":"https:\/\/i0.wp.com\/historiografija.hr\/wp-content\/uploads\/2026\/04\/Bracewell-Travelling-Scholarship-.webp?fit=980%2C700&ssl=1&resize=350%2C200 1x, https:\/\/i0.wp.com\/historiografija.hr\/wp-content\/uploads\/2026\/04\/Bracewell-Travelling-Scholarship-.webp?fit=980%2C700&ssl=1&resize=525%2C300 1.5x, https:\/\/i0.wp.com\/historiografija.hr\/wp-content\/uploads\/2026\/04\/Bracewell-Travelling-Scholarship-.webp?fit=980%2C700&ssl=1&resize=700%2C400 2x"},"classes":[]},{"id":52531,"url":"https:\/\/historiografija.hr\/?p=52531","url_meta":{"origin":5375,"position":3},"title":"Jonathan G. Leslie, \u201eFear and Insecurity: Israel and the Iran Threat Narrative\u201c","author":"Branimir Jankovi\u0107","date":"17. travnja 2026.","format":false,"excerpt":"Why is Israel\u2019s former ally Iran now perceived as the country\u2019s greatest threat? Description To observers of the Iran-Israel conflict, its vitriolic rhetoric might suggest an ancient hatred between Jews and Muslims\u2013a biblical feud dating back hundreds, or thousands, of years. But this rivalry is a far more modern development.\u2026","rel":"","context":"U &quot;Knjige&quot;","block_context":{"text":"Knjige","link":"https:\/\/historiografija.hr\/?cat=8"},"img":{"alt_text":"","src":"https:\/\/i0.wp.com\/historiografija.hr\/wp-content\/uploads\/2026\/04\/Leslie.jpg?fit=391%2C612&ssl=1&resize=350%2C200","width":350,"height":200},"classes":[]},{"id":52586,"url":"https:\/\/historiografija.hr\/?p=52586","url_meta":{"origin":5375,"position":4},"title":"Aur\u00e9lie Daher, \u201eHezbollah: Mobilisation and Power\u201c","author":"Branimir Jankovi\u0107","date":"22. travnja 2026.","format":false,"excerpt":"Morning Star \u2018Book of the Year\u2019 Social movement, liberation party or terrorist group? With Hezbollah\u2019s growing involvement in the war in Syria, this study of its impact on Lebanon, drawing heavily on first-hand interviews, could not be more timely. Description Almost forty years after its foundation, Hezbollah remains an enigma.\u2026","rel":"","context":"U &quot;Knjige&quot;","block_context":{"text":"Knjige","link":"https:\/\/historiografija.hr\/?cat=8"},"img":{"alt_text":"","src":"https:\/\/i0.wp.com\/historiografija.hr\/wp-content\/uploads\/2026\/04\/Daher-Hezbollah.jpg?fit=600%2C931&ssl=1&resize=350%2C200","width":350,"height":200,"srcset":"https:\/\/i0.wp.com\/historiografija.hr\/wp-content\/uploads\/2026\/04\/Daher-Hezbollah.jpg?fit=600%2C931&ssl=1&resize=350%2C200 1x, https:\/\/i0.wp.com\/historiografija.hr\/wp-content\/uploads\/2026\/04\/Daher-Hezbollah.jpg?fit=600%2C931&ssl=1&resize=525%2C300 1.5x"},"classes":[]}],"_links":{"self":[{"href":"https:\/\/historiografija.hr\/index.php?rest_route=\/wp\/v2\/posts\/5375","targetHints":{"allow":["GET"]}}],"collection":[{"href":"https:\/\/historiografija.hr\/index.php?rest_route=\/wp\/v2\/posts"}],"about":[{"href":"https:\/\/historiografija.hr\/index.php?rest_route=\/wp\/v2\/types\/post"}],"author":[{"embeddable":true,"href":"https:\/\/historiografija.hr\/index.php?rest_route=\/wp\/v2\/users\/2"}],"replies":[{"embeddable":true,"href":"https:\/\/historiografija.hr\/index.php?rest_route=%2Fwp%2Fv2%2Fcomments&post=5375"}],"version-history":[{"count":1,"href":"https:\/\/historiografija.hr\/index.php?rest_route=\/wp\/v2\/posts\/5375\/revisions"}],"predecessor-version":[{"id":5377,"href":"https:\/\/historiografija.hr\/index.php?rest_route=\/wp\/v2\/posts\/5375\/revisions\/5377"}],"wp:featuredmedia":[{"embeddable":true,"href":"https:\/\/historiografija.hr\/index.php?rest_route=\/wp\/v2\/media\/5376"}],"wp:attachment":[{"href":"https:\/\/historiografija.hr\/index.php?rest_route=%2Fwp%2Fv2%2Fmedia&parent=5375"}],"wp:term":[{"taxonomy":"category","embeddable":true,"href":"https:\/\/historiografija.hr\/index.php?rest_route=%2Fwp%2Fv2%2Fcategories&post=5375"},{"taxonomy":"post_tag","embeddable":true,"href":"https:\/\/historiografija.hr\/index.php?rest_route=%2Fwp%2Fv2%2Ftags&post=5375"}],"curies":[{"name":"wp","href":"https:\/\/api.w.org\/{rel}","templated":true}]}}