{"id":5357,"date":"2017-07-22T11:25:03","date_gmt":"2017-07-22T11:25:03","guid":{"rendered":"http:\/\/historiografija.hr\/?p=5357"},"modified":"2020-12-21T21:09:11","modified_gmt":"2020-12-21T21:09:11","slug":"peta-godisnjica-smrti-povjesnicarke-mirjane-gross","status":"publish","type":"post","link":"https:\/\/historiografija.hr\/?p=5357","title":{"rendered":"Peta godi\u0161njica smrti povjesni\u010darke Mirjane Gross"},"content":{"rendered":"<p>Prolazi pet godina od kada je 23. srpnja 2012. preminula povjesni\u010darka Mirjana Gross (1922-2012), u godini u kojoj su preminuli i Rene Lovren\u010di\u0107 i Eric Hobsbawm.<\/p>\n<p>&nbsp;<\/p>\n<p>&#8212;<\/p>\n<p>&nbsp;<\/p>\n<p>Gross, Mirjana, hrvatska povjesni\u010darka (Zagreb, 22. V. 1922 \u2013 Zagreb, 23. VII. 2012).<\/p>\n<p><a href=\"http:\/\/www.enciklopedija.hr\/natuknica.aspx?id=23501\">http:\/\/www.enciklopedija.hr\/natuknica.aspx?id=23501<\/a><\/p>\n<p>&nbsp;<\/p>\n<p>&#8212;<\/p>\n<p>&nbsp;<\/p>\n<p><strong>Popis tekstova objavljenih povodom smrti Mirjane Gross<\/strong><\/p>\n<p>&nbsp;<\/p>\n<p>&nbsp;<\/p>\n<p>1. Agi\u010di\u0107, Damir, \u201eIn memoriam Mirjana Gross (1922.\u20132012.)\u201c, \u010casopis za suvremenu povijest, br. 3, Zagreb 2012, str. 757-762.<\/p>\n<p>&nbsp;<\/p>\n<p>2. Agi\u010di\u0107, Damir, \u201eIn memoriam Mirjana Gross (1922.\u20132012.), Rene Lovren\u010di\u0107 (1928-2012)\u201c, u: Povijest u nastavi, god. X, br. 2 (20), 2012, str. 255-259.<\/p>\n<p>&nbsp;<\/p>\n<p>3. Artukovi\u0107, Mato, \u201eMirjana Mirjam Gross (22. svibnja 1922. &#8211; 23. srpnja 2012.). Jedan \u017eivot za povijesnu znanost\u201c, Scrinia Slavonica, 12, 2012, str. 371-376.<\/p>\n<p>&nbsp;<\/p>\n<p>4. Bratani\u0107, Mateo, \u201eIn memoriam: prof. dr. sc. Mirjana Gross: (22. V. 1922. &#8211; 23. VII. 2012.), Zadarska smotra: \u010dasopis za kulturu, znanost i umjetnost, LXI, (2012), 3\/4; str. 274-278.<\/p>\n<p>&nbsp;<\/p>\n<p>5. Dev\u010di\u0107, Karmela, \u201eGrossovi. Kronika obitelji najve\u0107e hrvatske povjesni\u010darke\u201d, Jutarnji list, 27. srpnja 2012.<\/p>\n<p>&nbsp;<\/p>\n<p>6. Doma\u0161, Jasminka, \u201eMirjam Gross (Zagreb 1922\u20132012)\u201c, Ruah Hada\u0161a (Glasilo \u017didovske vjerske zajednice Bet Israel), broj 20, godina V, 2012, str. 48.<\/p>\n<p>&nbsp;<\/p>\n<p>7. \u0110ur\u0111evi\u0107, Goran, \u201eIn memoriam Mirjana Gross\u201c, Rostra, 5, Zadar 2012, str. 12-13.<\/p>\n<p>&nbsp;<\/p>\n<p>8. Frank, Feja, \u201eUspomena na Mirjam Gross (1922-2012)\u201c, Novi Omanut (rujan-listopad 2012).<\/p>\n<p>&nbsp;<\/p>\n<p>9. H\u00f6pken, Wolfgang, \u201eIn memoriam: Mirjana Gross (1922\u20122012)\u201c, S\u00fcdost-Forschungen, 71, 2012, str. 428-429.<\/p>\n<p>&nbsp;<\/p>\n<p>10. Hudelist, Darko, \u201eMoj posljednji susret i razgovor s najve\u0107om hrvatskom povjesni\u010darkom\u201d, Globus, br. 1133, 24. kolovoza 2012.<\/p>\n<p>&nbsp;<\/p>\n<p>11. I\u0161ek, Tomislav, \u201eIn memoriam \u2013 Nekoliko reminiscencija na Mirjanu Gross (1922-2012)\u201c, Prilozi, 41, Sarajevo 2012, str. 381-385.<\/p>\n<p>&nbsp;<\/p>\n<p>12. Jakovina, Tvrtko, \u201eOdlazak prve dame hrvatske historiografije\u201d, Jutarnji list, 24. srpnja 2012.<\/p>\n<p>&nbsp;<\/p>\n<p>13. Jankovi\u0107, Branimir, \u201eRijetka predanost metodologiji historije. Mirjana Gross (1922-2012)\u201c [komentirana bibliografija radova Mirjane Gross od 1999. do 2012. godine], Historijski zbornik, god. LXV, br. 2, Zagreb 2012, str. 479-500.<\/p>\n<p>&nbsp;<\/p>\n<p>14. Kne\u017eevi\u0107, \u0110ur\u0111a, \u201ePisanje povijesti vlastitim \u017eivotom: Mirjana Gross\u201c, Identitet: nezavisni magazin, god. 17, br. 169, Zagreb 2012, str 24-25.<\/p>\n<p>&nbsp;<\/p>\n<p>15. Krivokapi\u0107-Jovi\u0107, Gordana, \u201eIn memoriam. Prof. dr. Mirjana Gross (1922-2012)\u201c, Tokovi istorije, 2, 2012, str. 319-321.<\/p>\n<p>&nbsp;<\/p>\n<p>16. Mi\u0161kulin, \u0110ur\u0111ica, \u201eIn memoriam. Prof. dr. Mirjana Gross\u201c, Lucius: zbornik radova Dru\u0161tva studenata povijesti \u00bbIvan Lu\u010di\u0107 \u2013 Lucius\u00ab, god. XI, sv. 16-17, Zagreb 2012, str. 571-572.<\/p>\n<p>&nbsp;<\/p>\n<p>17. Roksandi\u0107, Drago, \u201eO Mirjani Gross post mortem\u201c, Ekonomska i ekohistorija, god. VIII, br. 8, 2012, str. 154-159.<\/p>\n<p>&nbsp;<\/p>\n<p>18. Stan\u010di\u0107, Nik\u0161a, \u201eIn memoriam. Mirjana Gross (1922.-2012.)\u201c, Pilar: \u010dasopis za dru\u0161tvene i humanisti\u010dke studije, god. VII, br. 14 (2), Zagreb 2012, str. 152-159.<\/p>\n<p>&nbsp;<\/p>\n<p>19. Strecha, Mario; Ivelji\u0107, Iskra, \u201e\u017divot ispunjen strahom i nadom. In memoriam Mirjana Gross (1922.-2012.)\u201c, Radovi Zavoda za hrvatsku povijest, vol. 44, Zagreb 2012, str. 11-16. [Prilog: \u201eOkrugli stol Opus profesorice Mirjane Gross u srednjoeuropskoj historiografiji: iskustva i poruke\u201c, str. 17-57].<\/p>\n<p>&nbsp;<\/p>\n<p>20. \u0160imetin \u0160egvi\u0107, Filip i Nikolina, \u201eMirjana Gross (1922-2012): In memoriam\u201c, Austrian History Yearbook, Volume 44, April 2013, str. 297-300.<\/p>\n<p>&nbsp;<\/p>\n<p>21. \u0160imetin \u0160egvi\u0107, Nikolina i Filip, \u201ePrema hrvatskoj modernoj historiografiji: u spomen Mirjani Gross (1922.-2012.)&#8221;, Pro tempore: \u010dasopis studenata povijesti, br. 10-11, Zagreb 2016, str. 412-426. [Tom prigodom objavljen je i tekst M. Gross \u201eStar\u010devi\u0107ansko nadahnu\u0107e u djelima Ante Kova\u010di\u0107a\u201c, str. 427-439.]<\/p>\n<p>&nbsp;<\/p>\n<p>22. Vulesica, Marija, \u201e\u2018Meine Erinnerungen sind so schrecklich.\u2019 Zum Tode der kroatischen Historikerin und schweigsamen Zeitzeugin Prof. Dr. Mirjana Gross\u201c, S\u00fcdosteurop\u00e4ische Hefte, Jg. 1, Nr. 2, Berlin 2012, str. 24-28.<\/p>\n<p>&nbsp;<\/p>\n<p>&nbsp;<\/p>\n<p>&nbsp;<\/p>\n<p>&nbsp;<\/p>\n","protected":false},"excerpt":{"rendered":"","protected":false},"author":2,"featured_media":5360,"comment_status":"open","ping_status":"open","sticky":false,"template":"","format":"standard","meta":{"_acf_changed":false,"jetpack_post_was_ever_published":false,"_jetpack_newsletter_access":"","_jetpack_dont_email_post_to_subs":false,"_jetpack_newsletter_tier_id":0,"_jetpack_memberships_contains_paywalled_content":false,"_jetpack_memberships_contains_paid_content":false,"footnotes":"","jetpack_publicize_message":"","jetpack_publicize_feature_enabled":true,"jetpack_social_post_already_shared":true,"jetpack_social_options":{"image_generator_settings":{"template":"highway","default_image_id":0,"font":"","enabled":false},"version":2}},"categories":[3,20],"tags":[],"class_list":["post-5357","post","type-post","status-publish","format-standard","has-post-thumbnail","hentry","category-novosti","category-obavijesti-o-smrti-i-nekrolozi"],"acf":{"facebook_opis":""},"jetpack_publicize_connections":[],"jetpack_featured_media_url":"https:\/\/i0.wp.com\/historiografija.hr\/wp-content\/uploads\/2017\/07\/hbl5104-1.jpg?fit=448%2C422&ssl=1","jetpack_sharing_enabled":true,"jetpack-related-posts":[{"id":52704,"url":"https:\/\/historiografija.hr\/?p=52704","url_meta":{"origin":5357,"position":0},"title":"Predstavljanje knjige &#8220;Vladimir Vasiljevi\u0107: Moji do\u017eivljaji. Dnevni\u010dki zapisi iz Prvoga svjetskog rata i poratnoga vremena&#8221;","author":"Filip \u0160imunjak","date":"29. travnja 2026.","format":false,"excerpt":"Doga\u0111anja ovogodi\u0161njega Festivala povijesti Kliofest zapo\u010dinjemo ve\u0107 i prije samoga slu\u017ebenog otvaranja, predstavljanjem knjige \u201eMoji do\u017eivljaji. Dnevni\u010dki zapisi iz Prvoga svjetskog rata i poratnoga vremena\u201d Vladimira Vasiljevi\u0107a, koju su priredili Karlo Rukavina i Damir Agi\u010di\u0107. Pozivamo Vas na predstavljanje koje \u0107e se odr\u017eati u ponedjeljak 4. svibnja, s po\u010detkom u\u2026","rel":"","context":"U &quot;Knjige&quot;","block_context":{"text":"Knjige","link":"https:\/\/historiografija.hr\/?cat=8"},"img":{"alt_text":"","src":"https:\/\/i0.wp.com\/historiografija.hr\/wp-content\/uploads\/2026\/04\/Naslovna-V.-Vasiljevic.webp?fit=1200%2C600&ssl=1&resize=350%2C200","width":350,"height":200,"srcset":"https:\/\/i0.wp.com\/historiografija.hr\/wp-content\/uploads\/2026\/04\/Naslovna-V.-Vasiljevic.webp?fit=1200%2C600&ssl=1&resize=350%2C200 1x, https:\/\/i0.wp.com\/historiografija.hr\/wp-content\/uploads\/2026\/04\/Naslovna-V.-Vasiljevic.webp?fit=1200%2C600&ssl=1&resize=525%2C300 1.5x, https:\/\/i0.wp.com\/historiografija.hr\/wp-content\/uploads\/2026\/04\/Naslovna-V.-Vasiljevic.webp?fit=1200%2C600&ssl=1&resize=700%2C400 2x, https:\/\/i0.wp.com\/historiografija.hr\/wp-content\/uploads\/2026\/04\/Naslovna-V.-Vasiljevic.webp?fit=1200%2C600&ssl=1&resize=1050%2C600 3x"},"classes":[]},{"id":52717,"url":"https:\/\/historiografija.hr\/?p=52717","url_meta":{"origin":5357,"position":1},"title":"Okrugli stol &#8220;Dvjestapedeset godina Sjedinjenih Ameri\u010dkih Dr\u017eava \u2013 od kolonije do prve zemlje svijeta i dalje&#8221;","author":"Filip \u0160imunjak","date":"29. travnja 2026.","format":false,"excerpt":"Ove godine obilje\u017eava se 250. obljetnica osnutka Sjedinjenih Ameri\u010dkih Dr\u017eava, povodom koje je pokrenut niz rasprava o ameri\u010dkoj povijesti, njezinoj globalnoj ulozi i naslje\u0111u koje se prote\u017ee od 1776. do danas. Obljetnica je ujedno prilika za promi\u0161ljanje o tome kako danas tuma\u010dimo ameri\u010dku pro\u0161lost, ali i (aktualnu) ulogu SAD-a u\u2026","rel":"","context":"U &quot;Novosti&quot;","block_context":{"text":"Novosti","link":"https:\/\/historiografija.hr\/?cat=3"},"img":{"alt_text":"","src":"https:\/\/i0.wp.com\/historiografija.hr\/wp-content\/uploads\/2026\/04\/Kliofest-01-utorak-I-02-OS-250-godina-SAD.jpg?fit=1200%2C566&ssl=1&resize=350%2C200","width":350,"height":200,"srcset":"https:\/\/i0.wp.com\/historiografija.hr\/wp-content\/uploads\/2026\/04\/Kliofest-01-utorak-I-02-OS-250-godina-SAD.jpg?fit=1200%2C566&ssl=1&resize=350%2C200 1x, https:\/\/i0.wp.com\/historiografija.hr\/wp-content\/uploads\/2026\/04\/Kliofest-01-utorak-I-02-OS-250-godina-SAD.jpg?fit=1200%2C566&ssl=1&resize=525%2C300 1.5x, https:\/\/i0.wp.com\/historiografija.hr\/wp-content\/uploads\/2026\/04\/Kliofest-01-utorak-I-02-OS-250-godina-SAD.jpg?fit=1200%2C566&ssl=1&resize=700%2C400 2x, https:\/\/i0.wp.com\/historiografija.hr\/wp-content\/uploads\/2026\/04\/Kliofest-01-utorak-I-02-OS-250-godina-SAD.jpg?fit=1200%2C566&ssl=1&resize=1050%2C600 3x"},"classes":[]},{"id":52607,"url":"https:\/\/historiografija.hr\/?p=52607","url_meta":{"origin":5357,"position":2},"title":"No\u0107 knjige: Kako je prije 410 godina smr\u0107u Shakespearea i Cervantesa zavr\u0161ilo razdoblje renesanse u knji\u017eevnosti","author":"Branimir Jankovi\u0107","date":"22. travnja 2026.","format":false,"excerpt":"\u010cetvrtak, 23. travnja 2026. u 18:00 sati, Knji\u017eara Matice hrvatske, Ulica Matice hrvatske 2, Zagreb Uvodna rije\u010d: dr. sc.\u00a0Dubravka Brezak Stama\u0107, pro\u010delnica Odjela za knji\u017eevnost Matice hrvatske Prof. dr. sc. Ivan Lupi\u0107, redoviti profesor u Odsjeku za anglistiku i Odsjeku za kroatistiku Sveu\u010dili\u0161ta u RijeciShakespeare, kazali\u0161te, glazbaKada se susre\u0107emo sa\u2026","rel":"","context":"U &quot;Novosti&quot;","block_context":{"text":"Novosti","link":"https:\/\/historiografija.hr\/?cat=3"},"img":{"alt_text":"","src":"https:\/\/i0.wp.com\/historiografija.hr\/wp-content\/uploads\/2026\/04\/noc_knjige_2026.jpg?fit=680%2C276&ssl=1&resize=350%2C200","width":350,"height":200,"srcset":"https:\/\/i0.wp.com\/historiografija.hr\/wp-content\/uploads\/2026\/04\/noc_knjige_2026.jpg?fit=680%2C276&ssl=1&resize=350%2C200 1x, https:\/\/i0.wp.com\/historiografija.hr\/wp-content\/uploads\/2026\/04\/noc_knjige_2026.jpg?fit=680%2C276&ssl=1&resize=525%2C300 1.5x"},"classes":[]},{"id":52578,"url":"https:\/\/historiografija.hr\/?p=52578","url_meta":{"origin":5357,"position":3},"title":"Poziv za sudjelovanje: XXII. Dani Julija Bene\u0161i\u0107a u Iloku","author":"Branimir Jankovi\u0107","date":"21. travnja 2026.","format":false,"excerpt":"Zavod za lingvisti\u010dka istra\u017eivanja Hrvatske akademije znanosti i umjetnosti, zajedno s Muzejom grada Iloka, organizira XXII. Dane Julija Bene\u0161i\u0107a, koji \u0107e se odr\u017eati od 28. do 30. listopada 2026. u Iloku.\u00a0Teme ovogodi\u0161njih Dana podijeljene su u dvije cjeline: Knji\u017eevno-jezikoslovni d\u00ecv\u0101n s Bene\u0161i\u0107em te Ilok i Srijem u povijesnim stalnicama i\u2026","rel":"","context":"U &quot;Novosti&quot;","block_context":{"text":"Novosti","link":"https:\/\/historiografija.hr\/?cat=3"},"img":{"alt_text":"","src":"https:\/\/i0.wp.com\/historiografija.hr\/wp-content\/uploads\/2019\/10\/HE2_Benesic.jpg?fit=413%2C591&ssl=1&resize=350%2C200","width":350,"height":200},"classes":[]},{"id":52502,"url":"https:\/\/historiografija.hr\/?p=52502","url_meta":{"origin":5357,"position":4},"title":"Novi znanstveni projekt Hrvatskog instituta za povijest: \u201c\u017drtve ratova i dr\u017eavnog\/politi\u010dkog nasilja u hrvatskoj povijesti 20. stolje\u0107a\u201d","author":"Branimir Jankovi\u0107","date":"17. travnja 2026.","format":false,"excerpt":"Na redovitoj sjednici Vlade RH, 16. travnja 2026., donijet je Zaklju\u010dak kojim se pokre\u0107e znanstveni projekt \u201c\u017drtve ratova i dr\u017eavnog\/politi\u010dkog nasilja u hrvatskoj povijesti 20. stolje\u0107a\u201d. Projekt \u0107e provoditi i koordinirati Hrvatski institut za povijest u razdoblju trajanja projekta od pet godina. Zakljucak Vlade RH Iz teksta projektnog prijedloga: Problematika\u2026","rel":"","context":"U &quot;Novosti&quot;","block_context":{"text":"Novosti","link":"https:\/\/historiografija.hr\/?cat=3"},"img":{"alt_text":"","src":"https:\/\/i0.wp.com\/historiografija.hr\/wp-content\/uploads\/2026\/04\/Vlada-RH.jpg?fit=1200%2C557&ssl=1&resize=350%2C200","width":350,"height":200,"srcset":"https:\/\/i0.wp.com\/historiografija.hr\/wp-content\/uploads\/2026\/04\/Vlada-RH.jpg?fit=1200%2C557&ssl=1&resize=350%2C200 1x, https:\/\/i0.wp.com\/historiografija.hr\/wp-content\/uploads\/2026\/04\/Vlada-RH.jpg?fit=1200%2C557&ssl=1&resize=525%2C300 1.5x, https:\/\/i0.wp.com\/historiografija.hr\/wp-content\/uploads\/2026\/04\/Vlada-RH.jpg?fit=1200%2C557&ssl=1&resize=700%2C400 2x, https:\/\/i0.wp.com\/historiografija.hr\/wp-content\/uploads\/2026\/04\/Vlada-RH.jpg?fit=1200%2C557&ssl=1&resize=1050%2C600 3x"},"classes":[]},{"id":52633,"url":"https:\/\/historiografija.hr\/?p=52633","url_meta":{"origin":5357,"position":5},"title":"POVIJEST TRE\u0160NJEVA\u010cKE GLAZBE: prikupljanje virtualnog fundusa Muzeja susjedstva Tre\u0161njevka","author":"Branimir Jankovi\u0107","date":"23. travnja 2026.","format":false,"excerpt":"utorak 28. 4. 2026. 14 - 18 h Nova BAZA, Nova cesta 66, Zagreb Prvi su dani ljeta 1957. godine. Bo\u017eica Kalafati\u0107 poha\u0111a drugi razred Osnovne \u0161kole Bratstvo i jedinstvo, danas kralja Tomislava, a ide i na muzi\u010dke satove u Mo\u0161\u0107eni\u010dkoj ulici. Na fotografiji s harmonikom u rukama stoji u\u2026","rel":"","context":"U &quot;Novosti&quot;","block_context":{"text":"Novosti","link":"https:\/\/historiografija.hr\/?cat=3"},"img":{"alt_text":"","src":"https:\/\/i0.wp.com\/historiografija.hr\/wp-content\/uploads\/2026\/04\/MST_prikupljanje.jpg?fit=380%2C475&ssl=1&resize=350%2C200","width":350,"height":200},"classes":[]}],"_links":{"self":[{"href":"https:\/\/historiografija.hr\/index.php?rest_route=\/wp\/v2\/posts\/5357","targetHints":{"allow":["GET"]}}],"collection":[{"href":"https:\/\/historiografija.hr\/index.php?rest_route=\/wp\/v2\/posts"}],"about":[{"href":"https:\/\/historiografija.hr\/index.php?rest_route=\/wp\/v2\/types\/post"}],"author":[{"embeddable":true,"href":"https:\/\/historiografija.hr\/index.php?rest_route=\/wp\/v2\/users\/2"}],"replies":[{"embeddable":true,"href":"https:\/\/historiografija.hr\/index.php?rest_route=%2Fwp%2Fv2%2Fcomments&post=5357"}],"version-history":[{"count":3,"href":"https:\/\/historiografija.hr\/index.php?rest_route=\/wp\/v2\/posts\/5357\/revisions"}],"predecessor-version":[{"id":5364,"href":"https:\/\/historiografija.hr\/index.php?rest_route=\/wp\/v2\/posts\/5357\/revisions\/5364"}],"wp:featuredmedia":[{"embeddable":true,"href":"https:\/\/historiografija.hr\/index.php?rest_route=\/wp\/v2\/media\/5360"}],"wp:attachment":[{"href":"https:\/\/historiografija.hr\/index.php?rest_route=%2Fwp%2Fv2%2Fmedia&parent=5357"}],"wp:term":[{"taxonomy":"category","embeddable":true,"href":"https:\/\/historiografija.hr\/index.php?rest_route=%2Fwp%2Fv2%2Fcategories&post=5357"},{"taxonomy":"post_tag","embeddable":true,"href":"https:\/\/historiografija.hr\/index.php?rest_route=%2Fwp%2Fv2%2Ftags&post=5357"}],"curies":[{"name":"wp","href":"https:\/\/api.w.org\/{rel}","templated":true}]}}