{"id":5352,"date":"2017-07-22T10:17:08","date_gmt":"2017-07-22T10:17:08","guid":{"rendered":"http:\/\/historiografija.hr\/?p=5352"},"modified":"2017-07-22T10:21:23","modified_gmt":"2017-07-22T10:21:23","slug":"drago-roksandic-predgovor-knjizi-jugoslavija-u-istorijskoj-perspektivi","status":"publish","type":"post","link":"https:\/\/historiografija.hr\/?p=5352","title":{"rendered":"Drago Roksandi\u0107, predgovor knjizi \u201cJugoslavija u istorijskoj perspektivi\u201d"},"content":{"rendered":"<p>U prilogu donosimo kratki predgovor Drage Roksandi\u0107a \u201cJugoslavija iz razli\u010ditih uglova\u201d upravo objavljenoj knjizi &#8220;Jugoslavija u istorijskoj perspektivi&#8221; (Beograd 2017).<\/p>\n<p>&nbsp;<\/p>\n<p>&#8212;<\/p>\n<p>&nbsp;<\/p>\n<p><strong>Jugoslavija u istorijskoj perspektivi<\/strong> (Beograd 2017)<\/p>\n<p>&nbsp;<\/p>\n<p>Predgovor<\/p>\n<p>&nbsp;<\/p>\n<p><em>Jugoslavija iz razli\u010ditih uglova<\/em><\/p>\n<p>&nbsp;<\/p>\n<p>POVIJEST JUGOSLAVIJE u razli\u010ditim je ina\u010dicama naslov uistinu brojnih djela na raznim jezicima, koja su nastajala koja su nastajala prije i poslije raspada SFR Jugoslavije. Kada je rije\u010d o djelima ju\u017enoslavenskih autora, bitno je njihovo obilje\u017eje da su nastala radom jednog ili rijetko dvojice povjesni\u010dara. Reprezentativni multinacionalni kolektivni jugoslavenski projekti djelomi\u010dno su realizirani. Dva sveska <em>Historije naroda Jugoslavije<\/em> apsolvirala su do 1959. godine usugla\u0161ene interpretacije do cca. 1790.\u20131800. godine. Punih 30 godina kasnije prakti\u010dki ni\u0161ta vi\u0161e nije bilo mogu\u0107e u\u010diniti da se realiziraju sljede\u0107e tri knjige. \u201cProlje\u0107e naroda\u201d i stvaranje gra\u0111anskih dru\u0161tava u XIX stolje\u0107u bili su nepremostivi izazovi za jugoslavenske nacionalne historiografije. Bitno druga\u010dije nije bilo ni u slu\u010daju povijesti Komunisti\u010dke partije\/Saveza komunista Jugoslavije. Unato\u010d aktualnim vrlo ra\u0161irenim stereotipima o jugoslavenskom komunisti\u010dkom jednoumlju, <em>Pregled povijesti SKJ<\/em> (Beograd 1963) izazvao je brojne prijepore, prije svega unutar Partije, pa je jednosve\u0161\u010dana <em>Povijest Saveza komunista Jugoslavije<\/em> \u2013 koju je pisalo \u0161ezdeset suradnika, ina\u010de, svih jugoslavenskih nacionalnosti \u2013 objavljena s mno\u0161tvom ograda u predgovoru 1985. godine. Jedina uistinu vrijedna iznimka su multidisciplinarni enciklopedijski \u010dlanci \u201cJugoslavija\u201d objavljeni u prvom i drugom izdanju Krle\u017eine <em>Enciklopedije Jugoslavije<\/em> (4\/Hil \u2013 Jugos, Zagreb 1960. 567\u2013651 i 5\/Jugos \u2013 Mak, Zagreb 1962. 1\u2013154 te 6\/Jap \u2013 Kat, Zagreb 1990. 161\u2013608). Povjesni\u010dari su bili na marginama tog projekta.<\/p>\n<p>&nbsp;<\/p>\n<p>Ratni raspad SFR Jugoslavije izazvao je i jo\u0161 uvijek izaziva interes povjesni\u010dara u, slobodno mo\u017eemo re\u0107i, globalnim razmjerima. U nacionalnim historiografijama postjugoslavenskih dr\u017eava \u2013 uz puno uva\u017eavanje pojedinaca koji su svjesni profesionalne odgovornosti da se istra\u017eiva\u010dki \u0161to kompleksnije i kriti\u010dnije bave fenomenima povijesti Jugoslavije! \u2013 nesumnjivo dominiraju trendovi kojima se u horizontu vlastitih nacionalnih historiografija manje ili vi\u0161e isklju\u010divo legitimira \u201cneizbje\u017eni\u201d slom jugoslavenske zajednice. Drugim rije\u010dima, kritiziraju\u0107i teleolo\u0161ke i historijskodeterministi\u010dke aspekte jugoslavenske historiografije u svim fazama njezina razvitka od 1918. do 1990\/1991. godine, koje su na raznim teorijskim i svjetonazorskim pretpostavkama implicirale koncept \u201cSchicksalgemeinschaft\u201d, danas smo svjedoci historiografske produkcije koja isto tako s teleolo\u0161kih i historijskodeterministi\u010dkih pretpostavki dokazuje da se jugoslavenska zajednica morala raspasti.<\/p>\n<p>&nbsp;<\/p>\n<p>Vrijednost je ovog projekta, koji je inicirao Helsin\u0161ki odbor za ljudska prava Srbije, a koji financira Savezno ministarstvo za vanjske poslove SR Njema\u010dke, \u0161to je utemeljen na uvjerenju da kraj Jugoslavije nije kraj ve\u0107, naprotiv, po\u010detak kriti\u010dke refleksije o \u201ckvazitotalitetu\u201d povijesti Jugoslavije, kako kad je rije\u010d o ljudima i narodima \u2013 neovisno o konstitucionalnom statusu \u2013 koji su bilo kada i bilo kako dijelili jugoslavensko iskustvo. Projekt je utemeljen i na uvjerenju da je povijest Jugoslavije nezaobilazan aspekt europske pa i svjetske povijesti XX stolje\u0107a.<\/p>\n<p>&nbsp;<\/p>\n<p>Povijest Jugoslavije, dakako, interpretacijski \u0107e uvijek biti u pluralu, a svako doba \u0107e se nu\u017eno suo\u010davati s manje ili vi\u0161e razli\u010dito formuliranim istra\u017eiva\u010dkim pitanjima. Imaju\u0107i na umu koliko je jugoslavensko razdoblje povijesti svih jugoslavenskih naroda i narodnosti bilo i ostaje va\u017eno za razumijevanje njihove modernosti, ni\u0161ta manje njihovih tragedija i trauma, ali i za razumijevanje svih onih problema s kojima se svi ti narodi i danas suo\u010davaju na ovom turbulentnom razme\u0111u ljudi razli\u010ditih narodnosti i vjeroispovijesti, kultura i civilizacija, nu\u017eni su projekti poput ovog koji \u0107e na prvom mjestu osiguravati dijalo\u0161ku komunikaciju me\u0111u povjesni\u010darima nacionalnih historiografija iz postjugoslavenskih dr\u017eava, koji, ina\u010de, imaju ograni\u010dene mogu\u0107nosti dobiti \u010dak i elementarne informacije o tome \u0161to se sve gdje profesionalno radi, da ne govorimo o suradnji me\u0111u ljudima koji uistinu neizbje\u017eno trebaju sura\u0111ivati jedni s drugima, raditi jedni s drugima, kako zbog samih sebe tako i zbog europske budu\u0107nosti koja nam je \u2013 nadamo se \u2013 uistinu zajedni\u010dka. Ovo zajedni\u010dko djelo, koliko god bilo multiperspektivno, u tome je uniperspektivno.<\/p>\n<p>&nbsp;<\/p>\n<p>&nbsp;<\/p>\n<p><em>Drago Roksandi\u0107<\/em><\/p>\n<p>&nbsp;<\/p>\n<p>&#8212;<\/p>\n<p><em><strong>Jugoslavija u istorijskoj perspektivi<\/strong><\/em><\/p>\n<p>&nbsp;<\/p>\n<p>&nbsp;<\/p>\n<p><a href=\"http:\/\/www.yuhistorija.com\/serbian\/index.html\">http:\/\/www.yuhistorija.com\/serbian\/index.html<\/a><\/p>\n<p>&nbsp;<\/p>\n<p>&nbsp;<\/p>\n<p><a href=\"http:\/\/www.yuhistorija.com\/serbian\/doc\/jugoslavija%20u%20istorijskoj%20perspektivi.pdf\">http:\/\/www.yuhistorija.com\/serbian\/doc\/jugoslavija%20u%20istorijskoj%20perspektivi.pdf<\/a><\/p>\n<p>&nbsp;<\/p>\n<p>&nbsp;<\/p>\n<p>&nbsp;<\/p>\n<p>&nbsp;<\/p>\n<p>&nbsp;<\/p>\n","protected":false},"excerpt":{"rendered":"","protected":false},"author":2,"featured_media":5353,"comment_status":"open","ping_status":"open","sticky":false,"template":"","format":"standard","meta":{"_acf_changed":false,"jetpack_post_was_ever_published":false,"_jetpack_newsletter_access":"","_jetpack_dont_email_post_to_subs":false,"_jetpack_newsletter_tier_id":0,"_jetpack_memberships_contains_paywalled_content":false,"_jetpack_memberships_contains_paid_content":false,"footnotes":"","jetpack_publicize_message":"","jetpack_publicize_feature_enabled":true,"jetpack_social_post_already_shared":true,"jetpack_social_options":{"image_generator_settings":{"template":"highway","default_image_id":0,"font":"","enabled":false},"version":2}},"categories":[3],"tags":[],"class_list":["post-5352","post","type-post","status-publish","format-standard","has-post-thumbnail","hentry","category-novosti"],"acf":{"facebook_opis":""},"jetpack_publicize_connections":[],"jetpack_featured_media_url":"https:\/\/i0.wp.com\/historiografija.hr\/wp-content\/uploads\/2017\/07\/Drago_Roksandic01.png?fit=140%2C140&ssl=1","jetpack_sharing_enabled":true,"jetpack-related-posts":[{"id":52569,"url":"https:\/\/historiografija.hr\/?p=52569","url_meta":{"origin":5352,"position":0},"title":"[Predavanje] Ne \u010dekaju\u0107i inspiraciju \u2013 anga\u017eovane intelektualne, kulturalne i umetni\u010dke prakse u me\u0111uratnom periodu: teorija i praksa kriti\u010dke levice u jugoslovenskoj kulturi (YugoLab)","author":"Branimir Jankovi\u0107","date":"21. travnja 2026.","format":false,"excerpt":"U vreme agresivnog ja\u010danja globalne desnice, (pro)fa\u0161isti\u010dkih, rasisti\u010dkih i imperijalisti\u010dkih politika, dok je istovremeno globalna levica izrazito slaba, a progresivni pokreti atomizirani i fragmentisani, va\u017eno je iz savremene perspektive vratiti se revolucionarnim i emancipatorskim zbivanjima u jugoslovenskom (ali i s njima u vezi internacionalnim de\u0161avanjima), kao i dru\u0161tvenoj ulozi kulturalnih\u2026","rel":"","context":"U &quot;Novosti&quot;","block_context":{"text":"Novosti","link":"https:\/\/historiografija.hr\/?cat=3"},"img":{"alt_text":"","src":"","width":0,"height":0},"classes":[]},{"id":52631,"url":"https:\/\/historiografija.hr\/?p=52631","url_meta":{"origin":5352,"position":1},"title":"Predavanje Ivana Tepe\u0161a: Djelovanje hrvatske politi\u010dke emigracije","author":"Branimir Jankovi\u0107","date":"23. travnja 2026.","format":false,"excerpt":"Odjel za me\u0111unarodnu suradnju i iseljeni\u0161tvo Matice hrvatske Predavanje Ivana Tepe\u0161a: Djelovanje hrvatske politi\u010dke emigracije Utorak, 28. travnja 2026. u 18:00 sati, Dvorana Ljudevita Jonkea (Mala dvorana MH), Strossmayerov trg 4, Zagreb dr. sc. Ivan Tepe\u0161, Institut za istra\u017eivanje migracija Hrvatska politi\u010dka emigracija obilje\u017eila je polustoljetnu hrvatsku povijest u drugoj\u2026","rel":"","context":"U &quot;Novosti&quot;","block_context":{"text":"Novosti","link":"https:\/\/historiografija.hr\/?cat=3"},"img":{"alt_text":"","src":"","width":0,"height":0},"classes":[]},{"id":52657,"url":"https:\/\/historiografija.hr\/?p=52657","url_meta":{"origin":5352,"position":2},"title":"[Predavanje] Jezik i drugost u (post)socijalisti\u010dkoj Srbiji: diskurzivne politike identiteta (YugoLab)","author":"Branimir Jankovi\u0107","date":"24. travnja 2026.","format":false,"excerpt":"U sklopu projekta Prizma \/ IMAGINATION (\u201eZami\u0161ljanje nacije: srpski nacionalni narativi u sporu (XX\u2013XXI vek)\u201c), koji se realizuje na Institutu za filozofiju i dru\u0161tvenu teoriju Univerziteta u Beogradu (2024\u20132027) uz finansijsku podr\u0161ku Fonda za nauku Republike Srbije, organizuje se serija predavanja na kojoj istra\u017eiva\u010di i istra\u017eiva\u010dice projekta predstavljaju rezultate svojih\u2026","rel":"","context":"U &quot;Novosti&quot;","block_context":{"text":"Novosti","link":"https:\/\/historiografija.hr\/?cat=3"},"img":{"alt_text":"","src":"https:\/\/i0.wp.com\/historiografija.hr\/wp-content\/uploads\/2026\/04\/IFDT_28_IV.png?fit=1200%2C675&ssl=1&resize=350%2C200","width":350,"height":200,"srcset":"https:\/\/i0.wp.com\/historiografija.hr\/wp-content\/uploads\/2026\/04\/IFDT_28_IV.png?fit=1200%2C675&ssl=1&resize=350%2C200 1x, https:\/\/i0.wp.com\/historiografija.hr\/wp-content\/uploads\/2026\/04\/IFDT_28_IV.png?fit=1200%2C675&ssl=1&resize=525%2C300 1.5x, https:\/\/i0.wp.com\/historiografija.hr\/wp-content\/uploads\/2026\/04\/IFDT_28_IV.png?fit=1200%2C675&ssl=1&resize=700%2C400 2x, https:\/\/i0.wp.com\/historiografija.hr\/wp-content\/uploads\/2026\/04\/IFDT_28_IV.png?fit=1200%2C675&ssl=1&resize=1050%2C600 3x"},"classes":[]},{"id":52528,"url":"https:\/\/historiografija.hr\/?p=52528","url_meta":{"origin":5352,"position":3},"title":"[Promocija knjige] Banja Luka u ratu: Etnopolitika i svakodnevica (1990\u20131995) (ActiveLab, YugoLab)","author":"Branimir Jankovi\u0107","date":"17. travnja 2026.","format":false,"excerpt":"Institut za filozofiju i dru\u0161tvenu teoriju i O\u0161tra Nula organizuju promociju knjige Banja Luka u ratu: Etnopolitika i svakodnevica (1990\u20131995) autorke Armine Galija\u0161, koja \u0107e se odr\u017eati 20. aprila 2026. u 12.00 sati u prostorijama Instituta (Kraljice Natalije 45, Beograd). Re\u010d je o prvom nau\u010dno utemeljenom i sistematskom radu koji\u2026","rel":"","context":"U &quot;Novosti&quot;","block_context":{"text":"Novosti","link":"https:\/\/historiografija.hr\/?cat=3"},"img":{"alt_text":"","src":"https:\/\/i0.wp.com\/historiografija.hr\/wp-content\/uploads\/2026\/04\/20-april-RS.jpg?fit=1200%2C675&ssl=1&resize=350%2C200","width":350,"height":200,"srcset":"https:\/\/i0.wp.com\/historiografija.hr\/wp-content\/uploads\/2026\/04\/20-april-RS.jpg?fit=1200%2C675&ssl=1&resize=350%2C200 1x, https:\/\/i0.wp.com\/historiografija.hr\/wp-content\/uploads\/2026\/04\/20-april-RS.jpg?fit=1200%2C675&ssl=1&resize=525%2C300 1.5x, https:\/\/i0.wp.com\/historiografija.hr\/wp-content\/uploads\/2026\/04\/20-april-RS.jpg?fit=1200%2C675&ssl=1&resize=700%2C400 2x, https:\/\/i0.wp.com\/historiografija.hr\/wp-content\/uploads\/2026\/04\/20-april-RS.jpg?fit=1200%2C675&ssl=1&resize=1050%2C600 3x"},"classes":[]},{"id":52148,"url":"https:\/\/historiografija.hr\/?p=52148","url_meta":{"origin":5352,"position":4},"title":"Poziv za prijavu na me\u0111unarodnu znanstvenu konferenciju \u201eGranice (ne)slobode: Zadarski krug 1966. Intelektualna opozicija u totalitarnom dru\u0161tvu\u201c","author":"Branimir Jankovi\u0107","date":"27. o\u017eujka 2026.","format":false,"excerpt":"\u00a0\u00a0\u00a0\u00a0 Povodom \u0161ezdesete obljetnice poku\u0161aja osnivanja \u010dasopisa Slobodan glas u Zadru 1966. godine, pozivamo vas na znanstvenu konferenciju posve\u0107enu istra\u017eivanju disidentstva, intelektualne opozicije i granica divergentnog mi\u0161ljenja nasuprot slu\u017ebenoj ideologiji u komunisti\u010dkoj Jugoslaviji. Ideja konferencije je analizirati konkretan fenomen zadarskog slu\u010daja razloge i okolnosti njegove pojave, ali uz otvaranje komparativnih\u2026","rel":"","context":"U &quot;Novosti&quot;","block_context":{"text":"Novosti","link":"https:\/\/historiografija.hr\/?cat=3"},"img":{"alt_text":"","src":"https:\/\/i0.wp.com\/historiografija.hr\/wp-content\/uploads\/2026\/03\/Poziv-konferencija-Zadar.jpg?fit=1200%2C509&ssl=1&resize=350%2C200","width":350,"height":200,"srcset":"https:\/\/i0.wp.com\/historiografija.hr\/wp-content\/uploads\/2026\/03\/Poziv-konferencija-Zadar.jpg?fit=1200%2C509&ssl=1&resize=350%2C200 1x, https:\/\/i0.wp.com\/historiografija.hr\/wp-content\/uploads\/2026\/03\/Poziv-konferencija-Zadar.jpg?fit=1200%2C509&ssl=1&resize=525%2C300 1.5x, https:\/\/i0.wp.com\/historiografija.hr\/wp-content\/uploads\/2026\/03\/Poziv-konferencija-Zadar.jpg?fit=1200%2C509&ssl=1&resize=700%2C400 2x, https:\/\/i0.wp.com\/historiografija.hr\/wp-content\/uploads\/2026\/03\/Poziv-konferencija-Zadar.jpg?fit=1200%2C509&ssl=1&resize=1050%2C600 3x"},"classes":[]},{"id":52520,"url":"https:\/\/historiografija.hr\/?p=52520","url_meta":{"origin":5352,"position":5},"title":"Predstavljanje knjige &#8220;Socialist Economics in Yugoslavia: A Critical History&#8221; u Zagrebu","author":"Branimir Jankovi\u0107","date":"17. travnja 2026.","format":false,"excerpt":"Pozivamo vas na predstavljanje knjige \"Socialist Economics in Yugoslavia: A Critical History\", autora Mislava \u00a0\u017ditka i Marka Grde\u0161i\u0107a (Routledge, 2026). Na predstavljanju \u0107e govoriti Branko Milanovi\u0107 (CUNY), Milica Uvali\u0107 (EUI), Zdravko Petak (FPZG) te autori.\u00a0 Predstavljanje \u0107e se odr\u017eati u srijedu 22. travnja u 16:00 sati na Fakultetu politi\u010dkih znanosti\u2026","rel":"","context":"U &quot;Novosti&quot;","block_context":{"text":"Novosti","link":"https:\/\/historiografija.hr\/?cat=3"},"img":{"alt_text":"","src":"https:\/\/i0.wp.com\/historiografija.hr\/wp-content\/uploads\/2026\/04\/Poziv-na-predstavljanje.png?fit=800%2C652&ssl=1&resize=350%2C200","width":350,"height":200,"srcset":"https:\/\/i0.wp.com\/historiografija.hr\/wp-content\/uploads\/2026\/04\/Poziv-na-predstavljanje.png?fit=800%2C652&ssl=1&resize=350%2C200 1x, https:\/\/i0.wp.com\/historiografija.hr\/wp-content\/uploads\/2026\/04\/Poziv-na-predstavljanje.png?fit=800%2C652&ssl=1&resize=525%2C300 1.5x, https:\/\/i0.wp.com\/historiografija.hr\/wp-content\/uploads\/2026\/04\/Poziv-na-predstavljanje.png?fit=800%2C652&ssl=1&resize=700%2C400 2x"},"classes":[]}],"_links":{"self":[{"href":"https:\/\/historiografija.hr\/index.php?rest_route=\/wp\/v2\/posts\/5352","targetHints":{"allow":["GET"]}}],"collection":[{"href":"https:\/\/historiografija.hr\/index.php?rest_route=\/wp\/v2\/posts"}],"about":[{"href":"https:\/\/historiografija.hr\/index.php?rest_route=\/wp\/v2\/types\/post"}],"author":[{"embeddable":true,"href":"https:\/\/historiografija.hr\/index.php?rest_route=\/wp\/v2\/users\/2"}],"replies":[{"embeddable":true,"href":"https:\/\/historiografija.hr\/index.php?rest_route=%2Fwp%2Fv2%2Fcomments&post=5352"}],"version-history":[{"count":2,"href":"https:\/\/historiografija.hr\/index.php?rest_route=\/wp\/v2\/posts\/5352\/revisions"}],"predecessor-version":[{"id":5356,"href":"https:\/\/historiografija.hr\/index.php?rest_route=\/wp\/v2\/posts\/5352\/revisions\/5356"}],"wp:featuredmedia":[{"embeddable":true,"href":"https:\/\/historiografija.hr\/index.php?rest_route=\/wp\/v2\/media\/5353"}],"wp:attachment":[{"href":"https:\/\/historiografija.hr\/index.php?rest_route=%2Fwp%2Fv2%2Fmedia&parent=5352"}],"wp:term":[{"taxonomy":"category","embeddable":true,"href":"https:\/\/historiografija.hr\/index.php?rest_route=%2Fwp%2Fv2%2Fcategories&post=5352"},{"taxonomy":"post_tag","embeddable":true,"href":"https:\/\/historiografija.hr\/index.php?rest_route=%2Fwp%2Fv2%2Ftags&post=5352"}],"curies":[{"name":"wp","href":"https:\/\/api.w.org\/{rel}","templated":true}]}}