{"id":5341,"date":"2017-07-21T10:09:41","date_gmt":"2017-07-21T10:09:41","guid":{"rendered":"http:\/\/historiografija.hr\/?p=5341"},"modified":"2017-07-21T10:11:21","modified_gmt":"2017-07-21T10:11:21","slug":"workshop-bridging-disciplines-scales-and-methods-synergies-between-history-and-anthropology-today-regensburg-21-97-2017","status":"publish","type":"post","link":"https:\/\/historiografija.hr\/?p=5341","title":{"rendered":"Workshop &#8220;Bridging Disciplines, Scales, and Methods: Synergies between History and Anthropology Today&#8221; (Regensburg, 21.07.2017)"},"content":{"rendered":"<p>\u201cAlthough sharing some related questions, theories, and sources, anthropology and history are still divided in regard of methodologies, scales, and the main points of interests\u201d.<\/p>\n<p>&nbsp;<\/p>\n<p>&nbsp;<\/p>\n<p>&#8212;<\/p>\n<p>&nbsp;<\/p>\n<p>&nbsp;<\/p>\n<p><strong>Graduate School for East and Southeast European Studies<\/strong><\/p>\n<p>&nbsp;<\/p>\n<p>&nbsp;<\/p>\n<p>[Workshop Regensburg] Bridging Disciplines, Scales, and Methods<\/p>\n<p>&nbsp;<\/p>\n<p>&nbsp;<\/p>\n<p>21.07.2017 (10:00 &#8211; 16:00)<\/p>\n<p>&nbsp;<\/p>\n<p>&nbsp;<\/p>\n<p>&nbsp;<\/p>\n<p>The Graduate School for East and Southeast European Studies organizes on July 21, 2017 a workshop entitled &#8220;Bridging Disciplines, Scales, and Methods: Synergies between History and Anthropology Today&#8221;. The workshop is organized by the Graduate School&#8217;s doctoral students Eva-Maria Walther and Andrey Vozyanov for the Study Group &#8220;Social Sorting&#8221;, which is led by Prof. Dr. Ger Duijzings and Prof. Dr. Rainer Liedtke. The workshop will be held in English.<\/p>\n<p>&nbsp;<\/p>\n<p>&nbsp;<\/p>\n<p>Although sharing some related questions, theories, and sources, anthropology and history are still divided in regard of methodologies, scales, and the main points of interests. The speakers who work at the intersection of two fields will reflect on temporal borders and analytical tensions between the studied present and past, as well as opportunities and challenges of this kind of multidisciplinarity in an Eastern, Southeast- and general European setting.<\/p>\n<p>&nbsp;<\/p>\n<p>&nbsp;<\/p>\n<p>The objective of achieving representativeness and completeness in history is often being balanced against depth of analysis and exactness of description in anthropology. The latter is primarily achieved by focusing on a small section of reality, a choice which is commonly made by anthropologists, but also a substantial number of historians. This approach is arguably a useful counterweight or complement to those studies that aim at the bigger picture.<\/p>\n<p>&nbsp;<\/p>\n<p>&nbsp;<\/p>\n<p>In order to stimulate conversation about gains and chances and possible misunderstandings in the encounter of the two disciplines (which is a continuous thread in the Social Sorting study group meetings), this workshop should bring together scholars both with a more anthropological or historical background to present their current work on micro-historical topics in an East, Southeast and general European setting. The ensuing discussions will allow an exchange of thoughts on a wide range of questions with regard to specific themes and methods. The workshop will contribute to broaden and deepen the mutual familiarity between the two disciplines and provide inspiration for the application of the respective concepts and methods even for disciplines other than history and anthropology. Walther and Vozyanov also expect and welcome the interest and participation in the workshop from members of the Graduate School beyond their study group.<\/p>\n<p>&nbsp;<\/p>\n<p>&nbsp;<\/p>\n<p>Time: Friday July 21, 2017, 10 a.m. &#8211; 4 p.m.<\/p>\n<p>&nbsp;<\/p>\n<p>&nbsp;<\/p>\n<p>Location: Regensburg, Graduate School for East and Southeast European Studies, Landshuter Str. 4, Room 017<\/p>\n<p>&nbsp;<\/p>\n<p>&nbsp;<\/p>\n<p>Participation: with previous registration via e-mail to Eva-Maria Walther and Andrey Vozyanov.<\/p>\n<p>&nbsp;<\/p>\n<p>&nbsp;<\/p>\n<p><strong>Programme<\/strong><\/p>\n<p>&nbsp;<\/p>\n<p>10 a.m. &#8211; 1 p.m.<br \/>\nPanel 1<\/p>\n<p>&nbsp;<\/p>\n<p>Henk Driessen (Nijmegen):<br \/>\nAnthropology and history: narcissism of decreasing differences?<\/p>\n<p>Ineta Lip\u0161a (Riga):<br \/>\nQueer subjectivity and Soviet \u201cbarbarians\u201d from Stalin to Brezhnev in the Latvian SSR<\/p>\n<p>Maria Pirogovskaya (St. Petersburg):<br \/>\nToolkits of Anthropology of Religion in Studying Cultural History: How 19th-century medicine constructs disgust.<\/p>\n<p>&nbsp;<\/p>\n<p>&nbsp;<\/p>\n<p>1 p.m. &#8211; 2.30 p.m.<br \/>\nBreak<\/p>\n<p>&nbsp;<\/p>\n<p>&nbsp;<\/p>\n<p>2.30 p.m. &#8211; 4 p.m.<br \/>\nPanel 2<\/p>\n<p>&nbsp;<\/p>\n<p>&nbsp;<\/p>\n<p>Sarah Kleinmann (Dresden):<br \/>\nCultural-anthropological perspectives on National Socialism<\/p>\n<p>Carl Bethke (T\u00fcbingen):<br \/>\nFrom the rules and practices of &#8220;belonging&#8221; toward &#8220;performing Identifications&#8221;. Microhistorical studies on competitive ascriptions and self-ascriptions among descendants of German immigrants within the &#8220;cultural environments&#8221; of Southeastern Europe<\/p>\n<p>&nbsp;<\/p>\n<p>&nbsp;<\/p>\n<p>URL: <a href=\"http:\/\/www.gs-oses.de\/event-detail-317\/events\/workshop-regensburg-briding-disciplines-scales-and-methods-eng.html\">http:\/\/www.gs-oses.de\/event-detail-317\/events\/workshop-regensburg-briding-disciplines-scales-and-methods-eng.html<\/a><\/p>\n<p>&nbsp;<\/p>\n","protected":false},"excerpt":{"rendered":"","protected":false},"author":2,"featured_media":5291,"comment_status":"open","ping_status":"open","sticky":false,"template":"","format":"standard","meta":{"_acf_changed":false,"jetpack_post_was_ever_published":false,"_jetpack_newsletter_access":"","_jetpack_dont_email_post_to_subs":false,"_jetpack_newsletter_tier_id":0,"_jetpack_memberships_contains_paywalled_content":false,"_jetpack_memberships_contains_paid_content":false,"footnotes":"","jetpack_publicize_message":"","jetpack_publicize_feature_enabled":true,"jetpack_social_post_already_shared":true,"jetpack_social_options":{"image_generator_settings":{"template":"highway","default_image_id":0,"font":"","enabled":false},"version":2}},"categories":[3,9],"tags":[],"class_list":["post-5341","post","type-post","status-publish","format-standard","has-post-thumbnail","hentry","category-novosti","category-skupovi"],"acf":{"facebook_opis":""},"jetpack_publicize_connections":[],"jetpack_featured_media_url":"https:\/\/i0.wp.com\/historiografija.hr\/wp-content\/uploads\/2017\/07\/Ost-.png?fit=318%2C159&ssl=1","jetpack_sharing_enabled":true,"jetpack-related-posts":[{"id":52641,"url":"https:\/\/historiografija.hr\/?p=52641","url_meta":{"origin":5341,"position":0},"title":"CfP: WHO OWNS THE PAST? VERNACULAR MEMORY, STATE MEMORY, AND THE POLITICS OF OWNERSHIP","author":"Branimir Jankovi\u0107","date":"24. travnja 2026.","format":false,"excerpt":"VIENNA, 31ST AUGUST\u20133RD SEPTEMBER 2026 (DEADLINE: 24TH APRIL 2026) The Center for Austrian Studies at the European Forum at the Hebrew University and the Austrian Academy of Sciences\/Institute of Culture Studies invite early postdocs, PhD candidates, and advanced Master\u2019s students from the Hebrew University of Jerusalem and universities and academic\u2026","rel":"","context":"U &quot;Novosti&quot;","block_context":{"text":"Novosti","link":"https:\/\/historiografija.hr\/?cat=3"},"img":{"alt_text":"","src":"https:\/\/i0.wp.com\/historiografija.hr\/wp-content\/uploads\/2017\/10\/hsozkult.png?fit=1006%2C241&ssl=1&resize=350%2C200","width":350,"height":200,"srcset":"https:\/\/i0.wp.com\/historiografija.hr\/wp-content\/uploads\/2017\/10\/hsozkult.png?fit=1006%2C241&ssl=1&resize=350%2C200 1x, https:\/\/i0.wp.com\/historiografija.hr\/wp-content\/uploads\/2017\/10\/hsozkult.png?fit=1006%2C241&ssl=1&resize=525%2C300 1.5x, https:\/\/i0.wp.com\/historiografija.hr\/wp-content\/uploads\/2017\/10\/hsozkult.png?fit=1006%2C241&ssl=1&resize=700%2C400 2x"},"classes":[]},{"id":52580,"url":"https:\/\/historiografija.hr\/?p=52580","url_meta":{"origin":5341,"position":1},"title":"Conference &#8220;Living in the aftermaths: Trauma, politics and survival in Yugoslavia and successor states, 1945 \u2013 present&#8221;","author":"Branimir Jankovi\u0107","date":"21. travnja 2026.","format":false,"excerpt":"The conference aims to explore how war-related psychological distress was experienced, narrated, debated and reframed in Yugoslavia in the second half of the twentieth century. It asks how the theme of wounded psyche and wartime suffering was addressed and acknowledged in political, psychiatric and broader cultural discourses of socialist Yugoslavia,\u2026","rel":"","context":"U &quot;Novosti&quot;","block_context":{"text":"Novosti","link":"https:\/\/historiografija.hr\/?cat=3"},"img":{"alt_text":"","src":"https:\/\/i0.wp.com\/historiografija.hr\/wp-content\/uploads\/2026\/04\/Battle_of_Neretva_Picasso_poster-Conference-Living-in-the-aftermaths.webp?fit=564%2C954&ssl=1&resize=350%2C200","width":350,"height":200,"srcset":"https:\/\/i0.wp.com\/historiografija.hr\/wp-content\/uploads\/2026\/04\/Battle_of_Neretva_Picasso_poster-Conference-Living-in-the-aftermaths.webp?fit=564%2C954&ssl=1&resize=350%2C200 1x, https:\/\/i0.wp.com\/historiografija.hr\/wp-content\/uploads\/2026\/04\/Battle_of_Neretva_Picasso_poster-Conference-Living-in-the-aftermaths.webp?fit=564%2C954&ssl=1&resize=525%2C300 1.5x"},"classes":[]},{"id":52664,"url":"https:\/\/historiografija.hr\/?p=52664","url_meta":{"origin":5341,"position":2},"title":"CfP: CONFERENCE OF THE HISTORY OF CONCEPTS GROUP, HELSINKI, 19TH\u201321ST AUGUST 2026 (DEADLINE: 30TH APRIL 2026)","author":"Branimir Jankovi\u0107","date":"24. travnja 2026.","format":false,"excerpt":"The annual conference of the History of Concepts Group is held at the University of Helsinki, 19-21 August 2026. Conference of the History of Concepts Group Conceptual history studies the use of concepts and tries to understand how historical actors have linguistically articulated views of the world. Studying concepts from\u2026","rel":"","context":"U &quot;Novosti&quot;","block_context":{"text":"Novosti","link":"https:\/\/historiografija.hr\/?cat=3"},"img":{"alt_text":"","src":"https:\/\/i0.wp.com\/historiografija.hr\/wp-content\/uploads\/2017\/10\/hsozkult.png?fit=1006%2C241&ssl=1&resize=350%2C200","width":350,"height":200,"srcset":"https:\/\/i0.wp.com\/historiografija.hr\/wp-content\/uploads\/2017\/10\/hsozkult.png?fit=1006%2C241&ssl=1&resize=350%2C200 1x, https:\/\/i0.wp.com\/historiografija.hr\/wp-content\/uploads\/2017\/10\/hsozkult.png?fit=1006%2C241&ssl=1&resize=525%2C300 1.5x, https:\/\/i0.wp.com\/historiografija.hr\/wp-content\/uploads\/2017\/10\/hsozkult.png?fit=1006%2C241&ssl=1&resize=700%2C400 2x"},"classes":[]},{"id":52531,"url":"https:\/\/historiografija.hr\/?p=52531","url_meta":{"origin":5341,"position":3},"title":"Jonathan G. Leslie, \u201eFear and Insecurity: Israel and the Iran Threat Narrative\u201c","author":"Branimir Jankovi\u0107","date":"17. travnja 2026.","format":false,"excerpt":"Why is Israel\u2019s former ally Iran now perceived as the country\u2019s greatest threat? Description To observers of the Iran-Israel conflict, its vitriolic rhetoric might suggest an ancient hatred between Jews and Muslims\u2013a biblical feud dating back hundreds, or thousands, of years. But this rivalry is a far more modern development.\u2026","rel":"","context":"U &quot;Knjige&quot;","block_context":{"text":"Knjige","link":"https:\/\/historiografija.hr\/?cat=8"},"img":{"alt_text":"","src":"https:\/\/i0.wp.com\/historiografija.hr\/wp-content\/uploads\/2026\/04\/Leslie.jpg?fit=391%2C612&ssl=1&resize=350%2C200","width":350,"height":200},"classes":[]},{"id":52516,"url":"https:\/\/historiografija.hr\/?p=52516","url_meta":{"origin":5341,"position":4},"title":"Marko Grde\u0161i\u0107, Mislav \u017ditko, \u201eSocialist Economics in Yugoslavia: A Critical History\u201c","author":"Branimir Jankovi\u0107","date":"17. travnja 2026.","format":false,"excerpt":"This book presents a critical history of Yugoslav socialist economics, from its inception in the late 1940s to its dissolution in the late 1980s. After the dramatic break with the Soviet Union in 1948, Yugoslavia found itself in urgent need of a third way: A socialist trajectory which would not\u2026","rel":"","context":"U &quot;Knjige&quot;","block_context":{"text":"Knjige","link":"https:\/\/historiografija.hr\/?cat=8"},"img":{"alt_text":"","src":"https:\/\/i0.wp.com\/historiografija.hr\/wp-content\/uploads\/2026\/04\/Zitko_Grdesic.jpg?fit=350%2C535&ssl=1&resize=350%2C200","width":350,"height":200},"classes":[]},{"id":52520,"url":"https:\/\/historiografija.hr\/?p=52520","url_meta":{"origin":5341,"position":5},"title":"Predstavljanje knjige &#8220;Socialist Economics in Yugoslavia: A Critical History&#8221; u Zagrebu","author":"Branimir Jankovi\u0107","date":"17. travnja 2026.","format":false,"excerpt":"Pozivamo vas na predstavljanje knjige \"Socialist Economics in Yugoslavia: A Critical History\", autora Mislava \u00a0\u017ditka i Marka Grde\u0161i\u0107a (Routledge, 2026). Na predstavljanju \u0107e govoriti Branko Milanovi\u0107 (CUNY), Milica Uvali\u0107 (EUI), Zdravko Petak (FPZG) te autori.\u00a0 Predstavljanje \u0107e se odr\u017eati u srijedu 22. travnja u 16:00 sati na Fakultetu politi\u010dkih znanosti\u2026","rel":"","context":"U &quot;Novosti&quot;","block_context":{"text":"Novosti","link":"https:\/\/historiografija.hr\/?cat=3"},"img":{"alt_text":"","src":"https:\/\/i0.wp.com\/historiografija.hr\/wp-content\/uploads\/2026\/04\/Poziv-na-predstavljanje.png?fit=800%2C652&ssl=1&resize=350%2C200","width":350,"height":200,"srcset":"https:\/\/i0.wp.com\/historiografija.hr\/wp-content\/uploads\/2026\/04\/Poziv-na-predstavljanje.png?fit=800%2C652&ssl=1&resize=350%2C200 1x, https:\/\/i0.wp.com\/historiografija.hr\/wp-content\/uploads\/2026\/04\/Poziv-na-predstavljanje.png?fit=800%2C652&ssl=1&resize=525%2C300 1.5x, https:\/\/i0.wp.com\/historiografija.hr\/wp-content\/uploads\/2026\/04\/Poziv-na-predstavljanje.png?fit=800%2C652&ssl=1&resize=700%2C400 2x"},"classes":[]}],"_links":{"self":[{"href":"https:\/\/historiografija.hr\/index.php?rest_route=\/wp\/v2\/posts\/5341","targetHints":{"allow":["GET"]}}],"collection":[{"href":"https:\/\/historiografija.hr\/index.php?rest_route=\/wp\/v2\/posts"}],"about":[{"href":"https:\/\/historiografija.hr\/index.php?rest_route=\/wp\/v2\/types\/post"}],"author":[{"embeddable":true,"href":"https:\/\/historiografija.hr\/index.php?rest_route=\/wp\/v2\/users\/2"}],"replies":[{"embeddable":true,"href":"https:\/\/historiografija.hr\/index.php?rest_route=%2Fwp%2Fv2%2Fcomments&post=5341"}],"version-history":[{"count":3,"href":"https:\/\/historiografija.hr\/index.php?rest_route=\/wp\/v2\/posts\/5341\/revisions"}],"predecessor-version":[{"id":5344,"href":"https:\/\/historiografija.hr\/index.php?rest_route=\/wp\/v2\/posts\/5341\/revisions\/5344"}],"wp:featuredmedia":[{"embeddable":true,"href":"https:\/\/historiografija.hr\/index.php?rest_route=\/wp\/v2\/media\/5291"}],"wp:attachment":[{"href":"https:\/\/historiografija.hr\/index.php?rest_route=%2Fwp%2Fv2%2Fmedia&parent=5341"}],"wp:term":[{"taxonomy":"category","embeddable":true,"href":"https:\/\/historiografija.hr\/index.php?rest_route=%2Fwp%2Fv2%2Fcategories&post=5341"},{"taxonomy":"post_tag","embeddable":true,"href":"https:\/\/historiografija.hr\/index.php?rest_route=%2Fwp%2Fv2%2Ftags&post=5341"}],"curies":[{"name":"wp","href":"https:\/\/api.w.org\/{rel}","templated":true}]}}