{"id":5319,"date":"2017-07-18T08:25:38","date_gmt":"2017-07-18T08:25:38","guid":{"rendered":"http:\/\/historiografija.hr\/?p=5319"},"modified":"2017-07-18T08:25:38","modified_gmt":"2017-07-18T08:25:38","slug":"conference-history-memory-and-social-movements","status":"publish","type":"post","link":"https:\/\/historiografija.hr\/?p=5319","title":{"rendered":"Conference \u201cHistory, Memory, and Social Movements\u201d"},"content":{"rendered":"<p>Institute for Social Movements (Bochum) organizira 19-20.VII.2017. konferenciju \u201cHistory, Memory, and Social Movements\u201d.<\/p>\n<p>&nbsp;<\/p>\n<p>&#8212;<\/p>\n<p>&nbsp;<\/p>\n<p><strong>Institute for Social Movements \/ Institut f\u00fcr Soziale Bewegungen<\/strong><\/p>\n<p>Bochum<\/p>\n<p>&nbsp;<\/p>\n<p>&nbsp;<\/p>\n<p>Conference, 19-20 July 2017, Bochum, Germany<\/p>\n<p>&nbsp;<\/p>\n<p>&nbsp;<\/p>\n<p><a href=\"http:\/\/www.isb.ruhr-uni-bochum.de\/forschung\/tagungen\/history_memory_and_social_movement.html.de\">http:\/\/www.isb.ruhr-uni-bochum.de\/forschung\/tagungen\/history_memory_and_social_movement.html.de<\/a><\/p>\n<p>&nbsp;<\/p>\n<p>The Institute for Social Movements (ISB) of the Ruhr University Bochum, chaired by Prof. Dr. Stefan Berger, invites interested scholars and advanced students to the conference \u201cHistory, Memory, and Social Movements\u201d, which will take place at the ISB on July 19-20, 2017.<\/p>\n<p>&nbsp;<\/p>\n<p>The conference is part of a collaborative postgraduate project between the ISB and the School of Historical and Philosophical Studies at the University of Melbourne (Australia) under the auspices of Prof. Dr. Sean Scalmer.<\/p>\n<p>&nbsp;<\/p>\n<p>Memory studies have become a field of growing interest in the humanities. While scholars of different disciplines focus mainly on the theoretical and methodological groundwork of \u201cmemory\u201d, historical researchers frequently analyse \u201cmemory\u201d in connection with nationalism studies and\/or the creation of cultural identity within a state. However, research on social movements is comparatively rare in this field. The conference \u201cHistory, Memory, and Social Movements\u201d addresses this shortcoming and examines the role of \u201cmemory\u201d in several social movements.<\/p>\n<p>&nbsp;<\/p>\n<p>In doing so, it investigates the manifold ways in which memory cultures, memory politics, history politics and activism played a role in social movements.<\/p>\n<p>&nbsp;<\/p>\n<p>How do social movements act as repositories of (counter-) memory? In which way have they built \u201cmemory\u201d themselves? How far have they mediated their kind of \u201cmemory\u201d to the broad public? Which former stakeholders and campaigns were important for several social movements? Why did the remembrance of their protagonists only play a marginal role in historiography, commemorative culture and public reception? All these questions will be discussed by established scholars and experts on memory and on social movement studies as well as by junior researchers from different disciplines.<\/p>\n<p>&nbsp;<\/p>\n<p>&nbsp;<\/p>\n<p><strong>Programme<\/strong><\/p>\n<p>&nbsp;<\/p>\n<blockquote><p><strong>Wednesday, 19 July<\/strong><\/p><\/blockquote>\n<p>&nbsp;<\/p>\n<p>10.15 \u2013 Conference Opening<\/p>\n<p>Stefan Berger (Bochum) \/ Sean Scalmer (Melbourne)<br \/>\nWelcome address<\/p>\n<p>&nbsp;<\/p>\n<p>10.30 \u2013 <strong>Alternative Conceptions, Traditions and Theoretical Reflections on Memory in Social Movements<\/strong><\/p>\n<p>Ann Rigney (Utrecht)<br \/>\nThe Afterlife of Hope<\/p>\n<p>Mischa Gabowitsch (Potsdam)<br \/>\nProtest and Commemorative Movements in Present-Day Russia: Unexpected Structural Similarities<\/p>\n<p>11.20 \u2013 Coffee\/Tea<\/p>\n<p>&nbsp;<\/p>\n<p>&nbsp;<\/p>\n<p>11.30 \u2013 <strong>The Memory of the Labour Movement<\/strong><\/p>\n<p>Stefan Berger (Bochum)<br \/>\nHow Do Trade Unions Remember? Preliminary Thoughts on a Wide-Open Research Area<\/p>\n<p>Liam Byrne (Melbourne)<br \/>\nLabours Lives Lost? Personal and Political Memory in the Australian Labour Movement<\/p>\n<p>Sean Scalmer (Melbourne)<br \/>\nRemembering the Movement for Eight Hours. Commemoration and Mobilisation in Australia<\/p>\n<p>&nbsp;<\/p>\n<p>&nbsp;<\/p>\n<p>13.00 \u2013 Lunch<\/p>\n<p>&nbsp;<\/p>\n<p>&nbsp;<\/p>\n<p>14.00 \u2013 <strong>The Memory of Anarchism and Syndicalism<\/strong><\/p>\n<p>Dennis Bos (Leiden)<br \/>\nThe Influence of the Paris Commune of 1871 and its Memory within the International Anarchist, Socialist and Communist Movement<\/p>\n<p>Jule Ehms (Bochum)<br \/>\n\u201cDevoted by the organized workers of the city\u201d. The Remembrance of the M\u00e4rzgefallenen by Workers\u2019 Organizations during the Weimar Republic<\/p>\n<p>&nbsp;<\/p>\n<p>&nbsp;<\/p>\n<p>15.00 \u2013 Coffee\/Tea<\/p>\n<p>&nbsp;<\/p>\n<p>&nbsp;<\/p>\n<p>15.15 \u2013 <strong>The Memory of Communists and Leftists<\/strong><\/p>\n<p>Till K\u00f6ssler (Bochum)<br \/>\nThe Memory of Communism in West-Germany<\/p>\n<p>Sarah Langwald (Bochum)<br \/>\nMemory as a Strategy in Court? Dealing with the Past in Trials against Communists in 1950s\/60s West-Germany<\/p>\n<p>Chloe Ward (Melbourne)<br \/>\nInside Which Whale? The British Left Remembers the Popular Front<\/p>\n<p>&nbsp;<\/p>\n<p>&nbsp;<\/p>\n<blockquote><p><strong>Thursday, 20 July<\/strong><\/p><\/blockquote>\n<p>&nbsp;<\/p>\n<p>&nbsp;<\/p>\n<p>9.15 \u2013 <strong>The Memory of Movements for Peace<\/strong><\/p>\n<p>Alrun Berger (Bochum)<br \/>\nThe Role of Sacrifice and Mourning within the West-German Peace Movement of the early 1960s<\/p>\n<p>David Lowe (Geelong)<br \/>\nAtomic Testing in Australia. Memories, Mobilisations and Mistrust<\/p>\n<p>Richard Rohrmoser (Mannheim)<br \/>\n\u201cGrassroots Security Police\u201d. Nonviolent Protests against Nuclear Missiles in Mutlangen, 1983-1987<\/p>\n<p>&nbsp;<\/p>\n<p>&nbsp;<\/p>\n<p>10.45 \u2013 Coffee\/Tea<\/p>\n<p>&nbsp;<\/p>\n<p>&nbsp;<\/p>\n<p>11.00 \u2013 <strong>The Memory of Environmental and Urban Movements<\/strong><\/p>\n<p>Stephen Milder (Groningen)<br \/>\n\u201cWe said no!\u201d Remembering the Resistance at Wyhl in the 1970s and Today<\/p>\n<p>Christian Wicke (Utrecht)<br \/>\nMemory Motives \u201cwithin\u201d, \u201cof\u201d and \u201cby\u201d Social Movements. The Workers-Settlement Initiatives in the Ruhr and the Sydney Green Bans<\/p>\n<p>Iain McIntyre (Melbourne)<br \/>\n\u201cThe FBI stole my fiddle\u201d. Song and Memory in US Radical Environmentalism, 1979-1995<\/p>\n<p>&nbsp;<\/p>\n<p>&nbsp;<\/p>\n<p>13.00 \u2013 Lunch<\/p>\n<p>&nbsp;<\/p>\n<p>&nbsp;<\/p>\n<p>14.00 \u2013 <strong>From Local to Global. Protest Strategies and Memory Activism<\/strong><\/p>\n<p>Jenny W\u00fcstenberg (Toronto)<br \/>\nFrom Memory Work to Memory Protest. How Movements Transformed Institutions of Remembrance in Germany<\/p>\n<p>Kate Davison (Melbourne)<br \/>\nQueer Memorials and Absences. Public LGBTIQ Commemoration Strategies in Transnational Perspective<\/p>\n<p>Berthold Unfried (Vienna)<br \/>\nCompeting Global Movements with the Past around the Turn of the Millennium<\/p>\n<p>&nbsp;<\/p>\n<p>&nbsp;<\/p>\n<p>Circa 15.30 \u2013 End of Conference<\/p>\n<p>&nbsp;<\/p>\n<p>&nbsp;<\/p>\n","protected":false},"excerpt":{"rendered":"","protected":false},"author":2,"featured_media":5320,"comment_status":"open","ping_status":"open","sticky":false,"template":"","format":"standard","meta":{"_acf_changed":false,"jetpack_post_was_ever_published":false,"_jetpack_newsletter_access":"","_jetpack_dont_email_post_to_subs":false,"_jetpack_newsletter_tier_id":0,"_jetpack_memberships_contains_paywalled_content":false,"_jetpack_memberships_contains_paid_content":false,"footnotes":"","jetpack_publicize_message":"","jetpack_publicize_feature_enabled":true,"jetpack_social_post_already_shared":true,"jetpack_social_options":{"image_generator_settings":{"template":"highway","default_image_id":0,"font":"","enabled":false},"version":2}},"categories":[3,9],"tags":[],"class_list":["post-5319","post","type-post","status-publish","format-standard","has-post-thumbnail","hentry","category-novosti","category-skupovi"],"acf":{"facebook_opis":""},"jetpack_publicize_connections":[],"jetpack_featured_media_url":"https:\/\/i0.wp.com\/historiografija.hr\/wp-content\/uploads\/2017\/07\/isb-logo.png?fit=1964%2C586&ssl=1","jetpack_sharing_enabled":true,"jetpack-related-posts":[{"id":52580,"url":"https:\/\/historiografija.hr\/?p=52580","url_meta":{"origin":5319,"position":0},"title":"Conference &#8220;Living in the aftermaths: Trauma, politics and survival in Yugoslavia and successor states, 1945 \u2013 present&#8221;","author":"Branimir Jankovi\u0107","date":"21. travnja 2026.","format":false,"excerpt":"The conference aims to explore how war-related psychological distress was experienced, narrated, debated and reframed in Yugoslavia in the second half of the twentieth century. It asks how the theme of wounded psyche and wartime suffering was addressed and acknowledged in political, psychiatric and broader cultural discourses of socialist Yugoslavia,\u2026","rel":"","context":"U &quot;Novosti&quot;","block_context":{"text":"Novosti","link":"https:\/\/historiografija.hr\/?cat=3"},"img":{"alt_text":"","src":"https:\/\/i0.wp.com\/historiografija.hr\/wp-content\/uploads\/2026\/04\/Battle_of_Neretva_Picasso_poster-Conference-Living-in-the-aftermaths.webp?fit=564%2C954&ssl=1&resize=350%2C200","width":350,"height":200,"srcset":"https:\/\/i0.wp.com\/historiografija.hr\/wp-content\/uploads\/2026\/04\/Battle_of_Neretva_Picasso_poster-Conference-Living-in-the-aftermaths.webp?fit=564%2C954&ssl=1&resize=350%2C200 1x, https:\/\/i0.wp.com\/historiografija.hr\/wp-content\/uploads\/2026\/04\/Battle_of_Neretva_Picasso_poster-Conference-Living-in-the-aftermaths.webp?fit=564%2C954&ssl=1&resize=525%2C300 1.5x"},"classes":[]},{"id":52641,"url":"https:\/\/historiografija.hr\/?p=52641","url_meta":{"origin":5319,"position":1},"title":"CfP: WHO OWNS THE PAST? VERNACULAR MEMORY, STATE MEMORY, AND THE POLITICS OF OWNERSHIP","author":"Branimir Jankovi\u0107","date":"24. travnja 2026.","format":false,"excerpt":"VIENNA, 31ST AUGUST\u20133RD SEPTEMBER 2026 (DEADLINE: 24TH APRIL 2026) The Center for Austrian Studies at the European Forum at the Hebrew University and the Austrian Academy of Sciences\/Institute of Culture Studies invite early postdocs, PhD candidates, and advanced Master\u2019s students from the Hebrew University of Jerusalem and universities and academic\u2026","rel":"","context":"U &quot;Novosti&quot;","block_context":{"text":"Novosti","link":"https:\/\/historiografija.hr\/?cat=3"},"img":{"alt_text":"","src":"https:\/\/i0.wp.com\/historiografija.hr\/wp-content\/uploads\/2017\/10\/hsozkult.png?fit=1006%2C241&ssl=1&resize=350%2C200","width":350,"height":200,"srcset":"https:\/\/i0.wp.com\/historiografija.hr\/wp-content\/uploads\/2017\/10\/hsozkult.png?fit=1006%2C241&ssl=1&resize=350%2C200 1x, https:\/\/i0.wp.com\/historiografija.hr\/wp-content\/uploads\/2017\/10\/hsozkult.png?fit=1006%2C241&ssl=1&resize=525%2C300 1.5x, https:\/\/i0.wp.com\/historiografija.hr\/wp-content\/uploads\/2017\/10\/hsozkult.png?fit=1006%2C241&ssl=1&resize=700%2C400 2x"},"classes":[]},{"id":52664,"url":"https:\/\/historiografija.hr\/?p=52664","url_meta":{"origin":5319,"position":2},"title":"CfP: CONFERENCE OF THE HISTORY OF CONCEPTS GROUP, HELSINKI, 19TH\u201321ST AUGUST 2026 (DEADLINE: 30TH APRIL 2026)","author":"Branimir Jankovi\u0107","date":"24. travnja 2026.","format":false,"excerpt":"The annual conference of the History of Concepts Group is held at the University of Helsinki, 19-21 August 2026. Conference of the History of Concepts Group Conceptual history studies the use of concepts and tries to understand how historical actors have linguistically articulated views of the world. Studying concepts from\u2026","rel":"","context":"U &quot;Novosti&quot;","block_context":{"text":"Novosti","link":"https:\/\/historiografija.hr\/?cat=3"},"img":{"alt_text":"","src":"https:\/\/i0.wp.com\/historiografija.hr\/wp-content\/uploads\/2017\/10\/hsozkult.png?fit=1006%2C241&ssl=1&resize=350%2C200","width":350,"height":200,"srcset":"https:\/\/i0.wp.com\/historiografija.hr\/wp-content\/uploads\/2017\/10\/hsozkult.png?fit=1006%2C241&ssl=1&resize=350%2C200 1x, https:\/\/i0.wp.com\/historiografija.hr\/wp-content\/uploads\/2017\/10\/hsozkult.png?fit=1006%2C241&ssl=1&resize=525%2C300 1.5x, https:\/\/i0.wp.com\/historiografija.hr\/wp-content\/uploads\/2017\/10\/hsozkult.png?fit=1006%2C241&ssl=1&resize=700%2C400 2x"},"classes":[]},{"id":52622,"url":"https:\/\/historiografija.hr\/?p=52622","url_meta":{"origin":5319,"position":3},"title":"Annual CAPONEU conference: Political Novel in Europe Between Democracy and Authoritarianism","author":"Branimir Jankovi\u0107","date":"23. travnja 2026.","format":false,"excerpt":"Caponeu event 22.04.2026 - 24.04.2026 Location: The Faculty of Polish and Classical Philology AMU (Fredry 10, Pozna\u0144)Organized by: Tomasz Mizerkiewicz, Krystyna Pieni\u0105\u017cek-Markovi\u0107, Anna Gawarecka, Ewa Szperlik, Magda Potok, B\u0142a\u017cej Warkocki, Gerard Ronge (all Adam Mickiewicz University in Pozna\u0144)Contact: gerron@amu.edu.pl The Adam Mickiewicz University team, as part of the international CAPONEU\u2026","rel":"","context":"U &quot;Novosti&quot;","block_context":{"text":"Novosti","link":"https:\/\/historiografija.hr\/?cat=3"},"img":{"alt_text":"","src":"https:\/\/i0.wp.com\/historiografija.hr\/wp-content\/uploads\/2026\/04\/Caponeu-political-novel.jpg?fit=500%2C261&ssl=1&resize=350%2C200","width":350,"height":200},"classes":[]},{"id":52516,"url":"https:\/\/historiografija.hr\/?p=52516","url_meta":{"origin":5319,"position":4},"title":"Marko Grde\u0161i\u0107, Mislav \u017ditko, \u201eSocialist Economics in Yugoslavia: A Critical History\u201c","author":"Branimir Jankovi\u0107","date":"17. travnja 2026.","format":false,"excerpt":"This book presents a critical history of Yugoslav socialist economics, from its inception in the late 1940s to its dissolution in the late 1980s. After the dramatic break with the Soviet Union in 1948, Yugoslavia found itself in urgent need of a third way: A socialist trajectory which would not\u2026","rel":"","context":"U &quot;Knjige&quot;","block_context":{"text":"Knjige","link":"https:\/\/historiografija.hr\/?cat=8"},"img":{"alt_text":"","src":"https:\/\/i0.wp.com\/historiografija.hr\/wp-content\/uploads\/2026\/04\/Zitko_Grdesic.jpg?fit=350%2C535&ssl=1&resize=350%2C200","width":350,"height":200},"classes":[]},{"id":52531,"url":"https:\/\/historiografija.hr\/?p=52531","url_meta":{"origin":5319,"position":5},"title":"Jonathan G. Leslie, \u201eFear and Insecurity: Israel and the Iran Threat Narrative\u201c","author":"Branimir Jankovi\u0107","date":"17. travnja 2026.","format":false,"excerpt":"Why is Israel\u2019s former ally Iran now perceived as the country\u2019s greatest threat? Description To observers of the Iran-Israel conflict, its vitriolic rhetoric might suggest an ancient hatred between Jews and Muslims\u2013a biblical feud dating back hundreds, or thousands, of years. But this rivalry is a far more modern development.\u2026","rel":"","context":"U &quot;Knjige&quot;","block_context":{"text":"Knjige","link":"https:\/\/historiografija.hr\/?cat=8"},"img":{"alt_text":"","src":"https:\/\/i0.wp.com\/historiografija.hr\/wp-content\/uploads\/2026\/04\/Leslie.jpg?fit=391%2C612&ssl=1&resize=350%2C200","width":350,"height":200},"classes":[]}],"_links":{"self":[{"href":"https:\/\/historiografija.hr\/index.php?rest_route=\/wp\/v2\/posts\/5319","targetHints":{"allow":["GET"]}}],"collection":[{"href":"https:\/\/historiografija.hr\/index.php?rest_route=\/wp\/v2\/posts"}],"about":[{"href":"https:\/\/historiografija.hr\/index.php?rest_route=\/wp\/v2\/types\/post"}],"author":[{"embeddable":true,"href":"https:\/\/historiografija.hr\/index.php?rest_route=\/wp\/v2\/users\/2"}],"replies":[{"embeddable":true,"href":"https:\/\/historiografija.hr\/index.php?rest_route=%2Fwp%2Fv2%2Fcomments&post=5319"}],"version-history":[{"count":1,"href":"https:\/\/historiografija.hr\/index.php?rest_route=\/wp\/v2\/posts\/5319\/revisions"}],"predecessor-version":[{"id":5321,"href":"https:\/\/historiografija.hr\/index.php?rest_route=\/wp\/v2\/posts\/5319\/revisions\/5321"}],"wp:featuredmedia":[{"embeddable":true,"href":"https:\/\/historiografija.hr\/index.php?rest_route=\/wp\/v2\/media\/5320"}],"wp:attachment":[{"href":"https:\/\/historiografija.hr\/index.php?rest_route=%2Fwp%2Fv2%2Fmedia&parent=5319"}],"wp:term":[{"taxonomy":"category","embeddable":true,"href":"https:\/\/historiografija.hr\/index.php?rest_route=%2Fwp%2Fv2%2Fcategories&post=5319"},{"taxonomy":"post_tag","embeddable":true,"href":"https:\/\/historiografija.hr\/index.php?rest_route=%2Fwp%2Fv2%2Ftags&post=5319"}],"curies":[{"name":"wp","href":"https:\/\/api.w.org\/{rel}","templated":true}]}}