{"id":5278,"date":"2017-07-14T12:05:44","date_gmt":"2017-07-14T12:05:44","guid":{"rendered":"http:\/\/historiografija.hr\/?p=5278"},"modified":"2017-07-17T10:57:46","modified_gmt":"2017-07-17T10:57:46","slug":"u-slucaju-kardinala-stepinca-tumacenja-ostaju-i-dalje-razlicita","status":"publish","type":"post","link":"https:\/\/historiografija.hr\/?p=5278","title":{"rendered":"U slu\u010daju kardinala Stepinca tuma\u010denja ostaju i dalje razli\u010dita"},"content":{"rendered":"<p>Objavljeno je zajedni\u010dko priop\u0107enje Mje\u0161ovite komisije hrvatskih katoli\u010dkih i srpskih pravoslavnih stru\u010dnjaka za zajedni\u010dko razmatranje lika kardinala Alojzija Stepinca.<\/p>\n<p>&nbsp;<\/p>\n<p>&#8212;<\/p>\n<p>&nbsp;<\/p>\n<p>Mje\u0161ovita komisija hrvatskih katoli\u010dkih i srpskih pravoslavnih stru\u010dnjaka za zajedni\u010dko razmatranje lika zagreba\u010dkog nadbiskupa kardinala Alojzija Stepinca izvijestila je u zajedni\u010dkom priop\u0107enju kako su &#8220;u slu\u010daju kardinala Stepinca tuma\u010denja koja su prete\u017eito davali katoli\u010dki Hrvati i pravoslavni Srbi ostaju i dalje razli\u010dita&#8221;.<\/p>\n<p>&nbsp;<\/p>\n<p>Komisija isti\u010de kako je &#8220;zaklju\u010dila da su razli\u010diti doga\u0111aji, nastupi, spisi, \u0161utnja i stajali\u0161ta jo\u0161 predmet razli\u010ditih tuma\u010denja.&#8221;<\/p>\n<p>&nbsp;<\/p>\n<p>Nagla\u0161ava da je prou\u010davanje \u017eivota kardinala Stepinca pokazalo kako su sve crkve bile izlo\u017eene razli\u010ditim okrutnim progonima i da su imale svoje mu\u010denike i ispovjedaoce vjere.<\/p>\n<p>&nbsp;<\/p>\n<p>U tom smislu, isti\u010de Komisija, njezini su se \u010dlanovi slo\u017eili o mogu\u0107nosti budu\u0107e suradnje kako bi podijelili sje\u0107anje na mu\u010denike i ispovjedaoce vjere dviju crkava.<\/p>\n<p>&nbsp;<\/p>\n<p>\u010clanovi Komisije slo\u017eili su se i da je njihov rad omogu\u0107io bolje razumijevanje povijesti u godinama izme\u0111u Prvoga svjetskog rata i 1960. &#8211; godine smrti kardinala Stepinca.<\/p>\n<p>&nbsp;<\/p>\n<p>Nagla\u0161avaju kako se u radu &#8220;moglo tako\u0111er osvijetliti \u017eivot i slu\u017ebu jednog uglednoga katoli\u010dkog Pastira u osobito te\u0161kom povijesnom razdoblju.&#8221;<\/p>\n<p>&nbsp;<\/p>\n<p>\u010clanovi Komisije isti\u010du kako su prepoznali velikodu\u0161nost pape Franje koji je dobrohotno prihvatio molbu patrijarha Srpske pravoslavne crkve Irineja i odlu\u010dio ustanoviti Komisiju.<\/p>\n<p>&nbsp;<\/p>\n<p>Svi su zato &#8220;zahvalni na srda\u010dnom ozra\u010dju, u kojem su, s punom slobodom izra\u017eavanja, mogli ispuniti zada\u0107u povjerenu Komisiji, to jest pristupiti zajedni\u010dkom razmatranju \u017eivota kardinala Stepinca.&#8221;<\/p>\n<p>&nbsp;<\/p>\n<p>Navode kako su od po\u010detka rada Komisije \u010dlanovi bili svjesni da je postupak kanonizacije kardinala Stepinca u isklju\u010divoj mjerodavnosti Pape te priznaju tako\u0111er da svaka Crkva ima vlastite kriterije za postupak kanonizacije.<\/p>\n<p>&nbsp;<\/p>\n<p>\u010clanovi Mje\u0161ovite komisije hrvatskih katoli\u010dkih i srpskih pravoslavnih stru\u010dnjaka za zajedni\u010dko razmatranje lika kardinala Alojzija Stepinca okupili su se pod predsjedanjem predsjednika Papinskoga vije\u0107a za povijesne znanosti Bernarda Ardure 12. i 13. srpnja u Domu svete Marte (Domus Sanctae Marthae) u Vatikanu na svomu \u0161estom i posljednjem sastanku.<\/p>\n<p>&nbsp;<\/p>\n<p>U ime Hrvatske biskupske konferencije (HBK) bili su prisutni: zagreba\u010dki nadbiskup kardinal Josip Bozani\u0107, biskup po\u017ee\u0161ki mons. Antun \u0160kvor\u010devi\u0107, biskup mostarsko-duvanjski mons. Ratko Peri\u0107 te Jure Kri\u0161to i Mario Jareb iz Hrvatskoga instituta za povijest.<\/p>\n<p>&nbsp;<\/p>\n<p>U ime Srpske pravoslavne crkve bili su prisutni: mitropolit crnogorsko-primorski Amfilohije, mitropolit zagreba\u010dko-ljubljanski Porfirije,\u00a0 episkop novosadski i ba\u010dki Irinej, episkop pakra\u010dko-slavonski Jovan te stalni predstavnik Republike Srbije pri UNESCO-u Darko Tanaskovi\u0107.<\/p>\n<p>&nbsp;<\/p>\n<p>HRT, 13.07. 2017.<\/p>\n<p>&nbsp;<\/p>\n<p>Izvor: <a href=\"http:\/\/vijesti.hrt.hr\/396372\/vatikan-zakljucci-mjesovite-komisije-o-kardinalu-stepincu\">http:\/\/vijesti.hrt.hr\/396372\/vatikan-zakljucci-mjesovite-komisije-o-kardinalu-stepincu<\/a><\/p>\n<p>&nbsp;<\/p>\n<p>&#8212;<\/p>\n<p>&nbsp;<\/p>\n<p><strong>IKA<\/strong><\/p>\n<p>&nbsp;<\/p>\n<p>Zajedni\u010dko priop\u0107enje Mje\u0161ovite komisije hrvatskih katoli\u010dkih i srpskih pravoslavnih stru\u010dnjaka za zajedni\u010dko razmatranje lika kardinala Alojzija Stepinca<\/p>\n<p>&nbsp;<\/p>\n<p><a href=\"http:\/\/www.ika.hr\/index.php?prikaz=vijest&amp;ID=191849\">http:\/\/www.ika.hr\/index.php?prikaz=vijest&amp;ID=191849<\/a><\/p>\n<p>&nbsp;<\/p>\n<p>&nbsp;<\/p>\n<p>&#8212;<\/p>\n<p>&nbsp;<\/p>\n<p><strong>Otvoreno: O Stepincu jo\u0161 treba odlu\u010diti Papa<\/strong><\/p>\n<p>&nbsp;<\/p>\n<p>13.07.2017.<\/p>\n<p>&nbsp;<\/p>\n<p>Komisija sastavljena od hrvatskih katoli\u010dkih i srpskih pravoslavnih stru\u010dnjaka, \u010dija je zada\u0107a bila razmotriti djelovanje kardinala Stepinca, zavr\u0161ila je s radom. Zajedni\u010dki zaklju\u010dak nije donesen. Stru\u010dnjaci i dalje imaju razli\u010dita stajali\u0161ta.Postupak kanonizacije sada je isklju\u010divo u ovlasti pape Franje. Ho\u0107e li ga proglasiti svetim, raspravljalo se u ve\u010dera\u0161njoj emisiji. U Otvorenom su sudjelovali mons. Josip Mrzljak, vara\u017edinski biskup i ne\u0107ak kardinala Stepinca, predsjednik SNV-a i SDSS-a Milorad Pupovac,\u00a0 prodekan Fakulteta filozofije i religijskih znanosti u Zagrebu dr. sc. Anto Gavri\u0107, , povjesni\u010dar dr. sc. Hrvoje Klasi\u0107 autorica filma &#8220;Kardinal i njegova Crkva&#8221; Vi\u0161nja Stare\u0161ina i novinar Ve\u010dernjeg lista Darko Pavi\u010di\u0107. Srpska pravoslavna crkva u Hrvatskoj, unato\u010d pozivu da sudjeluje u emisiji, nije poslala svojeg predstavnika.<\/p>\n<p>&nbsp;<\/p>\n<p><a href=\"http:\/\/vijesti.hrt.hr\/396401\/otvoreno-hoce-li-papa-franjo-bl-alojzija-stepinca-proglasiti-svetim\">http:\/\/vijesti.hrt.hr\/396401\/otvoreno-hoce-li-papa-franjo-bl-alojzija-stepinca-proglasiti-svetim<\/a><\/p>\n<p>&nbsp;<\/p>\n<p>Iz medija:<\/p>\n<p>&nbsp;<\/p>\n<p><a href=\"http:\/\/direktno.hr\/direkt\/otvorenom-zestoko-o-stepincu-obracun-pupovca-i-pavicica-91852\/\">http:\/\/direktno.hr\/direkt\/otvorenom-zestoko-o-stepincu-obracun-pupovca-i-pavicica-91852\/<\/a><\/p>\n<p>&nbsp;<\/p>\n<p><a href=\"http:\/\/www.index.hr\/vijesti\/clanak\/burna-rasprava-u-otvorenom-oko-stepinca-posvadjali-se-hrvoje-klasic-i-visnja-staresina\/982637.aspx\">http:\/\/www.index.hr\/vijesti\/clanak\/burna-rasprava-u-otvorenom-oko-stepinca-posvadjali-se-hrvoje-klasic-i-visnja-staresina\/982637.aspx<\/a><\/p>\n<p>&nbsp;<\/p>\n<p><a href=\"https:\/\/www.tportal.hr\/vijesti\/clanak\/na-potezu-je-papa-franjo-hrvatima-je-stepinac-i-dalje-svetac-srbima-ustaski-vikar-20170714\">https:\/\/www.tportal.hr\/vijesti\/clanak\/na-potezu-je-papa-franjo-hrvatima-je-stepinac-i-dalje-svetac-srbima-ustaski-vikar-20170714<\/a><\/p>\n<p>&nbsp;<\/p>\n<p><a href=\"http:\/\/100posto.hr\/news\/teska-paljba-po-svecu-iz-srca-zagreba-stepinac-je-bio-slabic-koji-je-blagoslivljao-ustase\">http:\/\/100posto.hr\/news\/teska-paljba-po-svecu-iz-srca-zagreba-stepinac-je-bio-slabic-koji-je-blagoslivljao-ustase<\/a><\/p>\n<p>&nbsp;<\/p>\n<p><a href=\"http:\/\/www.blic.rs\/alojzije-stepinac\">http:\/\/www.blic.rs\/alojzije-stepinac<\/a><\/p>\n<p>&nbsp;<\/p>\n<p>&nbsp;<\/p>\n","protected":false},"excerpt":{"rendered":"","protected":false},"author":2,"featured_media":5279,"comment_status":"open","ping_status":"open","sticky":false,"template":"","format":"standard","meta":{"_acf_changed":false,"jetpack_post_was_ever_published":false,"_jetpack_newsletter_access":"","_jetpack_dont_email_post_to_subs":false,"_jetpack_newsletter_tier_id":0,"_jetpack_memberships_contains_paywalled_content":false,"_jetpack_memberships_contains_paid_content":false,"footnotes":"","jetpack_publicize_message":"","jetpack_publicize_feature_enabled":true,"jetpack_social_post_already_shared":true,"jetpack_social_options":{"image_generator_settings":{"template":"highway","default_image_id":0,"font":"","enabled":false},"version":2}},"categories":[3],"tags":[],"class_list":["post-5278","post","type-post","status-publish","format-standard","has-post-thumbnail","hentry","category-novosti"],"acf":{"facebook_opis":""},"jetpack_publicize_connections":[],"jetpack_featured_media_url":"https:\/\/i0.wp.com\/historiografija.hr\/wp-content\/uploads\/2017\/07\/43574.jpg?fit=800%2C600&ssl=1","jetpack_sharing_enabled":true,"jetpack-related-posts":[{"id":52666,"url":"https:\/\/historiografija.hr\/?p=52666","url_meta":{"origin":5278,"position":0},"title":"Najava programa Festivala povijesti Kliofest (5-8. V. 2026)","author":"Branimir Jankovi\u0107","date":"24. travnja 2026.","format":false,"excerpt":"Po trinaesti put odr\u017eava se Festival povijesti Kliofest! Do petka \u0107emo odr\u017eati osam okruglih stolova i dva kolokvija te niz predstavljanja knjiga i projekata razli\u010dite tematike, od antike do suvremenosti. Bit \u0107e predstavljeno i nekoliko izlo\u017ebi te odr\u017ean jedan povijesni kviz. Prikazat \u0107emo i jedan film \u2013 o generalu Boroevi\u0107u.\u2026","rel":"","context":"U &quot;Novosti&quot;","block_context":{"text":"Novosti","link":"https:\/\/historiografija.hr\/?cat=3"},"img":{"alt_text":"","src":"https:\/\/i0.wp.com\/historiografija.hr\/wp-content\/uploads\/2026\/04\/Kliofest-2026.jpg?fit=526%2C526&ssl=1&resize=350%2C200","width":350,"height":200,"srcset":"https:\/\/i0.wp.com\/historiografija.hr\/wp-content\/uploads\/2026\/04\/Kliofest-2026.jpg?fit=526%2C526&ssl=1&resize=350%2C200 1x, https:\/\/i0.wp.com\/historiografija.hr\/wp-content\/uploads\/2026\/04\/Kliofest-2026.jpg?fit=526%2C526&ssl=1&resize=525%2C300 1.5x"},"classes":[]},{"id":52607,"url":"https:\/\/historiografija.hr\/?p=52607","url_meta":{"origin":5278,"position":1},"title":"No\u0107 knjige: Kako je prije 410 godina smr\u0107u Shakespearea i Cervantesa zavr\u0161ilo razdoblje renesanse u knji\u017eevnosti","author":"Branimir Jankovi\u0107","date":"22. travnja 2026.","format":false,"excerpt":"\u010cetvrtak, 23. travnja 2026. u 18:00 sati, Knji\u017eara Matice hrvatske, Ulica Matice hrvatske 2, Zagreb Uvodna rije\u010d: dr. sc.\u00a0Dubravka Brezak Stama\u0107, pro\u010delnica Odjela za knji\u017eevnost Matice hrvatske Prof. dr. sc. Ivan Lupi\u0107, redoviti profesor u Odsjeku za anglistiku i Odsjeku za kroatistiku Sveu\u010dili\u0161ta u RijeciShakespeare, kazali\u0161te, glazbaKada se susre\u0107emo sa\u2026","rel":"","context":"U &quot;Novosti&quot;","block_context":{"text":"Novosti","link":"https:\/\/historiografija.hr\/?cat=3"},"img":{"alt_text":"","src":"https:\/\/i0.wp.com\/historiografija.hr\/wp-content\/uploads\/2026\/04\/noc_knjige_2026.jpg?fit=680%2C276&ssl=1&resize=350%2C200","width":350,"height":200,"srcset":"https:\/\/i0.wp.com\/historiografija.hr\/wp-content\/uploads\/2026\/04\/noc_knjige_2026.jpg?fit=680%2C276&ssl=1&resize=350%2C200 1x, https:\/\/i0.wp.com\/historiografija.hr\/wp-content\/uploads\/2026\/04\/noc_knjige_2026.jpg?fit=680%2C276&ssl=1&resize=525%2C300 1.5x"},"classes":[]},{"id":52499,"url":"https:\/\/historiografija.hr\/?p=52499","url_meta":{"origin":5278,"position":2},"title":"POTPISAN UGOVOR O ZNANSTVENO-ISTRA\u017dIVA\u010cKOJ SURADNJI: PROJEKT \u201eTEMELJI HRVATSKE SAMOSTALNOSTI\u201d","author":"Branimir Jankovi\u0107","date":"17. travnja 2026.","format":false,"excerpt":"Hrvatski institut za povijest, Sveu\u010dili\u0161te obrane i sigurnosti \u201eDr. Franjo Tu\u0111man\u201d, Institut dru\u0161tvenih znanosti Ivo Pilar i Hrvatski dr\u017eavni arhiv\u00a0potpisali su 23. o\u017eujka 2026.\u00a0Ugovor o znanstveno-istra\u017eiva\u010dkoj suradnji s ciljem provedbe projekta \u201eTemelji hrvatske samostalnosti\u201d. Tim projektom obuhva\u0107a se istra\u017eivanje arhivskoga gradiva, priprema znanstvenih publikacija, digitalizacija i javna prezentacija rezultata istra\u017eivanja\u2026","rel":"","context":"U &quot;Novosti&quot;","block_context":{"text":"Novosti","link":"https:\/\/historiografija.hr\/?cat=3"},"img":{"alt_text":"","src":"https:\/\/i0.wp.com\/historiografija.hr\/wp-content\/uploads\/2026\/04\/THS_sporazum.jpg?fit=1200%2C583&ssl=1&resize=350%2C200","width":350,"height":200,"srcset":"https:\/\/i0.wp.com\/historiografija.hr\/wp-content\/uploads\/2026\/04\/THS_sporazum.jpg?fit=1200%2C583&ssl=1&resize=350%2C200 1x, https:\/\/i0.wp.com\/historiografija.hr\/wp-content\/uploads\/2026\/04\/THS_sporazum.jpg?fit=1200%2C583&ssl=1&resize=525%2C300 1.5x, https:\/\/i0.wp.com\/historiografija.hr\/wp-content\/uploads\/2026\/04\/THS_sporazum.jpg?fit=1200%2C583&ssl=1&resize=700%2C400 2x, https:\/\/i0.wp.com\/historiografija.hr\/wp-content\/uploads\/2026\/04\/THS_sporazum.jpg?fit=1200%2C583&ssl=1&resize=1050%2C600 3x"},"classes":[]},{"id":52502,"url":"https:\/\/historiografija.hr\/?p=52502","url_meta":{"origin":5278,"position":3},"title":"Novi znanstveni projekt Hrvatskog instituta za povijest: \u201c\u017drtve ratova i dr\u017eavnog\/politi\u010dkog nasilja u hrvatskoj povijesti 20. stolje\u0107a\u201d","author":"Branimir Jankovi\u0107","date":"17. travnja 2026.","format":false,"excerpt":"Na redovitoj sjednici Vlade RH, 16. travnja 2026., donijet je Zaklju\u010dak kojim se pokre\u0107e znanstveni projekt \u201c\u017drtve ratova i dr\u017eavnog\/politi\u010dkog nasilja u hrvatskoj povijesti 20. stolje\u0107a\u201d. Projekt \u0107e provoditi i koordinirati Hrvatski institut za povijest u razdoblju trajanja projekta od pet godina. Zakljucak Vlade RH Iz teksta projektnog prijedloga: Problematika\u2026","rel":"","context":"U &quot;Novosti&quot;","block_context":{"text":"Novosti","link":"https:\/\/historiografija.hr\/?cat=3"},"img":{"alt_text":"","src":"https:\/\/i0.wp.com\/historiografija.hr\/wp-content\/uploads\/2026\/04\/Vlada-RH.jpg?fit=1200%2C557&ssl=1&resize=350%2C200","width":350,"height":200,"srcset":"https:\/\/i0.wp.com\/historiografija.hr\/wp-content\/uploads\/2026\/04\/Vlada-RH.jpg?fit=1200%2C557&ssl=1&resize=350%2C200 1x, https:\/\/i0.wp.com\/historiografija.hr\/wp-content\/uploads\/2026\/04\/Vlada-RH.jpg?fit=1200%2C557&ssl=1&resize=525%2C300 1.5x, https:\/\/i0.wp.com\/historiografija.hr\/wp-content\/uploads\/2026\/04\/Vlada-RH.jpg?fit=1200%2C557&ssl=1&resize=700%2C400 2x, https:\/\/i0.wp.com\/historiografija.hr\/wp-content\/uploads\/2026\/04\/Vlada-RH.jpg?fit=1200%2C557&ssl=1&resize=1050%2C600 3x"},"classes":[]},{"id":52592,"url":"https:\/\/historiografija.hr\/?p=52592","url_meta":{"origin":5278,"position":4},"title":"Predstavljanje knjige &#8220;Turska ku\u0107a u Rijeci&#8221; u Zagrebu","author":"Branimir Jankovi\u0107","date":"22. travnja 2026.","format":false,"excerpt":"U prostorijama Turskog kulturnog centra Yunus Emre u Zagrebu, u utorak 21. travnja 2026. godine, odr\u017eano je sve\u010dano predstavljanje dopunjenog izdanja knjige Turska ku\u0107a u Rijeci, u organizaciji Hrvatsko-turskog dru\u0161tva Rijeka i partnerstvu sa Skupinom prijateljstva Hrvatska-Turska Hrvatskog sabora, Veleposlanstvom Republike Turske u Republici Hrvatskoj te Turskim kulturnim centrom Yunus\u2026","rel":"","context":"U &quot;Novosti&quot;","block_context":{"text":"Novosti","link":"https:\/\/historiografija.hr\/?cat=3"},"img":{"alt_text":"","src":"https:\/\/i0.wp.com\/historiografija.hr\/wp-content\/uploads\/2026\/04\/Turska-kuca-ZG.jpg?fit=1200%2C800&ssl=1&resize=350%2C200","width":350,"height":200,"srcset":"https:\/\/i0.wp.com\/historiografija.hr\/wp-content\/uploads\/2026\/04\/Turska-kuca-ZG.jpg?fit=1200%2C800&ssl=1&resize=350%2C200 1x, https:\/\/i0.wp.com\/historiografija.hr\/wp-content\/uploads\/2026\/04\/Turska-kuca-ZG.jpg?fit=1200%2C800&ssl=1&resize=525%2C300 1.5x, https:\/\/i0.wp.com\/historiografija.hr\/wp-content\/uploads\/2026\/04\/Turska-kuca-ZG.jpg?fit=1200%2C800&ssl=1&resize=700%2C400 2x, https:\/\/i0.wp.com\/historiografija.hr\/wp-content\/uploads\/2026\/04\/Turska-kuca-ZG.jpg?fit=1200%2C800&ssl=1&resize=1050%2C600 3x"},"classes":[]},{"id":52148,"url":"https:\/\/historiografija.hr\/?p=52148","url_meta":{"origin":5278,"position":5},"title":"Poziv za prijavu na me\u0111unarodnu znanstvenu konferenciju \u201eGranice (ne)slobode: Zadarski krug 1966. Intelektualna opozicija u totalitarnom dru\u0161tvu\u201c","author":"Branimir Jankovi\u0107","date":"27. o\u017eujka 2026.","format":false,"excerpt":"\u00a0\u00a0\u00a0\u00a0 Povodom \u0161ezdesete obljetnice poku\u0161aja osnivanja \u010dasopisa Slobodan glas u Zadru 1966. godine, pozivamo vas na znanstvenu konferenciju posve\u0107enu istra\u017eivanju disidentstva, intelektualne opozicije i granica divergentnog mi\u0161ljenja nasuprot slu\u017ebenoj ideologiji u komunisti\u010dkoj Jugoslaviji. Ideja konferencije je analizirati konkretan fenomen zadarskog slu\u010daja razloge i okolnosti njegove pojave, ali uz otvaranje komparativnih\u2026","rel":"","context":"U &quot;Novosti&quot;","block_context":{"text":"Novosti","link":"https:\/\/historiografija.hr\/?cat=3"},"img":{"alt_text":"","src":"https:\/\/i0.wp.com\/historiografija.hr\/wp-content\/uploads\/2026\/03\/Poziv-konferencija-Zadar.jpg?fit=1200%2C509&ssl=1&resize=350%2C200","width":350,"height":200,"srcset":"https:\/\/i0.wp.com\/historiografija.hr\/wp-content\/uploads\/2026\/03\/Poziv-konferencija-Zadar.jpg?fit=1200%2C509&ssl=1&resize=350%2C200 1x, https:\/\/i0.wp.com\/historiografija.hr\/wp-content\/uploads\/2026\/03\/Poziv-konferencija-Zadar.jpg?fit=1200%2C509&ssl=1&resize=525%2C300 1.5x, https:\/\/i0.wp.com\/historiografija.hr\/wp-content\/uploads\/2026\/03\/Poziv-konferencija-Zadar.jpg?fit=1200%2C509&ssl=1&resize=700%2C400 2x, https:\/\/i0.wp.com\/historiografija.hr\/wp-content\/uploads\/2026\/03\/Poziv-konferencija-Zadar.jpg?fit=1200%2C509&ssl=1&resize=1050%2C600 3x"},"classes":[]}],"_links":{"self":[{"href":"https:\/\/historiografija.hr\/index.php?rest_route=\/wp\/v2\/posts\/5278","targetHints":{"allow":["GET"]}}],"collection":[{"href":"https:\/\/historiografija.hr\/index.php?rest_route=\/wp\/v2\/posts"}],"about":[{"href":"https:\/\/historiografija.hr\/index.php?rest_route=\/wp\/v2\/types\/post"}],"author":[{"embeddable":true,"href":"https:\/\/historiografija.hr\/index.php?rest_route=\/wp\/v2\/users\/2"}],"replies":[{"embeddable":true,"href":"https:\/\/historiografija.hr\/index.php?rest_route=%2Fwp%2Fv2%2Fcomments&post=5278"}],"version-history":[{"count":2,"href":"https:\/\/historiografija.hr\/index.php?rest_route=\/wp\/v2\/posts\/5278\/revisions"}],"predecessor-version":[{"id":5310,"href":"https:\/\/historiografija.hr\/index.php?rest_route=\/wp\/v2\/posts\/5278\/revisions\/5310"}],"wp:featuredmedia":[{"embeddable":true,"href":"https:\/\/historiografija.hr\/index.php?rest_route=\/wp\/v2\/media\/5279"}],"wp:attachment":[{"href":"https:\/\/historiografija.hr\/index.php?rest_route=%2Fwp%2Fv2%2Fmedia&parent=5278"}],"wp:term":[{"taxonomy":"category","embeddable":true,"href":"https:\/\/historiografija.hr\/index.php?rest_route=%2Fwp%2Fv2%2Fcategories&post=5278"},{"taxonomy":"post_tag","embeddable":true,"href":"https:\/\/historiografija.hr\/index.php?rest_route=%2Fwp%2Fv2%2Ftags&post=5278"}],"curies":[{"name":"wp","href":"https:\/\/api.w.org\/{rel}","templated":true}]}}