{"id":52688,"date":"2026-04-28T12:52:21","date_gmt":"2026-04-28T12:52:21","guid":{"rendered":"https:\/\/historiografija.hr\/?p=52688"},"modified":"2026-04-28T12:57:57","modified_gmt":"2026-04-28T12:57:57","slug":"eleonora-naxidou-and-yura-konstantinova-balkan-perspectives-of-europe-between-east-and-west","status":"publish","type":"post","link":"https:\/\/historiografija.hr\/?p=52688","title":{"rendered":"Eleonora Naxidou and Yura Konstantinova \u201eBalkan Perspectives of Europe: Between East and West\u201c"},"content":{"rendered":"\n<p>Through the lens of the Balkan nations, this volume makes a valuable and significant contribution to the fields of European and Southeast European studies by reconsidering the East\/West dichotomy \u2013 both in terms of the Orient\u2013Occident divide and the Eastern\u2013Western Europe binary.<\/p>\n\n\n\n<p>Balkan Perspectives of Europe focuses on concepts of Europe as articulated in the Balkans from the nineteenth century to the present \u2013 an area that remains largely underexplored, despite extensive research on national identity and the construction of the Other. The authors address this scholarly gap through meticulous bibliographic research, drawing on both published and unpublished sources in Balkan languages. A key strength of the collection is its inclusion of contributors from the Balkans as well as from wider European and American academic contexts, enabling a nuanced and comprehensive examination of the subject through internal and external perspectives. The authors argue that, in asserting their cultural identification with Europe, Balkan nations have developed concepts of Europe that resonate with Occidental discourses and offer a counter-narrative to dominant Western conceptualizations of the Balkans.<\/p>\n\n\n\n<p>Broadening access to these ideas, this book\u2019s approach allows scholars, students, and general readers to deepen their understanding of the Balkan region and its perspectives on identity and otherness.<\/p>\n\n\n\n<hr class=\"wp-block-separator has-alpha-channel-opacity\"\/>\n\n\n\n<p><strong>Table of Contents<\/strong><\/p>\n\n\n\n<p>Introduction: Balkan Occidental Discourse or Balkan Counter-Orientalism<br><em>Eleonora Naxidou and Yura Konstantinova<\/em><\/p>\n\n\n\n<p><strong>Part I: What Is Europe?<\/strong><\/p>\n\n\n\n<p>1. Diverse Perceptions of Europe in the Newly Founded Greek State<br><em>Lina Louvi<\/em><\/p>\n\n\n\n<p>2. Meeting Europe During a War: Perceptions of the French by Varna Residents During the Crimean War (1853\u20136)<br><em>Ivan Roussev<\/em><\/p>\n\n\n\n<p>3. \u2018Mixed Feelings\u2019: Nineteenth-Century Balkan Intellectuals and the&nbsp;<em>Tanzimat<\/em><br><em>Raymond Detrez<\/em><\/p>\n\n\n\n<p>4. The West, the East, and the Balkans: Bulgarian Intellectuals of the Revival and the Image of Europe<br><em>Eleonora Naxidou<\/em><\/p>\n\n\n\n<p>5. Between Imperial Legacy and European Identity: The Alchemy of Greek Perceptions of Europe<br><em>Stamatia Fotiadou<\/em><\/p>\n\n\n\n<p><strong>Part II: East vs West: The Two Sides of the Same Coin?<\/strong><\/p>\n\n\n\n<p>6. Images of Russia in the Greek World and Their European Horizon (Eighteenth Century)<br><em>Nikolas Pissis<\/em><\/p>\n\n\n\n<p>7. Traces of American Protestant Missions in the Nineteenth-Century Ottoman Balkans: Local Perceptions of the USA<br><em>Elmira Vassileva<\/em><\/p>\n\n\n\n<p>8. Modelling Emotions: Bulgarian Perceptions of Russia<br><em>Yura Konstantinova<\/em><\/p>\n\n\n\n<p>9. Postwar Realignment: Yugoslavia Seeks to Join Europe<br><em>Robert Niebuhr<\/em><\/p>\n\n\n\n<p>10. (Step-)Mother Russia: Projections and Mental Maps of Russia in Serbia<br><em>Nenad Stefanov<\/em><\/p>\n\n\n\n<p><strong>Part III: Visual Encounters<\/strong><\/p>\n\n\n\n<p>11. Heritage and Civilizational Discourse: \u2018Civilized Europe\u2019 and \u2018Antiquities\u2019 in Mid-Nineteenth-Century Romania<br><em>Roxana Coman<\/em><\/p>\n\n\n\n<p>12. \u2018Grandma Europe\u2019: Political Imaginary and Representations of Europe in Bulgarian Caricature at the Beginning of the Twentieth Century<br><em>Dobrinka Parusheva<\/em><\/p>\n\n\n\n<p>13. The Bulgarian Perception About Russia and the Fate of Russian Monuments in Bulgaria<br><em>Tina Georgieva<\/em>14. Americans Appeared in the Balkans: How They Were Imagined in the Movies from the Region?<br><em>Gergana Doncheva<\/em><\/p>\n\n\n\n<hr class=\"wp-block-separator has-alpha-channel-opacity\"\/>\n\n\n\n<p><strong>Editor(s)<\/strong><\/p>\n\n\n\n<p><strong>Eleonora Naxidou<\/strong>&nbsp;is Professor of Modern and Contemporary History of Southeastern Europe in the Department of History and Ethnology at Democritus University of Thrace, Greece. She is the author of the book&nbsp;<em>Europeanness in the Context of Bulgarian \u2018Balkanness\u2019: Lyuben Karavelov, Federalism, and the Greeks<\/em>&nbsp;(2021; in Greek), and co-editor of several scholarly volumes.<\/p>\n\n\n\n<p><strong>Yura Konstantinova<\/strong>&nbsp;is Professor at the Institute of Balkan Studies &amp; Center of Thracology, Bulgarian Academy of Sciences. She has published extensively and been involved in numerous academic research projects on subjects including the history of modern Greece, Greek\u2013Bulgarian relations, and international relations in Southeastern Europe in the nineteenth and twentieth&nbsp;centuries.<\/p>\n\n\n\n<hr class=\"wp-block-separator has-alpha-channel-opacity\"\/>\n\n\n\n<p>December 2, 2025&nbsp;<\/p>\n\n\n\n<p>272 Pages 23 B\/W Illustrations<\/p>\n\n\n\n<p>ISBN 9781032895154<\/p>\n\n\n\n<p><a href=\"https:\/\/www.routledge.com\/Balkan-Perspectives-of-Europe-Between-East-and-West\/Naxidou-Konstantinova\/p\/book\/9781032895154\">https:\/\/www.routledge.com\/Balkan-Perspectives-of-Europe-Between-East-and-West\/Naxidou-Konstantinova\/p\/book\/9781032895154<\/a><\/p>\n\n\n\n<hr class=\"wp-block-separator has-alpha-channel-opacity\"\/>\n\n\n\n<p><\/p>\n","protected":false},"excerpt":{"rendered":"","protected":false},"author":6,"featured_media":52690,"comment_status":"open","ping_status":"open","sticky":false,"template":"","format":"standard","meta":{"_acf_changed":false,"jetpack_post_was_ever_published":true,"_jetpack_newsletter_access":"","_jetpack_dont_email_post_to_subs":false,"_jetpack_newsletter_tier_id":0,"_jetpack_memberships_contains_paywalled_content":false,"_jetpack_memberships_contains_paid_content":false,"footnotes":"","jetpack_publicize_message":"","jetpack_publicize_feature_enabled":true,"jetpack_social_post_already_shared":true,"jetpack_social_options":{"image_generator_settings":{"template":"highway","default_image_id":0,"font":"","enabled":false},"version":2}},"categories":[8,3],"tags":[],"class_list":["post-52688","post","type-post","status-publish","format-standard","has-post-thumbnail","hentry","category-knjige","category-novosti"],"acf":{"facebook_opis":"Eleonora Naxidou i Yura Konstantinova, \"Balkan Perspectives of Europe: Between East and West\" istra\u017euje kako su balkanske zemlje kroz povijest oblikovale vlastitu sliku Europe."},"jetpack_publicize_connections":[],"jetpack_featured_media_url":"https:\/\/i0.wp.com\/historiografija.hr\/wp-content\/uploads\/2026\/04\/Balkan-Perspectives-of-Europe-Between-East-and-West.jpg?fit=350%2C525&ssl=1","jetpack_sharing_enabled":true,"jetpack-related-posts":[{"id":52580,"url":"https:\/\/historiografija.hr\/?p=52580","url_meta":{"origin":52688,"position":0},"title":"Conference &#8220;Living in the aftermaths: Trauma, politics and survival in Yugoslavia and successor states, 1945 \u2013 present&#8221;","author":"Branimir Jankovi\u0107","date":"21. travnja 2026.","format":false,"excerpt":"The conference aims to explore how war-related psychological distress was experienced, narrated, debated and reframed in Yugoslavia in the second half of the twentieth century. It asks how the theme of wounded psyche and wartime suffering was addressed and acknowledged in political, psychiatric and broader cultural discourses of socialist Yugoslavia,\u2026","rel":"","context":"U &quot;Novosti&quot;","block_context":{"text":"Novosti","link":"https:\/\/historiografija.hr\/?cat=3"},"img":{"alt_text":"","src":"https:\/\/i0.wp.com\/historiografija.hr\/wp-content\/uploads\/2026\/04\/Battle_of_Neretva_Picasso_poster-Conference-Living-in-the-aftermaths.webp?fit=564%2C954&ssl=1&resize=350%2C200","width":350,"height":200,"srcset":"https:\/\/i0.wp.com\/historiografija.hr\/wp-content\/uploads\/2026\/04\/Battle_of_Neretva_Picasso_poster-Conference-Living-in-the-aftermaths.webp?fit=564%2C954&ssl=1&resize=350%2C200 1x, https:\/\/i0.wp.com\/historiografija.hr\/wp-content\/uploads\/2026\/04\/Battle_of_Neretva_Picasso_poster-Conference-Living-in-the-aftermaths.webp?fit=564%2C954&ssl=1&resize=525%2C300 1.5x"},"classes":[]},{"id":52673,"url":"https:\/\/historiografija.hr\/?p=52673","url_meta":{"origin":52688,"position":1},"title":"TWO POSTDOCTORAL POSITIONS IN THE &#8220;PROLETGARD ERC STARTING GRANT PROJECT&#8221;, KASS\u00c1K FOUNDATION, BUDAPEST (DEADLINE: 1ST MAY 2026)","author":"Branimir Jankovi\u0107","date":"27. travnja 2026.","format":false,"excerpt":"This five-year ERC-funded project examines how avant-garde art contributed to the formation of a workers\u2019 movement counterculture in East Central Europe after 1918. It argues that socialist and avant-garde periodicals, groups, and figures shaped both avant-garde culture and transnational workers\u2019 movements. Focusing on the successor states of the Austro\u2013Hungarian Empire\u2026","rel":"","context":"U &quot;Novosti&quot;","block_context":{"text":"Novosti","link":"https:\/\/historiografija.hr\/?cat=3"},"img":{"alt_text":"","src":"https:\/\/i0.wp.com\/historiografija.hr\/wp-content\/uploads\/2017\/10\/hsozkult.png?fit=1006%2C241&ssl=1&resize=350%2C200","width":350,"height":200,"srcset":"https:\/\/i0.wp.com\/historiografija.hr\/wp-content\/uploads\/2017\/10\/hsozkult.png?fit=1006%2C241&ssl=1&resize=350%2C200 1x, https:\/\/i0.wp.com\/historiografija.hr\/wp-content\/uploads\/2017\/10\/hsozkult.png?fit=1006%2C241&ssl=1&resize=525%2C300 1.5x, https:\/\/i0.wp.com\/historiografija.hr\/wp-content\/uploads\/2017\/10\/hsozkult.png?fit=1006%2C241&ssl=1&resize=700%2C400 2x"},"classes":[]},{"id":52643,"url":"https:\/\/historiografija.hr\/?p=52643","url_meta":{"origin":52688,"position":2},"title":"BRACEWELL TRAVELLING SCHOLARSHIP\u202fFOR PHD STUDENTS (DEADLINE: 30TH APRIL 2026)","author":"Branimir Jankovi\u0107","date":"24. travnja 2026.","format":false,"excerpt":"The Bracewell Travelling Scholarship\u202fis funded by a gift from SSEES Emeritus Professor of History Wendy Bracewell, whose research examines South Slav history, and travel writing in eastern Europe. The Scholarship honours the long tradition of mutual curiosity between the UK and eastern, central and southeastern Europe by supporting PhD students\u2026","rel":"","context":"U &quot;Novosti&quot;","block_context":{"text":"Novosti","link":"https:\/\/historiografija.hr\/?cat=3"},"img":{"alt_text":"","src":"https:\/\/i0.wp.com\/historiografija.hr\/wp-content\/uploads\/2026\/04\/Bracewell-Travelling-Scholarship-.webp?fit=980%2C700&ssl=1&resize=350%2C200","width":350,"height":200,"srcset":"https:\/\/i0.wp.com\/historiografija.hr\/wp-content\/uploads\/2026\/04\/Bracewell-Travelling-Scholarship-.webp?fit=980%2C700&ssl=1&resize=350%2C200 1x, https:\/\/i0.wp.com\/historiografija.hr\/wp-content\/uploads\/2026\/04\/Bracewell-Travelling-Scholarship-.webp?fit=980%2C700&ssl=1&resize=525%2C300 1.5x, https:\/\/i0.wp.com\/historiografija.hr\/wp-content\/uploads\/2026\/04\/Bracewell-Travelling-Scholarship-.webp?fit=980%2C700&ssl=1&resize=700%2C400 2x"},"classes":[]},{"id":52622,"url":"https:\/\/historiografija.hr\/?p=52622","url_meta":{"origin":52688,"position":3},"title":"Annual CAPONEU conference: Political Novel in Europe Between Democracy and Authoritarianism","author":"Branimir Jankovi\u0107","date":"23. travnja 2026.","format":false,"excerpt":"Caponeu event 22.04.2026 - 24.04.2026 Location: The Faculty of Polish and Classical Philology AMU (Fredry 10, Pozna\u0144)Organized by: Tomasz Mizerkiewicz, Krystyna Pieni\u0105\u017cek-Markovi\u0107, Anna Gawarecka, Ewa Szperlik, Magda Potok, B\u0142a\u017cej Warkocki, Gerard Ronge (all Adam Mickiewicz University in Pozna\u0144)Contact: gerron@amu.edu.pl The Adam Mickiewicz University team, as part of the international CAPONEU\u2026","rel":"","context":"U &quot;Novosti&quot;","block_context":{"text":"Novosti","link":"https:\/\/historiografija.hr\/?cat=3"},"img":{"alt_text":"","src":"https:\/\/i0.wp.com\/historiografija.hr\/wp-content\/uploads\/2026\/04\/Caponeu-political-novel.jpg?fit=500%2C261&ssl=1&resize=350%2C200","width":350,"height":200},"classes":[]},{"id":52677,"url":"https:\/\/historiografija.hr\/?p=52677","url_meta":{"origin":52688,"position":4},"title":"CfP: NAVIGATING THE PAST, FACING THE PRESENT: CHALLENGES AND OPPORTUNITIES IN RE-PRESENTING CONFLICTS AND VIOLENCE IN MEMORY AND EDUCATION INSTITUTIONS, WARSAW, 22ND\u201324TH OCTOBER 2026 (DEADLINE: 30TH APRIL 2026)","author":"Branimir Jankovi\u0107","date":"27. travnja 2026.","format":false,"excerpt":"The conference and graduate workshop (October 22-24, 2026, Warsaw) addresses the representation of history in public and institutional contexts, with a focus beyond the often-studied field of \u201cmemory culture\u201d. Rather than emphasizing the politicization of memory and cultural institutions, the discussion shifts toward new methods, media, and challenges in historical\u2026","rel":"","context":"U &quot;Novosti&quot;","block_context":{"text":"Novosti","link":"https:\/\/historiografija.hr\/?cat=3"},"img":{"alt_text":"","src":"https:\/\/i0.wp.com\/historiografija.hr\/wp-content\/uploads\/2017\/10\/hsozkult.png?fit=1006%2C241&ssl=1&resize=350%2C200","width":350,"height":200,"srcset":"https:\/\/i0.wp.com\/historiografija.hr\/wp-content\/uploads\/2017\/10\/hsozkult.png?fit=1006%2C241&ssl=1&resize=350%2C200 1x, https:\/\/i0.wp.com\/historiografija.hr\/wp-content\/uploads\/2017\/10\/hsozkult.png?fit=1006%2C241&ssl=1&resize=525%2C300 1.5x, https:\/\/i0.wp.com\/historiografija.hr\/wp-content\/uploads\/2017\/10\/hsozkult.png?fit=1006%2C241&ssl=1&resize=700%2C400 2x"},"classes":[]},{"id":52664,"url":"https:\/\/historiografija.hr\/?p=52664","url_meta":{"origin":52688,"position":5},"title":"CfP: CONFERENCE OF THE HISTORY OF CONCEPTS GROUP, HELSINKI, 19TH\u201321ST AUGUST 2026 (DEADLINE: 30TH APRIL 2026)","author":"Branimir Jankovi\u0107","date":"24. travnja 2026.","format":false,"excerpt":"The annual conference of the History of Concepts Group is held at the University of Helsinki, 19-21 August 2026. Conference of the History of Concepts Group Conceptual history studies the use of concepts and tries to understand how historical actors have linguistically articulated views of the world. Studying concepts from\u2026","rel":"","context":"U &quot;Novosti&quot;","block_context":{"text":"Novosti","link":"https:\/\/historiografija.hr\/?cat=3"},"img":{"alt_text":"","src":"https:\/\/i0.wp.com\/historiografija.hr\/wp-content\/uploads\/2017\/10\/hsozkult.png?fit=1006%2C241&ssl=1&resize=350%2C200","width":350,"height":200,"srcset":"https:\/\/i0.wp.com\/historiografija.hr\/wp-content\/uploads\/2017\/10\/hsozkult.png?fit=1006%2C241&ssl=1&resize=350%2C200 1x, https:\/\/i0.wp.com\/historiografija.hr\/wp-content\/uploads\/2017\/10\/hsozkult.png?fit=1006%2C241&ssl=1&resize=525%2C300 1.5x, https:\/\/i0.wp.com\/historiografija.hr\/wp-content\/uploads\/2017\/10\/hsozkult.png?fit=1006%2C241&ssl=1&resize=700%2C400 2x"},"classes":[]}],"_links":{"self":[{"href":"https:\/\/historiografija.hr\/index.php?rest_route=\/wp\/v2\/posts\/52688","targetHints":{"allow":["GET"]}}],"collection":[{"href":"https:\/\/historiografija.hr\/index.php?rest_route=\/wp\/v2\/posts"}],"about":[{"href":"https:\/\/historiografija.hr\/index.php?rest_route=\/wp\/v2\/types\/post"}],"author":[{"embeddable":true,"href":"https:\/\/historiografija.hr\/index.php?rest_route=\/wp\/v2\/users\/6"}],"replies":[{"embeddable":true,"href":"https:\/\/historiografija.hr\/index.php?rest_route=%2Fwp%2Fv2%2Fcomments&post=52688"}],"version-history":[{"count":3,"href":"https:\/\/historiografija.hr\/index.php?rest_route=\/wp\/v2\/posts\/52688\/revisions"}],"predecessor-version":[{"id":52693,"href":"https:\/\/historiografija.hr\/index.php?rest_route=\/wp\/v2\/posts\/52688\/revisions\/52693"}],"wp:featuredmedia":[{"embeddable":true,"href":"https:\/\/historiografija.hr\/index.php?rest_route=\/wp\/v2\/media\/52690"}],"wp:attachment":[{"href":"https:\/\/historiografija.hr\/index.php?rest_route=%2Fwp%2Fv2%2Fmedia&parent=52688"}],"wp:term":[{"taxonomy":"category","embeddable":true,"href":"https:\/\/historiografija.hr\/index.php?rest_route=%2Fwp%2Fv2%2Fcategories&post=52688"},{"taxonomy":"post_tag","embeddable":true,"href":"https:\/\/historiografija.hr\/index.php?rest_route=%2Fwp%2Fv2%2Ftags&post=52688"}],"curies":[{"name":"wp","href":"https:\/\/api.w.org\/{rel}","templated":true}]}}