{"id":52679,"date":"2026-04-27T22:07:20","date_gmt":"2026-04-27T22:07:20","guid":{"rendered":"https:\/\/historiografija.hr\/?p=52679"},"modified":"2026-04-27T22:07:21","modified_gmt":"2026-04-27T22:07:21","slug":"cfp-chosen-nations-historical-and-cultural-interpretations-of-exceptionalism-budapest-10th-11th-june-2026-deadline-1st-may-2026","status":"publish","type":"post","link":"https:\/\/historiografija.hr\/?p=52679","title":{"rendered":"CfP: CHOSEN NATION(S): HISTORICAL AND CULTURAL INTERPRETATIONS OF EXCEPTIONALISM, BUDAPEST, 10TH\u201311TH JUNE 2026 (DEADLINE: 1ST MAY 2026)"},"content":{"rendered":"\n<p>The Ludovika University of Public Service (NKE) and the Jewish Theological Seminary \u2013 University of Jewish Studies (OR-ZSE) are pleased to announce a joint academic conference on \u201cChosen Nation(s): Historical and Cultural Interpretations of Exceptionalism\u201d, to be held in Budapest, Hungary.<\/p>\n\n\n\n<p><strong>Chosen Nation(s): Historical and Cultural Interpretations of Exceptionalism<\/strong><\/p>\n\n\n\n<p><strong>Keynote speaker:<\/strong> Dr. Christina Littlefield<\/p>\n\n\n\n<p>Associate Professor of Communication and Religion at Pepperdine University (Seaver College). Author of &#8220;Chosen Nations: Pursuit of the Kingdom of God and its Influence on Democratic Values in Late-Nineteenth Century Britain and the United States&#8221; (Fortress Press, 2013), and &#8220;Christian America and the Kingdom of God&#8221; (University of Illinois Press, 2025, with Richard T. Hughes).<\/p>\n\n\n\n<p>The aim of this interdisciplinary conference is to present the elements of various religious, group, national, and imperial identities that refer to chosenness, historical vocation, and uniqueness in world history. This includes everything from the religious formulation of the chosen people, through the sense of civilizational mission, to the martyrdom concepts of individual groups and nations. We are particularly interested in examining how claims of chosenness function as instruments of legitimacy, exclusion, and moral hierarchy, and how they are contested, transformed, or inverted in different historical and cultural contexts.<\/p>\n\n\n\n<p><strong>Conference Themes<\/strong><\/p>\n\n\n\n<p>We invite proposals for papers that engage with the following topics, among others:<\/p>\n\n\n\n<p>&#8211; the concept of the chosen people in Jewish religious tradition and in modern Jewish secular thought<\/p>\n\n\n\n<p>&#8211; the concept of chosenness in Christian and Muslim religious understanding<\/p>\n\n\n\n<p>&#8211; secularized chosenness and political theology<\/p>\n\n\n\n<p>&#8211; victimhood, sacrifice, and negative exceptionalism<\/p>\n\n\n\n<p>&#8211; the Christian empire as the embodiment of universalism<\/p>\n\n\n\n<p>&#8211; the civilizing mission of modern empires<\/p>\n\n\n\n<p>&#8211; the religious foundations of the American republics<\/p>\n\n\n\n<p>&#8211; the Russian World and Eurasianism<\/p>\n\n\n\n<p>&#8211; American exceptionalism and Manifest Destiny<\/p>\n\n\n\n<p>&#8211; the German Sonderweg and tragedy<\/p>\n\n\n\n<p>&#8211; the vanguards of Communism and liberal democracy in the 20th century<\/p>\n\n\n\n<p>&#8211; aesthetics of chosenness<\/p>\n\n\n\n<p>&#8211; canon formation and cultural chosenness<\/p>\n\n\n\n<p>There is no conference participation fee, and accommodation is provided for speakers.<\/p>\n\n\n\n<p><strong>Key Details<\/strong><\/p>\n\n\n\n<p>&#8211; Date: 10-11 June 2026<\/p>\n\n\n\n<p>&#8211; Location: Nemzeti K\u00f6zszolg\u00e1lati Egyetem, Orsz\u00e1gos Rabbik\u00e9pz\u0151 \u2013 Zsid\u00f3 Egyetem, Budapest, Hungary<\/p>\n\n\n\n<p>&#8211; Language: English<\/p>\n\n\n\n<p><strong>Submission Guidelines<\/strong><\/p>\n\n\n\n<p>We welcome abstracts of no more than 300 words, accompanied by a brief biography (100 words), including current institutional affiliation. Individual presentations will be 20 minutes, followed by discussion. Proposals for individual papers and thematic panels are both encouraged.<\/p>\n\n\n\n<p><strong>Submissions should be sent to <\/strong><a href=\"mailto:chosennations2026@gmail.com\"><strong>chosennations2026@gmail.com<\/strong><\/a><strong> by 1 May 2025. Notification of acceptance will be sent on a rolling basis, at the latest by 10 May 2025.<\/strong><\/p>\n\n\n\n<p><strong>Publication Opportunities<\/strong><\/p>\n\n\n\n<p>Selected papers from the conference may be considered for publication in a peer-reviewed volume.<\/p>\n\n\n\n<p><strong>Contact<\/strong><\/p>\n\n\n\n<p>For further information, please contact <a href=\"mailto:chosennations2026@gmail.com\">chosennations2026@gmail.com<\/a>&nbsp;<\/p>\n\n\n\n<p>We look forward to your contributions and to welcoming you to a stimulating dialogue on chosenness and exceptionalism in religion, history, and culture.<\/p>\n\n\n\n<p><strong>Contact<\/strong><\/p>\n\n\n\n<p><a href=\"mailto:chosennations2026@gmail.com\">chosennations2026@gmail.com<\/a>&nbsp;<\/p>\n\n\n\n<hr class=\"wp-block-separator has-alpha-channel-opacity\"\/>\n\n\n\n<p>Chosen Nation(s): Historical and Cultural Interpretations of Exceptionalism, in: H-Soz-Kult, 26.02.2026, <\/p>\n\n\n\n<p><a href=\"https:\/\/www.hsozkult.de\/event\/id\/event-160811\">https:\/\/www.hsozkult.de\/event\/id\/event-160811<\/a><\/p>\n\n\n\n<hr class=\"wp-block-separator has-alpha-channel-opacity\"\/>\n","protected":false},"excerpt":{"rendered":"","protected":false},"author":2,"featured_media":6331,"comment_status":"open","ping_status":"open","sticky":false,"template":"","format":"standard","meta":{"_acf_changed":false,"jetpack_post_was_ever_published":false,"_jetpack_newsletter_access":"","_jetpack_dont_email_post_to_subs":false,"_jetpack_newsletter_tier_id":0,"_jetpack_memberships_contains_paywalled_content":false,"_jetpack_memberships_contains_paid_content":false,"footnotes":"","jetpack_publicize_message":"","jetpack_publicize_feature_enabled":true,"jetpack_social_post_already_shared":true,"jetpack_social_options":{"image_generator_settings":{"template":"highway","default_image_id":0,"font":"","enabled":false},"version":2}},"categories":[3,9],"tags":[],"class_list":["post-52679","post","type-post","status-publish","format-standard","has-post-thumbnail","hentry","category-novosti","category-skupovi"],"acf":{"facebook_opis":""},"jetpack_publicize_connections":[],"jetpack_featured_media_url":"https:\/\/i0.wp.com\/historiografija.hr\/wp-content\/uploads\/2017\/10\/hsozkult.png?fit=1006%2C241&ssl=1","jetpack_sharing_enabled":true,"jetpack-related-posts":[{"id":52516,"url":"https:\/\/historiografija.hr\/?p=52516","url_meta":{"origin":52679,"position":0},"title":"Marko Grde\u0161i\u0107, Mislav \u017ditko, \u201eSocialist Economics in Yugoslavia: A Critical History\u201c","author":"Branimir Jankovi\u0107","date":"17. travnja 2026.","format":false,"excerpt":"This book presents a critical history of Yugoslav socialist economics, from its inception in the late 1940s to its dissolution in the late 1980s. After the dramatic break with the Soviet Union in 1948, Yugoslavia found itself in urgent need of a third way: A socialist trajectory which would not\u2026","rel":"","context":"U &quot;Knjige&quot;","block_context":{"text":"Knjige","link":"https:\/\/historiografija.hr\/?cat=8"},"img":{"alt_text":"","src":"https:\/\/i0.wp.com\/historiografija.hr\/wp-content\/uploads\/2026\/04\/Zitko_Grdesic.jpg?fit=350%2C535&ssl=1&resize=350%2C200","width":350,"height":200},"classes":[]},{"id":52641,"url":"https:\/\/historiografija.hr\/?p=52641","url_meta":{"origin":52679,"position":1},"title":"CfP: WHO OWNS THE PAST? VERNACULAR MEMORY, STATE MEMORY, AND THE POLITICS OF OWNERSHIP","author":"Branimir Jankovi\u0107","date":"24. travnja 2026.","format":false,"excerpt":"VIENNA, 31ST AUGUST\u20133RD SEPTEMBER 2026 (DEADLINE: 24TH APRIL 2026) The Center for Austrian Studies at the European Forum at the Hebrew University and the Austrian Academy of Sciences\/Institute of Culture Studies invite early postdocs, PhD candidates, and advanced Master\u2019s students from the Hebrew University of Jerusalem and universities and academic\u2026","rel":"","context":"U &quot;Novosti&quot;","block_context":{"text":"Novosti","link":"https:\/\/historiografija.hr\/?cat=3"},"img":{"alt_text":"","src":"https:\/\/i0.wp.com\/historiografija.hr\/wp-content\/uploads\/2017\/10\/hsozkult.png?fit=1006%2C241&ssl=1&resize=350%2C200","width":350,"height":200,"srcset":"https:\/\/i0.wp.com\/historiografija.hr\/wp-content\/uploads\/2017\/10\/hsozkult.png?fit=1006%2C241&ssl=1&resize=350%2C200 1x, https:\/\/i0.wp.com\/historiografija.hr\/wp-content\/uploads\/2017\/10\/hsozkult.png?fit=1006%2C241&ssl=1&resize=525%2C300 1.5x, https:\/\/i0.wp.com\/historiografija.hr\/wp-content\/uploads\/2017\/10\/hsozkult.png?fit=1006%2C241&ssl=1&resize=700%2C400 2x"},"classes":[]},{"id":52673,"url":"https:\/\/historiografija.hr\/?p=52673","url_meta":{"origin":52679,"position":2},"title":"TWO POSTDOCTORAL POSITIONS IN THE &#8220;PROLETGARD ERC STARTING GRANT PROJECT&#8221;, KASS\u00c1K FOUNDATION, BUDAPEST (DEADLINE: 1ST MAY 2026)","author":"Branimir Jankovi\u0107","date":"27. travnja 2026.","format":false,"excerpt":"This five-year ERC-funded project examines how avant-garde art contributed to the formation of a workers\u2019 movement counterculture in East Central Europe after 1918. It argues that socialist and avant-garde periodicals, groups, and figures shaped both avant-garde culture and transnational workers\u2019 movements. Focusing on the successor states of the Austro\u2013Hungarian Empire\u2026","rel":"","context":"U &quot;Novosti&quot;","block_context":{"text":"Novosti","link":"https:\/\/historiografija.hr\/?cat=3"},"img":{"alt_text":"","src":"https:\/\/i0.wp.com\/historiografija.hr\/wp-content\/uploads\/2017\/10\/hsozkult.png?fit=1006%2C241&ssl=1&resize=350%2C200","width":350,"height":200,"srcset":"https:\/\/i0.wp.com\/historiografija.hr\/wp-content\/uploads\/2017\/10\/hsozkult.png?fit=1006%2C241&ssl=1&resize=350%2C200 1x, https:\/\/i0.wp.com\/historiografija.hr\/wp-content\/uploads\/2017\/10\/hsozkult.png?fit=1006%2C241&ssl=1&resize=525%2C300 1.5x, https:\/\/i0.wp.com\/historiografija.hr\/wp-content\/uploads\/2017\/10\/hsozkult.png?fit=1006%2C241&ssl=1&resize=700%2C400 2x"},"classes":[]},{"id":52664,"url":"https:\/\/historiografija.hr\/?p=52664","url_meta":{"origin":52679,"position":3},"title":"CfP: CONFERENCE OF THE HISTORY OF CONCEPTS GROUP, HELSINKI, 19TH\u201321ST AUGUST 2026 (DEADLINE: 30TH APRIL 2026)","author":"Branimir Jankovi\u0107","date":"24. travnja 2026.","format":false,"excerpt":"The annual conference of the History of Concepts Group is held at the University of Helsinki, 19-21 August 2026. Conference of the History of Concepts Group Conceptual history studies the use of concepts and tries to understand how historical actors have linguistically articulated views of the world. Studying concepts from\u2026","rel":"","context":"U &quot;Novosti&quot;","block_context":{"text":"Novosti","link":"https:\/\/historiografija.hr\/?cat=3"},"img":{"alt_text":"","src":"https:\/\/i0.wp.com\/historiografija.hr\/wp-content\/uploads\/2017\/10\/hsozkult.png?fit=1006%2C241&ssl=1&resize=350%2C200","width":350,"height":200,"srcset":"https:\/\/i0.wp.com\/historiografija.hr\/wp-content\/uploads\/2017\/10\/hsozkult.png?fit=1006%2C241&ssl=1&resize=350%2C200 1x, https:\/\/i0.wp.com\/historiografija.hr\/wp-content\/uploads\/2017\/10\/hsozkult.png?fit=1006%2C241&ssl=1&resize=525%2C300 1.5x, https:\/\/i0.wp.com\/historiografija.hr\/wp-content\/uploads\/2017\/10\/hsozkult.png?fit=1006%2C241&ssl=1&resize=700%2C400 2x"},"classes":[]},{"id":52677,"url":"https:\/\/historiografija.hr\/?p=52677","url_meta":{"origin":52679,"position":4},"title":"CfP: NAVIGATING THE PAST, FACING THE PRESENT: CHALLENGES AND OPPORTUNITIES IN RE-PRESENTING CONFLICTS AND VIOLENCE IN MEMORY AND EDUCATION INSTITUTIONS, WARSAW, 22ND\u201324TH OCTOBER 2026 (DEADLINE: 30TH APRIL 2026)","author":"Branimir Jankovi\u0107","date":"27. travnja 2026.","format":false,"excerpt":"The conference and graduate workshop (October 22-24, 2026, Warsaw) addresses the representation of history in public and institutional contexts, with a focus beyond the often-studied field of \u201cmemory culture\u201d. Rather than emphasizing the politicization of memory and cultural institutions, the discussion shifts toward new methods, media, and challenges in historical\u2026","rel":"","context":"U &quot;Novosti&quot;","block_context":{"text":"Novosti","link":"https:\/\/historiografija.hr\/?cat=3"},"img":{"alt_text":"","src":"https:\/\/i0.wp.com\/historiografija.hr\/wp-content\/uploads\/2017\/10\/hsozkult.png?fit=1006%2C241&ssl=1&resize=350%2C200","width":350,"height":200,"srcset":"https:\/\/i0.wp.com\/historiografija.hr\/wp-content\/uploads\/2017\/10\/hsozkult.png?fit=1006%2C241&ssl=1&resize=350%2C200 1x, https:\/\/i0.wp.com\/historiografija.hr\/wp-content\/uploads\/2017\/10\/hsozkult.png?fit=1006%2C241&ssl=1&resize=525%2C300 1.5x, https:\/\/i0.wp.com\/historiografija.hr\/wp-content\/uploads\/2017\/10\/hsozkult.png?fit=1006%2C241&ssl=1&resize=700%2C400 2x"},"classes":[]},{"id":52625,"url":"https:\/\/historiografija.hr\/?p=52625","url_meta":{"origin":52679,"position":5},"title":"Omer Bartov, \u201eIsrael: What Went Wrong?\u201c","author":"Branimir Jankovi\u0107","date":"23. travnja 2026.","format":false,"excerpt":"Professor Omer Bartov was born on a kibbutz, grew up in Tel Aviv and served in the Israel Defence Forces during the Yom Kippur War. He went on to become an expert on the German army and the Holocaust, before turning his attention to his native country.In Israel: What Went\u2026","rel":"","context":"U &quot;Knjige&quot;","block_context":{"text":"Knjige","link":"https:\/\/historiografija.hr\/?cat=8"},"img":{"alt_text":"","src":"https:\/\/i0.wp.com\/historiografija.hr\/wp-content\/uploads\/2026\/04\/Bartov.jpeg?fit=320%2C500&ssl=1&resize=350%2C200","width":350,"height":200},"classes":[]}],"_links":{"self":[{"href":"https:\/\/historiografija.hr\/index.php?rest_route=\/wp\/v2\/posts\/52679","targetHints":{"allow":["GET"]}}],"collection":[{"href":"https:\/\/historiografija.hr\/index.php?rest_route=\/wp\/v2\/posts"}],"about":[{"href":"https:\/\/historiografija.hr\/index.php?rest_route=\/wp\/v2\/types\/post"}],"author":[{"embeddable":true,"href":"https:\/\/historiografija.hr\/index.php?rest_route=\/wp\/v2\/users\/2"}],"replies":[{"embeddable":true,"href":"https:\/\/historiografija.hr\/index.php?rest_route=%2Fwp%2Fv2%2Fcomments&post=52679"}],"version-history":[{"count":1,"href":"https:\/\/historiografija.hr\/index.php?rest_route=\/wp\/v2\/posts\/52679\/revisions"}],"predecessor-version":[{"id":52680,"href":"https:\/\/historiografija.hr\/index.php?rest_route=\/wp\/v2\/posts\/52679\/revisions\/52680"}],"wp:featuredmedia":[{"embeddable":true,"href":"https:\/\/historiografija.hr\/index.php?rest_route=\/wp\/v2\/media\/6331"}],"wp:attachment":[{"href":"https:\/\/historiografija.hr\/index.php?rest_route=%2Fwp%2Fv2%2Fmedia&parent=52679"}],"wp:term":[{"taxonomy":"category","embeddable":true,"href":"https:\/\/historiografija.hr\/index.php?rest_route=%2Fwp%2Fv2%2Fcategories&post=52679"},{"taxonomy":"post_tag","embeddable":true,"href":"https:\/\/historiografija.hr\/index.php?rest_route=%2Fwp%2Fv2%2Ftags&post=52679"}],"curies":[{"name":"wp","href":"https:\/\/api.w.org\/{rel}","templated":true}]}}