{"id":52677,"date":"2026-04-27T22:03:27","date_gmt":"2026-04-27T22:03:27","guid":{"rendered":"https:\/\/historiografija.hr\/?p=52677"},"modified":"2026-04-27T22:03:28","modified_gmt":"2026-04-27T22:03:28","slug":"cfp-navigating-the-past-facing-the-present-challenges-and-opportunities-in-re-presenting-conflicts-and-violence-in-memory-and-education-institutions-warsaw-22nd-24th-october-2026-deadlin","status":"publish","type":"post","link":"https:\/\/historiografija.hr\/?p=52677","title":{"rendered":"CfP: NAVIGATING THE PAST, FACING THE PRESENT: CHALLENGES AND OPPORTUNITIES IN RE-PRESENTING CONFLICTS AND VIOLENCE IN MEMORY AND EDUCATION INSTITUTIONS, WARSAW, 22ND\u201324TH OCTOBER 2026 (DEADLINE: 30TH APRIL 2026)"},"content":{"rendered":"\n<p>The conference and graduate workshop (October 22-24, 2026, Warsaw) addresses the representation of history in public and institutional contexts, with a focus beyond the often-studied field of \u201cmemory culture\u201d. Rather than emphasizing the politicization of memory and cultural institutions, the discussion shifts toward new methods, media, and challenges in historical narration, education, and curatorial practices.<\/p>\n\n\n\n<p>We invite researchers in History, Museum Studies, Art History, Cultural Anthropology, Holocaust Studies, and related fields <strong>to submit proposals by April 30, 2026<\/strong>.<\/p>\n\n\n\n<p><strong>Navigating the Past, Facing the Present: Challenges and Opportunities in Re-Presenting Conflicts and Violence in Memory and Education Institutions<\/strong><\/p>\n\n\n\n<p>Thematic scope:<\/p>\n\n\n\n<p>The representation of difficult pasts, violence, and human rights violations has predominantly been examined through singular case studies, often deeply rooted in specific national contexts. However, as (de)commemorative processes continue to evolve, there is a growing need for broader perspectives that consider the dynamic interplay between memory culture and factors such as technological innovation, curatorial practice, and sustainability.<\/p>\n\n\n\n<p>The conference and graduate workshop \u201cNavigating the Past, Facing the Present: Challenges and Opportunities in Re-Presenting Conflicts and Violence in Memory and Education Institutions\u201d addresses the (evolving) representation of history in public and institutional contexts, with a focus beyond the often-studied field of \u201cmemory culture\u201d. Rather than emphasizing the politicization of memory and cultural institutions, the discussion shifts toward new methods, media, and challenges in historical narration, education, and curatorial practices.<\/p>\n\n\n\n<p><strong>Key themes of the workshop include:<\/strong><\/p>\n\n\n\n<p>&#8211; Innovative historical representation: How are new technologies and evolving methodologies reshaping the ways we narrate the past? Topics include digital exhibitions, online educational platforms (e.g. YouTube channels, blogs, virtual museum tours), participatory formats, educational crowdsourcing, and the use of AI in creating historical narratives.<\/p>\n\n\n\n<p>&#8211; Commemoration vs. forgetting (de-commemoration): Who decides which events are commemorated, and which are omitted? What drives such decisions? How do these choices reflect broader societal values or exclusions, such as the marginalization of Ukrainian history in Western European narratives?<\/p>\n\n\n\n<p>&#8211; War and peace narratives in the public space: How do museums, exhibitions, memorials, and textbooks convey narratives of war and of peace in light of contemporary political conflicts? How can war be represented critically and sensitively, without glorifying violence, while still honoring the victims?<\/p>\n\n\n\n<p><strong>What roles do reconciliation and transitional justice play?<\/strong><\/p>\n\n\n\n<p>&#8211; Methodological and curatorial challenges: How can institutions navigate differing perspectives (e.g. local vs. global) in representing history? What tools and techniques can be used to create inclusive, engaging, and critically sound historical narratives?<\/p>\n\n\n\n<p>&#8211; Infrastructural barriers: What practical and spatial challenges do institutions face when building or adapting spaces for historical exhibitions? Topics include physical limitations of buildings, access to resources, and the integration of multimedia technologies.<\/p>\n\n\n\n<p>&#8211; Environmental perspectives on historical representation: How do climate change and sustainability affect the way we think about the past and the present? What new responsibilities do institutions have in preserving and narrating heritage in an era of ecological emergency?<\/p>\n\n\n\n<p>&#8211; Historical education and geopolitical tensions: How do current conflicts shape historical education? What are the risks when history becomes a tool of ideological struggle? How can educational institutions foster critical engagement with the past, free from political manipulation?<\/p>\n\n\n\n<p>The event is aimed at two groups of academics: postgraduate students (master\u2019s, PhD, recent graduates &lt;1 year) and established researchers.<\/p>\n\n\n\n<p><strong>Postgraduate students:<\/strong><\/p>\n\n\n\n<p>This two day event offers a unique mentoring and presentation opportunity specifically designed for graduate students working on research-in-progress, such as draft articles or PhD thesis chapters. Selected students will be paired with experienced academics, including workshop presenters, who will serve as their mentors. Prior to the event, students will share their papers with their assigned mentors, allowing time for thoughtful feedback. During the workshop, each student will present their work in a dedicated 30-minute session, followed by a 15-minute in-depth response from their mentor. These sessions are designed as an inclusive space that will give postgraduate students an opportunity to present their research in front of a friendly and supportive group of scholars (without external audience participation). The workshop aims to foster meaningful academic dialogue and hopes to encourage ongoing mentorship beyond the event itself. The format combines both a mentoring component and a traditional conference setting, supporting the professional development of emerging scholars.<\/p>\n\n\n\n<p><strong>Established researchers:<\/strong><\/p>\n\n\n\n<p>Panels for established researchers will follow a more traditional conference\/workshop format, with three papers per panel followed by a discussion between the presenters and the audience. Individual paper and panel proposals are equally welcome.<\/p>\n\n\n\n<p>We might ask some of the established researchers attending a conference to also take up a mentorship role for one of our student presenters.<\/p>\n\n\n\n<p><strong>Practicalities:<\/strong><\/p>\n\n\n\n<p>We invite researchers in History, Museum Studies, Art History, Cultural Anthropology, Holocaust Studies, and related fields to submit proposals by April 30, 2026. The workshop will take place in person at the German Historical Institute Warsaw on October 22\u201324, 2026. The workshop\u2019s language is English. This is a fully in-person event that will not be recorded.<\/p>\n\n\n\n<p>For both postgraduate and established researchers, we invite proposals comprising a paper title, an abstract of up to 300 words, and a one-page CV, submitted as a single PDF file by email to dr Izabela Paszko: <a href=\"mailto:paszko@dhi.waw.pl\">paszko@dhi.waw.pl<\/a>&nbsp;<\/p>\n\n\n\n<p><strong>Costs and funding:<\/strong><\/p>\n\n\n\n<p>Participation fees are covered by the organizers. Participants will make their own travel and accommodation arrangements. However, subsidies are available upon request for selected scholars, especially those who might not otherwise be able to attend the workshop, including junior scholars and scholars from universities with limited resources. Limited funding is available and will be distributed based on travel distance, length of stay, and financial need. Indicating a need for financial assistance will not negatively affect the application.<\/p>\n\n\n\n<p>Organizing committee: dr Izabela Paszko, dr S\u0142awomir Doleg\u0142o, dr Tadeusz Wojtych<\/p>\n\n\n\n<p>This event is organized in cooperation with the Museums and Memory working group of the Memory Studies Association, as well as with the Polish-German Textbook Commission.<\/p>\n\n\n\n<p><strong>Contact<\/strong><\/p>\n\n\n\n<p>Dr. Izabela Paszko: <a href=\"mailto:paszko@dhi.waw.pl\">paszko@dhi.waw.pl<\/a>&nbsp;<\/p>\n\n\n\n<hr class=\"wp-block-separator has-alpha-channel-opacity\"\/>\n\n\n\n<p>Navigating the Past, Facing the Present, in: H-Soz-Kult, 22.01.2026, <a href=\"https:\/\/www.hsozkult.de\/event\/id\/event-160044\">https:\/\/www.hsozkult.de\/event\/id\/event-160044<\/a>.<\/p>\n\n\n\n<hr class=\"wp-block-separator has-alpha-channel-opacity\"\/>\n","protected":false},"excerpt":{"rendered":"","protected":false},"author":2,"featured_media":6331,"comment_status":"open","ping_status":"open","sticky":false,"template":"","format":"standard","meta":{"_acf_changed":false,"jetpack_post_was_ever_published":false,"_jetpack_newsletter_access":"","_jetpack_dont_email_post_to_subs":false,"_jetpack_newsletter_tier_id":0,"_jetpack_memberships_contains_paywalled_content":false,"_jetpack_memberships_contains_paid_content":false,"footnotes":"","jetpack_publicize_message":"","jetpack_publicize_feature_enabled":true,"jetpack_social_post_already_shared":true,"jetpack_social_options":{"image_generator_settings":{"template":"highway","default_image_id":0,"font":"","enabled":false},"version":2}},"categories":[3,9],"tags":[],"class_list":["post-52677","post","type-post","status-publish","format-standard","has-post-thumbnail","hentry","category-novosti","category-skupovi"],"acf":{"facebook_opis":""},"jetpack_publicize_connections":[],"jetpack_featured_media_url":"https:\/\/i0.wp.com\/historiografija.hr\/wp-content\/uploads\/2017\/10\/hsozkult.png?fit=1006%2C241&ssl=1","jetpack_sharing_enabled":true,"jetpack-related-posts":[{"id":52641,"url":"https:\/\/historiografija.hr\/?p=52641","url_meta":{"origin":52677,"position":0},"title":"CfP: WHO OWNS THE PAST? VERNACULAR MEMORY, STATE MEMORY, AND THE POLITICS OF OWNERSHIP","author":"Branimir Jankovi\u0107","date":"24. travnja 2026.","format":false,"excerpt":"VIENNA, 31ST AUGUST\u20133RD SEPTEMBER 2026 (DEADLINE: 24TH APRIL 2026) The Center for Austrian Studies at the European Forum at the Hebrew University and the Austrian Academy of Sciences\/Institute of Culture Studies invite early postdocs, PhD candidates, and advanced Master\u2019s students from the Hebrew University of Jerusalem and universities and academic\u2026","rel":"","context":"U &quot;Novosti&quot;","block_context":{"text":"Novosti","link":"https:\/\/historiografija.hr\/?cat=3"},"img":{"alt_text":"","src":"https:\/\/i0.wp.com\/historiografija.hr\/wp-content\/uploads\/2017\/10\/hsozkult.png?fit=1006%2C241&ssl=1&resize=350%2C200","width":350,"height":200,"srcset":"https:\/\/i0.wp.com\/historiografija.hr\/wp-content\/uploads\/2017\/10\/hsozkult.png?fit=1006%2C241&ssl=1&resize=350%2C200 1x, https:\/\/i0.wp.com\/historiografija.hr\/wp-content\/uploads\/2017\/10\/hsozkult.png?fit=1006%2C241&ssl=1&resize=525%2C300 1.5x, https:\/\/i0.wp.com\/historiografija.hr\/wp-content\/uploads\/2017\/10\/hsozkult.png?fit=1006%2C241&ssl=1&resize=700%2C400 2x"},"classes":[]},{"id":52580,"url":"https:\/\/historiografija.hr\/?p=52580","url_meta":{"origin":52677,"position":1},"title":"Conference &#8220;Living in the aftermaths: Trauma, politics and survival in Yugoslavia and successor states, 1945 \u2013 present&#8221;","author":"Branimir Jankovi\u0107","date":"21. travnja 2026.","format":false,"excerpt":"The conference aims to explore how war-related psychological distress was experienced, narrated, debated and reframed in Yugoslavia in the second half of the twentieth century. It asks how the theme of wounded psyche and wartime suffering was addressed and acknowledged in political, psychiatric and broader cultural discourses of socialist Yugoslavia,\u2026","rel":"","context":"U &quot;Novosti&quot;","block_context":{"text":"Novosti","link":"https:\/\/historiografija.hr\/?cat=3"},"img":{"alt_text":"","src":"https:\/\/i0.wp.com\/historiografija.hr\/wp-content\/uploads\/2026\/04\/Battle_of_Neretva_Picasso_poster-Conference-Living-in-the-aftermaths.webp?fit=564%2C954&ssl=1&resize=350%2C200","width":350,"height":200,"srcset":"https:\/\/i0.wp.com\/historiografija.hr\/wp-content\/uploads\/2026\/04\/Battle_of_Neretva_Picasso_poster-Conference-Living-in-the-aftermaths.webp?fit=564%2C954&ssl=1&resize=350%2C200 1x, https:\/\/i0.wp.com\/historiografija.hr\/wp-content\/uploads\/2026\/04\/Battle_of_Neretva_Picasso_poster-Conference-Living-in-the-aftermaths.webp?fit=564%2C954&ssl=1&resize=525%2C300 1.5x"},"classes":[]},{"id":52664,"url":"https:\/\/historiografija.hr\/?p=52664","url_meta":{"origin":52677,"position":2},"title":"CfP: CONFERENCE OF THE HISTORY OF CONCEPTS GROUP, HELSINKI, 19TH\u201321ST AUGUST 2026 (DEADLINE: 30TH APRIL 2026)","author":"Branimir Jankovi\u0107","date":"24. travnja 2026.","format":false,"excerpt":"The annual conference of the History of Concepts Group is held at the University of Helsinki, 19-21 August 2026. Conference of the History of Concepts Group Conceptual history studies the use of concepts and tries to understand how historical actors have linguistically articulated views of the world. Studying concepts from\u2026","rel":"","context":"U &quot;Novosti&quot;","block_context":{"text":"Novosti","link":"https:\/\/historiografija.hr\/?cat=3"},"img":{"alt_text":"","src":"https:\/\/i0.wp.com\/historiografija.hr\/wp-content\/uploads\/2017\/10\/hsozkult.png?fit=1006%2C241&ssl=1&resize=350%2C200","width":350,"height":200,"srcset":"https:\/\/i0.wp.com\/historiografija.hr\/wp-content\/uploads\/2017\/10\/hsozkult.png?fit=1006%2C241&ssl=1&resize=350%2C200 1x, https:\/\/i0.wp.com\/historiografija.hr\/wp-content\/uploads\/2017\/10\/hsozkult.png?fit=1006%2C241&ssl=1&resize=525%2C300 1.5x, https:\/\/i0.wp.com\/historiografija.hr\/wp-content\/uploads\/2017\/10\/hsozkult.png?fit=1006%2C241&ssl=1&resize=700%2C400 2x"},"classes":[]},{"id":52643,"url":"https:\/\/historiografija.hr\/?p=52643","url_meta":{"origin":52677,"position":3},"title":"BRACEWELL TRAVELLING SCHOLARSHIP\u202fFOR PHD STUDENTS (DEADLINE: 30TH APRIL 2026)","author":"Branimir Jankovi\u0107","date":"24. travnja 2026.","format":false,"excerpt":"The Bracewell Travelling Scholarship\u202fis funded by a gift from SSEES Emeritus Professor of History Wendy Bracewell, whose research examines South Slav history, and travel writing in eastern Europe. The Scholarship honours the long tradition of mutual curiosity between the UK and eastern, central and southeastern Europe by supporting PhD students\u2026","rel":"","context":"U &quot;Novosti&quot;","block_context":{"text":"Novosti","link":"https:\/\/historiografija.hr\/?cat=3"},"img":{"alt_text":"","src":"https:\/\/i0.wp.com\/historiografija.hr\/wp-content\/uploads\/2026\/04\/Bracewell-Travelling-Scholarship-.webp?fit=980%2C700&ssl=1&resize=350%2C200","width":350,"height":200,"srcset":"https:\/\/i0.wp.com\/historiografija.hr\/wp-content\/uploads\/2026\/04\/Bracewell-Travelling-Scholarship-.webp?fit=980%2C700&ssl=1&resize=350%2C200 1x, https:\/\/i0.wp.com\/historiografija.hr\/wp-content\/uploads\/2026\/04\/Bracewell-Travelling-Scholarship-.webp?fit=980%2C700&ssl=1&resize=525%2C300 1.5x, https:\/\/i0.wp.com\/historiografija.hr\/wp-content\/uploads\/2026\/04\/Bracewell-Travelling-Scholarship-.webp?fit=980%2C700&ssl=1&resize=700%2C400 2x"},"classes":[]},{"id":52622,"url":"https:\/\/historiografija.hr\/?p=52622","url_meta":{"origin":52677,"position":4},"title":"Annual CAPONEU conference: Political Novel in Europe Between Democracy and Authoritarianism","author":"Branimir Jankovi\u0107","date":"23. travnja 2026.","format":false,"excerpt":"Caponeu event 22.04.2026 - 24.04.2026 Location: The Faculty of Polish and Classical Philology AMU (Fredry 10, Pozna\u0144)Organized by: Tomasz Mizerkiewicz, Krystyna Pieni\u0105\u017cek-Markovi\u0107, Anna Gawarecka, Ewa Szperlik, Magda Potok, B\u0142a\u017cej Warkocki, Gerard Ronge (all Adam Mickiewicz University in Pozna\u0144)Contact: gerron@amu.edu.pl The Adam Mickiewicz University team, as part of the international CAPONEU\u2026","rel":"","context":"U &quot;Novosti&quot;","block_context":{"text":"Novosti","link":"https:\/\/historiografija.hr\/?cat=3"},"img":{"alt_text":"","src":"https:\/\/i0.wp.com\/historiografija.hr\/wp-content\/uploads\/2026\/04\/Caponeu-political-novel.jpg?fit=500%2C261&ssl=1&resize=350%2C200","width":350,"height":200},"classes":[]},{"id":52673,"url":"https:\/\/historiografija.hr\/?p=52673","url_meta":{"origin":52677,"position":5},"title":"TWO POSTDOCTORAL POSITIONS IN THE &#8220;PROLETGARD ERC STARTING GRANT PROJECT&#8221;, KASS\u00c1K FOUNDATION, BUDAPEST (DEADLINE: 1ST MAY 2026)","author":"Branimir Jankovi\u0107","date":"27. travnja 2026.","format":false,"excerpt":"This five-year ERC-funded project examines how avant-garde art contributed to the formation of a workers\u2019 movement counterculture in East Central Europe after 1918. It argues that socialist and avant-garde periodicals, groups, and figures shaped both avant-garde culture and transnational workers\u2019 movements. Focusing on the successor states of the Austro\u2013Hungarian Empire\u2026","rel":"","context":"U &quot;Novosti&quot;","block_context":{"text":"Novosti","link":"https:\/\/historiografija.hr\/?cat=3"},"img":{"alt_text":"","src":"https:\/\/i0.wp.com\/historiografija.hr\/wp-content\/uploads\/2017\/10\/hsozkult.png?fit=1006%2C241&ssl=1&resize=350%2C200","width":350,"height":200,"srcset":"https:\/\/i0.wp.com\/historiografija.hr\/wp-content\/uploads\/2017\/10\/hsozkult.png?fit=1006%2C241&ssl=1&resize=350%2C200 1x, https:\/\/i0.wp.com\/historiografija.hr\/wp-content\/uploads\/2017\/10\/hsozkult.png?fit=1006%2C241&ssl=1&resize=525%2C300 1.5x, https:\/\/i0.wp.com\/historiografija.hr\/wp-content\/uploads\/2017\/10\/hsozkult.png?fit=1006%2C241&ssl=1&resize=700%2C400 2x"},"classes":[]}],"_links":{"self":[{"href":"https:\/\/historiografija.hr\/index.php?rest_route=\/wp\/v2\/posts\/52677","targetHints":{"allow":["GET"]}}],"collection":[{"href":"https:\/\/historiografija.hr\/index.php?rest_route=\/wp\/v2\/posts"}],"about":[{"href":"https:\/\/historiografija.hr\/index.php?rest_route=\/wp\/v2\/types\/post"}],"author":[{"embeddable":true,"href":"https:\/\/historiografija.hr\/index.php?rest_route=\/wp\/v2\/users\/2"}],"replies":[{"embeddable":true,"href":"https:\/\/historiografija.hr\/index.php?rest_route=%2Fwp%2Fv2%2Fcomments&post=52677"}],"version-history":[{"count":1,"href":"https:\/\/historiografija.hr\/index.php?rest_route=\/wp\/v2\/posts\/52677\/revisions"}],"predecessor-version":[{"id":52678,"href":"https:\/\/historiografija.hr\/index.php?rest_route=\/wp\/v2\/posts\/52677\/revisions\/52678"}],"wp:featuredmedia":[{"embeddable":true,"href":"https:\/\/historiografija.hr\/index.php?rest_route=\/wp\/v2\/media\/6331"}],"wp:attachment":[{"href":"https:\/\/historiografija.hr\/index.php?rest_route=%2Fwp%2Fv2%2Fmedia&parent=52677"}],"wp:term":[{"taxonomy":"category","embeddable":true,"href":"https:\/\/historiografija.hr\/index.php?rest_route=%2Fwp%2Fv2%2Fcategories&post=52677"},{"taxonomy":"post_tag","embeddable":true,"href":"https:\/\/historiografija.hr\/index.php?rest_route=%2Fwp%2Fv2%2Ftags&post=52677"}],"curies":[{"name":"wp","href":"https:\/\/api.w.org\/{rel}","templated":true}]}}