{"id":5208,"date":"2017-07-10T22:43:49","date_gmt":"2017-07-10T22:43:49","guid":{"rendered":"http:\/\/historiografija.hr\/?p=5208"},"modified":"2017-07-10T22:57:07","modified_gmt":"2017-07-10T22:57:07","slug":"javni-komentari-o-preimenovanju-trga-marsala-tita-u-zagrebu","status":"publish","type":"post","link":"https:\/\/historiografija.hr\/?p=5208","title":{"rendered":"Javni komentari o preimenovanju Trga mar\u0161ala Tita u Zagrebu"},"content":{"rendered":"<p>&nbsp;<\/p>\n<p>&nbsp;<\/p>\n<p>U protekla dva tjedna gotovo da nije bilo kolumnista u medijima koji se nije osvrnuo na temu preimenovanja Trga mar\u0161ala Tita u Zagrebu: u nastavku donosimo poveznice na njihove tekstove i na izvje\u0161taje o tribini \u2018Promjena imena Trga mar\u0161ala Tita\u2019 kao izvor o tome kako se javno govori o toj temi u Hrvatskoj 2017.<\/p>\n<p>&nbsp;<\/p>\n<p>&#8212;<\/p>\n<p>&nbsp;<\/p>\n<p>&nbsp;<\/p>\n<p><strong>IZBOR IZ MEDIJA<\/strong><\/p>\n<p>&nbsp;<\/p>\n<p>&nbsp;<\/p>\n<p><strong>VE\u010cERNJI LIST<\/strong><\/p>\n<p>&nbsp;<\/p>\n<p>&nbsp;<\/p>\n<p>Branimir Pofuk<br \/>\n<a href=\"https:\/\/www.vecernji.hr\/premium\/encyclopaedia-britannica-josip-broz-tito-bleiburg-ivo-banac-branimir-pofuk-1179976\">https:\/\/www.vecernji.hr\/premium\/encyclopaedia-britannica-josip-broz-tito-bleiburg-ivo-banac-branimir-pofuk-1179976<\/a><\/p>\n<p>&nbsp;<\/p>\n<p>Nino Raspudi\u0107<br \/>\n<a href=\"https:\/\/www.vecernji.hr\/premium\/preimenovanje-milana-bandica-1178158\">https:\/\/www.vecernji.hr\/premium\/preimenovanje-milana-bandica-1178158<\/a><\/p>\n<p>&nbsp;<\/p>\n<p><a href=\"https:\/\/www.vecernji.hr\/premium\/sasa-broz-trg-marsala-tita-nino-raspudic-milan-bandic-1179579\">https:\/\/www.vecernji.hr\/premium\/sasa-broz-trg-marsala-tita-nino-raspudic-milan-bandic-1179579<\/a><\/p>\n<p>&nbsp;<\/p>\n<p>Goran Gerovac<br \/>\n<a href=\"https:\/\/www.vecernji.hr\/premium\/za-skidanje-ustaskog-pozdrava-cekaju-se-povijesni-specijalci-a-trg-s-titovim-imenom-mice-se-odmah-1179974\">https:\/\/www.vecernji.hr\/premium\/za-skidanje-ustaskog-pozdrava-cekaju-se-povijesni-specijalci-a-trg-s-titovim-imenom-mice-se-odmah-1179974<\/a><\/p>\n<p>&nbsp;<\/p>\n<p>Zvonimir Despot<br \/>\n<a href=\"https:\/\/www.vecernji.hr\/vijesti\/zvonimir-despot-hdz-josip-broz-tito-trg-marsala-tita-franjo-tudjman-1179131\">https:\/\/www.vecernji.hr\/vijesti\/zvonimir-despot-hdz-josip-broz-tito-trg-marsala-tita-franjo-tudjman-1179131<\/a><\/p>\n<p>&nbsp;<\/p>\n<p>Ivan Hrsti\u0107<br \/>\n<a href=\"https:\/\/www.vecernji.hr\/premium\/trebamo-konsenzus-a-ne-nadglasavanje-josip-broz-tito-hos-jasenovac-1179369\">https:\/\/www.vecernji.hr\/premium\/trebamo-konsenzus-a-ne-nadglasavanje-josip-broz-tito-hos-jasenovac-1179369<\/a><\/p>\n<p>&nbsp;<\/p>\n<p>Marinko Jurasi\u0107<\/p>\n<p><a href=\"https:\/\/www.vecernji.hr\/premium\/marinko-jurasic-josip-broz-tito-antifasizam-trg-marsala-tita-davor-bernardic-vlado-gotovac-1178922\">https:\/\/www.vecernji.hr\/premium\/marinko-jurasic-josip-broz-tito-antifasizam-trg-marsala-tita-davor-bernardic-vlado-gotovac-1178922<\/a><\/p>\n<p>&nbsp;<\/p>\n<p><a href=\"https:\/\/www.vecernji.hr\/premium\/titove-mandarine-s-brijuna-i-zabranjeni-caritas-1180307\">https:\/\/www.vecernji.hr\/premium\/titove-mandarine-s-brijuna-i-zabranjeni-caritas-1180307<\/a><\/p>\n<p>&nbsp;<\/p>\n<p>Milan Ivko\u0161i\u0107<br \/>\n<a href=\"https:\/\/www.vecernji.hr\/premium\/milan-ivkosic-tito-istra-pedja-grbin-ante-josipovic-ivan-zvonimir-cicak-ivo-josipovic-trg-marsala-tita-1179566\">https:\/\/www.vecernji.hr\/premium\/milan-ivkosic-tito-istra-pedja-grbin-ante-josipovic-ivan-zvonimir-cicak-ivo-josipovic-trg-marsala-tita-1179566<\/a><\/p>\n<p>&nbsp;<\/p>\n<p>&nbsp;<\/p>\n<p>&nbsp;<\/p>\n<p><strong>JUTARNJI LIST<\/strong><\/p>\n<p>&nbsp;<\/p>\n<p>&nbsp;<\/p>\n<p>Jelena Lovri\u0107<br \/>\n<a href=\"http:\/\/www.jutarnji.hr\/komentari\/jelena-lovric-protjerivanjem-tita-podjele-se-ne-brisu-nego-jos-vise-produbljuju-a-plenkovicev-hdz-ponavlja-tesku-gresku-koju-je-ucinio-i-milanovic\/6323509\/\">http:\/\/www.jutarnji.hr\/komentari\/jelena-lovric-protjerivanjem-tita-podjele-se-ne-brisu-nego-jos-vise-produbljuju-a-plenkovicev-hdz-ponavlja-tesku-gresku-koju-je-ucinio-i-milanovic\/6323509\/<\/a><\/p>\n<p>&nbsp;<\/p>\n<p>Ante Tomi\u0107<br \/>\n<a href=\"http:\/\/www.jutarnji.hr\/komentari\/ante-tomic-kad-se-vec-odricemo-tita-na-ulicama-red-je-da-se-odreknemo-i-istre-dalmacije-i-kvarnera\/6323611\/\">http:\/\/www.jutarnji.hr\/komentari\/ante-tomic-kad-se-vec-odricemo-tita-na-ulicama-red-je-da-se-odreknemo-i-istre-dalmacije-i-kvarnera\/6323611\/<\/a><\/p>\n<p>&nbsp;<\/p>\n<p>Jurica Pavi\u010di\u0107<br \/>\n<a href=\"http:\/\/www.jutarnji.hr\/komentari\/neoustaski-dvojac-dobio-je-priliku-da-zgrabi-dio-vlasti-u-gradu-koji-je-ekonomski-pola-hrvatske-i-sto-traze-ploce-i-kipeke\/6323587\/\">http:\/\/www.jutarnji.hr\/komentari\/neoustaski-dvojac-dobio-je-priliku-da-zgrabi-dio-vlasti-u-gradu-koji-je-ekonomski-pola-hrvatske-i-sto-traze-ploce-i-kipeke\/6323587\/<\/a><\/p>\n<p>&nbsp;<\/p>\n<p>Ivo Banac<br \/>\n<a href=\"http:\/\/www.jutarnji.hr\/komentari\/slucaj-dolezal-cisrodni-privilegij-i-okrutna-buducnost\/6340195\/\">http:\/\/www.jutarnji.hr\/komentari\/slucaj-dolezal-cisrodni-privilegij-i-okrutna-buducnost\/6340195\/<\/a><\/p>\n<p>&nbsp;<\/p>\n<p>Vlado Vuru\u0161i\u0107<br \/>\n<a href=\"http:\/\/www.jutarnji.hr\/komentari\/i-plenkovicev-djed-bio-je-partizan-je-li-mu-zbog-toga-neugodno\/6312535\/\">http:\/\/www.jutarnji.hr\/komentari\/i-plenkovicev-djed-bio-je-partizan-je-li-mu-zbog-toga-neugodno\/6312535\/<\/a><\/p>\n<p>&nbsp;<\/p>\n<p>Boris Vla\u0161i\u0107<br \/>\n<a href=\"http:\/\/www.jutarnji.hr\/komentari\/kome-je-prodan-trg-marsala-tita-neskrivenom-pokloniku-ustastva-vrijedan-trofej-ima-to-smisla-povijest-mora-nekako-zapamtiti-zlatka-hasanbegovica\/6312556\/\">http:\/\/www.jutarnji.hr\/komentari\/kome-je-prodan-trg-marsala-tita-neskrivenom-pokloniku-ustastva-vrijedan-trofej-ima-to-smisla-povijest-mora-nekako-zapamtiti-zlatka-hasanbegovica\/6312556\/<\/a><\/p>\n<p>&nbsp;<\/p>\n<p>Robert Bajru\u0161i<br \/>\n<a href=\"http:\/\/www.jutarnji.hr\/globus\/Globus-politika\/kome-2017-treba-antifasizam-tko-ne-vidi-stvarnu-obnovu-fasizma-ili-je-slijep-ili-je-i-sam-zagovornik-nepravednog-drustva\/6292041\/\">http:\/\/www.jutarnji.hr\/globus\/Globus-politika\/kome-2017-treba-antifasizam-tko-ne-vidi-stvarnu-obnovu-fasizma-ili-je-slijep-ili-je-i-sam-zagovornik-nepravednog-drustva\/6292041\/<\/a><\/p>\n<p>&nbsp;<\/p>\n<p><a href=\"http:\/\/www.jutarnji.hr\/komentari\/do-kada-ce-trebati-podsjecati-koliko-je-antifasizam-vazan-za-hrvatsku\/6285916\/\">http:\/\/www.jutarnji.hr\/komentari\/do-kada-ce-trebati-podsjecati-koliko-je-antifasizam-vazan-za-hrvatsku\/6285916\/<\/a><\/p>\n<p>&nbsp;<\/p>\n<p>Zrinka Korljan<br \/>\n<a href=\"http:\/\/www.jutarnji.hr\/vijesti\/hrvatska\/javne-osobe-o-odluci-milana-bandica-da-se-promijeni-ime-trga-marsala-tita-brisanje-antifasizma-i-josipa-broza-tita-je-nemoralno-i-ruzno\/6312469\/\">http:\/\/www.jutarnji.hr\/vijesti\/hrvatska\/javne-osobe-o-odluci-milana-bandica-da-se-promijeni-ime-trga-marsala-tita-brisanje-antifasizma-i-josipa-broza-tita-je-nemoralno-i-ruzno\/6312469\/<\/a><\/p>\n<p>&nbsp;<\/p>\n<p>&nbsp;<\/p>\n<p>Zdravko Milinovi\u0107<br \/>\n<a href=\"http:\/\/www.jutarnji.hr\/globus\/Globus-politika\/balkan-dno-ratnog-uzasa-ian-kershaw-u-jugoslaviji-su-bila-dva-pokreta-otpora-cetnicki-i-partizanski\/6347737\/\">http:\/\/www.jutarnji.hr\/globus\/Globus-politika\/balkan-dno-ratnog-uzasa-ian-kershaw-u-jugoslaviji-su-bila-dva-pokreta-otpora-cetnicki-i-partizanski\/6347737\/<\/a><\/p>\n<p>&nbsp;<\/p>\n<p>&nbsp;<\/p>\n<p>&nbsp;<\/p>\n<p><strong>NOVI LIST<\/strong><\/p>\n<p>&nbsp;<\/p>\n<p>&nbsp;<\/p>\n<p>Tihomir Pono\u0161<br \/>\n<a href=\"http:\/\/www.novilist.hr\/novilist_public\/Komentari\/Blogovi\/Meduzemlje-Tihomira-Ponosa\/Tito-ili-dosljedna-nedosljednost-HDZ-a?articlesrclink=related\">http:\/\/www.novilist.hr\/novilist_public\/Komentari\/Blogovi\/Meduzemlje-Tihomira-Ponosa\/Tito-ili-dosljedna-nedosljednost-HDZ-a?articlesrclink=related<\/a><\/p>\n<p>&nbsp;<\/p>\n<p>&nbsp;<\/p>\n<p>Sanja Modri\u0107<br \/>\n<a href=\"http:\/\/www.novilist.hr\/novilist_public\/Komentari\/Kolumne\/Komentar-Sanje-Modric\/Tito-treba-ostati?articlesrclink=related\">http:\/\/www.novilist.hr\/novilist_public\/Komentari\/Kolumne\/Komentar-Sanje-Modric\/Tito-treba-ostati?articlesrclink=related<\/a><\/p>\n<p>&nbsp;<\/p>\n<p>Milan Rakovac<br \/>\n<a href=\"http:\/\/www.novilist.hr\/Komentari\/Osvrti\/Tito-na-mojoj-glavi-Brisati-Broza-e-to-vam-je-posao-hrvatski-dusedavitelji\">http:\/\/www.novilist.hr\/Komentari\/Osvrti\/Tito-na-mojoj-glavi-Brisati-Broza-e-to-vam-je-posao-hrvatski-dusedavitelji<\/a><\/p>\n<p>&nbsp;<\/p>\n<p>Zdenko Duka<br \/>\n<a href=\"http:\/\/www.novilist.hr\/novilist_public\/Komentari\/Blogovi\/Drugo-misljenje-Zdenka-Duke\/Osveta-slabasnih-vladara?articlesrclink=related\">http:\/\/www.novilist.hr\/novilist_public\/Komentari\/Blogovi\/Drugo-misljenje-Zdenka-Duke\/Osveta-slabasnih-vladara?articlesrclink=related<\/a><\/p>\n<p>&nbsp;<\/p>\n<p>&nbsp;<\/p>\n<p><strong>HRT<\/strong><\/p>\n<p>&nbsp;<\/p>\n<p><a href=\"http:\/\/vijesti.hrt.hr\/394142\/u-otvorenom-o-promjeni-imena-trga-marsala-tita\">http:\/\/vijesti.hrt.hr\/394142\/u-otvorenom-o-promjeni-imena-trga-marsala-tita<\/a><\/p>\n<p><a href=\"http:\/\/vijesti.hrt.hr\/393932\/markic-tito-je-vodio-egekucije-ubijao-ljude-bacao-djecu-u-jame-i-to-se-ne-moze-pravdati\">http:\/\/vijesti.hrt.hr\/393932\/markic-tito-je-vodio-egekucije-ubijao-ljude-bacao-djecu-u-jame-i-to-se-ne-moze-pravdati<\/a><\/p>\n<p>&nbsp;<\/p>\n<p><a href=\"http:\/\/vijesti.hrt.hr\/394868\/pupovac-moramo-ojacati-politicku-participaciju-srba-u-hrvatskoj-od-lokalne-do-drzavne-razine\">http:\/\/vijesti.hrt.hr\/394868\/pupovac-moramo-ojacati-politicku-participaciju-srba-u-hrvatskoj-od-lokalne-do-drzavne-razine<\/a><\/p>\n<p>&nbsp;<\/p>\n<p>&nbsp;<\/p>\n<p><strong>TPORTAL<\/strong><\/p>\n<p>&nbsp;<\/p>\n<p>&nbsp;<\/p>\n<p>Bo\u0161ko Picula<br \/>\n<a href=\"https:\/\/www.tportal.hr\/komentatori\/clanak\/hdz-ovci-pricaju-besmislice-tudman-nije-dao-na-tita-a-zna-se-i-zasto-20170703\">https:\/\/www.tportal.hr\/komentatori\/clanak\/hdz-ovci-pricaju-besmislice-tudman-nije-dao-na-tita-a-zna-se-i-zasto-20170703<\/a><\/p>\n<p>&nbsp;<\/p>\n<p>An. S.<br \/>\n<a href=\"https:\/\/www.tportal.hr\/vijesti\/clanak\/kako-se-slovenija-pokusala-obracunati-s-titom-20170628\">https:\/\/www.tportal.hr\/vijesti\/clanak\/kako-se-slovenija-pokusala-obracunati-s-titom-20170628<\/a><\/p>\n<p>&nbsp;<\/p>\n<p>&nbsp;<\/p>\n<p><strong>NOVOSTI<\/strong><\/p>\n<p>&nbsp;<\/p>\n<p>&nbsp;<\/p>\n<p>Ivica \u0110iki\u0107<br \/>\n<a href=\"http:\/\/www.portalnovosti.com\/trgovisce-marsala-tita\">http:\/\/www.portalnovosti.com\/trgovisce-marsala-tita<\/a><\/p>\n<p>&nbsp;<\/p>\n<p>Tomislav Jaki\u0107<br \/>\n<a href=\"http:\/\/www.portalnovosti.com\/povijest-ne-mo\u017eete-ukinuti\">http:\/\/www.portalnovosti.com\/povijest-ne-mo\u017eete-ukinuti<\/a><\/p>\n<p>&nbsp;<\/p>\n<p>Zoran Pusi\u0107<br \/>\n<a href=\"http:\/\/www.portalnovosti.com\/trg-koji-je-umro-od-srama-2\">http:\/\/www.portalnovosti.com\/trg-koji-je-umro-od-srama-2<\/a><\/p>\n<p>&nbsp;<\/p>\n<p>Marinko \u010culi\u0107<br \/>\n<a href=\"http:\/\/www.portalnovosti.com\/tito-2-0\">http:\/\/www.portalnovosti.com\/tito-2-0<\/a><\/p>\n<p>&nbsp;<\/p>\n<p>Intervjui<\/p>\n<p>&nbsp;<\/p>\n<p><a href=\"http:\/\/www.portalnovosti.com\/bogdan-zizic-titovo-ime-se-mice-zbog-kompleksa-malog-naroda\">http:\/\/www.portalnovosti.com\/bogdan-zizic-titovo-ime-se-mice-zbog-kompleksa-malog-naroda<\/a><\/p>\n<p>&nbsp;<\/p>\n<p><a href=\"http:\/\/www.portalnovosti.com\/milan-rakovac-nemojte-mi-tita-brisati\">http:\/\/www.portalnovosti.com\/milan-rakovac-nemojte-mi-tita-brisati<\/a><\/p>\n<p>&nbsp;<\/p>\n<p><a href=\"http:\/\/www.portalnovosti.com\/crna-elegija\">http:\/\/www.portalnovosti.com\/crna-elegija<\/a><\/p>\n<p>&nbsp;<\/p>\n<p><a href=\"http:\/\/www.portalnovosti.com\/trgovanje-titom\">http:\/\/www.portalnovosti.com\/trgovanje-titom<\/a><\/p>\n<p>&nbsp;<\/p>\n<p>&nbsp;<\/p>\n<p><strong>FORUM.TM<\/strong><\/p>\n<p>&nbsp;<\/p>\n<p>&nbsp;<\/p>\n<p>Snje\u017eana Banovi\u0107<br \/>\n<a href=\"http:\/\/www.forum.tm\/vijesti\/trg-je-titov-ali-je-jos-vise-nas-5816\">http:\/\/www.forum.tm\/vijesti\/trg-je-titov-ali-je-jos-vise-nas-5816<\/a><\/p>\n<p>&nbsp;<\/p>\n<p>Goran Borkovi\u0107<br \/>\n<a href=\"http:\/\/www.forum.tm\/vijesti\/cicak-lazno-citirao-rankovica-u-otvorenom-o-586000-likvidiranih-narodnih-neprijatelja-5836\">http:\/\/www.forum.tm\/vijesti\/cicak-lazno-citirao-rankovica-u-otvorenom-o-586000-likvidiranih-narodnih-neprijatelja-5836<\/a><\/p>\n<p>&nbsp;<\/p>\n<p><a href=\"http:\/\/www.forum.tm\/vijesti\/zakon-je-jasan-bandic-ne-moze-bez-misljenja-gradana-promijeniti-ime-trga-marsala-tita-5837\">http:\/\/www.forum.tm\/vijesti\/zakon-je-jasan-bandic-ne-moze-bez-misljenja-gradana-promijeniti-ime-trga-marsala-tita-5837<\/a><\/p>\n<p>&nbsp;<\/p>\n<p>&nbsp;<\/p>\n<p><strong>INDEX.HR<\/strong><\/p>\n<p>&nbsp;<\/p>\n<p>&nbsp;<\/p>\n<p><a href=\"http:\/\/www.index.hr\/vijesti\/clanak\/sto-svjetski-povjesnicari-kazu-o-titu\/979683.aspx\">http:\/\/www.index.hr\/vijesti\/clanak\/sto-svjetski-povjesnicari-kazu-o-titu\/979683.aspx<\/a><\/p>\n<p>&nbsp;<\/p>\n<p><a href=\"http:\/\/www.index.hr\/vijesti\/clanak\/puhovski-bilo-koja-ozbiljna-analiza-bi-pokazala--tito-je-najveci-hrvatski-drzavnik-ali-i-zlocinac\/979507.aspx\">http:\/\/www.index.hr\/vijesti\/clanak\/puhovski-bilo-koja-ozbiljna-analiza-bi-pokazala&#8211;tito-je-najveci-hrvatski-drzavnik-ali-i-zlocinac\/979507.aspx<\/a><\/p>\n<p>&nbsp;<\/p>\n<p>&nbsp;<\/p>\n<p><strong>KULTURPUNKT.HR<\/strong><\/p>\n<p>&nbsp;<\/p>\n<p>Martina Domladovac<br \/>\n<a href=\"http:\/\/www.kulturpunkt.hr\/content\/svako-imenovanje-proizvod-je-neke-politike\">http:\/\/www.kulturpunkt.hr\/content\/svako-imenovanje-proizvod-je-neke-politike<\/a><\/p>\n<p>&nbsp;<\/p>\n<p>&nbsp;<\/p>\n<p><strong>MUF<\/strong><\/p>\n<p>&nbsp;<\/p>\n<p>Asja Baki\u0107<br \/>\n<a href=\"http:\/\/muf.com.hr\/2017\/06\/29\/po-hasanbegovicevom-ukusu\/\">http:\/\/muf.com.hr\/2017\/06\/29\/po-hasanbegovicevom-ukusu\/<\/a><\/p>\n<p>&nbsp;<\/p>\n<p>&nbsp;<\/p>\n<p><strong>PROMETEJ.BA<\/strong><\/p>\n<p>&nbsp;<\/p>\n<p>&nbsp;<\/p>\n<p>Marin Knezovi\u0107<br \/>\n<a href=\"http:\/\/www.prometej.ba\/clanak\/copy-paste\/drukciji-pogled-zasto-je-tito-zasluzio-izgubiti-svoj-trg-u-zagrebu-3217\">http:\/\/www.prometej.ba\/clanak\/copy-paste\/drukciji-pogled-zasto-je-tito-zasluzio-izgubiti-svoj-trg-u-zagrebu-3217<\/a><\/p>\n<p>&nbsp;<\/p>\n<p>&nbsp;<\/p>\n<p><strong>VIJENAC<\/strong><\/p>\n<p>&nbsp;<\/p>\n<p>Jure Vuji\u0107<br \/>\n<a href=\"http:\/\/www.matica.hr\/vijenac\/609\/antifasizam-pod-povecalom-26893\/\">http:\/\/www.matica.hr\/vijenac\/609\/antifasizam-pod-povecalom-26893\/<\/a><\/p>\n<p>&nbsp;<\/p>\n<p>&nbsp;<\/p>\n<p><strong>SLOBODNA DALMACIJA<\/strong><\/p>\n<p>&nbsp;<\/p>\n<p>Ivica \u0160ola<br \/>\n<a href=\"http:\/\/www.slobodnadalmacija.hr\/misljenja\/agora\/clanak\/id\/495918\/tito-nije-bio-antifasist-vec-crveni-fasist\">http:\/\/www.slobodnadalmacija.hr\/misljenja\/agora\/clanak\/id\/495918\/tito-nije-bio-antifasist-vec-crveni-fasist<\/a><\/p>\n<p>&nbsp;<\/p>\n<p>&nbsp;<\/p>\n<p><strong>GLAS SLAVONIJE<\/strong><\/p>\n<p>&nbsp;<\/p>\n<p>&nbsp;<\/p>\n<p>Ivica \u0160ola<br \/>\n<a href=\"http:\/\/www.glas-slavonije.hr\/kolumna\/21\/4383\/Tito-je-mrtav-titoisti-globalno-nikada-jaci\">http:\/\/www.glas-slavonije.hr\/kolumna\/21\/4383\/Tito-je-mrtav-titoisti-globalno-nikada-jaci<\/a><\/p>\n<p>&nbsp;<\/p>\n<p>&nbsp;<\/p>\n<p><strong>DIREKTNO.HR<\/strong><\/p>\n<p>&nbsp;<\/p>\n<p><a href=\"http:\/\/direktno.hr\/direkt\/nazor-za-direktno-u-zagrebu-nam-je-nedostajao-trg-republike-hrvatske-90138\/\">http:\/\/direktno.hr\/direkt\/nazor-za-direktno-u-zagrebu-nam-je-nedostajao-trg-republike-hrvatske-90138\/<\/a><\/p>\n<p>&nbsp;<\/p>\n<p>&nbsp;<\/p>\n<p><a href=\"http:\/\/direktno.hr\/direkt\/banac-titovo-ime-ipak-nije-toliko-mocno-kada-pitanju-vlast-90102\/\">http:\/\/direktno.hr\/direkt\/banac-titovo-ime-ipak-nije-toliko-mocno-kada-pitanju-vlast-90102\/<\/a><\/p>\n<p>&nbsp;<\/p>\n<p>&nbsp;<\/p>\n<p><strong>NAROD.HR<\/strong><\/p>\n<p>&nbsp;<\/p>\n<p>&nbsp;<\/p>\n<p>Jure Vuji\u0107<br \/>\n<a href=\"https:\/\/narod.hr\/hrvatska\/jure-vujic-razlozima-opstanka-imena-trga-marsala-tita-mitovima-realnosti-titoizma\">https:\/\/narod.hr\/hrvatska\/jure-vujic-razlozima-opstanka-imena-trga-marsala-tita-mitovima-realnosti-titoizma<\/a><\/p>\n<p>&nbsp;<\/p>\n<p>&nbsp;<\/p>\n<p>Ante Nazor<br \/>\n<a href=\"https:\/\/narod.hr\/hrvatska\/ante-nazor-antifasizmu-antifasizmu-medijima\">https:\/\/narod.hr\/hrvatska\/ante-nazor-antifasizmu-antifasizmu-medijima<\/a><\/p>\n<p>&nbsp;<\/p>\n<p>&nbsp;<\/p>\n<p>Matko Maru\u0161i\u0107<br \/>\n<a href=\"https:\/\/narod.hr\/hrvatska\/prof-marusic-razdvajanje-komunizma-antifasizma-sluzi-da-se-antifasizam-odmakne-zlocina-da-antihrvatstvo-prezivi\">https:\/\/narod.hr\/hrvatska\/prof-marusic-razdvajanje-komunizma-antifasizma-sluzi-da-se-antifasizam-odmakne-zlocina-da-antihrvatstvo-prezivi<\/a><\/p>\n<p>&nbsp;<\/p>\n<p>&nbsp;<\/p>\n<p>Matija \u0160tahan<br \/>\n<a href=\"https:\/\/narod.hr\/hrvatska\/procitajte-popis-znanstvenika-umjetnika-intelektualaca-javnih-djelatnika-se-jos-2011-zalozili-promjenu-imena-trga-marsala-tita\">https:\/\/narod.hr\/hrvatska\/procitajte-popis-znanstvenika-umjetnika-intelektualaca-javnih-djelatnika-se-jos-2011-zalozili-promjenu-imena-trga-marsala-tita<\/a><\/p>\n<p>&nbsp;<\/p>\n<p>&nbsp;<\/p>\n<p><strong>Hrvatski tjednik<\/strong><\/p>\n<p><a href=\"http:\/\/www.hkv.hr\/hrvatski-tjednik.html\">http:\/\/www.hkv.hr\/hrvatski-tjednik.html<\/a><\/p>\n<p>(Treba upozoriti da neki tekstovi u Hrvatskom tjedniku sadr\u017ee govor mr\u017enje, kao \u0161to je rije\u010d o zadnjem tekstu o povjesni\u010daru Hrvoju Klasi\u0107u.)<\/p>\n<p>&nbsp;<\/p>\n<p>&nbsp;<\/p>\n<p>&#8212;<\/p>\n<p>&nbsp;<\/p>\n<p>&nbsp;<\/p>\n<p><strong>TRIBINA \u2018PROMJENA IMENA TRGA MAR\u0160ALA TITA\u2019<\/strong><\/p>\n<p>&nbsp;<\/p>\n<p>&nbsp;<\/p>\n<p>U utorak, 4. srpnja 2017. u 18 sati u Zagrebu na tribini \u2018Promjena imena Trga mar\u0161ala Tita\u2019, u organizaciji Srpskog privrednog dru\u0161tva Privrednik i Vije\u0107a srpske nacionalne manjine grada Zagreba, sudjeluju \u017darko Puhovski, Tvrtko Jakovina i Zlatko Hasanbegovi\u0107<\/p>\n<p>&nbsp;<\/p>\n<p>&nbsp;<\/p>\n<p><strong>N1 &#8211; TRIBINA O TITU (4.7.2017)<\/strong><br \/>\n<a href=\"https:\/\/www.youtube.com\/watch?v=baQgUWTTJ9U\">https:\/\/www.youtube.com\/watch?v=baQgUWTTJ9U<\/a><\/p>\n<p>&nbsp;<\/p>\n<p>&nbsp;<\/p>\n<p>O TRIBINI:<\/p>\n<p>&nbsp;<\/p>\n<p>&nbsp;<\/p>\n<p><a href=\"http:\/\/hr.n1info.com\/a215919\/Vijesti\/UZIVO-Hasanbegovic-Jakovina-i-Puhovski-o-Trgu-marsala-Tita.html\">http:\/\/hr.n1info.com\/a215919\/Vijesti\/UZIVO-Hasanbegovic-Jakovina-i-Puhovski-o-Trgu-marsala-Tita.html<\/a><\/p>\n<p>&nbsp;<\/p>\n<p><a href=\"http:\/\/www.portalnovosti.com\/trgovina-marsala-tita\">http:\/\/www.portalnovosti.com\/trgovina-marsala-tita<\/a><\/p>\n<p>&nbsp;<\/p>\n<p>&nbsp;<\/p>\n<p><a href=\"http:\/\/www.novilist.hr\/Vijesti\/Hrvatska\/Tribina-o-Titu-Hasanbegovic-likuje.-Tito-je-kaze-pao-bez-ispaljenog-metka\">http:\/\/www.novilist.hr\/Vijesti\/Hrvatska\/Tribina-o-Titu-Hasanbegovic-likuje.-Tito-je-kaze-pao-bez-ispaljenog-metka<\/a><\/p>\n<p>&nbsp;<\/p>\n<p>&nbsp;<\/p>\n<blockquote data-secret=\"IYLK62QQpq\" class=\"wp-embedded-content\"><p><a href=\"https:\/\/narod.hr\/hrvatska\/tribina-promjeni-imena-titovog-trga-hasanbegovic-kosanovica-puhovskog-jakovine\">(VIDEO) Tribina o promjeni imena Titovog trga: Hasanbegovi\u0107 protiv Kosanovi\u0107a, Puhovskog i Jakovine!<\/a><\/p><\/blockquote>\n<p><iframe loading=\"lazy\" class=\"wp-embedded-content\" sandbox=\"allow-scripts\" security=\"restricted\" style=\"position: absolute; clip: rect(1px, 1px, 1px, 1px);\" src=\"https:\/\/narod.hr\/hrvatska\/tribina-promjeni-imena-titovog-trga-hasanbegovic-kosanovica-puhovskog-jakovine\/embed#?secret=IYLK62QQpq\" data-secret=\"IYLK62QQpq\" width=\"600\" height=\"338\" title=\"&#8220;(VIDEO) Tribina o promjeni imena Titovog trga: Hasanbegovi\u0107 protiv Kosanovi\u0107a, Puhovskog i Jakovine!&#8221; &#8212; narod.hr\" frameborder=\"0\" marginwidth=\"0\" marginheight=\"0\" scrolling=\"no\"><\/iframe><\/p>\n<blockquote data-secret=\"PQZrMxPW8L\" class=\"wp-embedded-content\"><p><a href=\"http:\/\/www.maz.hr\/2017\/07\/06\/ideologija-politicka-trgovina\/\">Ideologija i politi\u010dka trgovina<\/a><\/p><\/blockquote>\n<p><iframe loading=\"lazy\" class=\"wp-embedded-content\" sandbox=\"allow-scripts\" security=\"restricted\" style=\"position: absolute; clip: rect(1px, 1px, 1px, 1px);\" src=\"http:\/\/www.maz.hr\/2017\/07\/06\/ideologija-politicka-trgovina\/embed\/#?secret=PQZrMxPW8L\" data-secret=\"PQZrMxPW8L\" width=\"600\" height=\"338\" title=\"&#8220;Ideologija i politi\u010dka trgovina&#8221; &#8212; MAZ\" frameborder=\"0\" marginwidth=\"0\" marginheight=\"0\" scrolling=\"no\"><\/iframe><\/p>\n<p>&nbsp;<\/p>\n<p>&nbsp;<\/p>\n<p><a href=\"https:\/\/www.tportal.hr\/kultura\/clanak\/sudar-titana-oko-titovog-trga-najbolja-stvar-ovog-tjedna-na-tv-u-20170707\">https:\/\/www.tportal.hr\/kultura\/clanak\/sudar-titana-oko-titovog-trga-najbolja-stvar-ovog-tjedna-na-tv-u-20170707<\/a><\/p>\n<p>&nbsp;<\/p>\n<p>&nbsp;<\/p>\n<p><a href=\"https:\/\/radiogornjigrad.wordpress.com\/2017\/07\/05\/frankovac-od-rodenja\/\">Frankovac od ro\u0111enja<\/a><\/p>\n<p>&nbsp;<\/p>\n<p>&nbsp;<\/p>\n<p><a href=\"http:\/\/hr.n1info.com\/a216623\/Vijesti\/Tudjman-i-Tito-su-isto-a-mi-nismo-isplivali-iz-40-tih.html\">http:\/\/hr.n1info.com\/a216623\/Vijesti\/Tudjman-i-Tito-su-isto-a-mi-nismo-isplivali-iz-40-tih.html<\/a><\/p>\n<p>&nbsp;<\/p>\n<p>&nbsp;<\/p>\n","protected":false},"excerpt":{"rendered":"","protected":false},"author":2,"featured_media":5209,"comment_status":"open","ping_status":"open","sticky":false,"template":"","format":"standard","meta":{"_acf_changed":false,"jetpack_post_was_ever_published":false,"_jetpack_newsletter_access":"","_jetpack_dont_email_post_to_subs":false,"_jetpack_newsletter_tier_id":0,"_jetpack_memberships_contains_paywalled_content":false,"_jetpack_memberships_contains_paid_content":false,"footnotes":"","jetpack_publicize_message":"","jetpack_publicize_feature_enabled":true,"jetpack_social_post_already_shared":true,"jetpack_social_options":{"image_generator_settings":{"template":"highway","default_image_id":0,"font":"","enabled":false},"version":2}},"categories":[3],"tags":[],"class_list":["post-5208","post","type-post","status-publish","format-standard","has-post-thumbnail","hentry","category-novosti"],"acf":{"facebook_opis":""},"jetpack_publicize_connections":[],"jetpack_featured_media_url":"https:\/\/i0.wp.com\/historiografija.hr\/wp-content\/uploads\/2017\/07\/trg-marsala-tita-zagreb.jpg?fit=900%2C471&ssl=1","jetpack_sharing_enabled":true,"jetpack-related-posts":[{"id":52589,"url":"https:\/\/historiografija.hr\/?p=52589","url_meta":{"origin":5208,"position":0},"title":"Predstavljena knjiga Miomira \u017du\u017eula &#8220;Dayton: Diplomacija &#8211; druga strana rata&#8221;","author":"Branimir Jankovi\u0107","date":"22. travnja 2026.","format":false,"excerpt":"Knjiga Miomira \u017du\u017eula \u201eDayton: Diplomacija \u2013 druga strana rata\u201d predstavljena je u srijedu, 22. travnja 2026. godine u foajeu Hrvatskoga narodnog kazali\u0161ta u Zagrebu. Op\u0161irnije: https:\/\/vijesti.hrt.hr\/hrvatska\/predstavljena-knjiga-miomira-zuzula-dayton-diplomacija-druga-strana-rata-12683259 https:\/\/www.vecernji.ba\/amp\/vijesti\/zuzulova-knjiga-o-daytonu-predstavljena-u-zagrebu-diplomacija-kao-druga-strana-rata-1953700 https:\/\/www.tportal.hr\/vijesti\/clanak\/bivsi-sanaderov-ministar-odrzao-promociju-evo-tko-je-sve-dosao-na-predstavljanje-knjige-miomira-zuzula-foto-20260422 https:\/\/direktno.hr\/zivot\/kultura\/zuzul-otkrio-sve-o-drugoj-strani-rata-za-hrvatsku-se-nije-libio-povuci-nekoga-i-za-kosu-395042 https:\/\/www.24sata.hr\/news\/miomir-zuzul-predstavio-je-knjigu-o-daytonu-diplomacija-je-bila-druga-strana-rata-1123152 https:\/\/www.vecernji.hr\/kultura\/kolinda-grabar-kitarovic-otvoreno-miomir-zuzul-nije-vukao-samo-za-rukav-nego-i-za-kosu-1953722 https:\/\/www.vecernji.hr\/kultura\/i-papa-lav-xiv-eksplicitno-je-daytonski-sporazum-istaknuo-kao-primjer-uspjesna-rjesavanja-sukoba-1952215","rel":"","context":"U &quot;Novosti&quot;","block_context":{"text":"Novosti","link":"https:\/\/historiografija.hr\/?cat=3"},"img":{"alt_text":"","src":"https:\/\/i0.wp.com\/historiografija.hr\/wp-content\/uploads\/2026\/04\/Dayton.jpg?fit=1024%2C683&ssl=1&resize=350%2C200","width":350,"height":200,"srcset":"https:\/\/i0.wp.com\/historiografija.hr\/wp-content\/uploads\/2026\/04\/Dayton.jpg?fit=1024%2C683&ssl=1&resize=350%2C200 1x, https:\/\/i0.wp.com\/historiografija.hr\/wp-content\/uploads\/2026\/04\/Dayton.jpg?fit=1024%2C683&ssl=1&resize=525%2C300 1.5x, https:\/\/i0.wp.com\/historiografija.hr\/wp-content\/uploads\/2026\/04\/Dayton.jpg?fit=1024%2C683&ssl=1&resize=700%2C400 2x"},"classes":[]},{"id":52613,"url":"https:\/\/historiografija.hr\/?p=52613","url_meta":{"origin":5208,"position":1},"title":"No\u0107 knjige u Hrvatskom dr\u017eavnom arhivu","author":"Branimir Jankovi\u0107","date":"22. travnja 2026.","format":false,"excerpt":"Predstavljanje knjige Rajke Bu\u0107in \u201dLije\u010denje i zbrinjavanje \u017didova u Bolnici sestara milosrdnica u Zagrebu 1941. \u2013 1945.\u201d u \u010detvrtak, 23. travnja 2026. u 13 sati u Hrvatskom dr\u017eavnom arhivu u Zagrebu. Izvor: https:\/\/www.arhiv.hr\/hr-hr\/Kulturno-prosvjetne-aktivnosti\/ArticleId\/1986\/oamid\/1633","rel":"","context":"U &quot;Novosti&quot;","block_context":{"text":"Novosti","link":"https:\/\/historiografija.hr\/?cat=3"},"img":{"alt_text":"","src":"https:\/\/i0.wp.com\/historiografija.hr\/wp-content\/uploads\/2026\/04\/noc_knjige_2026.jpg?fit=680%2C276&ssl=1&resize=350%2C200","width":350,"height":200,"srcset":"https:\/\/i0.wp.com\/historiografija.hr\/wp-content\/uploads\/2026\/04\/noc_knjige_2026.jpg?fit=680%2C276&ssl=1&resize=350%2C200 1x, https:\/\/i0.wp.com\/historiografija.hr\/wp-content\/uploads\/2026\/04\/noc_knjige_2026.jpg?fit=680%2C276&ssl=1&resize=525%2C300 1.5x"},"classes":[]},{"id":52520,"url":"https:\/\/historiografija.hr\/?p=52520","url_meta":{"origin":5208,"position":2},"title":"Predstavljanje knjige &#8220;Socialist Economics in Yugoslavia: A Critical History&#8221; u Zagrebu","author":"Branimir Jankovi\u0107","date":"17. travnja 2026.","format":false,"excerpt":"Pozivamo vas na predstavljanje knjige \"Socialist Economics in Yugoslavia: A Critical History\", autora Mislava \u00a0\u017ditka i Marka Grde\u0161i\u0107a (Routledge, 2026). Na predstavljanju \u0107e govoriti Branko Milanovi\u0107 (CUNY), Milica Uvali\u0107 (EUI), Zdravko Petak (FPZG) te autori.\u00a0 Predstavljanje \u0107e se odr\u017eati u srijedu 22. travnja u 16:00 sati na Fakultetu politi\u010dkih znanosti\u2026","rel":"","context":"U &quot;Novosti&quot;","block_context":{"text":"Novosti","link":"https:\/\/historiografija.hr\/?cat=3"},"img":{"alt_text":"","src":"https:\/\/i0.wp.com\/historiografija.hr\/wp-content\/uploads\/2026\/04\/Poziv-na-predstavljanje.png?fit=800%2C652&ssl=1&resize=350%2C200","width":350,"height":200,"srcset":"https:\/\/i0.wp.com\/historiografija.hr\/wp-content\/uploads\/2026\/04\/Poziv-na-predstavljanje.png?fit=800%2C652&ssl=1&resize=350%2C200 1x, https:\/\/i0.wp.com\/historiografija.hr\/wp-content\/uploads\/2026\/04\/Poziv-na-predstavljanje.png?fit=800%2C652&ssl=1&resize=525%2C300 1.5x, https:\/\/i0.wp.com\/historiografija.hr\/wp-content\/uploads\/2026\/04\/Poziv-na-predstavljanje.png?fit=800%2C652&ssl=1&resize=700%2C400 2x"},"classes":[]},{"id":52547,"url":"https:\/\/historiografija.hr\/?p=52547","url_meta":{"origin":5208,"position":3},"title":"ISHA Zagreb \u2013 Filmska ve\u010der: Povratak Martina Guerrea","author":"Branimir Jankovi\u0107","date":"20. travnja 2026.","format":false,"excerpt":"Klub studenata povijesti \u2013 ISHA Zagreb poziva Vas na filmsku ve\u010der na kojoj \u0107e se prikazivati \u201ePovratak Martina Guerrea\u201c, povijesna drama iz 1982. godine s radnjom smje\u0161tenom u 16. stolje\u0107u. Radnja je utemeljena na stvarnoj povijesnoj li\u010dnosti Martina Guerrea koji se nakon mnogo godina izbivanja vra\u0107a u svoje rodno mjesto\u2026","rel":"","context":"U &quot;Filmovi i serije&quot;","block_context":{"text":"Filmovi i serije","link":"https:\/\/historiografija.hr\/?cat=13"},"img":{"alt_text":"","src":"https:\/\/i0.wp.com\/historiografija.hr\/wp-content\/uploads\/2026\/04\/M-Guerre.png?fit=702%2C1006&ssl=1&resize=350%2C200","width":350,"height":200,"srcset":"https:\/\/i0.wp.com\/historiografija.hr\/wp-content\/uploads\/2026\/04\/M-Guerre.png?fit=702%2C1006&ssl=1&resize=350%2C200 1x, https:\/\/i0.wp.com\/historiografija.hr\/wp-content\/uploads\/2026\/04\/M-Guerre.png?fit=702%2C1006&ssl=1&resize=525%2C300 1.5x, https:\/\/i0.wp.com\/historiografija.hr\/wp-content\/uploads\/2026\/04\/M-Guerre.png?fit=702%2C1006&ssl=1&resize=700%2C400 2x"},"classes":[]},{"id":52552,"url":"https:\/\/historiografija.hr\/?p=52552","url_meta":{"origin":5208,"position":4},"title":"Besplatni glazbeni antikvarijat","author":"Branimir Jankovi\u0107","date":"20. travnja 2026.","format":false,"excerpt":"Muzi\u010dka akademija Sveu\u010dili\u0161ta u Zagrebu 23. travnja 2026. od 10 do 17 sati Pozivamo Vas na Besplatni glazbeni antikvarijat, koji u sklopu manifestacije No\u0107 knjige 2026. organizira Hrvatska udruga muzi\u010dkih knji\u017enica, arhiva i dokumentacijskih centara (HUMKAD). Antikvarijat \u0107e se odr\u017eati na Svjetski dan knjige \u2013 u \u010detvrtak 23. travnja 2026.\u2026","rel":"","context":"U &quot;Novosti&quot;","block_context":{"text":"Novosti","link":"https:\/\/historiografija.hr\/?cat=3"},"img":{"alt_text":"","src":"https:\/\/i0.wp.com\/historiografija.hr\/wp-content\/uploads\/2026\/04\/Besplatni-glazbeni-antikvarijat-23.-4.-2026.jpg?fit=1200%2C848&ssl=1&resize=350%2C200","width":350,"height":200,"srcset":"https:\/\/i0.wp.com\/historiografija.hr\/wp-content\/uploads\/2026\/04\/Besplatni-glazbeni-antikvarijat-23.-4.-2026.jpg?fit=1200%2C848&ssl=1&resize=350%2C200 1x, https:\/\/i0.wp.com\/historiografija.hr\/wp-content\/uploads\/2026\/04\/Besplatni-glazbeni-antikvarijat-23.-4.-2026.jpg?fit=1200%2C848&ssl=1&resize=525%2C300 1.5x, https:\/\/i0.wp.com\/historiografija.hr\/wp-content\/uploads\/2026\/04\/Besplatni-glazbeni-antikvarijat-23.-4.-2026.jpg?fit=1200%2C848&ssl=1&resize=700%2C400 2x, https:\/\/i0.wp.com\/historiografija.hr\/wp-content\/uploads\/2026\/04\/Besplatni-glazbeni-antikvarijat-23.-4.-2026.jpg?fit=1200%2C848&ssl=1&resize=1050%2C600 3x"},"classes":[]},{"id":52603,"url":"https:\/\/historiografija.hr\/?p=52603","url_meta":{"origin":5208,"position":5},"title":"No\u0107 knjige: Carska i kraljevska kuhinja","author":"Branimir Jankovi\u0107","date":"22. travnja 2026.","format":false,"excerpt":"Pozivamo vas da nam se pridru\u017eite 23. travnja 2026. u 18 sati u obilje\u017eavanju No\u0107i knjige u Pivnici Bobi&Rudi na Trgu Ivana Me\u0161trovi\u0107a u Zapru\u0111u u Zagrebu gdje uz kavu \u010ditamo recepte iz zemalja Austro-Ugarske Monarhije iz knjige Carska i kraljevska kuhinja, autora Roberta Mak\u0142owicza, u prijevodu Damira Agi\u010di\u0107a. Izvor:\u2026","rel":"","context":"U &quot;Novosti&quot;","block_context":{"text":"Novosti","link":"https:\/\/historiografija.hr\/?cat=3"},"img":{"alt_text":"","src":"https:\/\/i0.wp.com\/historiografija.hr\/wp-content\/uploads\/2026\/04\/Noc-knjige-Carska-i-kraljevska.jpg?fit=1200%2C1200&ssl=1&resize=350%2C200","width":350,"height":200,"srcset":"https:\/\/i0.wp.com\/historiografija.hr\/wp-content\/uploads\/2026\/04\/Noc-knjige-Carska-i-kraljevska.jpg?fit=1200%2C1200&ssl=1&resize=350%2C200 1x, https:\/\/i0.wp.com\/historiografija.hr\/wp-content\/uploads\/2026\/04\/Noc-knjige-Carska-i-kraljevska.jpg?fit=1200%2C1200&ssl=1&resize=525%2C300 1.5x, https:\/\/i0.wp.com\/historiografija.hr\/wp-content\/uploads\/2026\/04\/Noc-knjige-Carska-i-kraljevska.jpg?fit=1200%2C1200&ssl=1&resize=700%2C400 2x, https:\/\/i0.wp.com\/historiografija.hr\/wp-content\/uploads\/2026\/04\/Noc-knjige-Carska-i-kraljevska.jpg?fit=1200%2C1200&ssl=1&resize=1050%2C600 3x"},"classes":[]}],"_links":{"self":[{"href":"https:\/\/historiografija.hr\/index.php?rest_route=\/wp\/v2\/posts\/5208","targetHints":{"allow":["GET"]}}],"collection":[{"href":"https:\/\/historiografija.hr\/index.php?rest_route=\/wp\/v2\/posts"}],"about":[{"href":"https:\/\/historiografija.hr\/index.php?rest_route=\/wp\/v2\/types\/post"}],"author":[{"embeddable":true,"href":"https:\/\/historiografija.hr\/index.php?rest_route=\/wp\/v2\/users\/2"}],"replies":[{"embeddable":true,"href":"https:\/\/historiografija.hr\/index.php?rest_route=%2Fwp%2Fv2%2Fcomments&post=5208"}],"version-history":[{"count":3,"href":"https:\/\/historiografija.hr\/index.php?rest_route=\/wp\/v2\/posts\/5208\/revisions"}],"predecessor-version":[{"id":5212,"href":"https:\/\/historiografija.hr\/index.php?rest_route=\/wp\/v2\/posts\/5208\/revisions\/5212"}],"wp:featuredmedia":[{"embeddable":true,"href":"https:\/\/historiografija.hr\/index.php?rest_route=\/wp\/v2\/media\/5209"}],"wp:attachment":[{"href":"https:\/\/historiografija.hr\/index.php?rest_route=%2Fwp%2Fv2%2Fmedia&parent=5208"}],"wp:term":[{"taxonomy":"category","embeddable":true,"href":"https:\/\/historiografija.hr\/index.php?rest_route=%2Fwp%2Fv2%2Fcategories&post=5208"},{"taxonomy":"post_tag","embeddable":true,"href":"https:\/\/historiografija.hr\/index.php?rest_route=%2Fwp%2Fv2%2Ftags&post=5208"}],"curies":[{"name":"wp","href":"https:\/\/api.w.org\/{rel}","templated":true}]}}