{"id":5205,"date":"2017-07-10T08:04:39","date_gmt":"2017-07-10T08:04:39","guid":{"rendered":"http:\/\/historiografija.hr\/?p=5205"},"modified":"2017-07-10T08:04:39","modified_gmt":"2017-07-10T08:04:39","slug":"call-for-participation-fascism-and-antifascism-in-our-time-critical-investigations","status":"publish","type":"post","link":"https:\/\/historiografija.hr\/?p=5205","title":{"rendered":"Call for Participation: Fascism and Antifascism in Our Time: Critical Investigations"},"content":{"rendered":"<p>The Hamburg Institute for Social Research and the Federal Agency for Civic Education, in partnership with Rutgers University, cordially invite you to the international conference \u201cFascism and Antifascism in Our Time: Critical Investigations\u201d \/ The conference will take place on 1 &#8211; 3 November 2017 at the Hamburg Institute for Social Research in Hamburg and in L\u00fcneburg \/ The deadline for submissions is 15 July 2017.<\/p>\n<p>&nbsp;<\/p>\n<p>&#8212;<\/p>\n<p>&nbsp;<\/p>\n<p>Ort: Hamburg<\/p>\n<p>&nbsp;<\/p>\n<p>Veranstaltungsort: Hamburger Institut f\u00fcr Sozialforschung, Mittelweg 36, 20148 Hamburg<\/p>\n<p>&nbsp;<\/p>\n<p>Veranstalter: Hamburg Institute for Social Research (Hamburger Institut f\u00fcr Sozialforschung \/ HIS); the Federal Agency for Civic Education (Bundeszentrale f\u00fcr politische Bildung \/ bpb); Rutgers University (USA)<\/p>\n<p>&nbsp;<\/p>\n<p>Datum: 01.11.2017 &#8211; 03.11.2017<\/p>\n<p>&nbsp;<\/p>\n<p>Bewerbungsschluss: 15.07.2017<\/p>\n<p>&nbsp;<\/p>\n<p>Url: <a href=\"http:\/\/www.bpb.de\/fascism-antifascism\">http:\/\/www.bpb.de\/fascism-antifascism<\/a><\/p>\n<p>&nbsp;<\/p>\n<p>Von: Bundeszentrale f\u00fcr politische Bildung<\/p>\n<p>&nbsp;<\/p>\n<p>&nbsp;<\/p>\n<p>The Hamburg Institute for Social Research (Hamburger Institut f\u00fcr Sozialforschung \/ HIS) and the Federal Agency for Civic Education (Bundeszentrale f\u00fcr politische Bildung \/ bpb), in partnership with Rutgers University (USA), cordially invite you to the international conference \u201cFascism and Antifascism in Our Time: Critical Investigations\u201d. The conference will take place on 1 &#8211; 3 November 2017 at the Hamburg Institute for Social Research in Hamburg and in L\u00fcneburg \/ Germany.<\/p>\n<p>&nbsp;<\/p>\n<p>&nbsp;<\/p>\n<p>The spread of nationalist and authoritarian movements in Europe and around the world has prompted debates about a return of global fascism. At the same time, many countries are witnessing civil society activities opposing such movements. Politicians and activists from both camps endorse like-minded actors across borders. Do these developments suggest that we are living in a time comparable to the 1930s, when the decisive marker in national and international politics was the one between fascism and antifascism?<\/p>\n<p>&nbsp;<\/p>\n<p>&nbsp;<\/p>\n<p>The conference investigates the contemporary relevance of fascism and antifascism by bringing together scholarly experts on these historical movements and actors in civil society. It will discuss the interrelatedness of fascism and antifascism, illuminate their global networks and local trajectories, analyze central characteristics and ideas, and trace shifts in discourses and practices of remembrance. Other focuses are memory politics, phenomenology, and current adaptations as well as the aesthetic dimensions and artistic practices associated with fascism or antifascism.<\/p>\n<p>&nbsp;<\/p>\n<p>&nbsp;<\/p>\n<p>The overarching aim of the conference is to explore whether and how the histories of fascism and antifascism offer insights into the rise of authoritarian regimes today. What makes a fascist regime? What is the line separating authoritarianism from fascism? Can we identify \u201ctipping points\u201d? How should a civil society react to these challenges? Do antifascist movements of the 20th century offer a role model? How can insights into such historical connections benefit proponents of a democratic civil society?<\/p>\n<p>&nbsp;<\/p>\n<p>&nbsp;<\/p>\n<p>The conference addresses scholars, practitioners of civic education, artists, and activists involved in projects dealing with fascism, antifascism, authoritarianism, and the advancement of democracy. Projects on politics and practices of remembrance are especially welcome. Your involvement can be professional or voluntary \/ non-professional. We look forward to applications from all countries, especially from Armenia, Azerbaijan, Belarus, Georgia, Moldova, Russia and Ukraine. Applicants are expected to be proficient in English and attend the entire conference.<\/p>\n<p>&nbsp;<\/p>\n<p>&nbsp;<\/p>\n<p>Please send your CV and a motivational letter (300\u2013500 words) describing the nature of your involvement with the above-mentioned topics and why you wish to participate in the conference to antifascism@his-online.de. The deadline for submissions is 15 July 2017.<\/p>\n<p>&nbsp;<\/p>\n<p>&nbsp;<\/p>\n<p>There is no conference fee. For those who travel from outside Germany, travel expenses will be reimbursed up to 800 Euro (up to 300 Euro from within the EU, up to 500 Euro from other European countries, up to 800 Euro from overseas). Accommodation for participants in the central conference hotel will be provided free of charge. The conference language will be English.<\/p>\n<p>&nbsp;<\/p>\n<p>&nbsp;<\/p>\n<p>The conference is held in cooperation between the Federal Agency for Civic Education, Bonn, the Hamburg Institute for Social Research, and Rutgers University, New Jersey. As part of the programme \u201cMapping Memories\u201d (www.bpb.de\/mapping-memories), it is generously supported by the Federal Foreign Office of Germany.<\/p>\n<p>&nbsp;<\/p>\n<p>&nbsp;<\/p>\n<p>At a glance:<\/p>\n<p>&nbsp;<\/p>\n<p>&nbsp;<\/p>\n<p>Conference: \u201cFascism and Antifascism in Our Time: Critical Investigations\u201d<\/p>\n<p>&nbsp;<\/p>\n<p>&nbsp;<\/p>\n<p>Date: 1 &#8211; 3 November 2017<\/p>\n<p>&nbsp;<\/p>\n<p>&nbsp;<\/p>\n<p>Venue: Hamburger Institut f\u00fcr Sozialforschung, Mittelweg 36, 20148 Hamburg<\/p>\n<p>&nbsp;<\/p>\n<p>No conference fee<br \/>\nFree accommodation<br \/>\nTravel costs will be reimbursed up to 300 \/ 500 \/ 800 Euro<\/p>\n<p>&nbsp;<\/p>\n<p>Conference language: English<\/p>\n<p>&nbsp;<\/p>\n<p>Contact (only via E-mail):<br \/>\nVictoria Romano, Hamburger Institut f\u00fcr Sozialforschung, antifascism@his-online.de<\/p>\n<p>&nbsp;<\/p>\n<p>www.bpb.de\/fascism-antifascism<\/p>\n<p>&nbsp;<\/p>\n<p>Kontakt<\/p>\n<p>Victoria Romano<\/p>\n<p>Hamburger Institut f\u00fcr Sozialforschung<\/p>\n<p>antifascism@his-online.de<\/p>\n<p>&nbsp;<\/p>\n<p>Zitation<\/p>\n<p>Call for Participation: Fascism and Antifascism in Our Time: Critical Investigations, 01.11.2017 \u2013 03.11.2017 Hamburg, in: H-Soz-Kult, 26.06.2017,<\/p>\n<p><a href=\"http:\/\/www.hsozkult.de\/event\/id\/termine-34460\">http:\/\/www.hsozkult.de\/event\/id\/termine-34460<\/a><\/p>\n<p>&nbsp;<\/p>\n","protected":false},"excerpt":{"rendered":"","protected":false},"author":2,"featured_media":5206,"comment_status":"open","ping_status":"open","sticky":false,"template":"","format":"standard","meta":{"_acf_changed":false,"jetpack_post_was_ever_published":false,"_jetpack_newsletter_access":"","_jetpack_dont_email_post_to_subs":false,"_jetpack_newsletter_tier_id":0,"_jetpack_memberships_contains_paywalled_content":false,"_jetpack_memberships_contains_paid_content":false,"footnotes":"","jetpack_publicize_message":"","jetpack_publicize_feature_enabled":true,"jetpack_social_post_already_shared":true,"jetpack_social_options":{"image_generator_settings":{"template":"highway","default_image_id":0,"font":"","enabled":false},"version":2}},"categories":[3,9],"tags":[],"class_list":["post-5205","post","type-post","status-publish","format-standard","has-post-thumbnail","hentry","category-novosti","category-skupovi"],"acf":{"facebook_opis":""},"jetpack_publicize_connections":[],"jetpack_featured_media_url":"https:\/\/i0.wp.com\/historiografija.hr\/wp-content\/uploads\/2017\/07\/BpB.jpg?fit=1415%2C591&ssl=1","jetpack_sharing_enabled":true,"jetpack-related-posts":[{"id":52516,"url":"https:\/\/historiografija.hr\/?p=52516","url_meta":{"origin":5205,"position":0},"title":"Marko Grde\u0161i\u0107, Mislav \u017ditko, \u201eSocialist Economics in Yugoslavia: A Critical History\u201c","author":"Branimir Jankovi\u0107","date":"17. travnja 2026.","format":false,"excerpt":"This book presents a critical history of Yugoslav socialist economics, from its inception in the late 1940s to its dissolution in the late 1980s. After the dramatic break with the Soviet Union in 1948, Yugoslavia found itself in urgent need of a third way: A socialist trajectory which would not\u2026","rel":"","context":"U &quot;Knjige&quot;","block_context":{"text":"Knjige","link":"https:\/\/historiografija.hr\/?cat=8"},"img":{"alt_text":"","src":"https:\/\/i0.wp.com\/historiografija.hr\/wp-content\/uploads\/2026\/04\/Zitko_Grdesic.jpg?fit=350%2C535&ssl=1&resize=350%2C200","width":350,"height":200},"classes":[]},{"id":52664,"url":"https:\/\/historiografija.hr\/?p=52664","url_meta":{"origin":5205,"position":1},"title":"CfP: CONFERENCE OF THE HISTORY OF CONCEPTS GROUP, HELSINKI, 19TH\u201321ST AUGUST 2026 (DEADLINE: 30TH APRIL 2026)","author":"Branimir Jankovi\u0107","date":"24. travnja 2026.","format":false,"excerpt":"The annual conference of the History of Concepts Group is held at the University of Helsinki, 19-21 August 2026. Conference of the History of Concepts Group Conceptual history studies the use of concepts and tries to understand how historical actors have linguistically articulated views of the world. Studying concepts from\u2026","rel":"","context":"U &quot;Novosti&quot;","block_context":{"text":"Novosti","link":"https:\/\/historiografija.hr\/?cat=3"},"img":{"alt_text":"","src":"https:\/\/i0.wp.com\/historiografija.hr\/wp-content\/uploads\/2017\/10\/hsozkult.png?fit=1006%2C241&ssl=1&resize=350%2C200","width":350,"height":200,"srcset":"https:\/\/i0.wp.com\/historiografija.hr\/wp-content\/uploads\/2017\/10\/hsozkult.png?fit=1006%2C241&ssl=1&resize=350%2C200 1x, https:\/\/i0.wp.com\/historiografija.hr\/wp-content\/uploads\/2017\/10\/hsozkult.png?fit=1006%2C241&ssl=1&resize=525%2C300 1.5x, https:\/\/i0.wp.com\/historiografija.hr\/wp-content\/uploads\/2017\/10\/hsozkult.png?fit=1006%2C241&ssl=1&resize=700%2C400 2x"},"classes":[]},{"id":52580,"url":"https:\/\/historiografija.hr\/?p=52580","url_meta":{"origin":5205,"position":2},"title":"Conference &#8220;Living in the aftermaths: Trauma, politics and survival in Yugoslavia and successor states, 1945 \u2013 present&#8221;","author":"Branimir Jankovi\u0107","date":"21. travnja 2026.","format":false,"excerpt":"The conference aims to explore how war-related psychological distress was experienced, narrated, debated and reframed in Yugoslavia in the second half of the twentieth century. It asks how the theme of wounded psyche and wartime suffering was addressed and acknowledged in political, psychiatric and broader cultural discourses of socialist Yugoslavia,\u2026","rel":"","context":"U &quot;Novosti&quot;","block_context":{"text":"Novosti","link":"https:\/\/historiografija.hr\/?cat=3"},"img":{"alt_text":"","src":"https:\/\/i0.wp.com\/historiografija.hr\/wp-content\/uploads\/2026\/04\/Battle_of_Neretva_Picasso_poster-Conference-Living-in-the-aftermaths.webp?fit=564%2C954&ssl=1&resize=350%2C200","width":350,"height":200,"srcset":"https:\/\/i0.wp.com\/historiografija.hr\/wp-content\/uploads\/2026\/04\/Battle_of_Neretva_Picasso_poster-Conference-Living-in-the-aftermaths.webp?fit=564%2C954&ssl=1&resize=350%2C200 1x, https:\/\/i0.wp.com\/historiografija.hr\/wp-content\/uploads\/2026\/04\/Battle_of_Neretva_Picasso_poster-Conference-Living-in-the-aftermaths.webp?fit=564%2C954&ssl=1&resize=525%2C300 1.5x"},"classes":[]},{"id":52641,"url":"https:\/\/historiografija.hr\/?p=52641","url_meta":{"origin":5205,"position":3},"title":"CfP: WHO OWNS THE PAST? VERNACULAR MEMORY, STATE MEMORY, AND THE POLITICS OF OWNERSHIP","author":"Branimir Jankovi\u0107","date":"24. travnja 2026.","format":false,"excerpt":"VIENNA, 31ST AUGUST\u20133RD SEPTEMBER 2026 (DEADLINE: 24TH APRIL 2026) The Center for Austrian Studies at the European Forum at the Hebrew University and the Austrian Academy of Sciences\/Institute of Culture Studies invite early postdocs, PhD candidates, and advanced Master\u2019s students from the Hebrew University of Jerusalem and universities and academic\u2026","rel":"","context":"U &quot;Novosti&quot;","block_context":{"text":"Novosti","link":"https:\/\/historiografija.hr\/?cat=3"},"img":{"alt_text":"","src":"https:\/\/i0.wp.com\/historiografija.hr\/wp-content\/uploads\/2017\/10\/hsozkult.png?fit=1006%2C241&ssl=1&resize=350%2C200","width":350,"height":200,"srcset":"https:\/\/i0.wp.com\/historiografija.hr\/wp-content\/uploads\/2017\/10\/hsozkult.png?fit=1006%2C241&ssl=1&resize=350%2C200 1x, https:\/\/i0.wp.com\/historiografija.hr\/wp-content\/uploads\/2017\/10\/hsozkult.png?fit=1006%2C241&ssl=1&resize=525%2C300 1.5x, https:\/\/i0.wp.com\/historiografija.hr\/wp-content\/uploads\/2017\/10\/hsozkult.png?fit=1006%2C241&ssl=1&resize=700%2C400 2x"},"classes":[]},{"id":52622,"url":"https:\/\/historiografija.hr\/?p=52622","url_meta":{"origin":5205,"position":4},"title":"Annual CAPONEU conference: Political Novel in Europe Between Democracy and Authoritarianism","author":"Branimir Jankovi\u0107","date":"23. travnja 2026.","format":false,"excerpt":"Caponeu event 22.04.2026 - 24.04.2026 Location: The Faculty of Polish and Classical Philology AMU (Fredry 10, Pozna\u0144)Organized by: Tomasz Mizerkiewicz, Krystyna Pieni\u0105\u017cek-Markovi\u0107, Anna Gawarecka, Ewa Szperlik, Magda Potok, B\u0142a\u017cej Warkocki, Gerard Ronge (all Adam Mickiewicz University in Pozna\u0144)Contact: gerron@amu.edu.pl The Adam Mickiewicz University team, as part of the international CAPONEU\u2026","rel":"","context":"U &quot;Novosti&quot;","block_context":{"text":"Novosti","link":"https:\/\/historiografija.hr\/?cat=3"},"img":{"alt_text":"","src":"https:\/\/i0.wp.com\/historiografija.hr\/wp-content\/uploads\/2026\/04\/Caponeu-political-novel.jpg?fit=500%2C261&ssl=1&resize=350%2C200","width":350,"height":200},"classes":[]},{"id":52643,"url":"https:\/\/historiografija.hr\/?p=52643","url_meta":{"origin":5205,"position":5},"title":"BRACEWELL TRAVELLING SCHOLARSHIP\u202fFOR PHD STUDENTS (DEADLINE: 30TH APRIL 2026)","author":"Branimir Jankovi\u0107","date":"24. travnja 2026.","format":false,"excerpt":"The Bracewell Travelling Scholarship\u202fis funded by a gift from SSEES Emeritus Professor of History Wendy Bracewell, whose research examines South Slav history, and travel writing in eastern Europe. The Scholarship honours the long tradition of mutual curiosity between the UK and eastern, central and southeastern Europe by supporting PhD students\u2026","rel":"","context":"U &quot;Novosti&quot;","block_context":{"text":"Novosti","link":"https:\/\/historiografija.hr\/?cat=3"},"img":{"alt_text":"","src":"https:\/\/i0.wp.com\/historiografija.hr\/wp-content\/uploads\/2026\/04\/Bracewell-Travelling-Scholarship-.webp?fit=980%2C700&ssl=1&resize=350%2C200","width":350,"height":200,"srcset":"https:\/\/i0.wp.com\/historiografija.hr\/wp-content\/uploads\/2026\/04\/Bracewell-Travelling-Scholarship-.webp?fit=980%2C700&ssl=1&resize=350%2C200 1x, https:\/\/i0.wp.com\/historiografija.hr\/wp-content\/uploads\/2026\/04\/Bracewell-Travelling-Scholarship-.webp?fit=980%2C700&ssl=1&resize=525%2C300 1.5x, https:\/\/i0.wp.com\/historiografija.hr\/wp-content\/uploads\/2026\/04\/Bracewell-Travelling-Scholarship-.webp?fit=980%2C700&ssl=1&resize=700%2C400 2x"},"classes":[]}],"_links":{"self":[{"href":"https:\/\/historiografija.hr\/index.php?rest_route=\/wp\/v2\/posts\/5205","targetHints":{"allow":["GET"]}}],"collection":[{"href":"https:\/\/historiografija.hr\/index.php?rest_route=\/wp\/v2\/posts"}],"about":[{"href":"https:\/\/historiografija.hr\/index.php?rest_route=\/wp\/v2\/types\/post"}],"author":[{"embeddable":true,"href":"https:\/\/historiografija.hr\/index.php?rest_route=\/wp\/v2\/users\/2"}],"replies":[{"embeddable":true,"href":"https:\/\/historiografija.hr\/index.php?rest_route=%2Fwp%2Fv2%2Fcomments&post=5205"}],"version-history":[{"count":1,"href":"https:\/\/historiografija.hr\/index.php?rest_route=\/wp\/v2\/posts\/5205\/revisions"}],"predecessor-version":[{"id":5207,"href":"https:\/\/historiografija.hr\/index.php?rest_route=\/wp\/v2\/posts\/5205\/revisions\/5207"}],"wp:featuredmedia":[{"embeddable":true,"href":"https:\/\/historiografija.hr\/index.php?rest_route=\/wp\/v2\/media\/5206"}],"wp:attachment":[{"href":"https:\/\/historiografija.hr\/index.php?rest_route=%2Fwp%2Fv2%2Fmedia&parent=5205"}],"wp:term":[{"taxonomy":"category","embeddable":true,"href":"https:\/\/historiografija.hr\/index.php?rest_route=%2Fwp%2Fv2%2Fcategories&post=5205"},{"taxonomy":"post_tag","embeddable":true,"href":"https:\/\/historiografija.hr\/index.php?rest_route=%2Fwp%2Fv2%2Ftags&post=5205"}],"curies":[{"name":"wp","href":"https:\/\/api.w.org\/{rel}","templated":true}]}}