{"id":5202,"date":"2017-07-10T07:53:31","date_gmt":"2017-07-10T07:53:31","guid":{"rendered":"http:\/\/historiografija.hr\/?p=5202"},"modified":"2017-07-10T07:53:31","modified_gmt":"2017-07-10T07:53:31","slug":"ministarstvo-kulture-na-unesco-ovu-popisu-obrambeni-sustav-grada-zadra-i-sibenska-tvrdava-sv-nikole","status":"publish","type":"post","link":"https:\/\/historiografija.hr\/?p=5202","title":{"rendered":"Ministarstvo kulture: Na UNESCO-ovu popisu obrambeni sustav grada Zadra i \u0161ibenska tvr\u0111ava sv. Nikole"},"content":{"rendered":"<p>Ministarstvo kulture priop\u0107ilo je u nedjelju kako je Republika Hrvatska na Popis svjetske ba\u0161tine UNESCO-a upisala jo\u0161 dva kulturna dobra Venecijanskih utvrda 15.-17.stolje\u0107a \u2013 obrambeni sustav grada Zadra i tvr\u0111avu sv.Nikole u \u0160ibensko-kninskoj \u017eupaniji.<\/p>\n<p>&nbsp;<\/p>\n<p>&nbsp;<\/p>\n<p>&#8220;Nakon uspje\u0161nog upisa tri lokaliteta pro\u0161irenja serijske nominacije &#8220;Iskonske bukove \u0161ume Karpata i drugih regija Europe&#8221; na Popis svjetske ba\u0161tine UNESCO-a, Republika Hrvatska upisala je jo\u0161 dva kulturna dobra Venecijanskih utvrda 15.-17 stolje\u0107a, \u0161to zajedno \u010dini pet kulturnih dobara upisanih na zasjedanju 41. Odbora za svjetsku ba\u0161tinu UNESCO-a, u Krakowu u Poljskoj&#8221;, navodi se u priop\u0107enju.<\/p>\n<p>&nbsp;<\/p>\n<p>&nbsp;<\/p>\n<p>U hrvatsku nominaciju Venecijanskih utvrda 15.-17. stolje\u0107a, upisani su obrambeni sustav Zadra i obrambeni sustav \u0160ibenika, na zajedni\u010dki prijedlog Italije, Hrvatske i Crne Gore.<\/p>\n<p>&nbsp;<\/p>\n<p>&nbsp;<\/p>\n<p>Hrvatska, Italija i Crna Gora su u sije\u010dnju 2016. godine, uputile UNESCO-u prijedlog za upis na Popis svjetske ba\u0161tine transnacionalnog serijskog kulturnog dobra &#8220;Obrambeni sustavi Republike Venecije u razdoblju od 15. do 17. stolje\u0107a&#8221;.<\/p>\n<p>&nbsp;<\/p>\n<p>&nbsp;<\/p>\n<p>Nakon dugotrajnog i zahtjevnog procesa izrade odgovaraju\u0107e dokumentacije i evaluacije prijedloga, UNESCO-ov Odbor za svjetsku ba\u0161tinu, na zasjedanju u Krakovu u Poljskoj 9. srpnja ove godine, pozitivno ga je ocijenio te donio odluku da se ovo kompleksno dobro upi\u0161e na Popis svjetske ba\u0161tine sa slijede\u0107im komponentama: u Italiji utvr\u0111eni grad Bergamo, utvr\u0111eni grad Peschiera del Garda i grad-tvr\u0111ava Palmanova; u Hrvatskoj obrambeni sustav grada Zadra i tvr\u0111ava sv. Nikole u \u0160ibensko-kninskoj \u017eupaniji te u Crnoj Gori grad Kotor.<\/p>\n<p>&nbsp;<\/p>\n<p>&nbsp;<\/p>\n<p>Nakon odlu\u010dne preporuke ICOMOS-a, kao stru\u010dnog savjetodavnog tijela UNESCO-a, da se predlo\u017eeno serijsko dobro upi\u0161e na Popis svjetske ba\u0161tine, \u010dlanovi Odbora za svjetsku ba\u0161tinu su pohvalili i \u010destitali na odli\u010dno pripremljenoj nominaciji, ka\u017eu u Ministarstvu kulture.<\/p>\n<p>&nbsp;<\/p>\n<p>Upisano dobro &#8220;Obrambeni sustavi Republike Venecije 16. i 17. stolje\u0107a&#8221; predstavlja organizaciju, oblikovanje, adaptaciju i provedbu inovativnog \u201ealla moderna\u201c modela vojne arhitekture \u010dija je svrha bila obrana trgova\u010dkih putova i luka na Jadranu i isto\u010dnom Mediteranu.<\/p>\n<p>&nbsp;<\/p>\n<p>&nbsp;<\/p>\n<p>Nakon promjena uvjetovanih uvo\u0111enjem upotrebe vatrenoga oru\u017eja, elementi \u201eala moderna\u201c sustava na izuzetan na\u010din pokazuju njegove tehni\u010dke i logisti\u010dke sposobnosti, moderne borbene strategije i nove arhitektonske zahtjeve. Navedenih \u0161est komponenti predlo\u017eenog transnacionalnog serijskog kulturnog dobra venecijanskog sustava obrane sadr\u017ee atribute izvanredne univerzalne vrijednosti, uklju\u010duju\u0107i njihovu tipolo\u0161ku raznolikost, vizualni integritet i stanje o\u010duvanosti, \u010dime su ispunjeni kriterij III i IV za upis na Popis svjetske ba\u0161tine. Upravljanje ovim transnacionalnim serijskim kulturnim dobrom biti \u0107e organizirano na transnacionalnoj, nacionalnoj i lokalnoj razini odgovornosti i aktivnosti.<\/p>\n<p>&nbsp;<\/p>\n<p>Tvr\u0111ava sv. Nikole, smje\u0161tena na stjenovitom oto\u010di\u0107u na ulazu u \u0161ibenski kanal, bila je prva linija obrane grada \u0160ibenika s mora. Ova jedinstvena utvrda na moru, sa svojim trokutnim tlocrtom, vrhunski je primjer razvoja inovativnog \u201ealla moderna\u201c modela fortifikacijske arhitekture, ali i vrhunsko ostvarenje kasnorenesansne arhitekture.<\/p>\n<p>&nbsp;<\/p>\n<p>Zadar je bio vojno i administrativno sjedi\u0161te jadranskog dijela Republike Venecije te sredi\u0161te pomorskih putova izme\u0111u Venecije i Krfa. Nalazi se na poluotoku utvr\u0111enom gradskim zidinama s nizom bastiona i kortina te vanjskom utvrdom trema kopnu. Izuzetan zna\u010daj njegovih utvrda nisu umanjile niti kasnije promjene. Obrana grada na poluotoku jo\u0161 uvijek \u010duva izvanrednu akumulaciju nadgra\u0111enih zidova i konstrukcija: monumentalna kopnena vrata &#8211; remek djelo visoke renesanse, mo\u0107ne bedeme i bastione koji demonstriraju ala moderna\u201c vojnu arhitekturu.<\/p>\n<p>&nbsp;<\/p>\n<p>&nbsp;<\/p>\n<p>Progla\u0161enju odluke prisustvovali su i predstavnici Republike Hrvatske. Uz voditelja izaslanstva, pomo\u0107nika ministrice kulture Davora Trupkovi\u0107a, bio je veleposlanik Ivo Goldstein, stalni predstavnik pri UNESCO-u, prof. Miljenko Jurkovi\u0107, predsjednik Hrvatskog vije\u0107a za kulturna dobra Miljenko Domijan, voditeljica i glavna tajnica Hrvatskoga povjerenstva za UNESCO Rut Carek, voditelj Odjela za graditeljsku ba\u0161tinu, krajolik i prostorno planske mjere za\u0161tite Bruno Dikli\u0107, Jasminka Dini\u0107 iz Ministarstva vanjskih i europskih poslova, Martina Vidakovi\u0107 iz Ministarstva za\u0161tite okoli\u0161a i energetike te predstavnici gradova Zadra i \u0160ibenika na \u010delu s gradona\u010delnikom Brankom Duki\u0107em i \u017eupanom \u0160ibensko-kninske \u017eupanije Goranom Paukom, priop\u0107eno je iz Ministarstva kulture.<\/p>\n<p>&nbsp;<\/p>\n<p>&nbsp;<\/p>\n<p><strong>(Hina)<\/strong><\/p>\n<p>&nbsp;<\/p>\n<p>&nbsp;<\/p>\n","protected":false},"excerpt":{"rendered":"","protected":false},"author":2,"featured_media":5203,"comment_status":"open","ping_status":"open","sticky":false,"template":"","format":"standard","meta":{"_acf_changed":false,"jetpack_post_was_ever_published":false,"_jetpack_newsletter_access":"","_jetpack_dont_email_post_to_subs":false,"_jetpack_newsletter_tier_id":0,"_jetpack_memberships_contains_paywalled_content":false,"_jetpack_memberships_contains_paid_content":false,"footnotes":"","jetpack_publicize_message":"","jetpack_publicize_feature_enabled":true,"jetpack_social_post_already_shared":true,"jetpack_social_options":{"image_generator_settings":{"template":"highway","default_image_id":0,"font":"","enabled":false},"version":2}},"categories":[3],"tags":[],"class_list":["post-5202","post","type-post","status-publish","format-standard","has-post-thumbnail","hentry","category-novosti"],"acf":{"facebook_opis":""},"jetpack_publicize_connections":[],"jetpack_featured_media_url":"https:\/\/i0.wp.com\/historiografija.hr\/wp-content\/uploads\/2017\/07\/tvrdjava-sv-nikole.jpg?fit=688%2C299&ssl=1","jetpack_sharing_enabled":true,"jetpack-related-posts":[{"id":52666,"url":"https:\/\/historiografija.hr\/?p=52666","url_meta":{"origin":5202,"position":0},"title":"Najava programa Festivala povijesti Kliofest (5-8. V. 2026)","author":"Branimir Jankovi\u0107","date":"24. travnja 2026.","format":false,"excerpt":"Po trinaesti put odr\u017eava se Festival povijesti Kliofest! Do petka \u0107emo odr\u017eati osam okruglih stolova i dva kolokvija te niz predstavljanja knjiga i projekata razli\u010dite tematike, od antike do suvremenosti. Bit \u0107e predstavljeno i nekoliko izlo\u017ebi te odr\u017ean jedan povijesni kviz. Prikazat \u0107emo i jedan film \u2013 o generalu Boroevi\u0107u.\u2026","rel":"","context":"U &quot;Novosti&quot;","block_context":{"text":"Novosti","link":"https:\/\/historiografija.hr\/?cat=3"},"img":{"alt_text":"","src":"https:\/\/i0.wp.com\/historiografija.hr\/wp-content\/uploads\/2026\/04\/Kliofest-2026.jpg?fit=526%2C526&ssl=1&resize=350%2C200","width":350,"height":200,"srcset":"https:\/\/i0.wp.com\/historiografija.hr\/wp-content\/uploads\/2026\/04\/Kliofest-2026.jpg?fit=526%2C526&ssl=1&resize=350%2C200 1x, https:\/\/i0.wp.com\/historiografija.hr\/wp-content\/uploads\/2026\/04\/Kliofest-2026.jpg?fit=526%2C526&ssl=1&resize=525%2C300 1.5x"},"classes":[]},{"id":52502,"url":"https:\/\/historiografija.hr\/?p=52502","url_meta":{"origin":5202,"position":1},"title":"Novi znanstveni projekt Hrvatskog instituta za povijest: \u201c\u017drtve ratova i dr\u017eavnog\/politi\u010dkog nasilja u hrvatskoj povijesti 20. stolje\u0107a\u201d","author":"Branimir Jankovi\u0107","date":"17. travnja 2026.","format":false,"excerpt":"Na redovitoj sjednici Vlade RH, 16. travnja 2026., donijet je Zaklju\u010dak kojim se pokre\u0107e znanstveni projekt \u201c\u017drtve ratova i dr\u017eavnog\/politi\u010dkog nasilja u hrvatskoj povijesti 20. stolje\u0107a\u201d. Projekt \u0107e provoditi i koordinirati Hrvatski institut za povijest u razdoblju trajanja projekta od pet godina. Zakljucak Vlade RH Iz teksta projektnog prijedloga: Problematika\u2026","rel":"","context":"U &quot;Novosti&quot;","block_context":{"text":"Novosti","link":"https:\/\/historiografija.hr\/?cat=3"},"img":{"alt_text":"","src":"https:\/\/i0.wp.com\/historiografija.hr\/wp-content\/uploads\/2026\/04\/Vlada-RH.jpg?fit=1200%2C557&ssl=1&resize=350%2C200","width":350,"height":200,"srcset":"https:\/\/i0.wp.com\/historiografija.hr\/wp-content\/uploads\/2026\/04\/Vlada-RH.jpg?fit=1200%2C557&ssl=1&resize=350%2C200 1x, https:\/\/i0.wp.com\/historiografija.hr\/wp-content\/uploads\/2026\/04\/Vlada-RH.jpg?fit=1200%2C557&ssl=1&resize=525%2C300 1.5x, https:\/\/i0.wp.com\/historiografija.hr\/wp-content\/uploads\/2026\/04\/Vlada-RH.jpg?fit=1200%2C557&ssl=1&resize=700%2C400 2x, https:\/\/i0.wp.com\/historiografija.hr\/wp-content\/uploads\/2026\/04\/Vlada-RH.jpg?fit=1200%2C557&ssl=1&resize=1050%2C600 3x"},"classes":[]},{"id":52569,"url":"https:\/\/historiografija.hr\/?p=52569","url_meta":{"origin":5202,"position":2},"title":"[Predavanje] Ne \u010dekaju\u0107i inspiraciju \u2013 anga\u017eovane intelektualne, kulturalne i umetni\u010dke prakse u me\u0111uratnom periodu: teorija i praksa kriti\u010dke levice u jugoslovenskoj kulturi (YugoLab)","author":"Branimir Jankovi\u0107","date":"21. travnja 2026.","format":false,"excerpt":"U vreme agresivnog ja\u010danja globalne desnice, (pro)fa\u0161isti\u010dkih, rasisti\u010dkih i imperijalisti\u010dkih politika, dok je istovremeno globalna levica izrazito slaba, a progresivni pokreti atomizirani i fragmentisani, va\u017eno je iz savremene perspektive vratiti se revolucionarnim i emancipatorskim zbivanjima u jugoslovenskom (ali i s njima u vezi internacionalnim de\u0161avanjima), kao i dru\u0161tvenoj ulozi kulturalnih\u2026","rel":"","context":"U &quot;Novosti&quot;","block_context":{"text":"Novosti","link":"https:\/\/historiografija.hr\/?cat=3"},"img":{"alt_text":"","src":"","width":0,"height":0},"classes":[]},{"id":52631,"url":"https:\/\/historiografija.hr\/?p=52631","url_meta":{"origin":5202,"position":3},"title":"Predavanje Ivana Tepe\u0161a: Djelovanje hrvatske politi\u010dke emigracije","author":"Branimir Jankovi\u0107","date":"23. travnja 2026.","format":false,"excerpt":"Odjel za me\u0111unarodnu suradnju i iseljeni\u0161tvo Matice hrvatske Predavanje Ivana Tepe\u0161a: Djelovanje hrvatske politi\u010dke emigracije Utorak, 28. travnja 2026. u 18:00 sati, Dvorana Ljudevita Jonkea (Mala dvorana MH), Strossmayerov trg 4, Zagreb dr. sc. Ivan Tepe\u0161, Institut za istra\u017eivanje migracija Hrvatska politi\u010dka emigracija obilje\u017eila je polustoljetnu hrvatsku povijest u drugoj\u2026","rel":"","context":"U &quot;Novosti&quot;","block_context":{"text":"Novosti","link":"https:\/\/historiografija.hr\/?cat=3"},"img":{"alt_text":"","src":"","width":0,"height":0},"classes":[]},{"id":52592,"url":"https:\/\/historiografija.hr\/?p=52592","url_meta":{"origin":5202,"position":4},"title":"Predstavljanje knjige &#8220;Turska ku\u0107a u Rijeci&#8221; u Zagrebu","author":"Branimir Jankovi\u0107","date":"22. travnja 2026.","format":false,"excerpt":"U prostorijama Turskog kulturnog centra Yunus Emre u Zagrebu, u utorak 21. travnja 2026. godine, odr\u017eano je sve\u010dano predstavljanje dopunjenog izdanja knjige Turska ku\u0107a u Rijeci, u organizaciji Hrvatsko-turskog dru\u0161tva Rijeka i partnerstvu sa Skupinom prijateljstva Hrvatska-Turska Hrvatskog sabora, Veleposlanstvom Republike Turske u Republici Hrvatskoj te Turskim kulturnim centrom Yunus\u2026","rel":"","context":"U &quot;Novosti&quot;","block_context":{"text":"Novosti","link":"https:\/\/historiografija.hr\/?cat=3"},"img":{"alt_text":"","src":"https:\/\/i0.wp.com\/historiografija.hr\/wp-content\/uploads\/2026\/04\/Turska-kuca-ZG.jpg?fit=1200%2C800&ssl=1&resize=350%2C200","width":350,"height":200,"srcset":"https:\/\/i0.wp.com\/historiografija.hr\/wp-content\/uploads\/2026\/04\/Turska-kuca-ZG.jpg?fit=1200%2C800&ssl=1&resize=350%2C200 1x, https:\/\/i0.wp.com\/historiografija.hr\/wp-content\/uploads\/2026\/04\/Turska-kuca-ZG.jpg?fit=1200%2C800&ssl=1&resize=525%2C300 1.5x, https:\/\/i0.wp.com\/historiografija.hr\/wp-content\/uploads\/2026\/04\/Turska-kuca-ZG.jpg?fit=1200%2C800&ssl=1&resize=700%2C400 2x, https:\/\/i0.wp.com\/historiografija.hr\/wp-content\/uploads\/2026\/04\/Turska-kuca-ZG.jpg?fit=1200%2C800&ssl=1&resize=1050%2C600 3x"},"classes":[]},{"id":52543,"url":"https:\/\/historiografija.hr\/?p=52543","url_meta":{"origin":5202,"position":5},"title":"Znanstveno-stru\u010dni skup \u201eOto\u010dne pu\u010dke pobo\u017enosti: kontinuiteti i transformacije\u201c","author":"Branimir Jankovi\u0107","date":"20. travnja 2026.","format":false,"excerpt":"Najavljujemo\u00a0znanstveno-stru\u010dni skup \u201eOto\u010dne pu\u010dke pobo\u017enosti: kontinuiteti i transformacije\u201c,\u00a0koji \u0107e se odr\u017eati\u00a0u Rabu od 24. do 26. travnja 2026.,\u00a0u organizaciji i uz potporu\u00a0Instituta za etnologiju i folkloristiku, Zagreb, \u00a0Grada Raba, Pu\u010dkog otvorenog u\u010dili\u0161ta Rab i Centra za istra\u017eivanje srednjovjekovne ba\u0161tine Jadrana RIMAH. Skup okuplja vode\u0107e doma\u0107e stru\u010dnjake koji \u0107e kroz niz\u2026","rel":"","context":"U &quot;Novosti&quot;","block_context":{"text":"Novosti","link":"https:\/\/historiografija.hr\/?cat=3"},"img":{"alt_text":"","src":"https:\/\/i0.wp.com\/historiografija.hr\/wp-content\/uploads\/2026\/04\/Skup_Rab.jpg?fit=848%2C1200&ssl=1&resize=350%2C200","width":350,"height":200,"srcset":"https:\/\/i0.wp.com\/historiografija.hr\/wp-content\/uploads\/2026\/04\/Skup_Rab.jpg?fit=848%2C1200&ssl=1&resize=350%2C200 1x, https:\/\/i0.wp.com\/historiografija.hr\/wp-content\/uploads\/2026\/04\/Skup_Rab.jpg?fit=848%2C1200&ssl=1&resize=525%2C300 1.5x, https:\/\/i0.wp.com\/historiografija.hr\/wp-content\/uploads\/2026\/04\/Skup_Rab.jpg?fit=848%2C1200&ssl=1&resize=700%2C400 2x"},"classes":[]}],"_links":{"self":[{"href":"https:\/\/historiografija.hr\/index.php?rest_route=\/wp\/v2\/posts\/5202","targetHints":{"allow":["GET"]}}],"collection":[{"href":"https:\/\/historiografija.hr\/index.php?rest_route=\/wp\/v2\/posts"}],"about":[{"href":"https:\/\/historiografija.hr\/index.php?rest_route=\/wp\/v2\/types\/post"}],"author":[{"embeddable":true,"href":"https:\/\/historiografija.hr\/index.php?rest_route=\/wp\/v2\/users\/2"}],"replies":[{"embeddable":true,"href":"https:\/\/historiografija.hr\/index.php?rest_route=%2Fwp%2Fv2%2Fcomments&post=5202"}],"version-history":[{"count":1,"href":"https:\/\/historiografija.hr\/index.php?rest_route=\/wp\/v2\/posts\/5202\/revisions"}],"predecessor-version":[{"id":5204,"href":"https:\/\/historiografija.hr\/index.php?rest_route=\/wp\/v2\/posts\/5202\/revisions\/5204"}],"wp:featuredmedia":[{"embeddable":true,"href":"https:\/\/historiografija.hr\/index.php?rest_route=\/wp\/v2\/media\/5203"}],"wp:attachment":[{"href":"https:\/\/historiografija.hr\/index.php?rest_route=%2Fwp%2Fv2%2Fmedia&parent=5202"}],"wp:term":[{"taxonomy":"category","embeddable":true,"href":"https:\/\/historiografija.hr\/index.php?rest_route=%2Fwp%2Fv2%2Fcategories&post=5202"},{"taxonomy":"post_tag","embeddable":true,"href":"https:\/\/historiografija.hr\/index.php?rest_route=%2Fwp%2Fv2%2Ftags&post=5202"}],"curies":[{"name":"wp","href":"https:\/\/api.w.org\/{rel}","templated":true}]}}