{"id":51935,"date":"2026-03-16T13:26:25","date_gmt":"2026-03-16T13:26:25","guid":{"rendered":"https:\/\/historiografija.hr\/?p=51935"},"modified":"2026-03-16T14:14:24","modified_gmt":"2026-03-16T14:14:24","slug":"preminula-povjesnicarka-lovorka-coralic","status":"publish","type":"post","link":"https:\/\/historiografija.hr\/?p=51935","title":{"rendered":"Preminula povjesni\u010darka Lovorka \u010corali\u0107"},"content":{"rendered":"\n<p>U subotu, 14. o\u017eujka 2026. iznenada je u 58. godini preminula povjesni\u010darka Lovorka \u010corali\u0107 (1968-2026). Ispra\u0107aj kolegice \u010corali\u0107 bit \u0107e u srijedu, 18. o\u017eujka 2026. u 12:40 u Velikoj dvorani na Krematoriju u Zagrebu. Pogreb \u0107e biti na Gradskom groblju u Biogradu na Moru u \u010detvrtak, 19. o\u017eujka 2026. u 13 sati.<\/p>\n\n\n\n<hr class=\"wp-block-separator has-alpha-channel-opacity\"\/>\n\n\n\n<p><strong>Preminula dr. sc. Lovorka \u010corali\u0107 (1968.-2026.)<\/strong><\/p>\n\n\n\n<p>U subotu 14. o\u017eujka 2026. iznenada je preminula znanstvena savjetnica u trajnom izboru, dr. sc. Lovorka \u010corali\u0107 u 58 godini \u017eivota.<\/p>\n\n\n\n<p>Dr. sc. Lovorka \u010corali\u0107 ro\u0111ena je 1968. godine u Zadru. Jednopredmetnu povijest diplomirala je 1990. na Filozofskom fakultetu Sveu\u010dili\u0161ta u Zagrebu gdje je 1995. godine i magistrirala s temom \u201cCeste i putovi u srednjovjekovnim hrvatskim zemljama\u201d. Na Filozofskom fakultetu u Zadru obranila je 1998. godine doktorsku disertaciju pod naslovom \u201cHrvati u Mlecima\u201d, koju je ubrzo potom 2001. objavila pod naslovom \u201eU gradu svetoga Marka: povijest hrvatske zajednice u Mlecima\u201d i za koju je dobila nagradu Matice hrvatske za znanost za 2001. godinu.<\/p>\n\n\n\n<p>Od 1992. do 1997. radila je kao znanstvena asistentica u Zavodu za hrvatsku povijest Filozofskog fakulteta u Zagrebu. Od 1997. radila je u Hrvatskom institutu za povijest, a od 2011. godine bila je u trajnom zvanju znanstvene savjetnice.&nbsp; Bila je povremeni vanjski suradnik-predava\u010d na Katoli\u010dko-bogoslovnom fakultetu i Hrvatskim studijima Sveu\u010dili\u0161ta u Zagrebu gdje je dr\u017eala kolegije iz povijesti Venecije i Italije. Jednako tako sura\u0111ivala je u znanstvenim istra\u017eivanjima i visoko\u0161kolskoj nastavi na Univerzi na Primorskem u Kopru.<\/p>\n\n\n\n<p>U svom znanstvenom radu poglavito je prou\u010davala politi\u010dke, gospodarske, kulturne i crkvene spone nazo\u010dnosti i djelovanja iseljenika s isto\u010dne obale Jadrana u Mlecima i na \u0161irem podru\u010dju Veneta. Autorica je 18 znanstvenih monografija, a jednako tako urednica brojnih zbornika radova.<\/p>\n\n\n\n<p>Bila je uzor brojnim istra\u017eiva\u010dima, mentorica brojnim danas uspje\u0161nim povjesni\u010darkama i povjesni\u010darima.<\/p>\n\n\n\n<p>Za svoj znanstveni rad vi\u0161ekratno je nagra\u0111ivana. Dobitnica je Dr\u017eavne nagrade za znanost za 2007. godinu, te strukovne nagrade \u201cTadija Smi\u010diklas\u201d za najbolju knjigu objavljenog arhivskog gradiva u 2024. godini.<\/p>\n\n\n\n<hr class=\"wp-block-separator has-alpha-channel-opacity\"\/>\n\n\n\n<p>Izvori i dodatne obavijesti:<\/p>\n\n\n\n<figure class=\"wp-block-embed is-type-wp-embed is-provider-hipzg wp-block-embed-hipzg\"><div class=\"wp-block-embed__wrapper\">\n<blockquote class=\"wp-embedded-content\" data-secret=\"INuzOZzsNQ\"><a href=\"https:\/\/www.hipzg.hr\/preminula-lovorka-coralic-1968-2026\/\">Preminula dr. sc. Lovorka \u010corali\u0107 1968.-2026.<\/a><\/blockquote><iframe loading=\"lazy\" class=\"wp-embedded-content\" sandbox=\"allow-scripts\" security=\"restricted\" style=\"position: absolute; visibility: hidden;\" title=\"&#8220;Preminula dr. sc. Lovorka \u010corali\u0107 1968.-2026.&#8221; &#8212; HIPZG\" src=\"https:\/\/www.hipzg.hr\/preminula-lovorka-coralic-1968-2026\/embed\/#?secret=MyHKu6W5OU#?secret=INuzOZzsNQ\" data-secret=\"INuzOZzsNQ\" width=\"600\" height=\"338\" frameborder=\"0\" marginwidth=\"0\" marginheight=\"0\" scrolling=\"no\"><\/iframe>\n<\/div><\/figure>\n\n\n\n<p><a href=\"https:\/\/www.fhs.unizg.hr\/obavijesti?@=21vft#news_125014\">https:\/\/www.fhs.unizg.hr\/obavijesti?@=21vft#news_125014<\/a><\/p>\n\n\n\n<p><a href=\"https:\/\/povijest.unizd.hr\/obavijesti\/view\/tuzna-vijest-umrla-je-lovorka-coralic-1968-2026\">https:\/\/povijest.unizd.hr\/obavijesti\/view\/tuzna-vijest-umrla-je-lovorka-coralic-1968-2026<\/a><\/p>\n\n\n\n<p><a href=\"https:\/\/historiografija.ba\/historija-u-javnosti\/dogadjaji\/preminula-je-hrvatska-historicarka-lovorka-coralic\">https:\/\/historiografija.ba\/historija-u-javnosti\/dogadjaji\/preminula-je-hrvatska-historicarka-lovorka-coralic<\/a><\/p>\n\n\n\n<hr class=\"wp-block-separator has-alpha-channel-opacity\"\/>\n\n\n\n<p>Iz medija:<\/p>\n\n\n\n<p><a href=\"https:\/\/www.hina.hr\/vijest\/12273569\">https:\/\/www.hina.hr\/vijest\/12273569<\/a><\/p>\n\n\n\n<p><a href=\"https:\/\/www.vecernji.hr\/kultura\/umrla-ugledna-hrvatska-povjesnicarka-lovorka-coralic-1942875\">https:\/\/www.vecernji.hr\/kultura\/umrla-ugledna-hrvatska-povjesnicarka-lovorka-coralic-1942875<\/a><\/p>\n\n\n\n<p><a href=\"https:\/\/slobodnadalmacija.hr\/dalmacija\/zadar\/preminula-ugledna-povjesnicarka-lovorka-coralic-uspjesno-se-bavila-venecijom-te-vezama-istocnog-i-zapadnog-jadrana-1543983\">https:\/\/slobodnadalmacija.hr\/dalmacija\/zadar\/preminula-ugledna-povjesnicarka-lovorka-coralic-uspjesno-se-bavila-venecijom-te-vezama-istocnog-i-zapadnog-jadrana-1543983<\/a><\/p>\n\n\n\n<p><a href=\"https:\/\/n1info.hr\/vijesti\/umrla-povjesnicarka-lovorka-coralic\">https:\/\/n1info.hr\/vijesti\/umrla-povjesnicarka-lovorka-coralic<\/a><\/p>\n\n\n\n<p><a href=\"https:\/\/www.index.hr\/vijesti\/clanak\/umrla-hrvatska-povjesnicarka-lovorka-coralic-58\/2771505.aspx\">https:\/\/www.index.hr\/vijesti\/clanak\/umrla-hrvatska-povjesnicarka-lovorka-coralic-58\/2771505.aspx<\/a><\/p>\n\n\n\n<hr class=\"wp-block-separator has-alpha-channel-opacity\"\/>\n","protected":false},"excerpt":{"rendered":"","protected":false},"author":2,"featured_media":51936,"comment_status":"open","ping_status":"open","sticky":false,"template":"","format":"standard","meta":{"_acf_changed":false,"jetpack_post_was_ever_published":false,"_jetpack_newsletter_access":"","_jetpack_dont_email_post_to_subs":false,"_jetpack_newsletter_tier_id":0,"_jetpack_memberships_contains_paywalled_content":false,"_jetpack_memberships_contains_paid_content":false,"footnotes":"","jetpack_publicize_message":"","jetpack_publicize_feature_enabled":true,"jetpack_social_post_already_shared":true,"jetpack_social_options":{"image_generator_settings":{"template":"highway","default_image_id":0,"font":"","enabled":false},"version":2}},"categories":[3,20],"tags":[],"class_list":["post-51935","post","type-post","status-publish","format-standard","has-post-thumbnail","hentry","category-novosti","category-obavijesti-o-smrti-i-nekrolozi"],"acf":{"facebook_opis":""},"jetpack_publicize_connections":[],"jetpack_featured_media_url":"https:\/\/i0.wp.com\/historiografija.hr\/wp-content\/uploads\/2026\/03\/Coralic.jpg?fit=414%2C267&ssl=1","jetpack_sharing_enabled":true,"jetpack-related-posts":[{"id":52520,"url":"https:\/\/historiografija.hr\/?p=52520","url_meta":{"origin":51935,"position":0},"title":"Predstavljanje knjige &#8220;Socialist Economics in Yugoslavia: A Critical History&#8221; u Zagrebu","author":"Branimir Jankovi\u0107","date":"17. travnja 2026.","format":false,"excerpt":"Pozivamo vas na predstavljanje knjige \"Socialist Economics in Yugoslavia: A Critical History\", autora Mislava \u00a0\u017ditka i Marka Grde\u0161i\u0107a (Routledge, 2026). Na predstavljanju \u0107e govoriti Branko Milanovi\u0107 (CUNY), Milica Uvali\u0107 (EUI), Zdravko Petak (FPZG) te autori.\u00a0 Predstavljanje \u0107e se odr\u017eati u srijedu 22. travnja u 16:00 sati na Fakultetu politi\u010dkih znanosti\u2026","rel":"","context":"U &quot;Novosti&quot;","block_context":{"text":"Novosti","link":"https:\/\/historiografija.hr\/?cat=3"},"img":{"alt_text":"","src":"https:\/\/i0.wp.com\/historiografija.hr\/wp-content\/uploads\/2026\/04\/Poziv-na-predstavljanje.png?fit=800%2C652&ssl=1&resize=350%2C200","width":350,"height":200,"srcset":"https:\/\/i0.wp.com\/historiografija.hr\/wp-content\/uploads\/2026\/04\/Poziv-na-predstavljanje.png?fit=800%2C652&ssl=1&resize=350%2C200 1x, https:\/\/i0.wp.com\/historiografija.hr\/wp-content\/uploads\/2026\/04\/Poziv-na-predstavljanje.png?fit=800%2C652&ssl=1&resize=525%2C300 1.5x, https:\/\/i0.wp.com\/historiografija.hr\/wp-content\/uploads\/2026\/04\/Poziv-na-predstavljanje.png?fit=800%2C652&ssl=1&resize=700%2C400 2x"},"classes":[]},{"id":52499,"url":"https:\/\/historiografija.hr\/?p=52499","url_meta":{"origin":51935,"position":1},"title":"POTPISAN UGOVOR O ZNANSTVENO-ISTRA\u017dIVA\u010cKOJ SURADNJI: PROJEKT \u201eTEMELJI HRVATSKE SAMOSTALNOSTI\u201d","author":"Branimir Jankovi\u0107","date":"17. travnja 2026.","format":false,"excerpt":"Hrvatski institut za povijest, Sveu\u010dili\u0161te obrane i sigurnosti \u201eDr. Franjo Tu\u0111man\u201d, Institut dru\u0161tvenih znanosti Ivo Pilar i Hrvatski dr\u017eavni arhiv\u00a0potpisali su 23. o\u017eujka 2026.\u00a0Ugovor o znanstveno-istra\u017eiva\u010dkoj suradnji s ciljem provedbe projekta \u201eTemelji hrvatske samostalnosti\u201d. Tim projektom obuhva\u0107a se istra\u017eivanje arhivskoga gradiva, priprema znanstvenih publikacija, digitalizacija i javna prezentacija rezultata istra\u017eivanja\u2026","rel":"","context":"U &quot;Novosti&quot;","block_context":{"text":"Novosti","link":"https:\/\/historiografija.hr\/?cat=3"},"img":{"alt_text":"","src":"https:\/\/i0.wp.com\/historiografija.hr\/wp-content\/uploads\/2026\/04\/THS_sporazum.jpg?fit=1200%2C583&ssl=1&resize=350%2C200","width":350,"height":200,"srcset":"https:\/\/i0.wp.com\/historiografija.hr\/wp-content\/uploads\/2026\/04\/THS_sporazum.jpg?fit=1200%2C583&ssl=1&resize=350%2C200 1x, https:\/\/i0.wp.com\/historiografija.hr\/wp-content\/uploads\/2026\/04\/THS_sporazum.jpg?fit=1200%2C583&ssl=1&resize=525%2C300 1.5x, https:\/\/i0.wp.com\/historiografija.hr\/wp-content\/uploads\/2026\/04\/THS_sporazum.jpg?fit=1200%2C583&ssl=1&resize=700%2C400 2x, https:\/\/i0.wp.com\/historiografija.hr\/wp-content\/uploads\/2026\/04\/THS_sporazum.jpg?fit=1200%2C583&ssl=1&resize=1050%2C600 3x"},"classes":[]},{"id":52563,"url":"https:\/\/historiografija.hr\/?p=52563","url_meta":{"origin":51935,"position":2},"title":"Predavanje Nenada Fabijani\u0107a o stadionu Poljud u Splitu","author":"Branimir Jankovi\u0107","date":"21. travnja 2026.","format":false,"excerpt":"Znanstveno vije\u0107e za arhitekturu, urbanizam i ure\u0111enje prostora Hrvatske akademije znanosti i umjetnosti organizira predavanje \u201cPo Poljudu\u201d koje \u0107e u srijedu 22. travnja 2026. s po\u010detkom u 14 sati u Knji\u017enici HAZU, Strossmayerov trg 14 u Zagrebu, odr\u017eati\u00a0prof. emerit. dr. art. Nenad Fabijani\u0107,\u00a0\u010dlan suradnik HAZU. Predavanje \u201ePo Poljudu\u201c (Projekt obnove)\u2026","rel":"","context":"U &quot;Novosti&quot;","block_context":{"text":"Novosti","link":"https:\/\/historiografija.hr\/?cat=3"},"img":{"alt_text":"","src":"https:\/\/i0.wp.com\/historiografija.hr\/wp-content\/uploads\/2026\/04\/Poljud-scaled.jpeg?fit=1200%2C800&ssl=1&resize=350%2C200","width":350,"height":200,"srcset":"https:\/\/i0.wp.com\/historiografija.hr\/wp-content\/uploads\/2026\/04\/Poljud-scaled.jpeg?fit=1200%2C800&ssl=1&resize=350%2C200 1x, https:\/\/i0.wp.com\/historiografija.hr\/wp-content\/uploads\/2026\/04\/Poljud-scaled.jpeg?fit=1200%2C800&ssl=1&resize=525%2C300 1.5x, https:\/\/i0.wp.com\/historiografija.hr\/wp-content\/uploads\/2026\/04\/Poljud-scaled.jpeg?fit=1200%2C800&ssl=1&resize=700%2C400 2x, https:\/\/i0.wp.com\/historiografija.hr\/wp-content\/uploads\/2026\/04\/Poljud-scaled.jpeg?fit=1200%2C800&ssl=1&resize=1050%2C600 3x"},"classes":[]},{"id":52669,"url":"https:\/\/historiografija.hr\/?p=52669","url_meta":{"origin":51935,"position":3},"title":"Predavanje Igora Dude &#8220;Odmor kao \u017eivotna potreba: o slobodnom vremenu u socijalisti\u010dkoj Jugoslaviji&#8221;","author":"Branimir Jankovi\u0107","date":"27. travnja 2026.","format":false,"excerpt":"U sklopu proljetnog ciklusa programa\u00a0Kriti\u010dka dramaturgija: pauza, u\u00a0subotu, 25. travnja 2026. u 19 sati\u00a0u prostoru Udru\u017eenja hrvatskih arhitekata povjesni\u010dar Igor Duda\u00a0odr\u017eao je predavanje naslovljeno\u00a0Odmor kao \u017eivotna potreba: o slobodnom vremenu u socijalisti\u010dkoj Jugoslaviji. Industrijalizacija i urbanizacija dru\u0161tava u povijesti su zna\u010dile i prelazak s predindustrijskog na industrijsko shva\u0107anje vremena. Ono\u2026","rel":"","context":"U &quot;Novosti&quot;","block_context":{"text":"Novosti","link":"https:\/\/historiografija.hr\/?cat=3"},"img":{"alt_text":"","src":"https:\/\/i0.wp.com\/historiografija.hr\/wp-content\/uploads\/2026\/04\/Duda.png?fit=1200%2C628&ssl=1&resize=350%2C200","width":350,"height":200,"srcset":"https:\/\/i0.wp.com\/historiografija.hr\/wp-content\/uploads\/2026\/04\/Duda.png?fit=1200%2C628&ssl=1&resize=350%2C200 1x, https:\/\/i0.wp.com\/historiografija.hr\/wp-content\/uploads\/2026\/04\/Duda.png?fit=1200%2C628&ssl=1&resize=525%2C300 1.5x, https:\/\/i0.wp.com\/historiografija.hr\/wp-content\/uploads\/2026\/04\/Duda.png?fit=1200%2C628&ssl=1&resize=700%2C400 2x, https:\/\/i0.wp.com\/historiografija.hr\/wp-content\/uploads\/2026\/04\/Duda.png?fit=1200%2C628&ssl=1&resize=1050%2C600 3x"},"classes":[]},{"id":52439,"url":"https:\/\/historiografija.hr\/?p=52439","url_meta":{"origin":51935,"position":4},"title":"Tribina &#8220;Ahmi\u0107i 33 godine kasnije: Ne u na\u0161e ime&#8221;","author":"Branimir Jankovi\u0107","date":"16. travnja 2026.","format":false,"excerpt":"U \u010detvrtak, 16. travnja 2026. u 17 sati u Knji\u017enici i \u010ditaonici Bogdana Ogrizovi\u0107a u Zagrebu odr\u017eat \u0107e se tribina pod nazivom Ahmi\u0107i 33 godine kasnije: Ne u na\u0161e ime. Na tribini \u0107e govoriti Ivica \u0110iki\u0107, novinar, Mubera Masli\u0107 \u2013 \u017ddralovi\u0107, aktivistikinja, prevoditeljica za arapski, Domagoj Fuk, student politologije, \u010dlan\u2026","rel":"","context":"U &quot;Novosti&quot;","block_context":{"text":"Novosti","link":"https:\/\/historiografija.hr\/?cat=3"},"img":{"alt_text":"","src":"https:\/\/i0.wp.com\/historiografija.hr\/wp-content\/uploads\/2026\/04\/Zagreb_2026.jpeg?fit=1200%2C900&ssl=1&resize=350%2C200","width":350,"height":200,"srcset":"https:\/\/i0.wp.com\/historiografija.hr\/wp-content\/uploads\/2026\/04\/Zagreb_2026.jpeg?fit=1200%2C900&ssl=1&resize=350%2C200 1x, https:\/\/i0.wp.com\/historiografija.hr\/wp-content\/uploads\/2026\/04\/Zagreb_2026.jpeg?fit=1200%2C900&ssl=1&resize=525%2C300 1.5x, https:\/\/i0.wp.com\/historiografija.hr\/wp-content\/uploads\/2026\/04\/Zagreb_2026.jpeg?fit=1200%2C900&ssl=1&resize=700%2C400 2x, https:\/\/i0.wp.com\/historiografija.hr\/wp-content\/uploads\/2026\/04\/Zagreb_2026.jpeg?fit=1200%2C900&ssl=1&resize=1050%2C600 3x"},"classes":[]},{"id":52666,"url":"https:\/\/historiografija.hr\/?p=52666","url_meta":{"origin":51935,"position":5},"title":"Najava programa Festivala povijesti Kliofest (5-8. V. 2026)","author":"Branimir Jankovi\u0107","date":"24. travnja 2026.","format":false,"excerpt":"Po trinaesti put odr\u017eava se Festival povijesti Kliofest! Do petka \u0107emo odr\u017eati osam okruglih stolova i dva kolokvija te niz predstavljanja knjiga i projekata razli\u010dite tematike, od antike do suvremenosti. Bit \u0107e predstavljeno i nekoliko izlo\u017ebi te odr\u017ean jedan povijesni kviz. Prikazat \u0107emo i jedan film \u2013 o generalu Boroevi\u0107u.\u2026","rel":"","context":"U &quot;Novosti&quot;","block_context":{"text":"Novosti","link":"https:\/\/historiografija.hr\/?cat=3"},"img":{"alt_text":"","src":"https:\/\/i0.wp.com\/historiografija.hr\/wp-content\/uploads\/2026\/04\/Kliofest-2026.jpg?fit=526%2C526&ssl=1&resize=350%2C200","width":350,"height":200,"srcset":"https:\/\/i0.wp.com\/historiografija.hr\/wp-content\/uploads\/2026\/04\/Kliofest-2026.jpg?fit=526%2C526&ssl=1&resize=350%2C200 1x, https:\/\/i0.wp.com\/historiografija.hr\/wp-content\/uploads\/2026\/04\/Kliofest-2026.jpg?fit=526%2C526&ssl=1&resize=525%2C300 1.5x"},"classes":[]}],"_links":{"self":[{"href":"https:\/\/historiografija.hr\/index.php?rest_route=\/wp\/v2\/posts\/51935","targetHints":{"allow":["GET"]}}],"collection":[{"href":"https:\/\/historiografija.hr\/index.php?rest_route=\/wp\/v2\/posts"}],"about":[{"href":"https:\/\/historiografija.hr\/index.php?rest_route=\/wp\/v2\/types\/post"}],"author":[{"embeddable":true,"href":"https:\/\/historiografija.hr\/index.php?rest_route=\/wp\/v2\/users\/2"}],"replies":[{"embeddable":true,"href":"https:\/\/historiografija.hr\/index.php?rest_route=%2Fwp%2Fv2%2Fcomments&post=51935"}],"version-history":[{"count":4,"href":"https:\/\/historiografija.hr\/index.php?rest_route=\/wp\/v2\/posts\/51935\/revisions"}],"predecessor-version":[{"id":51941,"href":"https:\/\/historiografija.hr\/index.php?rest_route=\/wp\/v2\/posts\/51935\/revisions\/51941"}],"wp:featuredmedia":[{"embeddable":true,"href":"https:\/\/historiografija.hr\/index.php?rest_route=\/wp\/v2\/media\/51936"}],"wp:attachment":[{"href":"https:\/\/historiografija.hr\/index.php?rest_route=%2Fwp%2Fv2%2Fmedia&parent=51935"}],"wp:term":[{"taxonomy":"category","embeddable":true,"href":"https:\/\/historiografija.hr\/index.php?rest_route=%2Fwp%2Fv2%2Fcategories&post=51935"},{"taxonomy":"post_tag","embeddable":true,"href":"https:\/\/historiografija.hr\/index.php?rest_route=%2Fwp%2Fv2%2Ftags&post=51935"}],"curies":[{"name":"wp","href":"https:\/\/api.w.org\/{rel}","templated":true}]}}