{"id":51932,"date":"2026-03-16T13:10:36","date_gmt":"2026-03-16T13:10:36","guid":{"rendered":"https:\/\/historiografija.hr\/?p=51932"},"modified":"2026-03-16T13:10:36","modified_gmt":"2026-03-16T13:10:36","slug":"umro-povjesnicar-ilber-ortajly","status":"publish","type":"post","link":"https:\/\/historiografija.hr\/?p=51932","title":{"rendered":"Umro povjesni\u010dar Ilber Ortajly"},"content":{"rendered":"\n<p>Poznati turski histori\u010dar Ilber Ortajly umro je 13. marta 2026. u Univerzitetskoj bolnici Ko\u00e7, gdje se kra\u0107e vrijeme lije\u010dio.<\/p>\n\n\n\n<p>Ko je \u0130lber Ortayl\u0131?<\/p>\n\n\n\n<p>Ro\u0111en 1947. u Bregenzu u Austriji, u porodici krimskih Tatara, Ortayl\u0131 je emigrirao u Tursku s porodicom kada je imao dvije godine.<\/p>\n\n\n\n<p>Nakon \u0161to je diplomirao na Odsjeku za historiju na Fakultetu za jezik, historiju i geografiju Univerziteta u Ankari, Ortayl\u0131 je zavr\u0161io magisterij iz slavenskih i isto\u010dnoeuropskih jezika na Univerzitetu u Be\u010du. Vanredni profesor postao je 1979., a redovni profesor 1989. Ortayl\u0131 je predavao na brojnim univerzitetima, uklju\u010duju\u0107i Galatasaray i Bilkent.<\/p>\n\n\n\n<p>Od 2005. do 2012. bio je direktor Muzeja pala\u010de Topkapi, a 2018. radio je kao savjetnik Ministarstva kulture i turizma. Osim \u0161to je bio po\u010dasni \u010dlan Turskog historijskog dru\u0161tva, Ortayl\u0131 je bio \u010dlan upravnog odbora Me\u0111unarodnog odbora za osmanske studije te \u010dlan Evropskog dru\u0161tva za iranske studije i Austrijsko-turskog foruma znanosti.<\/p>\n\n\n\n<p>Bio je i inostrani \u010dlan Crnogorske akademije nauka i umjetnosti, te Bo\u0161nja\u010dke akademije nauka i umjetnosti.<\/p>\n\n\n\n<p>U Bosni i Hercegovini je prevedeno nekoliko njegovih knjiga. Posebno se izdvajaju knjige <em>Druk\u010dije razumijevanje Osmanlija<\/em>, <em>Osmanlije posljednja imperija, Osmanlije na tri kontinenta, U svjetlu historije<\/em>, <em>Osmanski mir (Pax Ottomana)<\/em>, i druge.\u00a0<\/p>\n\n\n\n<hr class=\"wp-block-separator has-alpha-channel-opacity\"\/>\n\n\n\n<p>Preneseno s portala <strong>Historiografija.ba<\/strong>:<\/p>\n\n\n\n<p><a href=\"https:\/\/historiografija.ba\/historija-u-javnosti\/dogadjaji\/umro-je-turski-historicar-ilber-ortajly\">https:\/\/historiografija.ba\/historija-u-javnosti\/dogadjaji\/umro-je-turski-historicar-ilber-ortajly<\/a><\/p>\n\n\n\n<hr class=\"wp-block-separator has-alpha-channel-opacity\"\/>\n","protected":false},"excerpt":{"rendered":"","protected":false},"author":2,"featured_media":51933,"comment_status":"open","ping_status":"open","sticky":false,"template":"","format":"standard","meta":{"_acf_changed":false,"jetpack_post_was_ever_published":false,"_jetpack_newsletter_access":"","_jetpack_dont_email_post_to_subs":false,"_jetpack_newsletter_tier_id":0,"_jetpack_memberships_contains_paywalled_content":false,"_jetpack_memberships_contains_paid_content":false,"footnotes":"","jetpack_publicize_message":"","jetpack_publicize_feature_enabled":true,"jetpack_social_post_already_shared":true,"jetpack_social_options":{"image_generator_settings":{"template":"highway","default_image_id":0,"font":"","enabled":false},"version":2}},"categories":[3,20],"tags":[],"class_list":["post-51932","post","type-post","status-publish","format-standard","has-post-thumbnail","hentry","category-novosti","category-obavijesti-o-smrti-i-nekrolozi"],"acf":{"facebook_opis":""},"jetpack_publicize_connections":[],"jetpack_featured_media_url":"https:\/\/i0.wp.com\/historiografija.hr\/wp-content\/uploads\/2026\/03\/Hist_ba.jpg?fit=600%2C400&ssl=1","jetpack_sharing_enabled":true,"jetpack-related-posts":[],"_links":{"self":[{"href":"https:\/\/historiografija.hr\/index.php?rest_route=\/wp\/v2\/posts\/51932","targetHints":{"allow":["GET"]}}],"collection":[{"href":"https:\/\/historiografija.hr\/index.php?rest_route=\/wp\/v2\/posts"}],"about":[{"href":"https:\/\/historiografija.hr\/index.php?rest_route=\/wp\/v2\/types\/post"}],"author":[{"embeddable":true,"href":"https:\/\/historiografija.hr\/index.php?rest_route=\/wp\/v2\/users\/2"}],"replies":[{"embeddable":true,"href":"https:\/\/historiografija.hr\/index.php?rest_route=%2Fwp%2Fv2%2Fcomments&post=51932"}],"version-history":[{"count":1,"href":"https:\/\/historiografija.hr\/index.php?rest_route=\/wp\/v2\/posts\/51932\/revisions"}],"predecessor-version":[{"id":51934,"href":"https:\/\/historiografija.hr\/index.php?rest_route=\/wp\/v2\/posts\/51932\/revisions\/51934"}],"wp:featuredmedia":[{"embeddable":true,"href":"https:\/\/historiografija.hr\/index.php?rest_route=\/wp\/v2\/media\/51933"}],"wp:attachment":[{"href":"https:\/\/historiografija.hr\/index.php?rest_route=%2Fwp%2Fv2%2Fmedia&parent=51932"}],"wp:term":[{"taxonomy":"category","embeddable":true,"href":"https:\/\/historiografija.hr\/index.php?rest_route=%2Fwp%2Fv2%2Fcategories&post=51932"},{"taxonomy":"post_tag","embeddable":true,"href":"https:\/\/historiografija.hr\/index.php?rest_route=%2Fwp%2Fv2%2Ftags&post=51932"}],"curies":[{"name":"wp","href":"https:\/\/api.w.org\/{rel}","templated":true}]}}