{"id":51929,"date":"2026-03-16T13:00:51","date_gmt":"2026-03-16T13:00:51","guid":{"rendered":"https:\/\/historiografija.hr\/?p=51929"},"modified":"2026-04-15T22:18:39","modified_gmt":"2026-04-15T22:18:39","slug":"umro-filozof-jurgen-habermas","status":"publish","type":"post","link":"https:\/\/historiografija.hr\/?p=51929","title":{"rendered":"Umro filozof J\u00fcrgen Habermas"},"content":{"rendered":"\n<p>U 96. godini umro je njema\u010dki filozof J\u00fcrgen Habermas (1929-2026), koji se 1980-ih uklju\u010dio u <em>Historikerstreit <\/em>(\u201espor povjesni\u010dara\u201c), smatraju\u0107i da je tada\u0161nje uspore\u0111ivanje masovnih zlo\u010dina Tre\u0107eg Reicha i SSSR-a bilo motivirano njihovim izjedna\u010davanjem i posljedi\u010dnim umanjivanjem nacisti\u010dkih zlo\u010dina. Niz se povjesni\u010dara oslanjao na Habermasove uvide o \u201estrukturnoj promjeni javnosti\u201c u modernoj povijesti. Intelektualni povjesni\u010dari analizirali su pak \u2013 bilo afirmativno, bilo kriti\u010dki \u2013 razne aspekte njegovog djelovanja kao javnog intelektualca u suvremenoj povijesti.<\/p>\n\n\n\n<hr class=\"wp-block-separator has-alpha-channel-opacity\"\/>\n\n\n\n<p>Iz medija:<\/p>\n\n\n\n<p><a href=\"https:\/\/enciklopedija.hr\/clanak\/habermas-jurgen\">https:\/\/enciklopedija.hr\/clanak\/habermas-jurgen<\/a><\/p>\n\n\n\n<p><a href=\"https:\/\/magazin.hrt.hr\/kultura\/preminuo-njemacki-filozof-juergen-habermas-12618632\">https:\/\/magazin.hrt.hr\/kultura\/preminuo-njemacki-filozof-juergen-habermas-12618632<\/a><\/p>\n\n\n\n<p><a href=\"https:\/\/n1info.hr\/svijet\/preminuo-je-jurgen-habermas\">https:\/\/n1info.hr\/svijet\/preminuo-je-jurgen-habermas<\/a><\/p>\n\n\n\n<p><a href=\"https:\/\/ideje.hr\/jurgen-habermas-1929-2026-majstor-najfinijega-prijelaza\">https:\/\/ideje.hr\/jurgen-habermas-1929-2026-majstor-najfinijega-prijelaza<\/a><\/p>\n\n\n\n<p><a href=\"https:\/\/www.jutarnji.hr\/kultura\/knjizevnost\/jurgen-habermas-naslijede-javne-sfere-komunikativno-djelovanje-digitalne-mreze-15689379\">https:\/\/www.jutarnji.hr\/kultura\/knjizevnost\/jurgen-habermas-naslijede-javne-sfere-komunikativno-djelovanje-digitalne-mreze-15689379<\/a><\/p>\n\n\n\n<figure class=\"wp-block-embed is-type-wp-embed is-provider-pe-anik wp-block-embed-pe-anik\"><div class=\"wp-block-embed__wrapper\">\n<blockquote class=\"wp-embedded-content\" data-secret=\"yoWmGHbg2r\"><a href=\"https:\/\/pescanik.net\/jirgen-habermas\/\">Jirgen Habermas<\/a><\/blockquote><iframe loading=\"lazy\" class=\"wp-embedded-content\" sandbox=\"allow-scripts\" security=\"restricted\" style=\"position: absolute; visibility: hidden;\" title=\"&#8220;Jirgen Habermas&#8221; &#8212; Pe\u0161\u010danik\" src=\"https:\/\/pescanik.net\/jirgen-habermas\/embed\/#?secret=qoShd0I5LL#?secret=yoWmGHbg2r\" data-secret=\"yoWmGHbg2r\" width=\"600\" height=\"338\" frameborder=\"0\" marginwidth=\"0\" marginheight=\"0\" scrolling=\"no\"><\/iframe>\n<\/div><\/figure>\n\n\n\n<p><a href=\"https:\/\/www.dw.com\/hr\/preminuo-je-j%C3%BCrgen-habermas\/a-76361863\">https:\/\/www.dw.com\/hr\/preminuo-je-j%C3%BCrgen-habermas\/a-76361863<\/a><\/p>\n\n\n\n<p><a href=\"https:\/\/www.portalnovosti.com\/in-memoriam-jurgen-habarmas-teoreticar-i-prakticar-javnog-uma\">https:\/\/www.portalnovosti.com\/in-memoriam-jurgen-habarmas-teoreticar-i-prakticar-javnog-uma<\/a><\/p>\n\n\n\n<figure class=\"wp-block-embed is-type-wp-embed is-provider-misao-hr wp-block-embed-misao-hr\"><div class=\"wp-block-embed__wrapper\">\n<blockquote class=\"wp-embedded-content\" data-secret=\"IAWp5p6pNf\"><a href=\"https:\/\/misao.hr\/2026\/03\/25\/z-kramaric-jurgen-habermas-vs-europski-duh\/\">Z. Kramari\u0107: J\u00fcrgen Habermas vs. europski duh<\/a><\/blockquote><iframe loading=\"lazy\" class=\"wp-embedded-content\" sandbox=\"allow-scripts\" security=\"restricted\" style=\"position: absolute; visibility: hidden;\" title=\"&#8220;Z. Kramari\u0107: J\u00fcrgen Habermas vs. europski duh&#8221; &#8212; Misao.hr\" src=\"https:\/\/misao.hr\/2026\/03\/25\/z-kramaric-jurgen-habermas-vs-europski-duh\/embed\/#?secret=950IGKTIP4#?secret=IAWp5p6pNf\" data-secret=\"IAWp5p6pNf\" width=\"600\" height=\"338\" frameborder=\"0\" marginwidth=\"0\" marginheight=\"0\" scrolling=\"no\"><\/iframe>\n<\/div><\/figure>\n\n\n\n<p><a href=\"https:\/\/www.matica.hr\/vijenac\/836\/odlazak-filozofa-konsenzusa-39378\">https:\/\/www.matica.hr\/vijenac\/836\/odlazak-filozofa-konsenzusa-39378<\/a><\/p>\n\n\n\n<hr class=\"wp-block-separator has-alpha-channel-opacity\"\/>\n\n\n\n<p><\/p>\n","protected":false},"excerpt":{"rendered":"","protected":false},"author":2,"featured_media":51930,"comment_status":"open","ping_status":"open","sticky":false,"template":"","format":"standard","meta":{"_acf_changed":false,"jetpack_post_was_ever_published":false,"_jetpack_newsletter_access":"","_jetpack_dont_email_post_to_subs":false,"_jetpack_newsletter_tier_id":0,"_jetpack_memberships_contains_paywalled_content":false,"_jetpack_memberships_contains_paid_content":false,"footnotes":"","jetpack_publicize_message":"","jetpack_publicize_feature_enabled":true,"jetpack_social_post_already_shared":true,"jetpack_social_options":{"image_generator_settings":{"template":"highway","default_image_id":0,"font":"","enabled":false},"version":2}},"categories":[3,20],"tags":[],"class_list":["post-51929","post","type-post","status-publish","format-standard","has-post-thumbnail","hentry","category-novosti","category-obavijesti-o-smrti-i-nekrolozi"],"acf":{"facebook_opis":""},"jetpack_publicize_connections":[],"jetpack_featured_media_url":"https:\/\/i0.wp.com\/historiografija.hr\/wp-content\/uploads\/2026\/03\/Juergen_Habermas.jpg?fit=1280%2C740&ssl=1","jetpack_sharing_enabled":true,"jetpack-related-posts":[],"_links":{"self":[{"href":"https:\/\/historiografija.hr\/index.php?rest_route=\/wp\/v2\/posts\/51929","targetHints":{"allow":["GET"]}}],"collection":[{"href":"https:\/\/historiografija.hr\/index.php?rest_route=\/wp\/v2\/posts"}],"about":[{"href":"https:\/\/historiografija.hr\/index.php?rest_route=\/wp\/v2\/types\/post"}],"author":[{"embeddable":true,"href":"https:\/\/historiografija.hr\/index.php?rest_route=\/wp\/v2\/users\/2"}],"replies":[{"embeddable":true,"href":"https:\/\/historiografija.hr\/index.php?rest_route=%2Fwp%2Fv2%2Fcomments&post=51929"}],"version-history":[{"count":4,"href":"https:\/\/historiografija.hr\/index.php?rest_route=\/wp\/v2\/posts\/51929\/revisions"}],"predecessor-version":[{"id":52437,"href":"https:\/\/historiografija.hr\/index.php?rest_route=\/wp\/v2\/posts\/51929\/revisions\/52437"}],"wp:featuredmedia":[{"embeddable":true,"href":"https:\/\/historiografija.hr\/index.php?rest_route=\/wp\/v2\/media\/51930"}],"wp:attachment":[{"href":"https:\/\/historiografija.hr\/index.php?rest_route=%2Fwp%2Fv2%2Fmedia&parent=51929"}],"wp:term":[{"taxonomy":"category","embeddable":true,"href":"https:\/\/historiografija.hr\/index.php?rest_route=%2Fwp%2Fv2%2Fcategories&post=51929"},{"taxonomy":"post_tag","embeddable":true,"href":"https:\/\/historiografija.hr\/index.php?rest_route=%2Fwp%2Fv2%2Ftags&post=51929"}],"curies":[{"name":"wp","href":"https:\/\/api.w.org\/{rel}","templated":true}]}}