{"id":51908,"date":"2026-03-14T00:02:01","date_gmt":"2026-03-14T00:02:01","guid":{"rendered":"https:\/\/historiografija.hr\/?p=51908"},"modified":"2026-03-14T00:04:03","modified_gmt":"2026-03-14T00:04:03","slug":"poziv-za-prijavu-summer-school-in-critical-theory-and-praxis-literature-and-society","status":"publish","type":"post","link":"https:\/\/historiografija.hr\/?p=51908","title":{"rendered":"(CAPONEU) Poziv za prijavu: Summer School in Critical Theory and Praxis: Literature and Society"},"content":{"rendered":"\n<p>Pozivamo vas na ljetnu \u0161kolu&nbsp;<em><strong>Summer School in Critical Theory and Praxis: Literature and Society<\/strong><\/em>, koja \u0107e se odr\u017eati od&nbsp;<strong>5. do 12. srpnja 2026.<\/strong>&nbsp;u&nbsp;<strong>Pala\u010di Moise u Cresu<\/strong>.<\/p>\n\n\n\n<p>Program organizira&nbsp;<strong>Centar za teorijska istra\u017eivanja u humanistici (CTIH)<\/strong>&nbsp;u okviru projekta&nbsp;<em>The Cartography of Political Novel in Europe (CAPONEU).<\/em><\/p>\n\n\n\n<p>Rije\u010d je o sedmodnevnom intenzivnom programu koji okuplja znanstvenike, studente, umjetnike, nastavnike, aktiviste i kulturne radnike s ciljem interdisciplinarne razmjene kroz predavanja, radionice i kulturna doga\u0111anja.<\/p>\n\n\n\n<p>\u0160kola povezuje teoriju i knji\u017eevno-umjetni\u010dku praksu te otvara prostor za raspravu o aktualnim dru\u0161tvenim i politi\u010dkim pitanjima, poti\u010du\u0107i dijalog izme\u0111u akademskog rada i javnog djelovanja.<\/p>\n\n\n\n<p><strong>Rok za prijavu:<\/strong>&nbsp;15. travnja 2026.<br><strong>Kontakt:<\/strong>&nbsp;caponeu@ffzg.hr<\/p>\n\n\n\n<p>Za vi\u0161e informacija posjetite:<\/p>\n\n\n\n<p><a href=\"https:\/\/www.caponeu.eu\/cdp\/events\/summer-school-in-critical-theory-and-praxis-literature-and-society\">https:\/\/www.caponeu.eu\/cdp\/events\/summer-school-in-critical-theory-and-praxis-literature-and-society<\/a><\/p>\n\n\n\n<hr class=\"wp-block-separator has-alpha-channel-opacity\"\/>\n\n\n\n<p>Izvor:<\/p>\n\n\n\n<figure class=\"wp-block-embed is-type-wp-embed is-provider-centre-for-theoretical-research-in-the-humanities wp-block-embed-centre-for-theoretical-research-in-the-humanities\"><div class=\"wp-block-embed__wrapper\">\n<blockquote class=\"wp-embedded-content\" data-secret=\"AXDugrbp8X\"><a href=\"https:\/\/ctih.ffzg.unizg.hr\/index.php\/summer-school-in-critical-theory-and-praxis-poziv-na-prijave\/\">Summer School in Critical Theory and Praxis &#8211; POZIV NA PRIJAVE<\/a><\/blockquote><iframe loading=\"lazy\" class=\"wp-embedded-content\" sandbox=\"allow-scripts\" security=\"restricted\" style=\"position: absolute; visibility: hidden;\" title=\"&#8220;Summer School in Critical Theory and Praxis &#8211; POZIV NA PRIJAVE&#8221; &#8212; Centre for Theoretical Research in the Humanities\" src=\"https:\/\/ctih.ffzg.unizg.hr\/index.php\/summer-school-in-critical-theory-and-praxis-poziv-na-prijave\/embed\/#?secret=1wTbdNdt6F#?secret=AXDugrbp8X\" data-secret=\"AXDugrbp8X\" width=\"600\" height=\"338\" frameborder=\"0\" marginwidth=\"0\" marginheight=\"0\" scrolling=\"no\"><\/iframe>\n<\/div><\/figure>\n\n\n\n<hr class=\"wp-block-separator has-alpha-channel-opacity\"\/>\n\n\n\n<p><strong>Natje\u010daj za dodjelu dvije stipendije za poha\u0111anje Summer School in Critical Theory and Praxis: Literature and Society&nbsp;<\/strong><\/p>\n\n\n\n<p>Pozivamo sve zainteresirane studente diplomskih i doktorskih studija Filozofskog fakulteta Sveu\u010dili\u0161ta u Zagrebu da se prijave na natje\u010daj za dodjelu dvije stipendije za poha\u0111anje ljetne \u0161kole <em>Summer School in Critical Theory and Praxis: Literature and Society<\/em> koja \u0107e se od 5. do 12. srpnja 2026. u Pala\u010di Moise u Cresu.<\/p>\n\n\n\n<p>Vi\u0161e informacija o programu mo\u017eete prona\u0107i ovdje:&nbsp;<\/p>\n\n\n\n<p><a href=\"https:\/\/www.caponeu.eu\/cdp\/events\/summer-school-in-critical-theory-and-praxis-literature-and-society\">https:\/\/www.caponeu.eu\/cdp\/events\/summer-school-in-critical-theory-and-praxis-literature-and-society<\/a><\/p>\n\n\n\n<p><strong>Stipendija za studente diplomskih studija<\/strong><\/p>\n\n\n\n<p>\u2013 iznos stipendije 750 eura (\u0161kolarina, nastavni materijali, ru\u010dkovi, izlet s ru\u010dkom, ulaznica za muzej, zavr\u0161na ve\u010dera)<\/p>\n\n\n\n<p>\u2013 put i smje\u0161taj polaznici sami financiraju<\/p>\n\n\n\n<p>Temeljni kriteriji za prijavu:&nbsp;&nbsp;<\/p>\n\n\n\n<p>\u2013 zavr\u0161en prijediplomski studij&nbsp;<\/p>\n\n\n\n<p>\u2013 upisan diplomski studij na Filozofskom fakultetu Sveu\u010dili\u0161ta u Zagrebu<\/p>\n\n\n\n<p>Dodatni kriteriji koji \u0107e se razmatrati pri rangiranju prijava:&nbsp;<\/p>\n\n\n\n<p>\u2013&nbsp; izvrsnost u studiju<\/p>\n\n\n\n<p>\u2013 dodatni studentski anga\u017eman (studentske konferencije, uredni\u0161tva studentskih \u010dasopisa, rad u studentskim udrugama i dr.) i postignu\u0107a (nagrade, publikacije)<\/p>\n\n\n\n<p>Dokumentacija:<\/p>\n\n\n\n<p>\u2013 kratki \u017eivotopis<\/p>\n\n\n\n<p>\u2013 potvrda o zavr\u0161enom prijediplomskom studiju s prijepisom ocjena<\/p>\n\n\n\n<p>\u2013 potvrda o upisanom diplomskom studiju<\/p>\n\n\n\n<p>\u2013 motivacijsko pismo<\/p>\n\n\n\n<p>\u2013 potvrde o dodatnom studentskom anga\u017emanu<\/p>\n\n\n\n<p><strong>Stipendija za studente doktorskih studija<\/strong><\/p>\n\n\n\n<p>\u2013 iznos stipendije 750 eura (\u0161kolarina, nastavni materijali, ru\u010dkovi, izlet s ru\u010dkom, ulaznice, zavr\u0161na ve\u010dera)<\/p>\n\n\n\n<p>\u2013 put i smje\u0161taj polaznici sami financiraju<\/p>\n\n\n\n<p>Temeljni kriteriji za prijavu:&nbsp;<\/p>\n\n\n\n<p>\u2013 zavr\u0161en diplomski studij<\/p>\n\n\n\n<p>\u2013 upisan doktorski studij na Filozofskom fakultetu Sveu\u010dili\u0161ta u Zagrebu<\/p>\n\n\n\n<p>Dodatni kriteriji koji \u0107e se razmatrati pri rangiranju prijava:&nbsp;<\/p>\n\n\n\n<p>\u2013 &nbsp;izvrsnost u studiju<\/p>\n\n\n\n<p>\u2013 dodatni studentski anga\u017eman (studentske konferencije, uredni\u0161tva studentskih \u010dasopisa, rad u studentskim udrugama) i postignu\u0107a (nagrade, publikacije)<\/p>\n\n\n\n<p>Dokumentacija:<\/p>\n\n\n\n<p>\u2013 kratki \u017eivotopis<\/p>\n\n\n\n<p>\u2013 potvrda o zavr\u0161enom diplomskom studiju s prijepisom ocjena<\/p>\n\n\n\n<p>\u2013 potvrda o upisanom doktorskom studiju<\/p>\n\n\n\n<p>\u2013 motivacijsko pismo<\/p>\n\n\n\n<p>\u2013 potvrde o dodatnom studentskom anga\u017emanu&nbsp;<\/p>\n\n\n\n<p>Rok za prijavu: <strong>15. travnja 2026.<\/strong><\/p>\n\n\n\n<p>Prijave slati mailom na: <strong>caponeu@ffzg.hr<\/strong><\/p>\n\n\n\n<hr class=\"wp-block-separator has-alpha-channel-opacity\"\/>\n\n\n\n<p>Izvor:<\/p>\n\n\n\n<figure class=\"wp-block-embed is-type-wp-embed is-provider-centre-for-theoretical-research-in-the-humanities wp-block-embed-centre-for-theoretical-research-in-the-humanities\"><div class=\"wp-block-embed__wrapper\">\n<blockquote class=\"wp-embedded-content\" data-secret=\"fN1yq7bwW8\"><a href=\"https:\/\/ctih.ffzg.unizg.hr\/index.php\/natjecaj-za-dodjelu-dvije-stipendije-za-pohadanje-summer-school-in-critical-theory-and-praxis-literature-and-society\/\">Natje\u010daj za dodjelu dvije stipendije za poha\u0111anje Summer School in Critical Theory and Praxis: Literature and Society\u00a0<\/a><\/blockquote><iframe loading=\"lazy\" class=\"wp-embedded-content\" sandbox=\"allow-scripts\" security=\"restricted\" style=\"position: absolute; visibility: hidden;\" title=\"&#8220;Natje\u010daj za dodjelu dvije stipendije za poha\u0111anje Summer School in Critical Theory and Praxis: Literature and Society\u00a0&#8221; &#8212; Centre for Theoretical Research in the Humanities\" src=\"https:\/\/ctih.ffzg.unizg.hr\/index.php\/natjecaj-za-dodjelu-dvije-stipendije-za-pohadanje-summer-school-in-critical-theory-and-praxis-literature-and-society\/embed\/#?secret=IPTazsW5F1#?secret=fN1yq7bwW8\" data-secret=\"fN1yq7bwW8\" width=\"600\" height=\"338\" frameborder=\"0\" marginwidth=\"0\" marginheight=\"0\" scrolling=\"no\"><\/iframe>\n<\/div><\/figure>\n\n\n\n<hr class=\"wp-block-separator has-alpha-channel-opacity\"\/>\n\n\n\n<figure class=\"wp-block-image size-full is-resized\"><img data-recalc-dims=\"1\" loading=\"lazy\" decoding=\"async\" width=\"712\" height=\"1004\" data-attachment-id=\"51909\" data-permalink=\"https:\/\/historiografija.hr\/?attachment_id=51909\" data-orig-file=\"https:\/\/i0.wp.com\/historiografija.hr\/wp-content\/uploads\/2026\/03\/Cres.png?fit=712%2C1004&amp;ssl=1\" data-orig-size=\"712,1004\" data-comments-opened=\"1\" data-image-meta=\"{&quot;aperture&quot;:&quot;0&quot;,&quot;credit&quot;:&quot;&quot;,&quot;camera&quot;:&quot;&quot;,&quot;caption&quot;:&quot;&quot;,&quot;created_timestamp&quot;:&quot;0&quot;,&quot;copyright&quot;:&quot;&quot;,&quot;focal_length&quot;:&quot;0&quot;,&quot;iso&quot;:&quot;0&quot;,&quot;shutter_speed&quot;:&quot;0&quot;,&quot;title&quot;:&quot;&quot;,&quot;orientation&quot;:&quot;0&quot;}\" data-image-title=\"Cres\" data-image-description=\"\" data-image-caption=\"\" data-large-file=\"https:\/\/i0.wp.com\/historiografija.hr\/wp-content\/uploads\/2026\/03\/Cres.png?fit=712%2C1004&amp;ssl=1\" src=\"https:\/\/i0.wp.com\/historiografija.hr\/wp-content\/uploads\/2026\/03\/Cres.png?resize=712%2C1004&#038;ssl=1\" alt=\"\" class=\"wp-image-51909\" style=\"width:486px;height:auto\" srcset=\"https:\/\/i0.wp.com\/historiografija.hr\/wp-content\/uploads\/2026\/03\/Cres.png?w=712&amp;ssl=1 712w, https:\/\/i0.wp.com\/historiografija.hr\/wp-content\/uploads\/2026\/03\/Cres.png?resize=213%2C300&amp;ssl=1 213w\" sizes=\"auto, (max-width: 712px) 100vw, 712px\" \/><\/figure>\n\n\n\n<hr class=\"wp-block-separator has-alpha-channel-opacity\"\/>\n","protected":false},"excerpt":{"rendered":"","protected":false},"author":2,"featured_media":51909,"comment_status":"open","ping_status":"open","sticky":false,"template":"","format":"standard","meta":{"_acf_changed":false,"jetpack_post_was_ever_published":false,"_jetpack_newsletter_access":"","_jetpack_dont_email_post_to_subs":false,"_jetpack_newsletter_tier_id":0,"_jetpack_memberships_contains_paywalled_content":false,"_jetpack_memberships_contains_paid_content":false,"footnotes":"","jetpack_publicize_message":"","jetpack_publicize_feature_enabled":true,"jetpack_social_post_already_shared":true,"jetpack_social_options":{"image_generator_settings":{"template":"highway","default_image_id":0,"font":"","enabled":false},"version":2}},"categories":[3,9],"tags":[],"class_list":["post-51908","post","type-post","status-publish","format-standard","has-post-thumbnail","hentry","category-novosti","category-skupovi"],"acf":{"facebook_opis":""},"jetpack_publicize_connections":[],"jetpack_featured_media_url":"https:\/\/i0.wp.com\/historiografija.hr\/wp-content\/uploads\/2026\/03\/Cres.png?fit=712%2C1004&ssl=1","jetpack_sharing_enabled":true,"jetpack-related-posts":[{"id":52520,"url":"https:\/\/historiografija.hr\/?p=52520","url_meta":{"origin":51908,"position":0},"title":"Predstavljanje knjige &#8220;Socialist Economics in Yugoslavia: A Critical History&#8221; u Zagrebu","author":"Branimir Jankovi\u0107","date":"17. travnja 2026.","format":false,"excerpt":"Pozivamo vas na predstavljanje knjige \"Socialist Economics in Yugoslavia: A Critical History\", autora Mislava \u00a0\u017ditka i Marka Grde\u0161i\u0107a (Routledge, 2026). Na predstavljanju \u0107e govoriti Branko Milanovi\u0107 (CUNY), Milica Uvali\u0107 (EUI), Zdravko Petak (FPZG) te autori.\u00a0 Predstavljanje \u0107e se odr\u017eati u srijedu 22. travnja u 16:00 sati na Fakultetu politi\u010dkih znanosti\u2026","rel":"","context":"U &quot;Novosti&quot;","block_context":{"text":"Novosti","link":"https:\/\/historiografija.hr\/?cat=3"},"img":{"alt_text":"","src":"https:\/\/i0.wp.com\/historiografija.hr\/wp-content\/uploads\/2026\/04\/Poziv-na-predstavljanje.png?fit=800%2C652&ssl=1&resize=350%2C200","width":350,"height":200,"srcset":"https:\/\/i0.wp.com\/historiografija.hr\/wp-content\/uploads\/2026\/04\/Poziv-na-predstavljanje.png?fit=800%2C652&ssl=1&resize=350%2C200 1x, https:\/\/i0.wp.com\/historiografija.hr\/wp-content\/uploads\/2026\/04\/Poziv-na-predstavljanje.png?fit=800%2C652&ssl=1&resize=525%2C300 1.5x, https:\/\/i0.wp.com\/historiografija.hr\/wp-content\/uploads\/2026\/04\/Poziv-na-predstavljanje.png?fit=800%2C652&ssl=1&resize=700%2C400 2x"},"classes":[]},{"id":52669,"url":"https:\/\/historiografija.hr\/?p=52669","url_meta":{"origin":51908,"position":1},"title":"Predavanje Igora Dude &#8220;Odmor kao \u017eivotna potreba: o slobodnom vremenu u socijalisti\u010dkoj Jugoslaviji&#8221;","author":"Branimir Jankovi\u0107","date":"27. travnja 2026.","format":false,"excerpt":"U sklopu proljetnog ciklusa programa\u00a0Kriti\u010dka dramaturgija: pauza, u\u00a0subotu, 25. travnja 2026. u 19 sati\u00a0u prostoru Udru\u017eenja hrvatskih arhitekata povjesni\u010dar Igor Duda\u00a0odr\u017eao je predavanje naslovljeno\u00a0Odmor kao \u017eivotna potreba: o slobodnom vremenu u socijalisti\u010dkoj Jugoslaviji. Industrijalizacija i urbanizacija dru\u0161tava u povijesti su zna\u010dile i prelazak s predindustrijskog na industrijsko shva\u0107anje vremena. Ono\u2026","rel":"","context":"U &quot;Novosti&quot;","block_context":{"text":"Novosti","link":"https:\/\/historiografija.hr\/?cat=3"},"img":{"alt_text":"","src":"https:\/\/i0.wp.com\/historiografija.hr\/wp-content\/uploads\/2026\/04\/Duda.png?fit=1200%2C628&ssl=1&resize=350%2C200","width":350,"height":200,"srcset":"https:\/\/i0.wp.com\/historiografija.hr\/wp-content\/uploads\/2026\/04\/Duda.png?fit=1200%2C628&ssl=1&resize=350%2C200 1x, https:\/\/i0.wp.com\/historiografija.hr\/wp-content\/uploads\/2026\/04\/Duda.png?fit=1200%2C628&ssl=1&resize=525%2C300 1.5x, https:\/\/i0.wp.com\/historiografija.hr\/wp-content\/uploads\/2026\/04\/Duda.png?fit=1200%2C628&ssl=1&resize=700%2C400 2x, https:\/\/i0.wp.com\/historiografija.hr\/wp-content\/uploads\/2026\/04\/Duda.png?fit=1200%2C628&ssl=1&resize=1050%2C600 3x"},"classes":[]},{"id":52768,"url":"https:\/\/historiografija.hr\/?p=52768","url_meta":{"origin":51908,"position":2},"title":"Poziv za prijavu na me\u0111unarodni ljetni kamp za mlade \u201cYouth in Cold-War Europe\u201d","author":"Filip \u0160imunjak","date":"30. travnja 2026.","format":false,"excerpt":"Otvoren je poziv za prijavu na me\u0111unarodni ljetni kamp \"Youth in Cold-War Europe\", koji se odr\u017eava od 28.08. do 06.09. 2026. godine u Weimaru (Njema\u010dka). Kamp se odr\u017eava u organizaciji Europskog centra za obrazovanje mladih (EJBW) iz Weimara i njegovih me\u0111unarodnih partnera, te uz financijsku podr\u0161ku Europske unije i Savezne\u2026","rel":"","context":"U &quot;Novosti&quot;","block_context":{"text":"Novosti","link":"https:\/\/historiografija.hr\/?cat=3"},"img":{"alt_text":"","src":"https:\/\/i0.wp.com\/historiografija.hr\/wp-content\/uploads\/2026\/04\/LJETNI-KAMP-ZA-MLADE-YOUTH-IN-COLD-WAR-EUROPE.jpg?fit=667%2C375&ssl=1&resize=350%2C200","width":350,"height":200,"srcset":"https:\/\/i0.wp.com\/historiografija.hr\/wp-content\/uploads\/2026\/04\/LJETNI-KAMP-ZA-MLADE-YOUTH-IN-COLD-WAR-EUROPE.jpg?fit=667%2C375&ssl=1&resize=350%2C200 1x, https:\/\/i0.wp.com\/historiografija.hr\/wp-content\/uploads\/2026\/04\/LJETNI-KAMP-ZA-MLADE-YOUTH-IN-COLD-WAR-EUROPE.jpg?fit=667%2C375&ssl=1&resize=525%2C300 1.5x"},"classes":[]},{"id":52559,"url":"https:\/\/historiografija.hr\/?p=52559","url_meta":{"origin":51908,"position":3},"title":"Dobitnici dr\u017eavne nagrade za znanost za 2024. godinu","author":"Branimir Jankovi\u0107","date":"20. travnja 2026.","format":false,"excerpt":"Na sjednici Odbora za podjelu dr\u017eavnih nagrada za znanost odr\u017eanoj 16. travnja 2026. godine donesena je Odluka o dodjeli dr\u017eavnih nagrada za znanost za 2024. godinu. Godi\u0161njom nagradom za popularizaciju i promid\u017ebu znanosti nagra\u0111eni su u podru\u010dju humanisti\u010dkih znanosti znanstveni suradnici dr. sc. Josip Mihaljevi\u0107 i dr. sc. Gordan Ravan\u010di\u0107,\u2026","rel":"","context":"U &quot;Novosti&quot;","block_context":{"text":"Novosti","link":"https:\/\/historiografija.hr\/?cat=3"},"img":{"alt_text":"","src":"https:\/\/i0.wp.com\/historiografija.hr\/wp-content\/uploads\/2021\/12\/povijesne-kontroverze.jpg?fit=1200%2C675&ssl=1&resize=350%2C200","width":350,"height":200,"srcset":"https:\/\/i0.wp.com\/historiografija.hr\/wp-content\/uploads\/2021\/12\/povijesne-kontroverze.jpg?fit=1200%2C675&ssl=1&resize=350%2C200 1x, https:\/\/i0.wp.com\/historiografija.hr\/wp-content\/uploads\/2021\/12\/povijesne-kontroverze.jpg?fit=1200%2C675&ssl=1&resize=525%2C300 1.5x, https:\/\/i0.wp.com\/historiografija.hr\/wp-content\/uploads\/2021\/12\/povijesne-kontroverze.jpg?fit=1200%2C675&ssl=1&resize=700%2C400 2x, https:\/\/i0.wp.com\/historiografija.hr\/wp-content\/uploads\/2021\/12\/povijesne-kontroverze.jpg?fit=1200%2C675&ssl=1&resize=1050%2C600 3x"},"classes":[]},{"id":52148,"url":"https:\/\/historiografija.hr\/?p=52148","url_meta":{"origin":51908,"position":4},"title":"Poziv za prijavu na me\u0111unarodnu znanstvenu konferenciju \u201eGranice (ne)slobode: Zadarski krug 1966. Intelektualna opozicija u totalitarnom dru\u0161tvu\u201c","author":"Branimir Jankovi\u0107","date":"27. o\u017eujka 2026.","format":false,"excerpt":"\u00a0\u00a0\u00a0\u00a0 Povodom \u0161ezdesete obljetnice poku\u0161aja osnivanja \u010dasopisa Slobodan glas u Zadru 1966. godine, pozivamo vas na znanstvenu konferenciju posve\u0107enu istra\u017eivanju disidentstva, intelektualne opozicije i granica divergentnog mi\u0161ljenja nasuprot slu\u017ebenoj ideologiji u komunisti\u010dkoj Jugoslaviji. Ideja konferencije je analizirati konkretan fenomen zadarskog slu\u010daja razloge i okolnosti njegove pojave, ali uz otvaranje komparativnih\u2026","rel":"","context":"U &quot;Novosti&quot;","block_context":{"text":"Novosti","link":"https:\/\/historiografija.hr\/?cat=3"},"img":{"alt_text":"","src":"https:\/\/i0.wp.com\/historiografija.hr\/wp-content\/uploads\/2026\/03\/Poziv-konferencija-Zadar.jpg?fit=1200%2C509&ssl=1&resize=350%2C200","width":350,"height":200,"srcset":"https:\/\/i0.wp.com\/historiografija.hr\/wp-content\/uploads\/2026\/03\/Poziv-konferencija-Zadar.jpg?fit=1200%2C509&ssl=1&resize=350%2C200 1x, https:\/\/i0.wp.com\/historiografija.hr\/wp-content\/uploads\/2026\/03\/Poziv-konferencija-Zadar.jpg?fit=1200%2C509&ssl=1&resize=525%2C300 1.5x, https:\/\/i0.wp.com\/historiografija.hr\/wp-content\/uploads\/2026\/03\/Poziv-konferencija-Zadar.jpg?fit=1200%2C509&ssl=1&resize=700%2C400 2x, https:\/\/i0.wp.com\/historiografija.hr\/wp-content\/uploads\/2026\/03\/Poziv-konferencija-Zadar.jpg?fit=1200%2C509&ssl=1&resize=1050%2C600 3x"},"classes":[]},{"id":52666,"url":"https:\/\/historiografija.hr\/?p=52666","url_meta":{"origin":51908,"position":5},"title":"Najava programa Festivala povijesti Kliofest (5-8. V. 2026)","author":"Branimir Jankovi\u0107","date":"24. travnja 2026.","format":false,"excerpt":"Po trinaesti put odr\u017eava se Festival povijesti Kliofest! Do petka \u0107emo odr\u017eati osam okruglih stolova i dva kolokvija te niz predstavljanja knjiga i projekata razli\u010dite tematike, od antike do suvremenosti. Bit \u0107e predstavljeno i nekoliko izlo\u017ebi te odr\u017ean jedan povijesni kviz. Prikazat \u0107emo i jedan film \u2013 o generalu Boroevi\u0107u.\u2026","rel":"","context":"U &quot;Novosti&quot;","block_context":{"text":"Novosti","link":"https:\/\/historiografija.hr\/?cat=3"},"img":{"alt_text":"","src":"https:\/\/i0.wp.com\/historiografija.hr\/wp-content\/uploads\/2026\/04\/Kliofest-2026.jpg?fit=526%2C526&ssl=1&resize=350%2C200","width":350,"height":200,"srcset":"https:\/\/i0.wp.com\/historiografija.hr\/wp-content\/uploads\/2026\/04\/Kliofest-2026.jpg?fit=526%2C526&ssl=1&resize=350%2C200 1x, https:\/\/i0.wp.com\/historiografija.hr\/wp-content\/uploads\/2026\/04\/Kliofest-2026.jpg?fit=526%2C526&ssl=1&resize=525%2C300 1.5x"},"classes":[]}],"_links":{"self":[{"href":"https:\/\/historiografija.hr\/index.php?rest_route=\/wp\/v2\/posts\/51908","targetHints":{"allow":["GET"]}}],"collection":[{"href":"https:\/\/historiografija.hr\/index.php?rest_route=\/wp\/v2\/posts"}],"about":[{"href":"https:\/\/historiografija.hr\/index.php?rest_route=\/wp\/v2\/types\/post"}],"author":[{"embeddable":true,"href":"https:\/\/historiografija.hr\/index.php?rest_route=\/wp\/v2\/users\/2"}],"replies":[{"embeddable":true,"href":"https:\/\/historiografija.hr\/index.php?rest_route=%2Fwp%2Fv2%2Fcomments&post=51908"}],"version-history":[{"count":4,"href":"https:\/\/historiografija.hr\/index.php?rest_route=\/wp\/v2\/posts\/51908\/revisions"}],"predecessor-version":[{"id":51913,"href":"https:\/\/historiografija.hr\/index.php?rest_route=\/wp\/v2\/posts\/51908\/revisions\/51913"}],"wp:featuredmedia":[{"embeddable":true,"href":"https:\/\/historiografija.hr\/index.php?rest_route=\/wp\/v2\/media\/51909"}],"wp:attachment":[{"href":"https:\/\/historiografija.hr\/index.php?rest_route=%2Fwp%2Fv2%2Fmedia&parent=51908"}],"wp:term":[{"taxonomy":"category","embeddable":true,"href":"https:\/\/historiografija.hr\/index.php?rest_route=%2Fwp%2Fv2%2Fcategories&post=51908"},{"taxonomy":"post_tag","embeddable":true,"href":"https:\/\/historiografija.hr\/index.php?rest_route=%2Fwp%2Fv2%2Ftags&post=51908"}],"curies":[{"name":"wp","href":"https:\/\/api.w.org\/{rel}","templated":true}]}}