{"id":51905,"date":"2026-03-13T23:53:28","date_gmt":"2026-03-13T23:53:28","guid":{"rendered":"https:\/\/historiografija.hr\/?p=51905"},"modified":"2026-03-14T23:05:16","modified_gmt":"2026-03-14T23:05:16","slug":"tribina-palestina-zivot-je-otpor","status":"publish","type":"post","link":"https:\/\/historiografija.hr\/?p=51905","title":{"rendered":"Tribina \u201ePalestina: \u017divot je otpor\u201c"},"content":{"rendered":"\n<p>U rije\u010dkoj Filodrammatici odr\u017eana je 26. velja\u010de 2026. tribina \u201ePalestina: \u017eivot je otpor\u201c u organizaciji udruga Drugo More i ISSA \u2013 \u0160kola autonomije te Centra za teorijska i kriti\u010dka istra\u017eivanja Filozofskog fakulteta u Rijeci.<\/p>\n\n\n\n<hr class=\"wp-block-separator has-alpha-channel-opacity\"\/>\n\n\n\n<p>Op\u0161irnije:<\/p>\n\n\n\n<figure class=\"wp-block-embed is-type-wp-embed is-provider-drugo-more wp-block-embed-drugo-more\"><div class=\"wp-block-embed__wrapper\">\n<blockquote class=\"wp-embedded-content\" data-secret=\"GxyGkcM1mf\"><a href=\"https:\/\/drugo-more.hr\/palestina-zivot-je-otpor\/\">Palestina: \u017divot je otpor<\/a><\/blockquote><iframe loading=\"lazy\" class=\"wp-embedded-content\" sandbox=\"allow-scripts\" security=\"restricted\" style=\"position: absolute; visibility: hidden;\" title=\"&#8220;Palestina: \u017divot je otpor&#8221; &#8212; Drugo More\" src=\"https:\/\/drugo-more.hr\/palestina-zivot-je-otpor\/embed\/#?secret=GxyGkcM1mf\" data-secret=\"GxyGkcM1mf\" width=\"600\" height=\"338\" frameborder=\"0\" marginwidth=\"0\" marginheight=\"0\" scrolling=\"no\"><\/iframe>\n<\/div><\/figure>\n\n\n\n<p><a href=\"https:\/\/torpedo.media\/scena\/fotovideo-razgovor-palestina-zivot-je-otpor-u-filodrammatici-o-aktualnoj-situaciji-na-zapadnoj-obali\">https:\/\/torpedo.media\/scena\/fotovideo-razgovor-palestina-zivot-je-otpor-u-filodrammatici-o-aktualnoj-situaciji-na-zapadnoj-obali<\/a><\/p>\n\n\n\n<p><a href=\"https:\/\/www.portalnovosti.com\/palestina-zivot-kao-otpor\">https:\/\/www.portalnovosti.com\/palestina-zivot-kao-otpor<\/a><\/p>\n\n\n\n<p><a href=\"https:\/\/kulturpunkt.hr\/podcast\/audio\/palestina-zivot-je-otpor\">https:\/\/kulturpunkt.hr\/podcast\/audio\/palestina-zivot-je-otpor<\/a><\/p>\n\n\n\n<figure class=\"wp-block-embed is-type-wp-embed is-provider-novi-list wp-block-embed-novi-list\"><div class=\"wp-block-embed__wrapper\">\n<blockquote class=\"wp-embedded-content\" data-secret=\"NVdwjMhX5g\"><a href=\"https:\/\/www.novilist.hr\/rijeka-regija\/dasak-gaze-u-rijeci-palestinski-otpor-je-povezan-s-globalnim-pokretom-za-slobodu\/\">Da\u0161ak Gaze u Rijeci: &#8220;Palestinski otpor je povezan s globalnim pokretom za slobodu&#8221;<\/a><\/blockquote><iframe loading=\"lazy\" class=\"wp-embedded-content\" sandbox=\"allow-scripts\" security=\"restricted\" style=\"position: absolute; visibility: hidden;\" title=\"&#8220;Da\u0161ak Gaze u Rijeci: &#8220;Palestinski otpor je povezan s globalnim pokretom za slobodu&#8221;&#8221; &#8212; Novi list\" src=\"https:\/\/www.novilist.hr\/rijeka-regija\/dasak-gaze-u-rijeci-palestinski-otpor-je-povezan-s-globalnim-pokretom-za-slobodu\/embed\/#?secret=EOJydGBnKU#?secret=NVdwjMhX5g\" data-secret=\"NVdwjMhX5g\" width=\"600\" height=\"338\" frameborder=\"0\" marginwidth=\"0\" marginheight=\"0\" scrolling=\"no\"><\/iframe>\n<\/div><\/figure>\n\n\n\n<figure class=\"wp-block-embed is-type-wp-embed is-provider-novi-list wp-block-embed-novi-list\"><div class=\"wp-block-embed__wrapper\">\n<blockquote class=\"wp-embedded-content\" data-secret=\"Hf8VC3Sh2A\"><a href=\"https:\/\/www.novilist.hr\/uncategorized\/na-razgovoru-palestina-zivot-je-otpor-u-filodrammatici-gostuju-abdaljawad-omar-i-basil-farraj\/\">Na razgovoru &#8220;Palestina: \u017divot je otpor&#8221; u Filodrammatici gostuju Abdaljawad Omar i Basil Farraj<\/a><\/blockquote><iframe loading=\"lazy\" class=\"wp-embedded-content\" sandbox=\"allow-scripts\" security=\"restricted\" style=\"position: absolute; visibility: hidden;\" title=\"&#8220;Na razgovoru &#8220;Palestina: \u017divot je otpor&#8221; u Filodrammatici gostuju Abdaljawad Omar i Basil Farraj&#8221; &#8212; Novi list\" src=\"https:\/\/www.novilist.hr\/uncategorized\/na-razgovoru-palestina-zivot-je-otpor-u-filodrammatici-gostuju-abdaljawad-omar-i-basil-farraj\/embed\/#?secret=NFWhWnOvU2#?secret=Hf8VC3Sh2A\" data-secret=\"Hf8VC3Sh2A\" width=\"600\" height=\"338\" frameborder=\"0\" marginwidth=\"0\" marginheight=\"0\" scrolling=\"no\"><\/iframe>\n<\/div><\/figure>\n\n\n\n<figure class=\"wp-block-embed is-type-wp-embed is-provider-klub-mama-multimedijalni-institut wp-block-embed-klub-mama-multimedijalni-institut\"><div class=\"wp-block-embed__wrapper\">\n<blockquote class=\"wp-embedded-content\" data-secret=\"OsS5bsBdy6\"><a href=\"https:\/\/mi2.hr\/2026\/02\/citanje-palestine-iscitavanje-iz-rusevina-2\/\">\u010citanje Palestine: I\u0161\u010ditavanje iz ru\u0161evina<\/a><\/blockquote><iframe loading=\"lazy\" class=\"wp-embedded-content\" sandbox=\"allow-scripts\" security=\"restricted\" style=\"position: absolute; visibility: hidden;\" title=\"&#8220;\u010citanje Palestine: I\u0161\u010ditavanje iz ru\u0161evina&#8221; &#8212; Klub Mama \/ Multimedijalni Institut\" src=\"https:\/\/mi2.hr\/2026\/02\/citanje-palestine-iscitavanje-iz-rusevina-2\/embed\/#?secret=oNW783sm3K#?secret=OsS5bsBdy6\" data-secret=\"OsS5bsBdy6\" width=\"600\" height=\"338\" frameborder=\"0\" marginwidth=\"0\" marginheight=\"0\" scrolling=\"no\"><\/iframe>\n<\/div><\/figure>\n\n\n\n<p><a href=\"https:\/\/www.portalnovosti.com\/abdeldzavad-omar-palestinci-su-uvelike-pobijedili-u-borbi-za-naklonost-svijeta\">https:\/\/www.portalnovosti.com\/abdeldzavad-omar-palestinci-su-uvelike-pobijedili-u-borbi-za-naklonost-svijeta<\/a><\/p>\n\n\n\n<hr class=\"wp-block-separator has-alpha-channel-opacity\"\/>\n\n\n\n<p><\/p>\n","protected":false},"excerpt":{"rendered":"","protected":false},"author":2,"featured_media":51906,"comment_status":"open","ping_status":"open","sticky":false,"template":"","format":"standard","meta":{"_acf_changed":false,"jetpack_post_was_ever_published":false,"_jetpack_newsletter_access":"","_jetpack_dont_email_post_to_subs":false,"_jetpack_newsletter_tier_id":0,"_jetpack_memberships_contains_paywalled_content":false,"_jetpack_memberships_contains_paid_content":false,"footnotes":"","jetpack_publicize_message":"","jetpack_publicize_feature_enabled":true,"jetpack_social_post_already_shared":true,"jetpack_social_options":{"image_generator_settings":{"template":"highway","default_image_id":0,"font":"","enabled":false},"version":2}},"categories":[3],"tags":[],"class_list":["post-51905","post","type-post","status-publish","format-standard","has-post-thumbnail","hentry","category-novosti"],"acf":{"facebook_opis":""},"jetpack_publicize_connections":[],"jetpack_featured_media_url":"https:\/\/i0.wp.com\/historiografija.hr\/wp-content\/uploads\/2026\/03\/borut-brozovic.jpg?fit=1200%2C800&ssl=1","jetpack_sharing_enabled":true,"jetpack-related-posts":[],"_links":{"self":[{"href":"https:\/\/historiografija.hr\/index.php?rest_route=\/wp\/v2\/posts\/51905","targetHints":{"allow":["GET"]}}],"collection":[{"href":"https:\/\/historiografija.hr\/index.php?rest_route=\/wp\/v2\/posts"}],"about":[{"href":"https:\/\/historiografija.hr\/index.php?rest_route=\/wp\/v2\/types\/post"}],"author":[{"embeddable":true,"href":"https:\/\/historiografija.hr\/index.php?rest_route=\/wp\/v2\/users\/2"}],"replies":[{"embeddable":true,"href":"https:\/\/historiografija.hr\/index.php?rest_route=%2Fwp%2Fv2%2Fcomments&post=51905"}],"version-history":[{"count":4,"href":"https:\/\/historiografija.hr\/index.php?rest_route=\/wp\/v2\/posts\/51905\/revisions"}],"predecessor-version":[{"id":51923,"href":"https:\/\/historiografija.hr\/index.php?rest_route=\/wp\/v2\/posts\/51905\/revisions\/51923"}],"wp:featuredmedia":[{"embeddable":true,"href":"https:\/\/historiografija.hr\/index.php?rest_route=\/wp\/v2\/media\/51906"}],"wp:attachment":[{"href":"https:\/\/historiografija.hr\/index.php?rest_route=%2Fwp%2Fv2%2Fmedia&parent=51905"}],"wp:term":[{"taxonomy":"category","embeddable":true,"href":"https:\/\/historiografija.hr\/index.php?rest_route=%2Fwp%2Fv2%2Fcategories&post=51905"},{"taxonomy":"post_tag","embeddable":true,"href":"https:\/\/historiografija.hr\/index.php?rest_route=%2Fwp%2Fv2%2Ftags&post=51905"}],"curies":[{"name":"wp","href":"https:\/\/api.w.org\/{rel}","templated":true}]}}