{"id":51857,"date":"2026-03-12T22:57:25","date_gmt":"2026-03-12T22:57:25","guid":{"rendered":"https:\/\/historiografija.hr\/?p=51857"},"modified":"2026-03-12T22:57:25","modified_gmt":"2026-03-12T22:57:25","slug":"zbornik-radova-slana-i-metajna-logori-na-pagu-i-kultura-sjecanja","status":"publish","type":"post","link":"https:\/\/historiografija.hr\/?p=51857","title":{"rendered":"Zbornik radova \u201eSLANA I METAJNA. Logori na Pagu i kultura sje\u0107anja\u201c"},"content":{"rendered":"\n<p>Kao 64. knjiga Biblioteke Zbornici Instituta dru\u0161tvenih znanosti Ivo Pilar objavljen je zbornik radova SLANA I METAJNA. Logori na Pagu i kultura sje\u0107anja. Zbornik je uredio dr. sc. \u017deljko Holjevac<\/p>\n\n\n\n<p><em>Zbornik radova donosi nove spoznaje i kriti\u010dke reinterpretacije istra\u017eiva\u010dki otvorenih pitanja kako bi se popunile praznine u dosada\u0161njim istra\u017eivanjima i nijansirano inoviralo znanje o logorima Slana i Metajna na otoku Pagu.<\/em> \u2013 Iz Predgovora<\/p>\n\n\n\n<p><strong>SLANA I METAJNA. Logori na Pagu i kultura sje\u0107anja. Zbornik radova<\/strong><br><strong>Urednik: \u017deljko Holjevac<\/strong><br><strong>Biblioteka Zbornici. \u2013 Knj. 64.<\/strong><br><strong>Institut dru\u0161tvenih znanosti Ivo Pilar<\/strong><br><strong>Zagreb, 2026. \u2013 294 str.<\/strong><br><strong>ISBN 978-953-8404-48-1<\/strong><\/p>\n\n\n\n<p><strong>Sadr\u017eaj<\/strong><\/p>\n\n\n\n<p>Predgovor<\/p>\n\n\n\n<p>LOGORI NA PAGU<br>Mario JAREB: Logori Slana i Metajna \u2013 osnutak, djelovanje i zlo\u010dini nad zato\u010denicima<br>Vladimir GEIGER: Pitanje broja \u017ertava logora Slana i Metajna na Pagu u historiografiji, publicistici i javnosti \u2013 \u010dinjenice, kontroverze i manipulacijea<br>Zlatko BEGONJA: Logor Slana: sudski postupak protiv Slavka Baljaka i ostalih<br>KULTURA SJE\u0106ANJA<br>Danijel VOJAK: Prva faza kulture sje\u0107anja ili kultura (ne)sje\u0107anja na \u017ertve logora Slana u razdoblju 1941.\/1945. \u2013 1991.<br>Marko VUKI\u010cEVI\u0106: Kultura sje\u0107anja na \u017ertve logora Slana na otoku Pagu potkraj 20. i po\u010detkom 21. stolje\u0107a<br>Ljiljana DOBROV\u0160AK \u2013 Matija KRIZMANI\u0106 \u2013 Danijel VOJAK \u2013 Adrian KNE\u017dEVI\u0106: Istra\u017eivanje suvremene kulture sje\u0107anja na logore Slana i Metajna na otoku Pagu<\/p>\n\n\n\n<p>O autorima&nbsp;<\/p>\n\n\n\n<p><strong>Iz Predgovora<\/strong><\/p>\n\n\n\n<p>Zbornik radova donosi nove spoznaje i kriti\u010dke reinterpretacije istra\u017eiva\u010dki otvorenih pitanja kako bi se popunile praznine u dosada\u0161njim istra\u017eivanjima i nijansirano inoviralo znanje o logorima Slana i Metajna na otoku Pagu. Uz cjelovit pregled osnutka, djelovanja i raspu\u0161tanja tih logora 1941. te zlo\u010din\u00e2 nad zato\u010denicima, kriti\u010dki osvrt na pitanje broja \u017ertava u historiografiji, publicistici i javnosti kao i detaljni uvid u sudski postupak protiv Slavka Baljaka i ostalih pred Okru\u017enim sudom u Zadru 1952.\/1953., dodatna je vrijednost zbornika u interdisciplinarnom doprinosu razumijevanju nedovoljno istra\u017eene kulture sje\u0107anja na pa\u0161ke logore i njihove \u017ertve od Drugoga svjetskog rata do na\u0161ih dana. Pritom treba uzeti u obzir da anga\u017eirani istra\u017eiva\u010di nisu mogli konzultirati izvore u talijanskom vojnom arhivu u Rimu, koji je za trajanja projekta bio zatvoren za javnost zbog slo\u017eenih infrastrukturnih radova usmjerenih na uskla\u0111ivanje s propisima o za\u0161titi od po\u017eara. Osim toga, problematiku logora Slana i Metajna mogla bi dodatno osvijetliti i specijalizirana speleolo\u0161ka i forenzi\u010dko-antropolo\u0161ka istra\u017eivanja na terenu. Stoga valja skrenuti pozornost na potrebu za budu\u0107im istra\u017eivanjima koja bi iz specifi\u010dnih kutova mogla potencijalno dopuniti klju\u010dne nalaze autor\u00e2 radova u ovom zborniku. Zahvaljuju\u0107i suradnicima na projektu na istra\u017eivanju i pisanju radova, recenzentima na \u010ditanju i ocjeni tih radova te Gradu Novalji i njegovu gradona\u010delniku Ivanu Dabi \u0110onu na poticaju i potpori, zbornik predajemo \u010ditateljskoj javnosti u nadi da \u0107e njegovo objavljivanje pridonijeti pouzdanijem poznavanju pa\u0161kih logora, razvijanju kriti\u010dkoga mi\u0161ljenja, promicanju kulture sje\u0107anja, informiranom dono\u0161enju odluka i kultiviranju dijaloga u javnosti o toj slojevitoj i bremenitoj temi na\u0161e pro\u0161losti.<\/p>\n\n\n\n<hr class=\"wp-block-separator has-alpha-channel-opacity\"\/>\n\n\n\n<p>Izvor i dodatne obavijesti:<\/p>\n\n\n\n<figure class=\"wp-block-embed is-type-wp-embed is-provider-institut-dru-tvenih-znanosti-ivo-pilar wp-block-embed-institut-dru-tvenih-znanosti-ivo-pilar\"><div class=\"wp-block-embed__wrapper\">\n<blockquote class=\"wp-embedded-content\" data-secret=\"nC1AELNXBb\"><a href=\"https:\/\/www.pilar.hr\/2026\/03\/objavljen-zbornik-slana-i-metajna-logori-na-pagu-i-kultura-sjecanja\/\">Objavljen zbornik SLANA I METAJNA. Logori na Pagu i kultura sje\u0107anja<\/a><\/blockquote><iframe loading=\"lazy\" class=\"wp-embedded-content\" sandbox=\"allow-scripts\" security=\"restricted\" style=\"position: absolute; visibility: hidden;\" title=\"&#8220;Objavljen zbornik SLANA I METAJNA. Logori na Pagu i kultura sje\u0107anja&#8221; &#8212; Institut dru\u0161tvenih znanosti Ivo Pilar\" src=\"https:\/\/www.pilar.hr\/2026\/03\/objavljen-zbornik-slana-i-metajna-logori-na-pagu-i-kultura-sjecanja\/embed\/#?secret=3KPfbMUpmR#?secret=nC1AELNXBb\" data-secret=\"nC1AELNXBb\" width=\"600\" height=\"338\" frameborder=\"0\" marginwidth=\"0\" marginheight=\"0\" scrolling=\"no\"><\/iframe>\n<\/div><\/figure>\n\n\n\n<hr class=\"wp-block-separator has-alpha-channel-opacity\"\/>\n","protected":false},"excerpt":{"rendered":"","protected":false},"author":2,"featured_media":51858,"comment_status":"open","ping_status":"open","sticky":false,"template":"","format":"standard","meta":{"_acf_changed":false,"jetpack_post_was_ever_published":false,"_jetpack_newsletter_access":"","_jetpack_dont_email_post_to_subs":false,"_jetpack_newsletter_tier_id":0,"_jetpack_memberships_contains_paywalled_content":false,"_jetpack_memberships_contains_paid_content":false,"footnotes":"","jetpack_publicize_message":"","jetpack_publicize_feature_enabled":true,"jetpack_social_post_already_shared":true,"jetpack_social_options":{"image_generator_settings":{"template":"highway","default_image_id":0,"font":"","enabled":false},"version":2}},"categories":[8,3],"tags":[],"class_list":["post-51857","post","type-post","status-publish","format-standard","has-post-thumbnail","hentry","category-knjige","category-novosti"],"acf":{"facebook_opis":""},"jetpack_publicize_connections":[],"jetpack_featured_media_url":"https:\/\/i0.wp.com\/historiografija.hr\/wp-content\/uploads\/2026\/03\/Naslovnica-Zbornik-radova.jpg?fit=543%2C760&ssl=1","jetpack_sharing_enabled":true,"jetpack-related-posts":[{"id":52499,"url":"https:\/\/historiografija.hr\/?p=52499","url_meta":{"origin":51857,"position":0},"title":"POTPISAN UGOVOR O ZNANSTVENO-ISTRA\u017dIVA\u010cKOJ SURADNJI: PROJEKT \u201eTEMELJI HRVATSKE SAMOSTALNOSTI\u201d","author":"Branimir Jankovi\u0107","date":"17. travnja 2026.","format":false,"excerpt":"Hrvatski institut za povijest, Sveu\u010dili\u0161te obrane i sigurnosti \u201eDr. Franjo Tu\u0111man\u201d, Institut dru\u0161tvenih znanosti Ivo Pilar i Hrvatski dr\u017eavni arhiv\u00a0potpisali su 23. o\u017eujka 2026.\u00a0Ugovor o znanstveno-istra\u017eiva\u010dkoj suradnji s ciljem provedbe projekta \u201eTemelji hrvatske samostalnosti\u201d. Tim projektom obuhva\u0107a se istra\u017eivanje arhivskoga gradiva, priprema znanstvenih publikacija, digitalizacija i javna prezentacija rezultata istra\u017eivanja\u2026","rel":"","context":"U &quot;Novosti&quot;","block_context":{"text":"Novosti","link":"https:\/\/historiografija.hr\/?cat=3"},"img":{"alt_text":"","src":"https:\/\/i0.wp.com\/historiografija.hr\/wp-content\/uploads\/2026\/04\/THS_sporazum.jpg?fit=1200%2C583&ssl=1&resize=350%2C200","width":350,"height":200,"srcset":"https:\/\/i0.wp.com\/historiografija.hr\/wp-content\/uploads\/2026\/04\/THS_sporazum.jpg?fit=1200%2C583&ssl=1&resize=350%2C200 1x, https:\/\/i0.wp.com\/historiografija.hr\/wp-content\/uploads\/2026\/04\/THS_sporazum.jpg?fit=1200%2C583&ssl=1&resize=525%2C300 1.5x, https:\/\/i0.wp.com\/historiografija.hr\/wp-content\/uploads\/2026\/04\/THS_sporazum.jpg?fit=1200%2C583&ssl=1&resize=700%2C400 2x, https:\/\/i0.wp.com\/historiografija.hr\/wp-content\/uploads\/2026\/04\/THS_sporazum.jpg?fit=1200%2C583&ssl=1&resize=1050%2C600 3x"},"classes":[]},{"id":52502,"url":"https:\/\/historiografija.hr\/?p=52502","url_meta":{"origin":51857,"position":1},"title":"Novi znanstveni projekt Hrvatskog instituta za povijest: \u201c\u017drtve ratova i dr\u017eavnog\/politi\u010dkog nasilja u hrvatskoj povijesti 20. stolje\u0107a\u201d","author":"Branimir Jankovi\u0107","date":"17. travnja 2026.","format":false,"excerpt":"Na redovitoj sjednici Vlade RH, 16. travnja 2026., donijet je Zaklju\u010dak kojim se pokre\u0107e znanstveni projekt \u201c\u017drtve ratova i dr\u017eavnog\/politi\u010dkog nasilja u hrvatskoj povijesti 20. stolje\u0107a\u201d. Projekt \u0107e provoditi i koordinirati Hrvatski institut za povijest u razdoblju trajanja projekta od pet godina. Zakljucak Vlade RH Iz teksta projektnog prijedloga: Problematika\u2026","rel":"","context":"U &quot;Novosti&quot;","block_context":{"text":"Novosti","link":"https:\/\/historiografija.hr\/?cat=3"},"img":{"alt_text":"","src":"https:\/\/i0.wp.com\/historiografija.hr\/wp-content\/uploads\/2026\/04\/Vlada-RH.jpg?fit=1200%2C557&ssl=1&resize=350%2C200","width":350,"height":200,"srcset":"https:\/\/i0.wp.com\/historiografija.hr\/wp-content\/uploads\/2026\/04\/Vlada-RH.jpg?fit=1200%2C557&ssl=1&resize=350%2C200 1x, https:\/\/i0.wp.com\/historiografija.hr\/wp-content\/uploads\/2026\/04\/Vlada-RH.jpg?fit=1200%2C557&ssl=1&resize=525%2C300 1.5x, https:\/\/i0.wp.com\/historiografija.hr\/wp-content\/uploads\/2026\/04\/Vlada-RH.jpg?fit=1200%2C557&ssl=1&resize=700%2C400 2x, https:\/\/i0.wp.com\/historiografija.hr\/wp-content\/uploads\/2026\/04\/Vlada-RH.jpg?fit=1200%2C557&ssl=1&resize=1050%2C600 3x"},"classes":[]},{"id":52528,"url":"https:\/\/historiografija.hr\/?p=52528","url_meta":{"origin":51857,"position":2},"title":"[Promocija knjige] Banja Luka u ratu: Etnopolitika i svakodnevica (1990\u20131995) (ActiveLab, YugoLab)","author":"Branimir Jankovi\u0107","date":"17. travnja 2026.","format":false,"excerpt":"Institut za filozofiju i dru\u0161tvenu teoriju i O\u0161tra Nula organizuju promociju knjige Banja Luka u ratu: Etnopolitika i svakodnevica (1990\u20131995) autorke Armine Galija\u0161, koja \u0107e se odr\u017eati 20. aprila 2026. u 12.00 sati u prostorijama Instituta (Kraljice Natalije 45, Beograd). Re\u010d je o prvom nau\u010dno utemeljenom i sistematskom radu koji\u2026","rel":"","context":"U &quot;Novosti&quot;","block_context":{"text":"Novosti","link":"https:\/\/historiografija.hr\/?cat=3"},"img":{"alt_text":"","src":"https:\/\/i0.wp.com\/historiografija.hr\/wp-content\/uploads\/2026\/04\/20-april-RS.jpg?fit=1200%2C675&ssl=1&resize=350%2C200","width":350,"height":200,"srcset":"https:\/\/i0.wp.com\/historiografija.hr\/wp-content\/uploads\/2026\/04\/20-april-RS.jpg?fit=1200%2C675&ssl=1&resize=350%2C200 1x, https:\/\/i0.wp.com\/historiografija.hr\/wp-content\/uploads\/2026\/04\/20-april-RS.jpg?fit=1200%2C675&ssl=1&resize=525%2C300 1.5x, https:\/\/i0.wp.com\/historiografija.hr\/wp-content\/uploads\/2026\/04\/20-april-RS.jpg?fit=1200%2C675&ssl=1&resize=700%2C400 2x, https:\/\/i0.wp.com\/historiografija.hr\/wp-content\/uploads\/2026\/04\/20-april-RS.jpg?fit=1200%2C675&ssl=1&resize=1050%2C600 3x"},"classes":[]},{"id":52575,"url":"https:\/\/historiografija.hr\/?p=52575","url_meta":{"origin":51857,"position":3},"title":"Izlo\u017eba dje\u010djih radova \u201cU po\u010detku bija\u0161e crte\u017e\u2026\u201d","author":"Branimir Jankovi\u0107","date":"21. travnja 2026.","format":false,"excerpt":"U subotu, 25. travnja 2026. u 11 sati u Galeriji Klovi\u0107evi dvori sve\u010dano otvaramo izlo\u017ebu dje\u010djih radova pod nazivom U po\u010detku bija\u0161e crte\u017e\u2026 Radovi su nastali u sklopu likovnih radionica uz izlo\u017ebu U po\u010detku bija\u0161e kraljevstvo \u2013 izlo\u017eba povodom 1100 godina Hrvatskoga Kraljevstva. Na brojnim likovnim radionicama, uz \u0161kolsku djecu,\u2026","rel":"","context":"U &quot;Izlo\u017ebe&quot;","block_context":{"text":"Izlo\u017ebe","link":"https:\/\/historiografija.hr\/?cat=10"},"img":{"alt_text":"","src":"https:\/\/i0.wp.com\/historiografija.hr\/wp-content\/uploads\/2025\/10\/Klovicevi_sluzbeni-plakat.png?fit=840%2C1200&ssl=1&resize=350%2C200","width":350,"height":200,"srcset":"https:\/\/i0.wp.com\/historiografija.hr\/wp-content\/uploads\/2025\/10\/Klovicevi_sluzbeni-plakat.png?fit=840%2C1200&ssl=1&resize=350%2C200 1x, https:\/\/i0.wp.com\/historiografija.hr\/wp-content\/uploads\/2025\/10\/Klovicevi_sluzbeni-plakat.png?fit=840%2C1200&ssl=1&resize=525%2C300 1.5x, https:\/\/i0.wp.com\/historiografija.hr\/wp-content\/uploads\/2025\/10\/Klovicevi_sluzbeni-plakat.png?fit=840%2C1200&ssl=1&resize=700%2C400 2x"},"classes":[]},{"id":52578,"url":"https:\/\/historiografija.hr\/?p=52578","url_meta":{"origin":51857,"position":4},"title":"Poziv za sudjelovanje: XXII. Dani Julija Bene\u0161i\u0107a u Iloku","author":"Branimir Jankovi\u0107","date":"21. travnja 2026.","format":false,"excerpt":"Zavod za lingvisti\u010dka istra\u017eivanja Hrvatske akademije znanosti i umjetnosti, zajedno s Muzejom grada Iloka, organizira XXII. Dane Julija Bene\u0161i\u0107a, koji \u0107e se odr\u017eati od 28. do 30. listopada 2026. u Iloku.\u00a0Teme ovogodi\u0161njih Dana podijeljene su u dvije cjeline: Knji\u017eevno-jezikoslovni d\u00ecv\u0101n s Bene\u0161i\u0107em te Ilok i Srijem u povijesnim stalnicama i\u2026","rel":"","context":"U &quot;Novosti&quot;","block_context":{"text":"Novosti","link":"https:\/\/historiografija.hr\/?cat=3"},"img":{"alt_text":"","src":"https:\/\/i0.wp.com\/historiografija.hr\/wp-content\/uploads\/2019\/10\/HE2_Benesic.jpg?fit=413%2C591&ssl=1&resize=350%2C200","width":350,"height":200},"classes":[]},{"id":52633,"url":"https:\/\/historiografija.hr\/?p=52633","url_meta":{"origin":51857,"position":5},"title":"POVIJEST TRE\u0160NJEVA\u010cKE GLAZBE: prikupljanje virtualnog fundusa Muzeja susjedstva Tre\u0161njevka","author":"Branimir Jankovi\u0107","date":"23. travnja 2026.","format":false,"excerpt":"utorak 28. 4. 2026. 14 - 18 h Nova BAZA, Nova cesta 66, Zagreb Prvi su dani ljeta 1957. godine. Bo\u017eica Kalafati\u0107 poha\u0111a drugi razred Osnovne \u0161kole Bratstvo i jedinstvo, danas kralja Tomislava, a ide i na muzi\u010dke satove u Mo\u0161\u0107eni\u010dkoj ulici. Na fotografiji s harmonikom u rukama stoji u\u2026","rel":"","context":"U &quot;Novosti&quot;","block_context":{"text":"Novosti","link":"https:\/\/historiografija.hr\/?cat=3"},"img":{"alt_text":"","src":"https:\/\/i0.wp.com\/historiografija.hr\/wp-content\/uploads\/2026\/04\/MST_prikupljanje.jpg?fit=380%2C475&ssl=1&resize=350%2C200","width":350,"height":200},"classes":[]}],"_links":{"self":[{"href":"https:\/\/historiografija.hr\/index.php?rest_route=\/wp\/v2\/posts\/51857","targetHints":{"allow":["GET"]}}],"collection":[{"href":"https:\/\/historiografija.hr\/index.php?rest_route=\/wp\/v2\/posts"}],"about":[{"href":"https:\/\/historiografija.hr\/index.php?rest_route=\/wp\/v2\/types\/post"}],"author":[{"embeddable":true,"href":"https:\/\/historiografija.hr\/index.php?rest_route=\/wp\/v2\/users\/2"}],"replies":[{"embeddable":true,"href":"https:\/\/historiografija.hr\/index.php?rest_route=%2Fwp%2Fv2%2Fcomments&post=51857"}],"version-history":[{"count":1,"href":"https:\/\/historiografija.hr\/index.php?rest_route=\/wp\/v2\/posts\/51857\/revisions"}],"predecessor-version":[{"id":51859,"href":"https:\/\/historiografija.hr\/index.php?rest_route=\/wp\/v2\/posts\/51857\/revisions\/51859"}],"wp:featuredmedia":[{"embeddable":true,"href":"https:\/\/historiografija.hr\/index.php?rest_route=\/wp\/v2\/media\/51858"}],"wp:attachment":[{"href":"https:\/\/historiografija.hr\/index.php?rest_route=%2Fwp%2Fv2%2Fmedia&parent=51857"}],"wp:term":[{"taxonomy":"category","embeddable":true,"href":"https:\/\/historiografija.hr\/index.php?rest_route=%2Fwp%2Fv2%2Fcategories&post=51857"},{"taxonomy":"post_tag","embeddable":true,"href":"https:\/\/historiografija.hr\/index.php?rest_route=%2Fwp%2Fv2%2Ftags&post=51857"}],"curies":[{"name":"wp","href":"https:\/\/api.w.org\/{rel}","templated":true}]}}