{"id":51833,"date":"2026-03-11T22:54:33","date_gmt":"2026-03-11T22:54:33","guid":{"rendered":"https:\/\/historiografija.hr\/?p=51833"},"modified":"2026-03-11T22:55:31","modified_gmt":"2026-03-11T22:55:31","slug":"poziv-za-prijavu-na-ii-sociohistorijsku-radionicu-cemu-teorija","status":"publish","type":"post","link":"https:\/\/historiografija.hr\/?p=51833","title":{"rendered":"Poziv za prijavu na II. sociohistorijsku radionicu: \u010cemu teorija?"},"content":{"rendered":"\n<p>U subotu, <strong>23. svibnja 2026. godine<\/strong> na <strong>Filozofskom fakultetu u Osijeku<\/strong> odr\u017eat \u0107e se <strong>II. sociohistorijska radionica<\/strong>. Radionica je namijenjena prvenstveno studentima diplomskih studija povijesti te doktorandima povijesti.<\/p>\n\n\n\n<p>Naslov ovogodi\u0161nje radionice glasi <strong><em>\u010cemu teorija?<\/em><\/strong> Iako se povjesni\u010dari \u010desto pozivaju na primat izvora i empirijskog istra\u017eivanja, svako povijesno tuma\u010denje ujedno po\u010diva na odre\u0111enim teorijskim pretpostavkama \u2013 bile one izri\u010dito formulirane ili pre\u0161utno prisutne u na\u010dinu postavljanja istra\u017eiva\u010dkih pitanja i analizi izvora. Stoga, razumljivo je da se pitanje uloge teorije u historiografiji redovito vra\u0107a, a problemi o kojima i dalje vrijedi raspravljati doista su brojni. U kojoj je mjeri teorijski okvir nu\u017ean za povijesno istra\u017eivanje? Kako teorija utje\u010de na na\u010din na koji oblikujemo istra\u017eiva\u010dka pitanja? Kakav je utjecaj teorije na interpretaciju povijesnih izvora? Sudionici se pozivaju da pripreme 15-minutna izlaganja u kojima \u0107e sa\u017eeto predstaviti teorijsko-metodolo\u0161ke modele koje primjenjuju pri izradi vlastitih diplomskih i doktorskih radova iz moderne i suvremene povijesti. Nakon svakog izlaganja predvi\u0111ena je rasprava. Izlaganja mogu obuhvatiti i \u0161ira promi\u0161ljanja o ulozi teorije u historiografiji, o odnosu izme\u0111u empirijskog istra\u017eivanja i teorijskih okvira, kao i o izazovima njihove primjene u konkretnom istra\u017eiva\u010dkom radu. Posebno se poti\u010du izlaganja koja predstavljaju istra\u017eivanja u tijeku te otvaraju pitanja ili nedoumice vezane uz primjenu teorijskih pristupa.<\/p>\n\n\n\n<p>Namjera je potaknuti razgovor o nu\u017enosti teorijske pismenosti me\u0111u povjesni\u010darima, kao i ukazati na uobi\u010dajene izazove s kojima se suo\u010davaju pri nastojanju da odaberu odgovaraju\u0107e teorijske modele za vlastita istra\u017eivanja. Tako\u0111er, cilj je radionice stvoriti poticajan prostor za raspravu me\u0111u mla\u0111im istra\u017eiva\u010dima o ulozi teorije u povijesnim istra\u017eivanjima te razmjenu iskustava pri izradi diplomskih i doktorskih radova.<\/p>\n\n\n\n<p><strong>Rok je za prijavu na radionicu<\/strong> <strong>20. travnja 2026.<\/strong><\/p>\n\n\n\n<p><strong>Prijave se podnose putem Google obrasca (<a href=\"https:\/\/docs.google.com\/forms\/d\/e\/1FAIpQLSd72-bZlYKStiGz73aPiliBagJizK_vvjQcCxniiGBrEL1grg\/viewform?pli=1\">poveznica na obrazac<\/a>).<\/strong> Po\u010detak radionice predvi\u0111en je za 11.00 sati. Radionica \u0107e zavr\u0161iti u poslijepodnevnim satima. Program \u0107e biti objavljen nakon zavr\u0161etka roka za prijavu. Svi sudionici radionice dobit \u0107e potvrde o sudjelovanju. Sudjelovanje je na radionici besplatno, a organizatori ne snose tro\u0161kove puta i smje\u0161taja za sudionike.<\/p>\n\n\n\n<p>Radionicu organiziraju Odsjek za povijest Filozofskog fakulteta u Osijeku te Doktorski studij moderne i suvremene hrvatske povijesti u europskom i svjetskom kontekstu Filozofskog fakulteta Sveu\u010dili\u0161ta u Zagrebu. Sva pitanja vezana uz radionicu mogu se uputiti na e-adresu voditelja radionice doc. dr. sc. Luke Peji\u0107a: <a href=\"mailto:lpejic@ffos.hr\">lpejic@ffos.hr<\/a>.<\/p>\n\n\n\n<hr class=\"wp-block-separator has-alpha-channel-opacity\"\/>\n\n\n\n<div data-wp-interactive=\"core\/file\" class=\"wp-block-file\"><object data-wp-bind--hidden=\"!state.hasPdfPreview\" hidden class=\"wp-block-file__embed\" data=\"https:\/\/historiografija.hr\/wp-content\/uploads\/2026\/03\/Poziv-na-II.-sociohistorijsku-radionicu.pdf\" type=\"application\/pdf\" style=\"width:100%;height:600px\" aria-label=\"Ugra\u0111eno Poziv na II. sociohistorijsku radionicu.\"><\/object><a id=\"wp-block-file--media-1f6dd769-1da6-4d8d-8416-7947ca1495da\" href=\"https:\/\/historiografija.hr\/wp-content\/uploads\/2026\/03\/Poziv-na-II.-sociohistorijsku-radionicu.pdf\">Poziv na II. sociohistorijsku radionicu<\/a><a href=\"https:\/\/historiografija.hr\/wp-content\/uploads\/2026\/03\/Poziv-na-II.-sociohistorijsku-radionicu.pdf\" class=\"wp-block-file__button wp-element-button\" download aria-describedby=\"wp-block-file--media-1f6dd769-1da6-4d8d-8416-7947ca1495da\">Preuzmi<\/a><\/div>\n\n\n\n<hr class=\"wp-block-separator has-alpha-channel-opacity\"\/>\n\n\n\n<p>Izvor:<\/p>\n\n\n\n<figure class=\"wp-block-embed is-type-wp-embed is-provider-filozofski-fakultet-osijek wp-block-embed-filozofski-fakultet-osijek\"><div class=\"wp-block-embed__wrapper\">\n<blockquote class=\"wp-embedded-content\" data-secret=\"WwCESZM5og\"><a href=\"https:\/\/www.ffos.unios.hr\/ii-sociohistorijska-radionica-cemu-teorija\/\">II. sociohistorijska radionica: \u010cemu teorija?<\/a><\/blockquote><iframe loading=\"lazy\" class=\"wp-embedded-content\" sandbox=\"allow-scripts\" security=\"restricted\" style=\"position: absolute; visibility: hidden;\" title=\"&#8220;II. sociohistorijska radionica: \u010cemu teorija?&#8221; &#8212; Filozofski fakultet Osijek\" src=\"https:\/\/www.ffos.unios.hr\/ii-sociohistorijska-radionica-cemu-teorija\/embed\/#?secret=SZ1Kj2r3vU#?secret=WwCESZM5og\" data-secret=\"WwCESZM5og\" width=\"600\" height=\"338\" frameborder=\"0\" marginwidth=\"0\" marginheight=\"0\" scrolling=\"no\"><\/iframe>\n<\/div><\/figure>\n\n\n\n<hr class=\"wp-block-separator has-alpha-channel-opacity\"\/>\n","protected":false},"excerpt":{"rendered":"","protected":false},"author":2,"featured_media":51835,"comment_status":"open","ping_status":"open","sticky":false,"template":"","format":"standard","meta":{"_acf_changed":false,"jetpack_post_was_ever_published":false,"_jetpack_newsletter_access":"","_jetpack_dont_email_post_to_subs":false,"_jetpack_newsletter_tier_id":0,"_jetpack_memberships_contains_paywalled_content":false,"_jetpack_memberships_contains_paid_content":false,"footnotes":"","jetpack_publicize_message":"","jetpack_publicize_feature_enabled":true,"jetpack_social_post_already_shared":true,"jetpack_social_options":{"image_generator_settings":{"template":"highway","default_image_id":0,"font":"","enabled":false},"version":2}},"categories":[3,9],"tags":[],"class_list":["post-51833","post","type-post","status-publish","format-standard","has-post-thumbnail","hentry","category-novosti","category-skupovi"],"acf":{"facebook_opis":""},"jetpack_publicize_connections":[],"jetpack_featured_media_url":"https:\/\/i0.wp.com\/historiografija.hr\/wp-content\/uploads\/2026\/03\/Poster-skraceno.png?fit=1086%2C1066&ssl=1","jetpack_sharing_enabled":true,"jetpack-related-posts":[],"_links":{"self":[{"href":"https:\/\/historiografija.hr\/index.php?rest_route=\/wp\/v2\/posts\/51833","targetHints":{"allow":["GET"]}}],"collection":[{"href":"https:\/\/historiografija.hr\/index.php?rest_route=\/wp\/v2\/posts"}],"about":[{"href":"https:\/\/historiografija.hr\/index.php?rest_route=\/wp\/v2\/types\/post"}],"author":[{"embeddable":true,"href":"https:\/\/historiografija.hr\/index.php?rest_route=\/wp\/v2\/users\/2"}],"replies":[{"embeddable":true,"href":"https:\/\/historiografija.hr\/index.php?rest_route=%2Fwp%2Fv2%2Fcomments&post=51833"}],"version-history":[{"count":2,"href":"https:\/\/historiografija.hr\/index.php?rest_route=\/wp\/v2\/posts\/51833\/revisions"}],"predecessor-version":[{"id":51837,"href":"https:\/\/historiografija.hr\/index.php?rest_route=\/wp\/v2\/posts\/51833\/revisions\/51837"}],"wp:featuredmedia":[{"embeddable":true,"href":"https:\/\/historiografija.hr\/index.php?rest_route=\/wp\/v2\/media\/51835"}],"wp:attachment":[{"href":"https:\/\/historiografija.hr\/index.php?rest_route=%2Fwp%2Fv2%2Fmedia&parent=51833"}],"wp:term":[{"taxonomy":"category","embeddable":true,"href":"https:\/\/historiografija.hr\/index.php?rest_route=%2Fwp%2Fv2%2Fcategories&post=51833"},{"taxonomy":"post_tag","embeddable":true,"href":"https:\/\/historiografija.hr\/index.php?rest_route=%2Fwp%2Fv2%2Ftags&post=51833"}],"curies":[{"name":"wp","href":"https:\/\/api.w.org\/{rel}","templated":true}]}}