{"id":51824,"date":"2026-03-11T22:37:08","date_gmt":"2026-03-11T22:37:08","guid":{"rendered":"https:\/\/historiografija.hr\/?p=51824"},"modified":"2026-03-11T22:42:54","modified_gmt":"2026-03-11T22:42:54","slug":"poziv-na-tribinu-otpor-intelektualaca-u-proslosti-i-sadasnjosti","status":"publish","type":"post","link":"https:\/\/historiografija.hr\/?p=51824","title":{"rendered":"Poziv na tribinu \u201cOtpor intelektualaca u pro\u0161losti i sada\u0161njosti\u201d"},"content":{"rendered":"\n<p>Pozivamo vas da nam se pridru\u017eite na drugoj ovogodi\u0161njoj tribini iz ciklusa <em>Od teorije do historije:<\/em><\/p>\n\n\n\n<p class=\"has-text-align-center\"><strong>Otpor intelektualaca u pro\u0161losti i sada\u0161njosti<\/strong><\/p>\n\n\n\n<p>Prije desetak godina, poku\u0161aj rasprava o kontroverznim povijesnim pitanjima u javnoj sferi obi\u010dno bi se prekidao dosko\u010dicom da \u201epovijest treba ostaviti povjesni\u010darima\u201c. Danas, kada su rasprave o povijesti sveprisutne, \u010dini se da se glas povjesni\u010dara sve te\u017ee probija kroz buku, a postavlja se pitanje koliko je uop\u0107e po\u017eeljan ili utjecajan. Fenomen je to koji nije specifi\u010dan samo za povjesni\u010darsku struku, a definitivno se intenzivirao u razdoblju pandemije COVID-19 i u postpandemijskom svijetu. Postavlja se stoga pitanje: je li do\u0161lo do fundamentalnih promjena u dru\u0161tvenom polo\u017eaju i razumijevanju intelektualaca? Tko su uop\u0107e javni intelektualci danas i koji je njihov dru\u0161tveni domet? Je li situacija u Hrvatskoj odraz globalnih kretanja ili ima svoje specifi\u010dnosti? Je li polo\u017eaj intelektualaca danas prekarniji nego ikad prije? Raspravu o ovim i drugim povezanim pitanjima otvaramo povodom objave nove knjige Dejana Jovi\u0107a <em>Otpor intelektualaca<\/em> u kojoj analizira ulogu i sudbine intelektualaca koji su se usudili suprotstaviti mo\u0107i neovisno o reperkusijama svoje javne djelatnosti.<\/p>\n\n\n\n<p>Sudionici: Branimir Jankovi\u0107, Dejan Jovi\u0107, Hrvoje Klasi\u0107<\/p>\n\n\n\n<p>Moderira: Nikola Toma\u0161egovi\u0107<\/p>\n\n\n\n<p>Datum i vrijeme odr\u017eavanja: 17. 3. 2026. u 19:00 h<\/p>\n\n\n\n<p>Mjesto odr\u017eavanja: Filozofski fakultet u Zagrebu, dvorana D1<\/p>\n\n\n\n<p>Organizatori: Centar za teorijska istra\u017eivanja u humanistici i institucionalni istra\u017eiva\u010dki projekt <em>Izazovi intelektualne povijesti: recepcije, preobrazbe i upotrebe politi\u010dkih ideja<\/em><\/p>\n\n\n\n<hr class=\"wp-block-separator has-alpha-channel-opacity\"\/>\n\n\n\n<figure class=\"wp-block-image size-large is-resized\"><img data-recalc-dims=\"1\" loading=\"lazy\" decoding=\"async\" width=\"670\" height=\"1024\" data-attachment-id=\"51826\" data-permalink=\"https:\/\/historiografija.hr\/?attachment_id=51826\" data-orig-file=\"https:\/\/i0.wp.com\/historiografija.hr\/wp-content\/uploads\/2026\/03\/pozivnica-2.png?fit=720%2C1100&amp;ssl=1\" data-orig-size=\"720,1100\" data-comments-opened=\"1\" data-image-meta=\"{&quot;aperture&quot;:&quot;0&quot;,&quot;credit&quot;:&quot;&quot;,&quot;camera&quot;:&quot;&quot;,&quot;caption&quot;:&quot;&quot;,&quot;created_timestamp&quot;:&quot;0&quot;,&quot;copyright&quot;:&quot;&quot;,&quot;focal_length&quot;:&quot;0&quot;,&quot;iso&quot;:&quot;0&quot;,&quot;shutter_speed&quot;:&quot;0&quot;,&quot;title&quot;:&quot;&quot;,&quot;orientation&quot;:&quot;0&quot;}\" data-image-title=\"pozivnica-2\" data-image-description=\"\" data-image-caption=\"\" data-large-file=\"https:\/\/i0.wp.com\/historiografija.hr\/wp-content\/uploads\/2026\/03\/pozivnica-2.png?fit=670%2C1024&amp;ssl=1\" src=\"https:\/\/i0.wp.com\/historiografija.hr\/wp-content\/uploads\/2026\/03\/pozivnica-2.png?resize=670%2C1024&#038;ssl=1\" alt=\"\" class=\"wp-image-51826\" style=\"width:588px;height:auto\" srcset=\"https:\/\/i0.wp.com\/historiografija.hr\/wp-content\/uploads\/2026\/03\/pozivnica-2.png?resize=670%2C1024&amp;ssl=1 670w, https:\/\/i0.wp.com\/historiografija.hr\/wp-content\/uploads\/2026\/03\/pozivnica-2.png?resize=196%2C300&amp;ssl=1 196w, https:\/\/i0.wp.com\/historiografija.hr\/wp-content\/uploads\/2026\/03\/pozivnica-2.png?w=720&amp;ssl=1 720w\" sizes=\"auto, (max-width: 670px) 100vw, 670px\" \/><\/figure>\n\n\n\n<hr class=\"wp-block-separator has-alpha-channel-opacity\"\/>\n\n\n\n<p>Izvori:<\/p>\n\n\n\n<figure class=\"wp-block-embed is-type-wp-embed is-provider-filozofski-fakultet-sveu-ili-ta-u-zagrebu wp-block-embed-filozofski-fakultet-sveu-ili-ta-u-zagrebu\"><div class=\"wp-block-embed__wrapper\">\n<blockquote class=\"wp-embedded-content\" data-secret=\"pyW5Sk0wGi\"><a href=\"https:\/\/web2020.ffzg.unizg.hr\/blog\/2026\/03\/10\/poziv-na-tribinu-otpor-intelektualaca-u-proslosti-i-sadasnjosti\/\">Poziv na tribinu &#8220;Otpor intelektualaca u pro\u0161losti i sada\u0161njosti&#8221;<\/a><\/blockquote><iframe loading=\"lazy\" class=\"wp-embedded-content\" sandbox=\"allow-scripts\" security=\"restricted\" style=\"position: absolute; visibility: hidden;\" title=\"&#8220;Poziv na tribinu &#8220;Otpor intelektualaca u pro\u0161losti i sada\u0161njosti&#8221;&#8221; &#8212; Filozofski fakultet Sveu\u010dili\u0161ta u Zagrebu\" src=\"https:\/\/web2020.ffzg.unizg.hr\/blog\/2026\/03\/10\/poziv-na-tribinu-otpor-intelektualaca-u-proslosti-i-sadasnjosti\/embed\/#?secret=pyW5Sk0wGi\" data-secret=\"pyW5Sk0wGi\" width=\"600\" height=\"338\" frameborder=\"0\" marginwidth=\"0\" marginheight=\"0\" scrolling=\"no\"><\/iframe>\n<\/div><\/figure>\n\n\n\n<figure class=\"wp-block-embed is-type-wp-embed is-provider-centre-for-theoretical-research-in-the-humanities wp-block-embed-centre-for-theoretical-research-in-the-humanities\"><div class=\"wp-block-embed__wrapper\">\n<blockquote class=\"wp-embedded-content\" data-secret=\"w5UadyT4Ds\"><a href=\"https:\/\/ctih.ffzg.unizg.hr\/index.php\/od-teorije-do-historije-otpor-intelektualaca-u-proslosti-i-sadasnjosti\/\">USKORO: U sklopu cilklusa tribina Od teorije do historije razgovaramo o otporu intelektualaca u pro\u0161losti i sada\u0161njosti<\/a><\/blockquote><iframe loading=\"lazy\" class=\"wp-embedded-content\" sandbox=\"allow-scripts\" security=\"restricted\" style=\"position: absolute; visibility: hidden;\" title=\"&#8220;USKORO: U sklopu cilklusa tribina Od teorije do historije razgovaramo o otporu intelektualaca u pro\u0161losti i sada\u0161njosti&#8221; &#8212; Centre for Theoretical Research in the Humanities\" src=\"https:\/\/ctih.ffzg.unizg.hr\/index.php\/od-teorije-do-historije-otpor-intelektualaca-u-proslosti-i-sadasnjosti\/embed\/#?secret=QzHWu3eCjT#?secret=w5UadyT4Ds\" data-secret=\"w5UadyT4Ds\" width=\"600\" height=\"338\" frameborder=\"0\" marginwidth=\"0\" marginheight=\"0\" scrolling=\"no\"><\/iframe>\n<\/div><\/figure>\n\n\n\n<p><a href=\"https:\/\/www.facebook.com\/events\/1447469090219840\">https:\/\/www.facebook.com\/events\/1447469090219840<\/a><\/p>\n\n\n\n<hr class=\"wp-block-separator has-alpha-channel-opacity\"\/>\n\n\n\n<p><\/p>\n","protected":false},"excerpt":{"rendered":"","protected":false},"author":2,"featured_media":51825,"comment_status":"open","ping_status":"open","sticky":false,"template":"","format":"standard","meta":{"_acf_changed":false,"jetpack_post_was_ever_published":false,"_jetpack_newsletter_access":"","_jetpack_dont_email_post_to_subs":false,"_jetpack_newsletter_tier_id":0,"_jetpack_memberships_contains_paywalled_content":false,"_jetpack_memberships_contains_paid_content":false,"footnotes":"","jetpack_publicize_message":"","jetpack_publicize_feature_enabled":true,"jetpack_social_post_already_shared":true,"jetpack_social_options":{"image_generator_settings":{"template":"highway","default_image_id":0,"font":"","enabled":false},"version":2}},"categories":[3],"tags":[],"class_list":["post-51824","post","type-post","status-publish","format-standard","has-post-thumbnail","hentry","category-novosti"],"acf":{"facebook_opis":""},"jetpack_publicize_connections":[],"jetpack_featured_media_url":"https:\/\/i0.wp.com\/historiografija.hr\/wp-content\/uploads\/2026\/03\/pozivnica-1.png?fit=720%2C420&ssl=1","jetpack_sharing_enabled":true,"jetpack-related-posts":[],"_links":{"self":[{"href":"https:\/\/historiografija.hr\/index.php?rest_route=\/wp\/v2\/posts\/51824","targetHints":{"allow":["GET"]}}],"collection":[{"href":"https:\/\/historiografija.hr\/index.php?rest_route=\/wp\/v2\/posts"}],"about":[{"href":"https:\/\/historiografija.hr\/index.php?rest_route=\/wp\/v2\/types\/post"}],"author":[{"embeddable":true,"href":"https:\/\/historiografija.hr\/index.php?rest_route=\/wp\/v2\/users\/2"}],"replies":[{"embeddable":true,"href":"https:\/\/historiografija.hr\/index.php?rest_route=%2Fwp%2Fv2%2Fcomments&post=51824"}],"version-history":[{"count":4,"href":"https:\/\/historiografija.hr\/index.php?rest_route=\/wp\/v2\/posts\/51824\/revisions"}],"predecessor-version":[{"id":51830,"href":"https:\/\/historiografija.hr\/index.php?rest_route=\/wp\/v2\/posts\/51824\/revisions\/51830"}],"wp:featuredmedia":[{"embeddable":true,"href":"https:\/\/historiografija.hr\/index.php?rest_route=\/wp\/v2\/media\/51825"}],"wp:attachment":[{"href":"https:\/\/historiografija.hr\/index.php?rest_route=%2Fwp%2Fv2%2Fmedia&parent=51824"}],"wp:term":[{"taxonomy":"category","embeddable":true,"href":"https:\/\/historiografija.hr\/index.php?rest_route=%2Fwp%2Fv2%2Fcategories&post=51824"},{"taxonomy":"post_tag","embeddable":true,"href":"https:\/\/historiografija.hr\/index.php?rest_route=%2Fwp%2Fv2%2Ftags&post=51824"}],"curies":[{"name":"wp","href":"https:\/\/api.w.org\/{rel}","templated":true}]}}