{"id":51822,"date":"2026-03-11T22:31:08","date_gmt":"2026-03-11T22:31:08","guid":{"rendered":"https:\/\/historiografija.hr\/?p=51822"},"modified":"2026-03-11T23:14:13","modified_gmt":"2026-03-11T23:14:13","slug":"osvrti-na-knjigu-dejana-jovica-otpor-intelektualaca-predstavljanje-nepredstavljenih-suprotstavljanje-mocnima","status":"publish","type":"post","link":"https:\/\/historiografija.hr\/?p=51822","title":{"rendered":"Osvrti na knjigu Dejana Jovi\u0107a \u201cOtpor intelektualaca: predstavljanje nepredstavljenih \u2013 suprotstavljanje mo\u0107nima\u201d"},"content":{"rendered":"\n<p>U nastavku donosimo poveznice na prikaze, osvrte i polemi\u010dke reakcije povodom knjige Dejana Jovi\u0107a \u201cOtpor intelektualaca: predstavljanje nepredstavljenih \u2013 suprotstavljanje mo\u0107nima\u201d, o kojoj smo ve\u0107 obavijestili na portalu <a href=\"https:\/\/historiografija.hr\/?p=48495\">Historiografija.hr<\/a>.<\/p>\n\n\n\n<hr class=\"wp-block-separator has-alpha-channel-opacity\"\/>\n\n\n\n<p><strong>Hrvoje Klasi\u0107<\/strong><\/p>\n\n\n\n<p>Nacionalizam kao katalizator mr\u017enje i nasilja danas se \u010dini sna\u017enijim nego u 80-ima<\/p>\n\n\n\n<p><a href=\"https:\/\/express.24sata.hr\/kultura\/nacionalizam-kao-katalizator-mrznje-i-nasilja-danas-se-cini-snaznijim-nego-u-80-ima-31472\">https:\/\/express.24sata.hr\/kultura\/nacionalizam-kao-katalizator-mrznje-i-nasilja-danas-se-cini-snaznijim-nego-u-80-ima-31472<\/a><\/p>\n\n\n\n<hr class=\"wp-block-separator has-alpha-channel-opacity\"\/>\n\n\n\n<p><strong>Dragan Popovi\u0107<\/strong><\/p>\n\n\n\n<p>Dejan Jovi\u0107. Otpor intelektualaca: predstavljanje nepredstavljenih \u2013 suprotstavljanje mo\u0107nima. Novi Sad: Akademska knjiga, 2025.<\/p>\n\n\n\n<p><a href=\"https:\/\/tokovi.istorije.rs\/lat\/najnoviji-broj\">https:\/\/tokovi.istorije.rs\/lat\/najnoviji-broj<\/a><\/p>\n\n\n\n<hr class=\"wp-block-separator has-alpha-channel-opacity\"\/>\n\n\n\n<p><strong>Kosta Nikoli\u0107<\/strong><\/p>\n\n\n\n<p>Dejan Jovi\u0107, Otpor intelektualaca. Predstavljanje nepredstavljenih \u2013 suprotstavljanje mo\u0107nima, Novi Sad: Akademska knjiga, 2025 (257-259)<\/p>\n\n\n\n<figure class=\"wp-block-embed is-type-wp-embed is-provider-savremena-istorija-contemporary-history wp-block-embed-savremena-istorija-contemporary-history\"><div class=\"wp-block-embed__wrapper\">\n<blockquote class=\"wp-embedded-content\" data-secret=\"7jqmkl1ACh\"><a href=\"https:\/\/savremenaistorija.rs\/god-1-br-1-2026\/\">SAVREMENA ISTORIJA, god. 1, br. 1 (2026)<\/a><\/blockquote><iframe loading=\"lazy\" class=\"wp-embedded-content\" sandbox=\"allow-scripts\" security=\"restricted\" style=\"position: absolute; visibility: hidden;\" title=\"&#8220;SAVREMENA ISTORIJA, god. 1, br. 1 (2026)&#8221; &#8212; Savremena istorija \/ Contemporary History\" src=\"https:\/\/savremenaistorija.rs\/god-1-br-1-2026\/embed\/#?secret=GM9L7eyolu#?secret=7jqmkl1ACh\" data-secret=\"7jqmkl1ACh\" width=\"600\" height=\"338\" frameborder=\"0\" marginwidth=\"0\" marginheight=\"0\" scrolling=\"no\"><\/iframe>\n<\/div><\/figure>\n\n\n\n<hr class=\"wp-block-separator has-alpha-channel-opacity\"\/>\n\n\n\n<p><strong>Vanja Bor\u0161<\/strong><\/p>\n\n\n\n<p>Mnogo vike niza\u0161to iliti o recentnoj knjizi Dejana Jovi\u0107a<\/p>\n\n\n\n<figure class=\"wp-block-embed is-type-wp-embed is-provider-heretica wp-block-embed-heretica\"><div class=\"wp-block-embed__wrapper\">\n<blockquote class=\"wp-embedded-content\" data-secret=\"KHIbjQBCa7\"><a href=\"https:\/\/heretica.com.hr\/vanja-bors-mnogo-vike-nizasto-iliti-o-recentnoj-knjizi-dejana-jovica\/\">Vanja Bor\u0161: Mnogo vike niza\u0161to iliti o recentnoj knjizi Dejana Jovi\u0107a<\/a><\/blockquote><iframe loading=\"lazy\" class=\"wp-embedded-content\" sandbox=\"allow-scripts\" security=\"restricted\" style=\"position: absolute; visibility: hidden;\" title=\"&#8220;Vanja Bor\u0161: Mnogo vike niza\u0161to iliti o recentnoj knjizi Dejana Jovi\u0107a&#8221; &#8212; Heretica\" src=\"https:\/\/heretica.com.hr\/vanja-bors-mnogo-vike-nizasto-iliti-o-recentnoj-knjizi-dejana-jovica\/embed\/#?secret=qxljJStiIw#?secret=KHIbjQBCa7\" data-secret=\"KHIbjQBCa7\" width=\"600\" height=\"338\" frameborder=\"0\" marginwidth=\"0\" marginheight=\"0\" scrolling=\"no\"><\/iframe>\n<\/div><\/figure>\n\n\n\n<hr class=\"wp-block-separator has-alpha-channel-opacity\"\/>\n\n\n\n<p><strong>Zlatko Kramari\u0107<\/strong><\/p>\n\n\n\n<p>Dejan Jovi\u0107 i paradoksi otpora; izme\u0111u etike intelektualca i apologije mo\u0107i \/ Dejan Jovi\u0107 i paradoks \u201cOtpora\u201d: Intelektualac izme\u0111u mo\u0107i i ideologije<\/p>\n\n\n\n<figure class=\"wp-block-embed is-type-wp-embed is-provider-misao-hr wp-block-embed-misao-hr\"><div class=\"wp-block-embed__wrapper\">\n<blockquote class=\"wp-embedded-content\" data-secret=\"BSdsBfOtgw\"><a href=\"https:\/\/misao.hr\/2025\/11\/14\/dejan-jovic-i-paradoksi-otpora-izmedu-etike-intelektualca-i-apologije-moci\/\">Zlatko Kramari\u0107: Dejan Jovi\u0107 i paradoksi otpora; izme\u0111u etike intelektualca i apologije mo\u0107i<\/a><\/blockquote><iframe loading=\"lazy\" class=\"wp-embedded-content\" sandbox=\"allow-scripts\" security=\"restricted\" style=\"position: absolute; visibility: hidden;\" title=\"&#8220;Zlatko Kramari\u0107: Dejan Jovi\u0107 i paradoksi otpora; izme\u0111u etike intelektualca i apologije mo\u0107i&#8221; &#8212; Misao.hr\" src=\"https:\/\/misao.hr\/2025\/11\/14\/dejan-jovic-i-paradoksi-otpora-izmedu-etike-intelektualca-i-apologije-moci\/embed\/#?secret=8TVltAGeaE#?secret=BSdsBfOtgw\" data-secret=\"BSdsBfOtgw\" width=\"600\" height=\"338\" frameborder=\"0\" marginwidth=\"0\" marginheight=\"0\" scrolling=\"no\"><\/iframe>\n<\/div><\/figure>\n\n\n\n<p><a href=\"https:\/\/www.glas-slavonije.hr\/magazin\/2026\/01\/03\/dejan-jovic-i-paradoks-otpora-intelektualac-izmedu-moci-i-ideologije-737793\">https:\/\/www.glas-slavonije.hr\/magazin\/2026\/01\/03\/dejan-jovic-i-paradoks-otpora-intelektualac-izmedu-moci-i-ideologije-737793<\/a><\/p>\n\n\n\n<hr class=\"wp-block-separator has-alpha-channel-opacity\"\/>\n\n\n\n<p><strong>Tihomir Pono\u0161<\/strong><\/p>\n\n\n\n<p><a href=\"https:\/\/www.portalnovosti.com\/avanture-ambasadora-kramarica\">https:\/\/www.portalnovosti.com\/avanture-ambasadora-kramarica<\/a><\/p>\n\n\n\n<p><a href=\"https:\/\/www.portalnovosti.com\/kramaric-kis-i-sartre\">https:\/\/www.portalnovosti.com\/kramaric-kis-i-sartre<\/a><\/p>\n\n\n\n<hr class=\"wp-block-separator has-alpha-channel-opacity\"\/>\n\n\n\n<p>Obavijesti na portalu <strong>Historiografija.hr<\/strong>:<\/p>\n\n\n\n<figure class=\"wp-block-embed is-type-wp-embed is-provider-historiografija-hr wp-block-embed-historiografija-hr\"><div class=\"wp-block-embed__wrapper\">\n<blockquote class=\"wp-embedded-content\" data-secret=\"jt0ZuYkbHR\"><a href=\"https:\/\/historiografija.hr\/?p=51824\">Poziv na tribinu \u201cOtpor intelektualaca u pro\u0161losti i sada\u0161njosti\u201d<\/a><\/blockquote><iframe loading=\"lazy\" class=\"wp-embedded-content\" sandbox=\"allow-scripts\" security=\"restricted\" style=\"position: absolute; visibility: hidden;\" title=\"&#8220;Poziv na tribinu \u201cOtpor intelektualaca u pro\u0161losti i sada\u0161njosti\u201d&#8221; &#8212; Historiografija.hr\" src=\"https:\/\/historiografija.hr\/?p=51824&#038;embed=true#?secret=mtE6x9hTJc#?secret=jt0ZuYkbHR\" data-secret=\"jt0ZuYkbHR\" width=\"600\" height=\"338\" frameborder=\"0\" marginwidth=\"0\" marginheight=\"0\" scrolling=\"no\"><\/iframe>\n<\/div><\/figure>\n\n\n\n<figure class=\"wp-block-embed is-type-wp-embed is-provider-historiografija-hr wp-block-embed-historiografija-hr\"><div class=\"wp-block-embed__wrapper\">\n<blockquote class=\"wp-embedded-content\" data-secret=\"u6RQ7Ocxqv\"><a href=\"https:\/\/historiografija.hr\/?p=48495\">Predstavljanje knjige Dejana Jovi\u0107a &#8220;Otpor intelektualaca: predstavljanje nepredstavljenih \u2013 suprotstavljanje mo\u0107nima&#8221; u Zagrebu<\/a><\/blockquote><iframe loading=\"lazy\" class=\"wp-embedded-content\" sandbox=\"allow-scripts\" security=\"restricted\" style=\"position: absolute; visibility: hidden;\" title=\"&#8220;Predstavljanje knjige Dejana Jovi\u0107a &#8220;Otpor intelektualaca: predstavljanje nepredstavljenih \u2013 suprotstavljanje mo\u0107nima&#8221; u Zagrebu&#8221; &#8212; Historiografija.hr\" src=\"https:\/\/historiografija.hr\/?p=48495&#038;embed=true#?secret=o26ULUnKah#?secret=u6RQ7Ocxqv\" data-secret=\"u6RQ7Ocxqv\" width=\"600\" height=\"338\" frameborder=\"0\" marginwidth=\"0\" marginheight=\"0\" scrolling=\"no\"><\/iframe>\n<\/div><\/figure>\n\n\n\n<hr class=\"wp-block-separator has-alpha-channel-opacity\"\/>\n","protected":false},"excerpt":{"rendered":"","protected":false},"author":2,"featured_media":48496,"comment_status":"open","ping_status":"open","sticky":false,"template":"","format":"standard","meta":{"_acf_changed":false,"jetpack_post_was_ever_published":false,"_jetpack_newsletter_access":"","_jetpack_dont_email_post_to_subs":false,"_jetpack_newsletter_tier_id":0,"_jetpack_memberships_contains_paywalled_content":false,"_jetpack_memberships_contains_paid_content":false,"footnotes":"","jetpack_publicize_message":"","jetpack_publicize_feature_enabled":true,"jetpack_social_post_already_shared":true,"jetpack_social_options":{"image_generator_settings":{"template":"highway","default_image_id":0,"font":"","enabled":false},"version":2}},"categories":[3,17],"tags":[],"class_list":["post-51822","post","type-post","status-publish","format-standard","has-post-thumbnail","hentry","category-novosti","category-rasprave"],"acf":{"facebook_opis":""},"jetpack_publicize_connections":[],"jetpack_featured_media_url":"https:\/\/i0.wp.com\/historiografija.hr\/wp-content\/uploads\/2025\/09\/Otpor_intelektualaca.jpg?fit=800%2C561&ssl=1","jetpack_sharing_enabled":true,"jetpack-related-posts":[],"_links":{"self":[{"href":"https:\/\/historiografija.hr\/index.php?rest_route=\/wp\/v2\/posts\/51822","targetHints":{"allow":["GET"]}}],"collection":[{"href":"https:\/\/historiografija.hr\/index.php?rest_route=\/wp\/v2\/posts"}],"about":[{"href":"https:\/\/historiografija.hr\/index.php?rest_route=\/wp\/v2\/types\/post"}],"author":[{"embeddable":true,"href":"https:\/\/historiografija.hr\/index.php?rest_route=\/wp\/v2\/users\/2"}],"replies":[{"embeddable":true,"href":"https:\/\/historiografija.hr\/index.php?rest_route=%2Fwp%2Fv2%2Fcomments&post=51822"}],"version-history":[{"count":3,"href":"https:\/\/historiografija.hr\/index.php?rest_route=\/wp\/v2\/posts\/51822\/revisions"}],"predecessor-version":[{"id":51846,"href":"https:\/\/historiografija.hr\/index.php?rest_route=\/wp\/v2\/posts\/51822\/revisions\/51846"}],"wp:featuredmedia":[{"embeddable":true,"href":"https:\/\/historiografija.hr\/index.php?rest_route=\/wp\/v2\/media\/48496"}],"wp:attachment":[{"href":"https:\/\/historiografija.hr\/index.php?rest_route=%2Fwp%2Fv2%2Fmedia&parent=51822"}],"wp:term":[{"taxonomy":"category","embeddable":true,"href":"https:\/\/historiografija.hr\/index.php?rest_route=%2Fwp%2Fv2%2Fcategories&post=51822"},{"taxonomy":"post_tag","embeddable":true,"href":"https:\/\/historiografija.hr\/index.php?rest_route=%2Fwp%2Fv2%2Ftags&post=51822"}],"curies":[{"name":"wp","href":"https:\/\/api.w.org\/{rel}","templated":true}]}}