{"id":51815,"date":"2026-03-10T23:12:27","date_gmt":"2026-03-10T23:12:27","guid":{"rendered":"https:\/\/historiografija.hr\/?p=51815"},"modified":"2026-03-10T23:12:54","modified_gmt":"2026-03-10T23:12:54","slug":"razgovor-sa-maxom-bergholzom-da-li-je-pravedno-sjecanje-moguce-u-sarajevu","status":"publish","type":"post","link":"https:\/\/historiografija.hr\/?p=51815","title":{"rendered":"Razgovor sa Maxom Bergholzom \u201eDa li je pravedno sje\u0107anje mogu\u0107e\u201c u Sarajevu"},"content":{"rendered":"\n<p>Fondacija EKIPA, u sklopu KONT Masterclass programa, organizira razgovor sa <a href=\"https:\/\/historiografija.ba\/clanci-i-polemike\/pokolj-muslimana-u-kulen-vakufu-1941\">Maxom Bergholzom<\/a>, kanadskim histori\u010darem i profesorom na Univerzitetu Concordia u Montrealu. Njegov istra\u017eiva\u010dki rad fokusira se na istoriju nasilja, sje\u0107anja i svakodnevnog \u017eivota u jugoisto\u010dnoj Evropi, posebno na podru\u010dju biv\u0161e Jugoslavije tokom Drugog svjetskog rata. Njegova nagra\u0111ivana knjiga <em>Nasilje kao generativna sila<\/em> predstavlja jedno od najva\u017enijih savremenih historiografskih istra\u017eivanja lokalnog nasilja i njegovih dugoro\u010dnih dru\u0161tvenih posljedica.<\/p>\n\n\n\n<p>U razgovoru s profesorom Bergholzom bit \u0107e rije\u010di o njegovoj dosada\u0161njoj i budu\u0107oj knjizi, radu histori\u010dara u bosanskohercegova\u010dkim arhivima, te o (ne)mo\u0107i memorijalne arhitekture da oblikuje kolektivno sje\u0107anje. Poseban fokus bit \u0107e na nekoliko mjesta na prostoru biv\u0161e Jugoslavije (Garavicama, Kulen Vakufu i Glini) gdje se desilo masovno nasilje tokom Drugog svjetskog rata, ali i na na\u010dinima na koje su ti doga\u0111aji zapam\u0107eni, zaboravljeni ili reinterpretirani. Razgovor \u0107e otvoriti i pitanje mogu\u0107nosti pravednog sje\u0107anja i uloge historiografije u njegovom oblikovanju.<\/p>\n\n\n\n<p>Razgovor \u0107e se odr\u017eati u \u010detvrtak, 12. marta 2026. u 17:00 sati u prostoru CZK Sarajevo (Sime Milutinovi\u0107a Sarajlije 2).&nbsp;<\/p>\n\n\n\n<hr class=\"wp-block-separator has-alpha-channel-opacity\"\/>\n\n\n\n<p>Preneseno s portala <strong>Historiografija.ba<\/strong>:<\/p>\n\n\n\n<p><a href=\"https:\/\/historiografija.ba\/historija-u-javnosti\/dogadjaji\/mogucnosti-pravednog-sjecanja-i-uloga-historiografije-u-njegovom-oblikovanju\">https:\/\/historiografija.ba\/historija-u-javnosti\/dogadjaji\/mogucnosti-pravednog-sjecanja-i-uloga-historiografije-u-njegovom-oblikovanju<\/a><\/p>\n\n\n\n<hr class=\"wp-block-separator has-alpha-channel-opacity\"\/>\n\n\n\n<p><\/p>\n","protected":false},"excerpt":{"rendered":"","protected":false},"author":2,"featured_media":51816,"comment_status":"open","ping_status":"open","sticky":false,"template":"","format":"standard","meta":{"_acf_changed":false,"jetpack_post_was_ever_published":false,"_jetpack_newsletter_access":"","_jetpack_dont_email_post_to_subs":false,"_jetpack_newsletter_tier_id":0,"_jetpack_memberships_contains_paywalled_content":false,"_jetpack_memberships_contains_paid_content":false,"footnotes":"","jetpack_publicize_message":"","jetpack_publicize_feature_enabled":true,"jetpack_social_post_already_shared":true,"jetpack_social_options":{"image_generator_settings":{"template":"highway","default_image_id":0,"font":"","enabled":false},"version":2}},"categories":[3],"tags":[],"class_list":["post-51815","post","type-post","status-publish","format-standard","has-post-thumbnail","hentry","category-novosti"],"acf":{"facebook_opis":""},"jetpack_publicize_connections":[],"jetpack_featured_media_url":"https:\/\/i0.wp.com\/historiografija.hr\/wp-content\/uploads\/2026\/03\/KONT-TALKS-MAX-BERGHOLZ.png?fit=850%2C478&ssl=1","jetpack_sharing_enabled":true,"jetpack-related-posts":[],"_links":{"self":[{"href":"https:\/\/historiografija.hr\/index.php?rest_route=\/wp\/v2\/posts\/51815","targetHints":{"allow":["GET"]}}],"collection":[{"href":"https:\/\/historiografija.hr\/index.php?rest_route=\/wp\/v2\/posts"}],"about":[{"href":"https:\/\/historiografija.hr\/index.php?rest_route=\/wp\/v2\/types\/post"}],"author":[{"embeddable":true,"href":"https:\/\/historiografija.hr\/index.php?rest_route=\/wp\/v2\/users\/2"}],"replies":[{"embeddable":true,"href":"https:\/\/historiografija.hr\/index.php?rest_route=%2Fwp%2Fv2%2Fcomments&post=51815"}],"version-history":[{"count":2,"href":"https:\/\/historiografija.hr\/index.php?rest_route=\/wp\/v2\/posts\/51815\/revisions"}],"predecessor-version":[{"id":51818,"href":"https:\/\/historiografija.hr\/index.php?rest_route=\/wp\/v2\/posts\/51815\/revisions\/51818"}],"wp:featuredmedia":[{"embeddable":true,"href":"https:\/\/historiografija.hr\/index.php?rest_route=\/wp\/v2\/media\/51816"}],"wp:attachment":[{"href":"https:\/\/historiografija.hr\/index.php?rest_route=%2Fwp%2Fv2%2Fmedia&parent=51815"}],"wp:term":[{"taxonomy":"category","embeddable":true,"href":"https:\/\/historiografija.hr\/index.php?rest_route=%2Fwp%2Fv2%2Fcategories&post=51815"},{"taxonomy":"post_tag","embeddable":true,"href":"https:\/\/historiografija.hr\/index.php?rest_route=%2Fwp%2Fv2%2Ftags&post=51815"}],"curies":[{"name":"wp","href":"https:\/\/api.w.org\/{rel}","templated":true}]}}