{"id":51809,"date":"2026-03-10T23:00:55","date_gmt":"2026-03-10T23:00:55","guid":{"rendered":"https:\/\/historiografija.hr\/?p=51809"},"modified":"2026-03-10T23:00:55","modified_gmt":"2026-03-10T23:00:55","slug":"poziv-na-spomen-setnju-tragovima-zagrebackih-ilegalki","status":"publish","type":"post","link":"https:\/\/historiografija.hr\/?p=51809","title":{"rendered":"Poziv na spomen-\u0161etnju \u201cTragovima zagreba\u010dkih ilegalki\u201d"},"content":{"rendered":"\n<p><strong>Pozivamo vas na spomen-\u0161etnju Tragovima zagreba\u010dkih ilegalki u utorak, 17. o\u017eujka 2026. u 17 sati.&nbsp;<\/strong><\/p>\n\n\n\n<p>Tematska \u0161etnja posve\u0107ena \u017eenama koje su tijekom Drugog svjetskog rata hrabro pru\u017eale otpor usta\u0161kom re\u017eimu obuhvatit \u0107e nekoliko lokacija u gradu povezanih s njihovim djelovanjem.<br>Njihove \u017eivotne pri\u010de te va\u017enost njihova doprinosa otporu i antifa\u0161isti\u010dkoj borbi u Zagrebu predstavit \u0107e povjesni\u010darka Tena Banjeglav.<br>\u0160etnja zapo\u010dinje na Kvaternikovom trgu, a predvi\u0111eno trajanje je oko sat i pol.<\/p>\n\n\n\n<p>Pozivamo sve zainteresirane da nam se pridru\u017ee i upoznaju manje poznate, ali iznimno va\u017ene dijelove zagreba\u010dke povijesti!<\/p>\n\n\n\n<p>Prijaviti se mo\u017eete <strong><a href=\"https:\/\/forms.gle\/UDoxVeii4C1ihY159\">ovdje.<\/a><\/strong><\/p>\n\n\n\n<hr class=\"wp-block-separator has-alpha-channel-opacity\"\/>\n\n\n\n<p>Izvor:<\/p>\n\n\n\n<figure class=\"wp-block-embed is-type-wp-embed is-provider-documenta wp-block-embed-documenta\"><div class=\"wp-block-embed__wrapper\">\n<blockquote class=\"wp-embedded-content\" data-secret=\"MzjTDGRxhi\"><a href=\"https:\/\/documenta.hr\/novosti\/setnja-tragovima-zagrebackih-ilegalki-17-ozujka\/\">\u0160etnja &#8220;Tragovima zagreba\u010dkih ilegalki&#8221; 17. o\u017eujka<\/a><\/blockquote><iframe loading=\"lazy\" class=\"wp-embedded-content\" sandbox=\"allow-scripts\" security=\"restricted\" style=\"position: absolute; visibility: hidden;\" title=\"&#8220;\u0160etnja &#8220;Tragovima zagreba\u010dkih ilegalki&#8221; 17. o\u017eujka&#8221; &#8212; Documenta\" src=\"https:\/\/documenta.hr\/novosti\/setnja-tragovima-zagrebackih-ilegalki-17-ozujka\/embed\/#?secret=apoI7Dcale#?secret=MzjTDGRxhi\" data-secret=\"MzjTDGRxhi\" width=\"600\" height=\"338\" frameborder=\"0\" marginwidth=\"0\" marginheight=\"0\" scrolling=\"no\"><\/iframe>\n<\/div><\/figure>\n\n\n\n<hr class=\"wp-block-separator has-alpha-channel-opacity\"\/>\n","protected":false},"excerpt":{"rendered":"","protected":false},"author":2,"featured_media":51810,"comment_status":"open","ping_status":"open","sticky":false,"template":"","format":"standard","meta":{"_acf_changed":false,"jetpack_post_was_ever_published":false,"_jetpack_newsletter_access":"","_jetpack_dont_email_post_to_subs":false,"_jetpack_newsletter_tier_id":0,"_jetpack_memberships_contains_paywalled_content":false,"_jetpack_memberships_contains_paid_content":false,"footnotes":"","jetpack_publicize_message":"","jetpack_publicize_feature_enabled":true,"jetpack_social_post_already_shared":true,"jetpack_social_options":{"image_generator_settings":{"template":"highway","default_image_id":0,"font":"","enabled":false},"version":2}},"categories":[3],"tags":[],"class_list":["post-51809","post","type-post","status-publish","format-standard","has-post-thumbnail","hentry","category-novosti"],"acf":{"facebook_opis":""},"jetpack_publicize_connections":[],"jetpack_featured_media_url":"https:\/\/i0.wp.com\/historiografija.hr\/wp-content\/uploads\/2026\/03\/tragom-zagrebackih-ilegalki-setnja.jpg?fit=927%2C801&ssl=1","jetpack_sharing_enabled":true,"jetpack-related-posts":[],"_links":{"self":[{"href":"https:\/\/historiografija.hr\/index.php?rest_route=\/wp\/v2\/posts\/51809","targetHints":{"allow":["GET"]}}],"collection":[{"href":"https:\/\/historiografija.hr\/index.php?rest_route=\/wp\/v2\/posts"}],"about":[{"href":"https:\/\/historiografija.hr\/index.php?rest_route=\/wp\/v2\/types\/post"}],"author":[{"embeddable":true,"href":"https:\/\/historiografija.hr\/index.php?rest_route=\/wp\/v2\/users\/2"}],"replies":[{"embeddable":true,"href":"https:\/\/historiografija.hr\/index.php?rest_route=%2Fwp%2Fv2%2Fcomments&post=51809"}],"version-history":[{"count":1,"href":"https:\/\/historiografija.hr\/index.php?rest_route=\/wp\/v2\/posts\/51809\/revisions"}],"predecessor-version":[{"id":51811,"href":"https:\/\/historiografija.hr\/index.php?rest_route=\/wp\/v2\/posts\/51809\/revisions\/51811"}],"wp:featuredmedia":[{"embeddable":true,"href":"https:\/\/historiografija.hr\/index.php?rest_route=\/wp\/v2\/media\/51810"}],"wp:attachment":[{"href":"https:\/\/historiografija.hr\/index.php?rest_route=%2Fwp%2Fv2%2Fmedia&parent=51809"}],"wp:term":[{"taxonomy":"category","embeddable":true,"href":"https:\/\/historiografija.hr\/index.php?rest_route=%2Fwp%2Fv2%2Fcategories&post=51809"},{"taxonomy":"post_tag","embeddable":true,"href":"https:\/\/historiografija.hr\/index.php?rest_route=%2Fwp%2Fv2%2Ftags&post=51809"}],"curies":[{"name":"wp","href":"https:\/\/api.w.org\/{rel}","templated":true}]}}