{"id":51806,"date":"2026-03-10T22:55:25","date_gmt":"2026-03-10T22:55:25","guid":{"rendered":"https:\/\/historiografija.hr\/?p=51806"},"modified":"2026-03-10T22:55:25","modified_gmt":"2026-03-10T22:55:25","slug":"jade-mcglynn-memory-makers-the-politics-of-the-past-in-putins-russia","status":"publish","type":"post","link":"https:\/\/historiografija.hr\/?p=51806","title":{"rendered":"Jade McGlynn, \u201eMemory Makers: The Politics of the Past in Putin&#8217;s Russia\u201c"},"content":{"rendered":"\n<p>Why aren&#8217;t ordinary Russians more outraged by Putin&#8217;s invasion of Ukraine? Inside the Kremlin&#8217;s own historical propaganda narratives, Russia&#8217;s invasion of Ukraine makes complete sense. From its World War II cult to anti-Western conspiracy theories, the Kremlin has long used myth and memory to legitimize repression at home and imperialism abroad, its patriotic history resonating with and persuading large swathes of the Russian population.<br><br>In <em>Memory Makers<\/em>, Russia analyst Jade McGlynn takes us into the depths of Russian historical propaganda, revealing the chilling web of nationwide narratives and practices perforating everyday life, from after-school patriotic history clubs to tower block World War II murals. The use of history to manifest a particular Russian identity has had grotesque, even gruesome, consequences, but it belongs to a global political pattern \u2013 where one&#8217;s view of history is the ultimate marker of political loyalty, patriotism and national belonging. <em>Memory Makers <\/em>demonstrates how the extreme Russian experience is a stark warning to other nations tempted to stare too long at the reflection of their own imagined and heroic past.<\/p>\n\n\n\n<hr class=\"wp-block-separator has-alpha-channel-opacity\"\/>\n\n\n\n<p><strong>Table of Contents<\/strong><\/p>\n\n\n\n<p>Acknowledgements<br>Note on Transliteration, Translation and Citation Style<br>List of Abbreviations<br>1. Taking Back Control of History<br>2. The Kremlin&#8217;s Memory Policies<br>3. Past as Present: The Historical Framing of Ukraine, Sanctions and Syria<br>4. Amplifying the Call to History<br>5. Living Forms of Patriotism<br>6. Attaining Cultural Consciousness<br>7. The Endlessness of History<br>References<br>Index<\/p>\n\n\n\n<hr class=\"wp-block-separator has-alpha-channel-opacity\"\/>\n\n\n\n<p><strong>Product details<\/strong><\/p>\n\n\n\n<p>Published 19 Feb 2026<\/p>\n\n\n\n<p>Format Paperback<\/p>\n\n\n\n<p>Edition 1st<\/p>\n\n\n\n<p>Extent 248<\/p>\n\n\n\n<p>ISBN 9781350522220<\/p>\n\n\n\n<p>Imprint Bloomsbury Academic<\/p>\n\n\n\n<p>Dimensions 234 x 156 mm<\/p>\n\n\n\n<p>Publisher Bloomsbury Publishing<\/p>\n\n\n\n<p><a href=\"https:\/\/www.bloomsbury.com\/uk\/memory-makers-9781350522220\">https:\/\/www.bloomsbury.com\/uk\/memory-makers-9781350522220<\/a><\/p>\n\n\n\n<hr class=\"wp-block-separator has-alpha-channel-opacity\"\/>\n","protected":false},"excerpt":{"rendered":"","protected":false},"author":2,"featured_media":51807,"comment_status":"open","ping_status":"open","sticky":false,"template":"","format":"standard","meta":{"_acf_changed":false,"jetpack_post_was_ever_published":false,"_jetpack_newsletter_access":"","_jetpack_dont_email_post_to_subs":false,"_jetpack_newsletter_tier_id":0,"_jetpack_memberships_contains_paywalled_content":false,"_jetpack_memberships_contains_paid_content":false,"footnotes":"","jetpack_publicize_message":"","jetpack_publicize_feature_enabled":true,"jetpack_social_post_already_shared":true,"jetpack_social_options":{"image_generator_settings":{"template":"highway","default_image_id":0,"font":"","enabled":false},"version":2}},"categories":[8,3],"tags":[],"class_list":["post-51806","post","type-post","status-publish","format-standard","has-post-thumbnail","hentry","category-knjige","category-novosti"],"acf":{"facebook_opis":""},"jetpack_publicize_connections":[],"jetpack_featured_media_url":"https:\/\/i0.wp.com\/historiografija.hr\/wp-content\/uploads\/2026\/03\/McGlynn.jpg?fit=540%2C810&ssl=1","jetpack_sharing_enabled":true,"jetpack-related-posts":[{"id":52580,"url":"https:\/\/historiografija.hr\/?p=52580","url_meta":{"origin":51806,"position":0},"title":"Conference &#8220;Living in the aftermaths: Trauma, politics and survival in Yugoslavia and successor states, 1945 \u2013 present&#8221;","author":"Branimir Jankovi\u0107","date":"21. travnja 2026.","format":false,"excerpt":"The conference aims to explore how war-related psychological distress was experienced, narrated, debated and reframed in Yugoslavia in the second half of the twentieth century. It asks how the theme of wounded psyche and wartime suffering was addressed and acknowledged in political, psychiatric and broader cultural discourses of socialist Yugoslavia,\u2026","rel":"","context":"U &quot;Novosti&quot;","block_context":{"text":"Novosti","link":"https:\/\/historiografija.hr\/?cat=3"},"img":{"alt_text":"","src":"https:\/\/i0.wp.com\/historiografija.hr\/wp-content\/uploads\/2026\/04\/Battle_of_Neretva_Picasso_poster-Conference-Living-in-the-aftermaths.webp?fit=564%2C954&ssl=1&resize=350%2C200","width":350,"height":200,"srcset":"https:\/\/i0.wp.com\/historiografija.hr\/wp-content\/uploads\/2026\/04\/Battle_of_Neretva_Picasso_poster-Conference-Living-in-the-aftermaths.webp?fit=564%2C954&ssl=1&resize=350%2C200 1x, https:\/\/i0.wp.com\/historiografija.hr\/wp-content\/uploads\/2026\/04\/Battle_of_Neretva_Picasso_poster-Conference-Living-in-the-aftermaths.webp?fit=564%2C954&ssl=1&resize=525%2C300 1.5x"},"classes":[]},{"id":52641,"url":"https:\/\/historiografija.hr\/?p=52641","url_meta":{"origin":51806,"position":1},"title":"CfP: WHO OWNS THE PAST? VERNACULAR MEMORY, STATE MEMORY, AND THE POLITICS OF OWNERSHIP","author":"Branimir Jankovi\u0107","date":"24. travnja 2026.","format":false,"excerpt":"VIENNA, 31ST AUGUST\u20133RD SEPTEMBER 2026 (DEADLINE: 24TH APRIL 2026) The Center for Austrian Studies at the European Forum at the Hebrew University and the Austrian Academy of Sciences\/Institute of Culture Studies invite early postdocs, PhD candidates, and advanced Master\u2019s students from the Hebrew University of Jerusalem and universities and academic\u2026","rel":"","context":"U &quot;Novosti&quot;","block_context":{"text":"Novosti","link":"https:\/\/historiografija.hr\/?cat=3"},"img":{"alt_text":"","src":"https:\/\/i0.wp.com\/historiografija.hr\/wp-content\/uploads\/2017\/10\/hsozkult.png?fit=1006%2C241&ssl=1&resize=350%2C200","width":350,"height":200,"srcset":"https:\/\/i0.wp.com\/historiografija.hr\/wp-content\/uploads\/2017\/10\/hsozkult.png?fit=1006%2C241&ssl=1&resize=350%2C200 1x, https:\/\/i0.wp.com\/historiografija.hr\/wp-content\/uploads\/2017\/10\/hsozkult.png?fit=1006%2C241&ssl=1&resize=525%2C300 1.5x, https:\/\/i0.wp.com\/historiografija.hr\/wp-content\/uploads\/2017\/10\/hsozkult.png?fit=1006%2C241&ssl=1&resize=700%2C400 2x"},"classes":[]},{"id":52586,"url":"https:\/\/historiografija.hr\/?p=52586","url_meta":{"origin":51806,"position":2},"title":"Aur\u00e9lie Daher, \u201eHezbollah: Mobilisation and Power\u201c","author":"Branimir Jankovi\u0107","date":"22. travnja 2026.","format":false,"excerpt":"Morning Star \u2018Book of the Year\u2019 Social movement, liberation party or terrorist group? With Hezbollah\u2019s growing involvement in the war in Syria, this study of its impact on Lebanon, drawing heavily on first-hand interviews, could not be more timely. Description Almost forty years after its foundation, Hezbollah remains an enigma.\u2026","rel":"","context":"U &quot;Knjige&quot;","block_context":{"text":"Knjige","link":"https:\/\/historiografija.hr\/?cat=8"},"img":{"alt_text":"","src":"https:\/\/i0.wp.com\/historiografija.hr\/wp-content\/uploads\/2026\/04\/Daher-Hezbollah.jpg?fit=600%2C931&ssl=1&resize=350%2C200","width":350,"height":200,"srcset":"https:\/\/i0.wp.com\/historiografija.hr\/wp-content\/uploads\/2026\/04\/Daher-Hezbollah.jpg?fit=600%2C931&ssl=1&resize=350%2C200 1x, https:\/\/i0.wp.com\/historiografija.hr\/wp-content\/uploads\/2026\/04\/Daher-Hezbollah.jpg?fit=600%2C931&ssl=1&resize=525%2C300 1.5x"},"classes":[]},{"id":52664,"url":"https:\/\/historiografija.hr\/?p=52664","url_meta":{"origin":51806,"position":3},"title":"CfP: CONFERENCE OF THE HISTORY OF CONCEPTS GROUP, HELSINKI, 19TH\u201321ST AUGUST 2026 (DEADLINE: 30TH APRIL 2026)","author":"Branimir Jankovi\u0107","date":"24. travnja 2026.","format":false,"excerpt":"The annual conference of the History of Concepts Group is held at the University of Helsinki, 19-21 August 2026. Conference of the History of Concepts Group Conceptual history studies the use of concepts and tries to understand how historical actors have linguistically articulated views of the world. Studying concepts from\u2026","rel":"","context":"U &quot;Novosti&quot;","block_context":{"text":"Novosti","link":"https:\/\/historiografija.hr\/?cat=3"},"img":{"alt_text":"","src":"https:\/\/i0.wp.com\/historiografija.hr\/wp-content\/uploads\/2017\/10\/hsozkult.png?fit=1006%2C241&ssl=1&resize=350%2C200","width":350,"height":200,"srcset":"https:\/\/i0.wp.com\/historiografija.hr\/wp-content\/uploads\/2017\/10\/hsozkult.png?fit=1006%2C241&ssl=1&resize=350%2C200 1x, https:\/\/i0.wp.com\/historiografija.hr\/wp-content\/uploads\/2017\/10\/hsozkult.png?fit=1006%2C241&ssl=1&resize=525%2C300 1.5x, https:\/\/i0.wp.com\/historiografija.hr\/wp-content\/uploads\/2017\/10\/hsozkult.png?fit=1006%2C241&ssl=1&resize=700%2C400 2x"},"classes":[]},{"id":52516,"url":"https:\/\/historiografija.hr\/?p=52516","url_meta":{"origin":51806,"position":4},"title":"Marko Grde\u0161i\u0107, Mislav \u017ditko, \u201eSocialist Economics in Yugoslavia: A Critical History\u201c","author":"Branimir Jankovi\u0107","date":"17. travnja 2026.","format":false,"excerpt":"This book presents a critical history of Yugoslav socialist economics, from its inception in the late 1940s to its dissolution in the late 1980s. After the dramatic break with the Soviet Union in 1948, Yugoslavia found itself in urgent need of a third way: A socialist trajectory which would not\u2026","rel":"","context":"U &quot;Knjige&quot;","block_context":{"text":"Knjige","link":"https:\/\/historiografija.hr\/?cat=8"},"img":{"alt_text":"","src":"https:\/\/i0.wp.com\/historiografija.hr\/wp-content\/uploads\/2026\/04\/Zitko_Grdesic.jpg?fit=350%2C535&ssl=1&resize=350%2C200","width":350,"height":200},"classes":[]},{"id":52531,"url":"https:\/\/historiografija.hr\/?p=52531","url_meta":{"origin":51806,"position":5},"title":"Jonathan G. Leslie, \u201eFear and Insecurity: Israel and the Iran Threat Narrative\u201c","author":"Branimir Jankovi\u0107","date":"17. travnja 2026.","format":false,"excerpt":"Why is Israel\u2019s former ally Iran now perceived as the country\u2019s greatest threat? Description To observers of the Iran-Israel conflict, its vitriolic rhetoric might suggest an ancient hatred between Jews and Muslims\u2013a biblical feud dating back hundreds, or thousands, of years. But this rivalry is a far more modern development.\u2026","rel":"","context":"U &quot;Knjige&quot;","block_context":{"text":"Knjige","link":"https:\/\/historiografija.hr\/?cat=8"},"img":{"alt_text":"","src":"https:\/\/i0.wp.com\/historiografija.hr\/wp-content\/uploads\/2026\/04\/Leslie.jpg?fit=391%2C612&ssl=1&resize=350%2C200","width":350,"height":200},"classes":[]}],"_links":{"self":[{"href":"https:\/\/historiografija.hr\/index.php?rest_route=\/wp\/v2\/posts\/51806","targetHints":{"allow":["GET"]}}],"collection":[{"href":"https:\/\/historiografija.hr\/index.php?rest_route=\/wp\/v2\/posts"}],"about":[{"href":"https:\/\/historiografija.hr\/index.php?rest_route=\/wp\/v2\/types\/post"}],"author":[{"embeddable":true,"href":"https:\/\/historiografija.hr\/index.php?rest_route=\/wp\/v2\/users\/2"}],"replies":[{"embeddable":true,"href":"https:\/\/historiografija.hr\/index.php?rest_route=%2Fwp%2Fv2%2Fcomments&post=51806"}],"version-history":[{"count":1,"href":"https:\/\/historiografija.hr\/index.php?rest_route=\/wp\/v2\/posts\/51806\/revisions"}],"predecessor-version":[{"id":51808,"href":"https:\/\/historiografija.hr\/index.php?rest_route=\/wp\/v2\/posts\/51806\/revisions\/51808"}],"wp:featuredmedia":[{"embeddable":true,"href":"https:\/\/historiografija.hr\/index.php?rest_route=\/wp\/v2\/media\/51807"}],"wp:attachment":[{"href":"https:\/\/historiografija.hr\/index.php?rest_route=%2Fwp%2Fv2%2Fmedia&parent=51806"}],"wp:term":[{"taxonomy":"category","embeddable":true,"href":"https:\/\/historiografija.hr\/index.php?rest_route=%2Fwp%2Fv2%2Fcategories&post=51806"},{"taxonomy":"post_tag","embeddable":true,"href":"https:\/\/historiografija.hr\/index.php?rest_route=%2Fwp%2Fv2%2Ftags&post=51806"}],"curies":[{"name":"wp","href":"https:\/\/api.w.org\/{rel}","templated":true}]}}