{"id":51803,"date":"2026-03-09T21:10:16","date_gmt":"2026-03-09T21:10:16","guid":{"rendered":"https:\/\/historiografija.hr\/?p=51803"},"modified":"2026-03-09T21:10:16","modified_gmt":"2026-03-09T21:10:16","slug":"bb-uridije-lajci-die-darstellung-des-kosovo-krieges-in-der-deutschsprachigen-literatur","status":"publish","type":"post","link":"https:\/\/historiografija.hr\/?p=51803","title":{"rendered":"BB: Uridije Laj\u00e7i &#8211; Die Darstellung des Kosovo-Krieges in der deutschsprachigen Literatur"},"content":{"rendered":"\n<p>Da sich das Dissertationsprojekt noch in der Anfangsphase befindet, wird zun\u00e4chst ein kurzer Einblick in den Forschungsplan gegeben. Im Rahmen eines Vortrags wird das Thema des Dissertationsprojekts vorgestellt, das sich mit der Darstellung des Kosovo-Krieges in der deutschsprachigen Literatur besch\u00e4ftigt. Dabei geht es insbesondere um die Frage, wie literarische Texte den Krieg erinnern, interpretieren und narrativ gestalten. Der Vortrag bietet einen ersten \u00dcberblick \u00fcber die Fragestellung, den theoretischen Rahmen sowie den geplanten Korpus der Untersuchung.<\/p>\n\n\n\n<p>Uridije Laj\u00e7i ist Doktorandin im Programm Literatur an der Universit\u00e4t Prishtina. Sie studierte zuvor Germanistik (Bachelor und Master) an der Universit\u00e4t Prishtina und verbrachte im Rahmen eines Erasmus+-Programms ein Studiensemester an der Universit\u00e4t Freiburg. Derzeit h\u00e4lt sie sich f\u00fcr einen Forschungsaufenthalt an der Universit\u00e4t Graz auf. In ihrer Dissertation untersucht sie die Darstellung des Kosovo-Krieges in der deutschsprachigen Literatur und deren Zusammenhang mit Erinnerungskulturen<\/p>\n\n\n\n<hr class=\"wp-block-separator has-alpha-channel-opacity\"\/>\n\n\n\n<p>10.03.2026<\/p>\n\n\n\n<p>13:00 &#8211; 14:00<\/p>\n\n\n\n<p>LS 15.03., Resowi, part C, groundfloor, Universit\u00e4tsstr. 15<\/p>\n\n\n\n<p><a href=\"https:\/\/suedosteuropa.uni-graz.at\/de\/veranstaltungen\/bb-die-darstellung-des-kosovo-krieges-in-der-deutschsprachigen-literatur\">https:\/\/suedosteuropa.uni-graz.at\/de\/veranstaltungen\/bb-die-darstellung-des-kosovo-krieges-in-der-deutschsprachigen-literatur<\/a><\/p>\n\n\n\n<hr class=\"wp-block-separator has-alpha-channel-opacity\"\/>\n","protected":false},"excerpt":{"rendered":"","protected":false},"author":2,"featured_media":51804,"comment_status":"open","ping_status":"open","sticky":false,"template":"","format":"standard","meta":{"_acf_changed":false,"jetpack_post_was_ever_published":false,"_jetpack_newsletter_access":"","_jetpack_dont_email_post_to_subs":false,"_jetpack_newsletter_tier_id":0,"_jetpack_memberships_contains_paywalled_content":false,"_jetpack_memberships_contains_paid_content":false,"footnotes":"","jetpack_publicize_message":"","jetpack_publicize_feature_enabled":true,"jetpack_social_post_already_shared":true,"jetpack_social_options":{"image_generator_settings":{"template":"highway","default_image_id":0,"font":"","enabled":false},"version":2}},"categories":[3],"tags":[],"class_list":["post-51803","post","type-post","status-publish","format-standard","has-post-thumbnail","hentry","category-novosti"],"acf":{"facebook_opis":""},"jetpack_publicize_connections":[],"jetpack_featured_media_url":"https:\/\/i0.wp.com\/historiografija.hr\/wp-content\/uploads\/2026\/03\/csm_Uridije_BB.jpg?fit=691%2C508&ssl=1","jetpack_sharing_enabled":true,"jetpack-related-posts":[],"_links":{"self":[{"href":"https:\/\/historiografija.hr\/index.php?rest_route=\/wp\/v2\/posts\/51803","targetHints":{"allow":["GET"]}}],"collection":[{"href":"https:\/\/historiografija.hr\/index.php?rest_route=\/wp\/v2\/posts"}],"about":[{"href":"https:\/\/historiografija.hr\/index.php?rest_route=\/wp\/v2\/types\/post"}],"author":[{"embeddable":true,"href":"https:\/\/historiografija.hr\/index.php?rest_route=\/wp\/v2\/users\/2"}],"replies":[{"embeddable":true,"href":"https:\/\/historiografija.hr\/index.php?rest_route=%2Fwp%2Fv2%2Fcomments&post=51803"}],"version-history":[{"count":1,"href":"https:\/\/historiografija.hr\/index.php?rest_route=\/wp\/v2\/posts\/51803\/revisions"}],"predecessor-version":[{"id":51805,"href":"https:\/\/historiografija.hr\/index.php?rest_route=\/wp\/v2\/posts\/51803\/revisions\/51805"}],"wp:featuredmedia":[{"embeddable":true,"href":"https:\/\/historiografija.hr\/index.php?rest_route=\/wp\/v2\/media\/51804"}],"wp:attachment":[{"href":"https:\/\/historiografija.hr\/index.php?rest_route=%2Fwp%2Fv2%2Fmedia&parent=51803"}],"wp:term":[{"taxonomy":"category","embeddable":true,"href":"https:\/\/historiografija.hr\/index.php?rest_route=%2Fwp%2Fv2%2Fcategories&post=51803"},{"taxonomy":"post_tag","embeddable":true,"href":"https:\/\/historiografija.hr\/index.php?rest_route=%2Fwp%2Fv2%2Ftags&post=51803"}],"curies":[{"name":"wp","href":"https:\/\/api.w.org\/{rel}","templated":true}]}}