{"id":51801,"date":"2026-03-09T21:04:16","date_gmt":"2026-03-09T21:04:16","guid":{"rendered":"https:\/\/historiografija.hr\/?p=51801"},"modified":"2026-03-09T21:04:16","modified_gmt":"2026-03-09T21:04:16","slug":"promocija-knjige-ivana-colovica-na-rodendanu-republike-srpske-zabeleske-jednog-nezvanog-gosta-u-beogradu","status":"publish","type":"post","link":"https:\/\/historiografija.hr\/?p=51801","title":{"rendered":"Promocija knjige Ivana \u010colovi\u0107a \u201eNa ro\u0111endanu Republike Srpske. Zabele\u0161ke jednog nezvanog gosta\u201c u Beogradu"},"content":{"rendered":"\n<p>Pozivamo \u010ditaoce i saradnike Biblioteke XX vek da do\u0111u na promociju nove knjige<\/p>\n\n\n\n<p>Ivana \u010colovi\u0107a \u2013 <em><a href=\"https:\/\/bibliotekaxxvek.com\/colovic-ivan-na-rodjendanu-republike-srpske\/\" target=\"_blank\" rel=\"noreferrer noopener\">Na ro\u0111endanu Republike Srpske.<\/a><\/em> <em><a href=\"https:\/\/bibliotekaxxvek.com\/colovic-ivan-na-rodjendanu-republike-srpske\/\" target=\"_blank\" rel=\"noreferrer noopener\">Zabele\u0161ke jednog nezvanog gosta<\/a><\/em>.&nbsp;<\/p>\n\n\n\n<p>Ponedeljak, 9. mart 2026. u 19h<\/p>\n\n\n\n<p>Muzej devedesetih, Kneza Milo\u0161a 3, Beograd<\/p>\n\n\n\n<p>Sa autorom razgovara Dragan Popovi\u0107, istori\u010dar.<br>Odlomke iz knjige \u010dita i uz gusle peva Sergej Trifunovi\u0107.<\/p>\n\n\n\n<p>Broj mesta je ograni\u010den. Ulaznice po ceni od 300rsd dostupne su u Muzeju 90-ih (Kneza Milo\u0161a 3, Beograd) svakog dana od 10-20h.<\/p>\n\n\n\n<p>Kupovinom svake ulaznice poma\u017eete opstanak i razvoj programa Muzeja devedesetih.<\/p>\n\n\n\n<hr class=\"wp-block-separator has-alpha-channel-opacity\"\/>\n\n\n\n<p>Izvor:<\/p>\n\n\n\n<figure class=\"wp-block-embed is-type-wp-embed is-provider-biblioteka-xx-vek wp-block-embed-biblioteka-xx-vek\"><div class=\"wp-block-embed__wrapper\">\n<blockquote class=\"wp-embedded-content\" data-secret=\"qzsolbwK2q\"><a href=\"https:\/\/bibliotekaxxvek.com\/predstavljanje-knjige-na-rodjendanu-republike-srpske\/\">Predstavljanje knjige &#8220;Na ro\u0111endanu Republike Srpske&#8220;<\/a><\/blockquote><iframe loading=\"lazy\" class=\"wp-embedded-content\" sandbox=\"allow-scripts\" security=\"restricted\" style=\"position: absolute; visibility: hidden;\" title=\"&#132;Predstavljanje knjige &#8220;Na ro\u0111endanu Republike Srpske&#8220;&#147; &#8212; Biblioteka XX vek\" src=\"https:\/\/bibliotekaxxvek.com\/predstavljanje-knjige-na-rodjendanu-republike-srpske\/embed\/#?secret=Zy0fitQ6dM#?secret=qzsolbwK2q\" data-secret=\"qzsolbwK2q\" width=\"600\" height=\"338\" frameborder=\"0\" marginwidth=\"0\" marginheight=\"0\" scrolling=\"no\"><\/iframe>\n<\/div><\/figure>\n\n\n\n<p><a href=\"https:\/\/museum90.com\/event\/predstavljanje-knjige-na-rodjendanu-republike-srpske-ivana-colovica\">https:\/\/museum90.com\/event\/predstavljanje-knjige-na-rodjendanu-republike-srpske-ivana-colovica<\/a><\/p>\n\n\n\n<hr class=\"wp-block-separator has-alpha-channel-opacity\"\/>\n","protected":false},"excerpt":{"rendered":"","protected":false},"author":2,"featured_media":49322,"comment_status":"open","ping_status":"open","sticky":false,"template":"","format":"standard","meta":{"_acf_changed":false,"jetpack_post_was_ever_published":false,"_jetpack_newsletter_access":"","_jetpack_dont_email_post_to_subs":false,"_jetpack_newsletter_tier_id":0,"_jetpack_memberships_contains_paywalled_content":false,"_jetpack_memberships_contains_paid_content":false,"footnotes":"","jetpack_publicize_message":"","jetpack_publicize_feature_enabled":true,"jetpack_social_post_already_shared":true,"jetpack_social_options":{"image_generator_settings":{"template":"highway","default_image_id":0,"font":"","enabled":false},"version":2}},"categories":[3],"tags":[],"class_list":["post-51801","post","type-post","status-publish","format-standard","has-post-thumbnail","hentry","category-novosti"],"acf":{"facebook_opis":""},"jetpack_publicize_connections":[],"jetpack_featured_media_url":"https:\/\/i0.wp.com\/historiografija.hr\/wp-content\/uploads\/2025\/11\/colovic-ivan.jpg?fit=450%2C651&ssl=1","jetpack_sharing_enabled":true,"jetpack-related-posts":[],"_links":{"self":[{"href":"https:\/\/historiografija.hr\/index.php?rest_route=\/wp\/v2\/posts\/51801","targetHints":{"allow":["GET"]}}],"collection":[{"href":"https:\/\/historiografija.hr\/index.php?rest_route=\/wp\/v2\/posts"}],"about":[{"href":"https:\/\/historiografija.hr\/index.php?rest_route=\/wp\/v2\/types\/post"}],"author":[{"embeddable":true,"href":"https:\/\/historiografija.hr\/index.php?rest_route=\/wp\/v2\/users\/2"}],"replies":[{"embeddable":true,"href":"https:\/\/historiografija.hr\/index.php?rest_route=%2Fwp%2Fv2%2Fcomments&post=51801"}],"version-history":[{"count":1,"href":"https:\/\/historiografija.hr\/index.php?rest_route=\/wp\/v2\/posts\/51801\/revisions"}],"predecessor-version":[{"id":51802,"href":"https:\/\/historiografija.hr\/index.php?rest_route=\/wp\/v2\/posts\/51801\/revisions\/51802"}],"wp:featuredmedia":[{"embeddable":true,"href":"https:\/\/historiografija.hr\/index.php?rest_route=\/wp\/v2\/media\/49322"}],"wp:attachment":[{"href":"https:\/\/historiografija.hr\/index.php?rest_route=%2Fwp%2Fv2%2Fmedia&parent=51801"}],"wp:term":[{"taxonomy":"category","embeddable":true,"href":"https:\/\/historiografija.hr\/index.php?rest_route=%2Fwp%2Fv2%2Fcategories&post=51801"},{"taxonomy":"post_tag","embeddable":true,"href":"https:\/\/historiografija.hr\/index.php?rest_route=%2Fwp%2Fv2%2Ftags&post=51801"}],"curies":[{"name":"wp","href":"https:\/\/api.w.org\/{rel}","templated":true}]}}