{"id":51795,"date":"2026-03-09T20:56:51","date_gmt":"2026-03-09T20:56:51","guid":{"rendered":"https:\/\/historiografija.hr\/?p=51795"},"modified":"2026-03-09T21:00:55","modified_gmt":"2026-03-09T21:00:55","slug":"predavanje-tine-filipovic-partizanke-nove-drustvene-uloge-zena-i-zensko-antifasisticko-naslijede-u-puli","status":"publish","type":"post","link":"https:\/\/historiografija.hr\/?p=51795","title":{"rendered":"Predavanje Tine Filipovi\u0107 &#8220;Partizanke, nove dru\u0161tvene uloge \u017eena i \u017eensko antifa\u0161isti\u010dko naslije\u0111e&#8221; u Puli"},"content":{"rendered":"\n<p>Klub studenata povijesti &#8211; ISHA Pula, Filozofski fakultet u Puli i Sveu\u010dili\u0161na knji\u017enica u Puli organizirali su predavanje\u00a0dr. sc. <strong>Tine Filipovi\u0107 &#8220;Partizanke, nove dru\u0161tvene uloge \u017eena i \u017eensko antifa\u0161isti\u010dko naslije\u0111e&#8221;<\/strong> koje je u povodu\u00a0Dana \u017eena odr\u017eano <strong>6. o\u017eujka 2026. u 18 sati <\/strong>u Sveu\u010dili\u0161noj knji\u017enici u Puli.<\/p>\n\n\n\n<hr class=\"wp-block-separator has-alpha-channel-opacity\"\/>\n\n\n\n<p>Stupanje \u017eena u partizansku borbu te stjecanje iskustava svih oblika ratovanja i stradanja ozna\u010dili su prijelomnicu u razvoju dru\u0161tvenih odnosa u zajednici. Sudjelovanjem u Narodnooslobodila\u010dkoj borbi \u017eene su po prvi put zakora\u010dile u prostor oru\u017eane borbe, ali i politi\u010dkog odlu\u010divanja, \u010dime su stekle pravo birati i biti birane na odgovorne funkcije. Nakon rata njihov je socioekonomski i dru\u0161tveni polo\u017eaj znatno unaprije\u0111en. Povijesni doprinos \u017eena NOB-u afirmiran je kroz slu\u017ebenu kulturu sje\u0107anja, a \u017eene su kao politi\u010dki subjekt kroz komunisti\u010dku rodnu politiku i iskustvo (samo)organiziranja u okviru Antifa\u0161isti\u010dke fronte \u017eena bile poticane na \u0161kolovanje i zapo\u0161ljavanje na novim radnim mjestima, mahom u tvornicama. Ipak, proces emancipacije bio je obilje\u017een brojnim proturje\u010djima. \u017dene su se suo\u010davale s novim otporima na razli\u010ditim dru\u0161tvenim razinama, a povratak u civilni \u017eivot \u010desto je podrazumijevao i \u017eenin povratak tradicionalnim rodnim ulogama. Unato\u010d prisutnosti u dr\u017eavnim tijelima i dru\u0161tvenim organizacijama, ostajale su podzastupljene u javnim strukturama i strukturama mo\u0107i. Pristup veteranskim organizacijama po\u010detku im je bio ote\u017ean, a mnoge su zbog fizi\u010dkih i psihi\u010dkih posljedica rata bile dovedene u nepovoljan polo\u017eaj i ostajale bez posla. Polo\u017eaj \u017eena i proces njihove dru\u0161tvene modernizacije u mnogim su aspektima bili obilje\u017eeni ambivalentno\u0161\u0107u izme\u0111u normativne slike nove socijalisti\u010dke \u017eene i slo\u017eene dru\u0161tvene stvarnosti. Predavanje \u0107e se stoga fokusirati na prekretni\u010dki zna\u010daj sudjelovanja \u017eena u partizanskom pokretu, kao i na obilje\u017eja poslijeratnog aktivizma partizanki te na\u010dina reprezentacije njihove povijesti u memorijalnim i kulturnim praksama. Nastojat \u0107e rasvijetliti klju\u010dne zna\u010dajke dru\u0161tvenog polo\u017eaja \u017eena u socijalisti\u010dkoj Jugoslaviji kroz optiku ratnog iskustva partizanki i njihov dugoro\u010dni utjecaj na procese emancipacije, kolektivnog sje\u0107anja i oblikovanja rodnih politika u poslijeratnom dru\u0161tvu.<\/p>\n\n\n\n<hr class=\"wp-block-separator has-alpha-channel-opacity\"\/>\n\n\n\n<p><strong>Tina Filipovi\u0107<\/strong> vi\u0161a je asistentica na Odsjeku za povijest Filozofskog fakulteta u Puli i istra\u017eiva\u010dica u sveu\u010dili\u0161nom Centru za povijesna i kulturolo\u0161ka istra\u017eivanja socijalizma. Doktorirala je 2025. na Filozofskom fakultetu Sveu\u010dili\u0161ta u Zagrebu s temom Polo\u017eaj i utjecaj SUBNOR-a u Hrvatskoj 1970-ih i 1980-ih godina na primjeru op\u0107ina Labin i Sisak. Od 2018. do 2023. bila je suradnica na HRZZ-ovom projektu Mikrostrukture jugoslavenskog socijalizma: Hrvatska 1970-1990. na kojem se bavila prou\u010davanjem SUBNOR-a. Od 2019. do 2023. bila je zaposlena kao asistentica pri Odsjeku za povijest na Filozofskom fakultetu u Puli i u CKPIS-u preko projekta Mikrosocijalizam i Projekta razvoja karijera mladih istra\u017eiva\u010da (HRZZ). Od 2023. do 2025. sura\u0111ivala je na ERC-ovu istra\u017eiva\u010dkom projektu Social Politics in European Borderlands. A Comparative and Transnational Study, 1870s-1990s na Europskom sveu\u010dili\u0161nom institutu u Firenci. Trenutno sura\u0111uje na ERC-ovom projektu Cold War Europe Beyond Borders. A Transnational History of Cross-Border Practices in the Alps-Adriatic area from World War II to the present koji se izvodi pri Znanstveno-istra\u017eiva\u010dkom centru u Kopru. &nbsp;U sredi\u0161tu njezina interesa su politi\u010dka i dru\u0161tvena povijest socijalisti\u010dke Jugoslavije, osobito kultura sje\u0107anja, socijalna politika, studije granica te utjecaj ratnih veterana na dru\u0161tvo kasnog socijalizma.<\/p>\n\n\n\n<hr class=\"wp-block-separator has-alpha-channel-opacity\"\/>\n\n\n\n<p>Izvori i dodatne obavijesti:<\/p>\n\n\n\n<p><a href=\"https:\/\/skpu.unipu.hr\/skpu\/novosti?@=2foeb\">https:\/\/skpu.unipu.hr\/skpu\/novosti?@=2foeb<\/a><\/p>\n\n\n\n<p><a href=\"https:\/\/www.facebook.com\/ISHAPula0\">https:\/\/www.facebook.com\/ISHAPula0<\/a><\/p>\n\n\n\n<p><a href=\"https:\/\/www.facebook.com\/skpu.unipu.hr\">https:\/\/www.facebook.com\/skpu.unipu.hr<\/a><\/p>\n\n\n\n<hr class=\"wp-block-separator has-alpha-channel-opacity\"\/>\n","protected":false},"excerpt":{"rendered":"","protected":false},"author":2,"featured_media":51796,"comment_status":"open","ping_status":"open","sticky":false,"template":"","format":"standard","meta":{"_acf_changed":false,"jetpack_post_was_ever_published":false,"_jetpack_newsletter_access":"","_jetpack_dont_email_post_to_subs":false,"_jetpack_newsletter_tier_id":0,"_jetpack_memberships_contains_paywalled_content":false,"_jetpack_memberships_contains_paid_content":false,"footnotes":"","jetpack_publicize_message":"","jetpack_publicize_feature_enabled":true,"jetpack_social_post_already_shared":true,"jetpack_social_options":{"image_generator_settings":{"template":"highway","default_image_id":0,"font":"","enabled":false},"version":2}},"categories":[3],"tags":[],"class_list":["post-51795","post","type-post","status-publish","format-standard","has-post-thumbnail","hentry","category-novosti"],"acf":{"facebook_opis":""},"jetpack_publicize_connections":[],"jetpack_featured_media_url":"https:\/\/i0.wp.com\/historiografija.hr\/wp-content\/uploads\/2026\/03\/plakat_predavanje_filipovic.png?fit=1587%2C2245&ssl=1","jetpack_sharing_enabled":true,"jetpack-related-posts":[],"_links":{"self":[{"href":"https:\/\/historiografija.hr\/index.php?rest_route=\/wp\/v2\/posts\/51795","targetHints":{"allow":["GET"]}}],"collection":[{"href":"https:\/\/historiografija.hr\/index.php?rest_route=\/wp\/v2\/posts"}],"about":[{"href":"https:\/\/historiografija.hr\/index.php?rest_route=\/wp\/v2\/types\/post"}],"author":[{"embeddable":true,"href":"https:\/\/historiografija.hr\/index.php?rest_route=\/wp\/v2\/users\/2"}],"replies":[{"embeddable":true,"href":"https:\/\/historiografija.hr\/index.php?rest_route=%2Fwp%2Fv2%2Fcomments&post=51795"}],"version-history":[{"count":4,"href":"https:\/\/historiografija.hr\/index.php?rest_route=\/wp\/v2\/posts\/51795\/revisions"}],"predecessor-version":[{"id":51800,"href":"https:\/\/historiografija.hr\/index.php?rest_route=\/wp\/v2\/posts\/51795\/revisions\/51800"}],"wp:featuredmedia":[{"embeddable":true,"href":"https:\/\/historiografija.hr\/index.php?rest_route=\/wp\/v2\/media\/51796"}],"wp:attachment":[{"href":"https:\/\/historiografija.hr\/index.php?rest_route=%2Fwp%2Fv2%2Fmedia&parent=51795"}],"wp:term":[{"taxonomy":"category","embeddable":true,"href":"https:\/\/historiografija.hr\/index.php?rest_route=%2Fwp%2Fv2%2Fcategories&post=51795"},{"taxonomy":"post_tag","embeddable":true,"href":"https:\/\/historiografija.hr\/index.php?rest_route=%2Fwp%2Fv2%2Ftags&post=51795"}],"curies":[{"name":"wp","href":"https:\/\/api.w.org\/{rel}","templated":true}]}}